{"id":74810,"date":"2024-07-11T08:30:52","date_gmt":"2024-07-11T11:30:52","guid":{"rendered":"https:\/\/dana.com.br\/canaldana\/?p=74810"},"modified":"2024-07-11T08:30:52","modified_gmt":"2024-07-11T11:30:52","slug":"grupo-volkswagen-estuda-fechar-fabrica-de-eletricos-da-audi","status":"publish","type":"post","link":"https:\/\/dana.com.br\/canaldana\/2024\/07\/11\/grupo-volkswagen-estuda-fechar-fabrica-de-eletricos-da-audi\/","title":{"rendered":"Grupo Volkswagen estuda fechar f\u00e1brica de el\u00e9tricos da Audi"},"content":{"rendered":"<p><em>AutoInd\u00fastria<\/em><\/p>\n<p>&nbsp;<\/p>\n<p>A \u00faltima ter\u00e7a-feira, 9, foi de amea\u00e7a de duro golpe para a produ\u00e7\u00e3o de carros el\u00e9tricos na Europa. O Grupo Volkswagen, maior fabricante de autom\u00f3veis europeu, admitiu que pode fechar a f\u00e1brica da Audi localizada em Bruxelas, B\u00e9lgica, em decorr\u00eancia da queda da demanda por autom\u00f3veis el\u00e9tricos, em especial os mais caros.<\/p>\n<p>&nbsp;<\/p>\n<p>A montadora afirmou que os custos para encontrar uso alternativo para a unidade belga ou de mant\u00ea-la em opera\u00e7\u00e3o, al\u00e9m de outras despesas n\u00e3o planejadas, impactariam em at\u00e9 \u20ac 2,6 bilh\u00f5es os resultados financeiros\u00a0 do grupo este ano.<\/p>\n<p>&nbsp;<\/p>\n<p>A planta belga montou cerca de 50 mil ve\u00edculos no ano passado do sofisticado Audi Q8 e-tron, lan\u00e7ado em 2018 e um s\u00edmbolo da eletrifica\u00e7\u00e3o da marca, mas que vem perdendo vendas nos \u00faltimos meses.<\/p>\n<p>&nbsp;<\/p>\n<p>Aspectos estruturais, como custos log\u00edsticos, localiza\u00e7\u00e3o e o limitado espa\u00e7o f\u00edsico da planta, o que dificultaria amplia\u00e7\u00e3o ou altera\u00e7\u00e3o do layout, tamb\u00e9m t\u00eam pesado desfavoravelmente na an\u00e1lise da Volkswagen e da pr\u00f3pria Audi sobre a unidade.<\/p>\n<p>&nbsp;<\/p>\n<p>Em fevereiro a f\u00e1brica de Bruxelas, que congrega 3 mil funcion\u00e1rios, ficou paralisada por duas semanas devido \u00e0 escassez de componentes. Na \u00e9poca, representantes dos trabalhadores j\u00e1 pediam \u00e0 Audi perspectivas sobre o destino da opera\u00e7\u00e3o.<\/p>\n<p>&nbsp;<\/p>\n<p>Nesta ter\u00e7a-feira, 9, a pr\u00f3pria marca tratou de emitir nota, na qual afirma que a empresa vem testemunhando um decl\u00ednio global nos pedidos de clientes no segmento el\u00e9trico de luxo.<\/p>\n<p>&nbsp;<\/p>\n<p>\u201cIsto afeta os modelos Q8 e-tron e Q8 Sportback e-tron, que saem da linha de produ\u00e7\u00e3o em Bruxelas. A Audi est\u00e1, portanto, considerando o fim antecipado da produ\u00e7\u00e3o na unidade de Bruxelas.\u201d<\/p>\n<p>&nbsp;<\/p>\n<p>O Conselho de Administra\u00e7\u00e3o da Audi Bruxelas informou ao Conselho da Volkswagen que pretende realizar uma reestrutura\u00e7\u00e3o do local.<\/p>\n<p>&nbsp;<\/p>\n<p>\u201cAo declarar esta inten\u00e7\u00e3o, inicia-se o processo de informa\u00e7\u00e3o e consulta de acordo com a legisla\u00e7\u00e3o belga. Neste processo, a dire\u00e7\u00e3o da f\u00e1brica discute solu\u00e7\u00f5es para o local em conjunto com os parceiros sociais respons\u00e1veis. Isto tamb\u00e9m pode incluir a cessa\u00e7\u00e3o das opera\u00e7\u00f5es se nenhuma alternativa for encontrada\u201d, acrescenta o comunicado.<\/p>\n<p>&nbsp;<\/p>\n<p>\u201cO an\u00fancio da inten\u00e7\u00e3o n\u00e3o significa que tenha sido tomada uma decis\u00e3o. No entanto, esta not\u00edcia foi sentida profundamente pelos funcion\u00e1rios em Bruxelas e por mim tamb\u00e9m. Um di\u00e1logo transparente e construtivo \u00e9 importante no processo que se seguir\u00e1.\u201d, afirma Volker Germann, CEO da Audi Bruxelas. (AutoInd\u00fastria)<\/p>\n","protected":false},"excerpt":{"rendered":"<p>AutoInd\u00fastria &nbsp; A \u00faltima ter\u00e7a-feira, 9, foi de amea\u00e7a de duro golpe para a produ\u00e7\u00e3o de carros el\u00e9tricos na Europa. O Grupo Volkswagen, maior fabricante de autom\u00f3veis europeu, admitiu que pode fechar a f\u00e1brica da Audi localizada em Bruxelas, B\u00e9lgica, em decorr\u00eancia da queda da demanda por autom\u00f3veis el\u00e9tricos, em especial os mais caros. &nbsp;\u2026 <a class=\"readmore\" href=\"https:\/\/dana.com.br\/canaldana\/2024\/07\/11\/grupo-volkswagen-estuda-fechar-fabrica-de-eletricos-da-audi\/\">Leia mais \u00bb<\/a><\/p>\n","protected":false},"author":3,"featured_media":0,"comment_status":"closed","ping_status":"closed","sticky":false,"template":"","format":"standard","meta":{"_acf_changed":false,"footnotes":""},"categories":[110],"tags":[],"class_list":["post-74810","post","type-post","status-publish","format-standard","hentry","category-eletricos"],"acf":[],"yoast_head":"<!-- This site is optimized with the Yoast SEO plugin v27.3 - https:\/\/yoast.com\/product\/yoast-seo-wordpress\/ -->\n<title>Grupo Volkswagen estuda fechar f\u00e1brica de el\u00e9tricos da Audi - Canal Dana<\/title>\n<meta name=\"robots\" content=\"index, follow, max-snippet:-1, max-image-preview:large, max-video-preview:-1\" \/>\n<link rel=\"canonical\" href=\"https:\/\/dana.com.br\/canaldana\/2024\/07\/11\/grupo-volkswagen-estuda-fechar-fabrica-de-eletricos-da-audi\/\" \/>\n<meta property=\"og:locale\" content=\"pt_BR\" \/>\n<meta property=\"og:type\" content=\"article\" \/>\n<meta property=\"og:title\" content=\"Grupo Volkswagen estuda fechar f\u00e1brica de el\u00e9tricos da Audi - Canal Dana\" \/>\n<meta property=\"og:description\" content=\"AutoInd\u00fastria &nbsp; A \u00faltima ter\u00e7a-feira, 9, foi de amea\u00e7a de duro golpe para a produ\u00e7\u00e3o de carros el\u00e9tricos na Europa. O Grupo Volkswagen, maior fabricante de autom\u00f3veis europeu, admitiu que pode fechar a f\u00e1brica da Audi localizada em Bruxelas, B\u00e9lgica, em decorr\u00eancia da queda da demanda por autom\u00f3veis el\u00e9tricos, em especial os mais caros. &nbsp;\u2026 Leia mais \u00bb\" \/>\n<meta property=\"og:url\" content=\"https:\/\/dana.com.br\/canaldana\/2024\/07\/11\/grupo-volkswagen-estuda-fechar-fabrica-de-eletricos-da-audi\/\" \/>\n<meta property=\"og:site_name\" content=\"Canal Dana\" \/>\n<meta property=\"article:published_time\" content=\"2024-07-11T11:30:52+00:00\" \/>\n<meta name=\"author\" content=\"Canal Dana\" \/>\n<meta name=\"twitter:card\" content=\"summary_large_image\" \/>\n<meta name=\"twitter:label1\" content=\"Escrito por\" \/>\n\t<meta name=\"twitter:data1\" content=\"Canal Dana\" \/>\n\t<meta name=\"twitter:label2\" content=\"Est. tempo de leitura\" \/>\n\t<meta name=\"twitter:data2\" content=\"3 minutos\" \/>\n<script type=\"application\/ld+json\" class=\"yoast-schema-graph\">{\"@context\":\"https:\\\/\\\/schema.org\",\"@graph\":[{\"@type\":\"Article\",\"@id\":\"https:\\\/\\\/dana.com.br\\\/canaldana\\\/2024\\\/07\\\/11\\\/grupo-volkswagen-estuda-fechar-fabrica-de-eletricos-da-audi\\\/#article\",\"isPartOf\":{\"@id\":\"https:\\\/\\\/dana.com.br\\\/canaldana\\\/2024\\\/07\\\/11\\\/grupo-volkswagen-estuda-fechar-fabrica-de-eletricos-da-audi\\\/\"},\"author\":{\"name\":\"Canal Dana\",\"@id\":\"https:\\\/\\\/dana.com.br\\\/canaldana\\\/#\\\/schema\\\/person\\\/3c21f22f56fcf3bc46b94bc60ea4fef6\"},\"headline\":\"Grupo Volkswagen estuda fechar f\u00e1brica de el\u00e9tricos da Audi\",\"datePublished\":\"2024-07-11T11:30:52+00:00\",\"mainEntityOfPage\":{\"@id\":\"https:\\\/\\\/dana.com.br\\\/canaldana\\\/2024\\\/07\\\/11\\\/grupo-volkswagen-estuda-fechar-fabrica-de-eletricos-da-audi\\\/\"},\"wordCount\":448,\"articleSection\":[\"El\u00e9tricos\"],\"inLanguage\":\"pt-BR\"},{\"@type\":\"WebPage\",\"@id\":\"https:\\\/\\\/dana.com.br\\\/canaldana\\\/2024\\\/07\\\/11\\\/grupo-volkswagen-estuda-fechar-fabrica-de-eletricos-da-audi\\\/\",\"url\":\"https:\\\/\\\/dana.com.br\\\/canaldana\\\/2024\\\/07\\\/11\\\/grupo-volkswagen-estuda-fechar-fabrica-de-eletricos-da-audi\\\/\",\"name\":\"Grupo Volkswagen estuda fechar f\u00e1brica de el\u00e9tricos da Audi - Canal Dana\",\"isPartOf\":{\"@id\":\"https:\\\/\\\/dana.com.br\\\/canaldana\\\/#website\"},\"datePublished\":\"2024-07-11T11:30:52+00:00\",\"author\":{\"@id\":\"https:\\\/\\\/dana.com.br\\\/canaldana\\\/#\\\/schema\\\/person\\\/3c21f22f56fcf3bc46b94bc60ea4fef6\"},\"breadcrumb\":{\"@id\":\"https:\\\/\\\/dana.com.br\\\/canaldana\\\/2024\\\/07\\\/11\\\/grupo-volkswagen-estuda-fechar-fabrica-de-eletricos-da-audi\\\/#breadcrumb\"},\"inLanguage\":\"pt-BR\",\"potentialAction\":[{\"@type\":\"ReadAction\",\"target\":[\"https:\\\/\\\/dana.com.br\\\/canaldana\\\/2024\\\/07\\\/11\\\/grupo-volkswagen-estuda-fechar-fabrica-de-eletricos-da-audi\\\/\"]}]},{\"@type\":\"BreadcrumbList\",\"@id\":\"https:\\\/\\\/dana.com.br\\\/canaldana\\\/2024\\\/07\\\/11\\\/grupo-volkswagen-estuda-fechar-fabrica-de-eletricos-da-audi\\\/#breadcrumb\",\"itemListElement\":[{\"@type\":\"ListItem\",\"position\":1,\"name\":\"Home\",\"item\":\"https:\\\/\\\/dana.com.br\\\/canaldana\\\/\"},{\"@type\":\"ListItem\",\"position\":2,\"name\":\"El\u00e9tricos\",\"item\":\"https:\\\/\\\/dana.com.br\\\/canaldana\\\/eletricos\\\/\"},{\"@type\":\"ListItem\",\"position\":3,\"name\":\"Grupo Volkswagen estuda fechar f\u00e1brica de el\u00e9tricos da Audi\"}]},{\"@type\":\"WebSite\",\"@id\":\"https:\\\/\\\/dana.com.br\\\/canaldana\\\/#website\",\"url\":\"https:\\\/\\\/dana.com.br\\\/canaldana\\\/\",\"name\":\"Canal Dana\",\"description\":\"Informativo com as principais not\u00edcias da ind\u00fastria automotiva\",\"potentialAction\":[{\"@type\":\"SearchAction\",\"target\":{\"@type\":\"EntryPoint\",\"urlTemplate\":\"https:\\\/\\\/dana.com.br\\\/canaldana\\\/?s={search_term_string}\"},\"query-input\":{\"@type\":\"PropertyValueSpecification\",\"valueRequired\":true,\"valueName\":\"search_term_string\"}}],\"inLanguage\":\"pt-BR\"},{\"@type\":\"Person\",\"@id\":\"https:\\\/\\\/dana.com.br\\\/canaldana\\\/#\\\/schema\\\/person\\\/3c21f22f56fcf3bc46b94bc60ea4fef6\",\"name\":\"Canal Dana\",\"image\":{\"@type\":\"ImageObject\",\"inLanguage\":\"pt-BR\",\"@id\":\"https:\\\/\\\/secure.gravatar.com\\\/avatar\\\/420aaf9278582877d9018637c6817617705899d2858d7572ef0fe59a6b6454b4?s=96&d=mm&r=g\",\"url\":\"https:\\\/\\\/secure.gravatar.com\\\/avatar\\\/420aaf9278582877d9018637c6817617705899d2858d7572ef0fe59a6b6454b4?s=96&d=mm&r=g\",\"contentUrl\":\"https:\\\/\\\/secure.gravatar.com\\\/avatar\\\/420aaf9278582877d9018637c6817617705899d2858d7572ef0fe59a6b6454b4?s=96&d=mm&r=g\",\"caption\":\"Canal Dana\"},\"url\":\"https:\\\/\\\/dana.com.br\\\/canaldana\\\/author\\\/cdeditor\\\/\"}]}<\/script>\n<!-- \/ Yoast SEO plugin. -->","yoast_head_json":{"title":"Grupo Volkswagen estuda fechar f\u00e1brica de el\u00e9tricos da Audi - Canal Dana","robots":{"index":"index","follow":"follow","max-snippet":"max-snippet:-1","max-image-preview":"max-image-preview:large","max-video-preview":"max-video-preview:-1"},"canonical":"https:\/\/dana.com.br\/canaldana\/2024\/07\/11\/grupo-volkswagen-estuda-fechar-fabrica-de-eletricos-da-audi\/","og_locale":"pt_BR","og_type":"article","og_title":"Grupo Volkswagen estuda fechar f\u00e1brica de el\u00e9tricos da Audi - Canal Dana","og_description":"AutoInd\u00fastria &nbsp; A \u00faltima ter\u00e7a-feira, 9, foi de amea\u00e7a de duro golpe para a produ\u00e7\u00e3o de carros el\u00e9tricos na Europa. O Grupo Volkswagen, maior fabricante de autom\u00f3veis europeu, admitiu que pode fechar a f\u00e1brica da Audi localizada em Bruxelas, B\u00e9lgica, em decorr\u00eancia da queda da demanda por autom\u00f3veis el\u00e9tricos, em especial os mais caros. &nbsp;\u2026 Leia mais \u00bb","og_url":"https:\/\/dana.com.br\/canaldana\/2024\/07\/11\/grupo-volkswagen-estuda-fechar-fabrica-de-eletricos-da-audi\/","og_site_name":"Canal Dana","article_published_time":"2024-07-11T11:30:52+00:00","author":"Canal Dana","twitter_card":"summary_large_image","twitter_misc":{"Escrito por":"Canal Dana","Est. tempo de leitura":"3 minutos"},"schema":{"@context":"https:\/\/schema.org","@graph":[{"@type":"Article","@id":"https:\/\/dana.com.br\/canaldana\/2024\/07\/11\/grupo-volkswagen-estuda-fechar-fabrica-de-eletricos-da-audi\/#article","isPartOf":{"@id":"https:\/\/dana.com.br\/canaldana\/2024\/07\/11\/grupo-volkswagen-estuda-fechar-fabrica-de-eletricos-da-audi\/"},"author":{"name":"Canal Dana","@id":"https:\/\/dana.com.br\/canaldana\/#\/schema\/person\/3c21f22f56fcf3bc46b94bc60ea4fef6"},"headline":"Grupo Volkswagen estuda fechar f\u00e1brica de el\u00e9tricos da Audi","datePublished":"2024-07-11T11:30:52+00:00","mainEntityOfPage":{"@id":"https:\/\/dana.com.br\/canaldana\/2024\/07\/11\/grupo-volkswagen-estuda-fechar-fabrica-de-eletricos-da-audi\/"},"wordCount":448,"articleSection":["El\u00e9tricos"],"inLanguage":"pt-BR"},{"@type":"WebPage","@id":"https:\/\/dana.com.br\/canaldana\/2024\/07\/11\/grupo-volkswagen-estuda-fechar-fabrica-de-eletricos-da-audi\/","url":"https:\/\/dana.com.br\/canaldana\/2024\/07\/11\/grupo-volkswagen-estuda-fechar-fabrica-de-eletricos-da-audi\/","name":"Grupo Volkswagen estuda fechar f\u00e1brica de el\u00e9tricos da Audi - Canal Dana","isPartOf":{"@id":"https:\/\/dana.com.br\/canaldana\/#website"},"datePublished":"2024-07-11T11:30:52+00:00","author":{"@id":"https:\/\/dana.com.br\/canaldana\/#\/schema\/person\/3c21f22f56fcf3bc46b94bc60ea4fef6"},"breadcrumb":{"@id":"https:\/\/dana.com.br\/canaldana\/2024\/07\/11\/grupo-volkswagen-estuda-fechar-fabrica-de-eletricos-da-audi\/#breadcrumb"},"inLanguage":"pt-BR","potentialAction":[{"@type":"ReadAction","target":["https:\/\/dana.com.br\/canaldana\/2024\/07\/11\/grupo-volkswagen-estuda-fechar-fabrica-de-eletricos-da-audi\/"]}]},{"@type":"BreadcrumbList","@id":"https:\/\/dana.com.br\/canaldana\/2024\/07\/11\/grupo-volkswagen-estuda-fechar-fabrica-de-eletricos-da-audi\/#breadcrumb","itemListElement":[{"@type":"ListItem","position":1,"name":"Home","item":"https:\/\/dana.com.br\/canaldana\/"},{"@type":"ListItem","position":2,"name":"El\u00e9tricos","item":"https:\/\/dana.com.br\/canaldana\/eletricos\/"},{"@type":"ListItem","position":3,"name":"Grupo Volkswagen estuda fechar f\u00e1brica de el\u00e9tricos da Audi"}]},{"@type":"WebSite","@id":"https:\/\/dana.com.br\/canaldana\/#website","url":"https:\/\/dana.com.br\/canaldana\/","name":"Canal Dana","description":"Informativo com as principais not\u00edcias da ind\u00fastria automotiva","potentialAction":[{"@type":"SearchAction","target":{"@type":"EntryPoint","urlTemplate":"https:\/\/dana.com.br\/canaldana\/?s={search_term_string}"},"query-input":{"@type":"PropertyValueSpecification","valueRequired":true,"valueName":"search_term_string"}}],"inLanguage":"pt-BR"},{"@type":"Person","@id":"https:\/\/dana.com.br\/canaldana\/#\/schema\/person\/3c21f22f56fcf3bc46b94bc60ea4fef6","name":"Canal Dana","image":{"@type":"ImageObject","inLanguage":"pt-BR","@id":"https:\/\/secure.gravatar.com\/avatar\/420aaf9278582877d9018637c6817617705899d2858d7572ef0fe59a6b6454b4?s=96&d=mm&r=g","url":"https:\/\/secure.gravatar.com\/avatar\/420aaf9278582877d9018637c6817617705899d2858d7572ef0fe59a6b6454b4?s=96&d=mm&r=g","contentUrl":"https:\/\/secure.gravatar.com\/avatar\/420aaf9278582877d9018637c6817617705899d2858d7572ef0fe59a6b6454b4?s=96&d=mm&r=g","caption":"Canal Dana"},"url":"https:\/\/dana.com.br\/canaldana\/author\/cdeditor\/"}]}},"_links":{"self":[{"href":"https:\/\/dana.com.br\/canaldana\/wp-json\/wp\/v2\/posts\/74810","targetHints":{"allow":["GET"]}}],"collection":[{"href":"https:\/\/dana.com.br\/canaldana\/wp-json\/wp\/v2\/posts"}],"about":[{"href":"https:\/\/dana.com.br\/canaldana\/wp-json\/wp\/v2\/types\/post"}],"author":[{"embeddable":true,"href":"https:\/\/dana.com.br\/canaldana\/wp-json\/wp\/v2\/users\/3"}],"replies":[{"embeddable":true,"href":"https:\/\/dana.com.br\/canaldana\/wp-json\/wp\/v2\/comments?post=74810"}],"version-history":[{"count":1,"href":"https:\/\/dana.com.br\/canaldana\/wp-json\/wp\/v2\/posts\/74810\/revisions"}],"predecessor-version":[{"id":74811,"href":"https:\/\/dana.com.br\/canaldana\/wp-json\/wp\/v2\/posts\/74810\/revisions\/74811"}],"wp:attachment":[{"href":"https:\/\/dana.com.br\/canaldana\/wp-json\/wp\/v2\/media?parent=74810"}],"wp:term":[{"taxonomy":"category","embeddable":true,"href":"https:\/\/dana.com.br\/canaldana\/wp-json\/wp\/v2\/categories?post=74810"},{"taxonomy":"post_tag","embeddable":true,"href":"https:\/\/dana.com.br\/canaldana\/wp-json\/wp\/v2\/tags?post=74810"}],"curies":[{"name":"wp","href":"https:\/\/api.w.org\/{rel}","templated":true}]}}