{"id":74673,"date":"2024-07-05T08:35:50","date_gmt":"2024-07-05T11:35:50","guid":{"rendered":"https:\/\/dana.com.br\/canaldana\/?p=74673"},"modified":"2024-07-05T08:35:50","modified_gmt":"2024-07-05T11:35:50","slug":"producao-de-onibus-cresce-538-no-primeiro-semestre-de-2024","status":"publish","type":"post","link":"https:\/\/dana.com.br\/canaldana\/2024\/07\/05\/producao-de-onibus-cresce-538-no-primeiro-semestre-de-2024\/","title":{"rendered":"Produ\u00e7\u00e3o de \u00f4nibus cresce 53,8% no primeiro semestre de 2024"},"content":{"rendered":"<p><em>Portal Technibus <\/em><\/p>\n<p>&nbsp;<\/p>\n<p>O mercado de \u00f4nibus mant\u00e9m a trajet\u00f3ria de recupera\u00e7\u00e3o e fecha o primeiro semestre com 14.668 ve\u00edculos produzidos, o que representa um aumento de 53,8% em rela\u00e7\u00e3o \u00e0s 9.539 unidades fabricadas no mesmo per\u00edodo de 2023, segundo a Associa\u00e7\u00e3o Nacional os Fabricantes de Ve\u00edculos Automotores (Anfavea). Em junho, a produ\u00e7\u00e3o de 2.639 \u00f4nibus foi 3,4% inferior a maio deste ano (2.731 unidades), mas superou em 35,4% junho do ano passado, quando foram fabricados 1.949 ve\u00edculos.<\/p>\n<p>&nbsp;<\/p>\n<p>Do total de \u00f4nibus produzidos de janeiro a junho deste ano, 12.462 s\u00e3o modelos urbanos, 57,4% a mais do que nos seis meses do ano passado (7.915 unidades), e 2.206 s\u00e3o modelos rodovi\u00e1rios, o corresponde a um aumento de 35,8% em rela\u00e7\u00e3o aos 1.624 ve\u00edculos fabricados no primeiro semestre de 2023.<\/p>\n<p>&nbsp;<\/p>\n<p><strong>Vendas<\/strong><\/p>\n<p>&nbsp;<\/p>\n<p>Nas vendas de \u00f4nibus, o resultado n\u00e3o foi positivo. Em junho, os 1.738 ve\u00edculos emplacados foram 35,5% maior do que maio deste ano (1.283 unidades), mas em rela\u00e7\u00e3o aos 1.774 ve\u00edculos vendidos em junho de 2023 a retra\u00e7\u00e3o foi de 2%. No acumulado de janeiro a junho deste ano a redu\u00e7\u00e3o foi de 21,7%, com 8.860 ve\u00edculos emplacados, ante os 11.322 ve\u00edculos vendidos no mesmo per\u00edodo de 2023.<\/p>\n<p>&nbsp;<\/p>\n<p>Eduardo Freitas, vice-presidente da Anfavea, atribuiu a retra\u00e7\u00e3o nas vendas de \u00f4nibus nos seis meses deste ano \u00e0 grande concentra\u00e7\u00e3o de entregas de ve\u00edculos para o Caminho da Escola no primeiro semestre do ano passado. \u201cEste ano, o fornecimento de modelos escolares come\u00e7ou agora\u201d, explicou Freitas.<\/p>\n<p>&nbsp;<\/p>\n<p>No ranking do primeiro semestre de 2024, a lideran\u00e7a ficou com a Mercedes-Benz, com a venda de 4.133 \u00f4nibus, 26,5% a menos que no acumulado de janeiro a junho de 2023 (5.623 unidades). O segundo lugar ficou com a Volkswagen Caminh\u00f5es e \u00d4nibus, que vendeu 2.115 ve\u00edculos, 29,2% inferior ao mesmo per\u00edodo do ano anterior (2.987 unidades). E o terceiro com a Agrale, que comercializou 1.479 ve\u00edculos, com uma redu\u00e7\u00e3o de 14,8% sobre os seis meses de 2023 (1.735 unidades).<\/p>\n<p>&nbsp;<\/p>\n<p>Na sequ\u00eancia, est\u00e1 posicionada a Iveco que vendeu 540 \u00f4nibus at\u00e9 junho, 71,4% acima do primeiro semestre do ano passado (315 unidades); a Scania com 321 ve\u00edculos, um n\u00famero 161% superior a janeiro e junho do ano passado (123 unidades). E a Volvo que vendeu 258 \u00f4nibus, com retra\u00e7\u00e3o de 48,6% sobre os seis meses de 2023, cujas vendas somaram 502 unidades.<\/p>\n<p>&nbsp;<\/p>\n<p><strong>Mercado externo<\/strong><\/p>\n<p>&nbsp;<\/p>\n<p>Nas exporta\u00e7\u00f5es de \u00f4nibus, o desempenho tamb\u00e9m foi negativo. Em junho, o volume de 509 ve\u00edculos vendidos no exterior foi 63,7% maior do que maio deste ano (311 unidades), mas ficou 25,5% abaixo de junho do ano passado (683 unidades). No acumulado de janeiro a junho deste ano, as exporta\u00e7\u00f5es atingiram 2.142 unidades, 4,8% abaixo do primeiro semestre de 2023 (2.249 unidades).<\/p>\n<p>&nbsp;<\/p>\n<p>Do total de \u00f4nibus exportados at\u00e9 junho deste ano, 1.028 s\u00e3o modelos rodovi\u00e1rios, 14,6% a mais que no primeiro semestre do ano passado (897 unidades), e 1.114 s\u00e3o urbanos, que tiveram retra\u00e7\u00e3o de 17,6% sobre os seis meses de 2023.<\/p>\n<p>&nbsp;<\/p>\n<p><strong>Revis\u00e3o das proje\u00e7\u00f5es<\/strong><\/p>\n<p>&nbsp;<\/p>\n<p>A Anfavea revisou as proje\u00e7\u00f5es para o setor automotivo. O segmento de pesados (incluindo \u00f4nibus e caminh\u00f5es), para o qual se esperava um crescimento de 13,6% nas vendas, com 146 mil ve\u00edculos em rela\u00e7\u00e3o aos 129 mil ve\u00edculos comercializados em 2023, teve sua estimativa reduzida para 143 mil unidades, e o avan\u00e7o ser\u00e1 de 10,9%.<\/p>\n<p>&nbsp;<\/p>\n<p>Para a produ\u00e7\u00e3o, foi mantida a previs\u00e3o de 160 mil unidades (133 mil caminh\u00f5es e 27 mil \u00f4nibus), o que representar\u00e1 um crescimento de 32,1% em rela\u00e7\u00e3o aos 121 mil ve\u00edculos pesados fabricados em 2023.<\/p>\n<p>&nbsp;<\/p>\n<p>Para as exporta\u00e7\u00f5es, \u00e9 esperada uma queda de 9,1%, com 20 mil ve\u00edculos vendidos no exterior. Em janeiro, a estimativa era que o embarque de ve\u00edculos pesados atingiria 22 mil unidades, a mesma quantidade de 2023. (Portal Technibus\/Sonia Moraes)<\/p>\n","protected":false},"excerpt":{"rendered":"<p>Portal Technibus &nbsp; O mercado de \u00f4nibus mant\u00e9m a trajet\u00f3ria de recupera\u00e7\u00e3o e fecha o primeiro semestre com 14.668 ve\u00edculos produzidos, o que representa um aumento de 53,8% em rela\u00e7\u00e3o \u00e0s 9.539 unidades fabricadas no mesmo per\u00edodo de 2023, segundo a Associa\u00e7\u00e3o Nacional os Fabricantes de Ve\u00edculos Automotores (Anfavea). Em junho, a produ\u00e7\u00e3o de 2.639\u2026 <a class=\"readmore\" href=\"https:\/\/dana.com.br\/canaldana\/2024\/07\/05\/producao-de-onibus-cresce-538-no-primeiro-semestre-de-2024\/\">Leia mais \u00bb<\/a><\/p>\n","protected":false},"author":3,"featured_media":0,"comment_status":"closed","ping_status":"closed","sticky":false,"template":"","format":"standard","meta":{"_acf_changed":false,"footnotes":""},"categories":[79],"tags":[],"class_list":["post-74673","post","type-post","status-publish","format-standard","hentry","category-mercado"],"acf":[],"yoast_head":"<!-- This site is optimized with the Yoast SEO plugin v27.3 - https:\/\/yoast.com\/product\/yoast-seo-wordpress\/ -->\n<title>Produ\u00e7\u00e3o de \u00f4nibus cresce 53,8% no primeiro semestre de 2024 - Canal Dana<\/title>\n<meta name=\"robots\" content=\"index, follow, max-snippet:-1, max-image-preview:large, max-video-preview:-1\" \/>\n<link rel=\"canonical\" href=\"https:\/\/dana.com.br\/canaldana\/2024\/07\/05\/producao-de-onibus-cresce-538-no-primeiro-semestre-de-2024\/\" \/>\n<meta property=\"og:locale\" content=\"pt_BR\" \/>\n<meta property=\"og:type\" content=\"article\" \/>\n<meta property=\"og:title\" content=\"Produ\u00e7\u00e3o de \u00f4nibus cresce 53,8% no primeiro semestre de 2024 - Canal Dana\" \/>\n<meta property=\"og:description\" content=\"Portal Technibus &nbsp; O mercado de \u00f4nibus mant\u00e9m a trajet\u00f3ria de recupera\u00e7\u00e3o e fecha o primeiro semestre com 14.668 ve\u00edculos produzidos, o que representa um aumento de 53,8% em rela\u00e7\u00e3o \u00e0s 9.539 unidades fabricadas no mesmo per\u00edodo de 2023, segundo a Associa\u00e7\u00e3o Nacional os Fabricantes de Ve\u00edculos Automotores (Anfavea). Em junho, a produ\u00e7\u00e3o de 2.639\u2026 Leia mais \u00bb\" \/>\n<meta property=\"og:url\" content=\"https:\/\/dana.com.br\/canaldana\/2024\/07\/05\/producao-de-onibus-cresce-538-no-primeiro-semestre-de-2024\/\" \/>\n<meta property=\"og:site_name\" content=\"Canal Dana\" \/>\n<meta property=\"article:published_time\" content=\"2024-07-05T11:35:50+00:00\" \/>\n<meta name=\"author\" content=\"Canal Dana\" \/>\n<meta name=\"twitter:card\" content=\"summary_large_image\" \/>\n<meta name=\"twitter:label1\" content=\"Escrito por\" \/>\n\t<meta name=\"twitter:data1\" content=\"Canal Dana\" \/>\n\t<meta name=\"twitter:label2\" content=\"Est. tempo de leitura\" \/>\n\t<meta name=\"twitter:data2\" content=\"4 minutos\" \/>\n<script type=\"application\/ld+json\" class=\"yoast-schema-graph\">{\"@context\":\"https:\\\/\\\/schema.org\",\"@graph\":[{\"@type\":\"Article\",\"@id\":\"https:\\\/\\\/dana.com.br\\\/canaldana\\\/2024\\\/07\\\/05\\\/producao-de-onibus-cresce-538-no-primeiro-semestre-de-2024\\\/#article\",\"isPartOf\":{\"@id\":\"https:\\\/\\\/dana.com.br\\\/canaldana\\\/2024\\\/07\\\/05\\\/producao-de-onibus-cresce-538-no-primeiro-semestre-de-2024\\\/\"},\"author\":{\"name\":\"Canal Dana\",\"@id\":\"https:\\\/\\\/dana.com.br\\\/canaldana\\\/#\\\/schema\\\/person\\\/3c21f22f56fcf3bc46b94bc60ea4fef6\"},\"headline\":\"Produ\u00e7\u00e3o de \u00f4nibus cresce 53,8% no primeiro semestre de 2024\",\"datePublished\":\"2024-07-05T11:35:50+00:00\",\"mainEntityOfPage\":{\"@id\":\"https:\\\/\\\/dana.com.br\\\/canaldana\\\/2024\\\/07\\\/05\\\/producao-de-onibus-cresce-538-no-primeiro-semestre-de-2024\\\/\"},\"wordCount\":626,\"articleSection\":[\"Mercado\"],\"inLanguage\":\"pt-BR\"},{\"@type\":\"WebPage\",\"@id\":\"https:\\\/\\\/dana.com.br\\\/canaldana\\\/2024\\\/07\\\/05\\\/producao-de-onibus-cresce-538-no-primeiro-semestre-de-2024\\\/\",\"url\":\"https:\\\/\\\/dana.com.br\\\/canaldana\\\/2024\\\/07\\\/05\\\/producao-de-onibus-cresce-538-no-primeiro-semestre-de-2024\\\/\",\"name\":\"Produ\u00e7\u00e3o de \u00f4nibus cresce 53,8% no primeiro semestre de 2024 - Canal Dana\",\"isPartOf\":{\"@id\":\"https:\\\/\\\/dana.com.br\\\/canaldana\\\/#website\"},\"datePublished\":\"2024-07-05T11:35:50+00:00\",\"author\":{\"@id\":\"https:\\\/\\\/dana.com.br\\\/canaldana\\\/#\\\/schema\\\/person\\\/3c21f22f56fcf3bc46b94bc60ea4fef6\"},\"breadcrumb\":{\"@id\":\"https:\\\/\\\/dana.com.br\\\/canaldana\\\/2024\\\/07\\\/05\\\/producao-de-onibus-cresce-538-no-primeiro-semestre-de-2024\\\/#breadcrumb\"},\"inLanguage\":\"pt-BR\",\"potentialAction\":[{\"@type\":\"ReadAction\",\"target\":[\"https:\\\/\\\/dana.com.br\\\/canaldana\\\/2024\\\/07\\\/05\\\/producao-de-onibus-cresce-538-no-primeiro-semestre-de-2024\\\/\"]}]},{\"@type\":\"BreadcrumbList\",\"@id\":\"https:\\\/\\\/dana.com.br\\\/canaldana\\\/2024\\\/07\\\/05\\\/producao-de-onibus-cresce-538-no-primeiro-semestre-de-2024\\\/#breadcrumb\",\"itemListElement\":[{\"@type\":\"ListItem\",\"position\":1,\"name\":\"Home\",\"item\":\"https:\\\/\\\/dana.com.br\\\/canaldana\\\/\"},{\"@type\":\"ListItem\",\"position\":2,\"name\":\"Mercado\",\"item\":\"https:\\\/\\\/dana.com.br\\\/canaldana\\\/mercado\\\/\"},{\"@type\":\"ListItem\",\"position\":3,\"name\":\"Produ\u00e7\u00e3o de \u00f4nibus cresce 53,8% no primeiro semestre de 2024\"}]},{\"@type\":\"WebSite\",\"@id\":\"https:\\\/\\\/dana.com.br\\\/canaldana\\\/#website\",\"url\":\"https:\\\/\\\/dana.com.br\\\/canaldana\\\/\",\"name\":\"Canal Dana\",\"description\":\"Informativo com as principais not\u00edcias da ind\u00fastria automotiva\",\"potentialAction\":[{\"@type\":\"SearchAction\",\"target\":{\"@type\":\"EntryPoint\",\"urlTemplate\":\"https:\\\/\\\/dana.com.br\\\/canaldana\\\/?s={search_term_string}\"},\"query-input\":{\"@type\":\"PropertyValueSpecification\",\"valueRequired\":true,\"valueName\":\"search_term_string\"}}],\"inLanguage\":\"pt-BR\"},{\"@type\":\"Person\",\"@id\":\"https:\\\/\\\/dana.com.br\\\/canaldana\\\/#\\\/schema\\\/person\\\/3c21f22f56fcf3bc46b94bc60ea4fef6\",\"name\":\"Canal Dana\",\"image\":{\"@type\":\"ImageObject\",\"inLanguage\":\"pt-BR\",\"@id\":\"https:\\\/\\\/secure.gravatar.com\\\/avatar\\\/420aaf9278582877d9018637c6817617705899d2858d7572ef0fe59a6b6454b4?s=96&d=mm&r=g\",\"url\":\"https:\\\/\\\/secure.gravatar.com\\\/avatar\\\/420aaf9278582877d9018637c6817617705899d2858d7572ef0fe59a6b6454b4?s=96&d=mm&r=g\",\"contentUrl\":\"https:\\\/\\\/secure.gravatar.com\\\/avatar\\\/420aaf9278582877d9018637c6817617705899d2858d7572ef0fe59a6b6454b4?s=96&d=mm&r=g\",\"caption\":\"Canal Dana\"},\"url\":\"https:\\\/\\\/dana.com.br\\\/canaldana\\\/author\\\/cdeditor\\\/\"}]}<\/script>\n<!-- \/ Yoast SEO plugin. -->","yoast_head_json":{"title":"Produ\u00e7\u00e3o de \u00f4nibus cresce 53,8% no primeiro semestre de 2024 - Canal Dana","robots":{"index":"index","follow":"follow","max-snippet":"max-snippet:-1","max-image-preview":"max-image-preview:large","max-video-preview":"max-video-preview:-1"},"canonical":"https:\/\/dana.com.br\/canaldana\/2024\/07\/05\/producao-de-onibus-cresce-538-no-primeiro-semestre-de-2024\/","og_locale":"pt_BR","og_type":"article","og_title":"Produ\u00e7\u00e3o de \u00f4nibus cresce 53,8% no primeiro semestre de 2024 - Canal Dana","og_description":"Portal Technibus &nbsp; O mercado de \u00f4nibus mant\u00e9m a trajet\u00f3ria de recupera\u00e7\u00e3o e fecha o primeiro semestre com 14.668 ve\u00edculos produzidos, o que representa um aumento de 53,8% em rela\u00e7\u00e3o \u00e0s 9.539 unidades fabricadas no mesmo per\u00edodo de 2023, segundo a Associa\u00e7\u00e3o Nacional os Fabricantes de Ve\u00edculos Automotores (Anfavea). Em junho, a produ\u00e7\u00e3o de 2.639\u2026 Leia mais \u00bb","og_url":"https:\/\/dana.com.br\/canaldana\/2024\/07\/05\/producao-de-onibus-cresce-538-no-primeiro-semestre-de-2024\/","og_site_name":"Canal Dana","article_published_time":"2024-07-05T11:35:50+00:00","author":"Canal Dana","twitter_card":"summary_large_image","twitter_misc":{"Escrito por":"Canal Dana","Est. tempo de leitura":"4 minutos"},"schema":{"@context":"https:\/\/schema.org","@graph":[{"@type":"Article","@id":"https:\/\/dana.com.br\/canaldana\/2024\/07\/05\/producao-de-onibus-cresce-538-no-primeiro-semestre-de-2024\/#article","isPartOf":{"@id":"https:\/\/dana.com.br\/canaldana\/2024\/07\/05\/producao-de-onibus-cresce-538-no-primeiro-semestre-de-2024\/"},"author":{"name":"Canal Dana","@id":"https:\/\/dana.com.br\/canaldana\/#\/schema\/person\/3c21f22f56fcf3bc46b94bc60ea4fef6"},"headline":"Produ\u00e7\u00e3o de \u00f4nibus cresce 53,8% no primeiro semestre de 2024","datePublished":"2024-07-05T11:35:50+00:00","mainEntityOfPage":{"@id":"https:\/\/dana.com.br\/canaldana\/2024\/07\/05\/producao-de-onibus-cresce-538-no-primeiro-semestre-de-2024\/"},"wordCount":626,"articleSection":["Mercado"],"inLanguage":"pt-BR"},{"@type":"WebPage","@id":"https:\/\/dana.com.br\/canaldana\/2024\/07\/05\/producao-de-onibus-cresce-538-no-primeiro-semestre-de-2024\/","url":"https:\/\/dana.com.br\/canaldana\/2024\/07\/05\/producao-de-onibus-cresce-538-no-primeiro-semestre-de-2024\/","name":"Produ\u00e7\u00e3o de \u00f4nibus cresce 53,8% no primeiro semestre de 2024 - Canal Dana","isPartOf":{"@id":"https:\/\/dana.com.br\/canaldana\/#website"},"datePublished":"2024-07-05T11:35:50+00:00","author":{"@id":"https:\/\/dana.com.br\/canaldana\/#\/schema\/person\/3c21f22f56fcf3bc46b94bc60ea4fef6"},"breadcrumb":{"@id":"https:\/\/dana.com.br\/canaldana\/2024\/07\/05\/producao-de-onibus-cresce-538-no-primeiro-semestre-de-2024\/#breadcrumb"},"inLanguage":"pt-BR","potentialAction":[{"@type":"ReadAction","target":["https:\/\/dana.com.br\/canaldana\/2024\/07\/05\/producao-de-onibus-cresce-538-no-primeiro-semestre-de-2024\/"]}]},{"@type":"BreadcrumbList","@id":"https:\/\/dana.com.br\/canaldana\/2024\/07\/05\/producao-de-onibus-cresce-538-no-primeiro-semestre-de-2024\/#breadcrumb","itemListElement":[{"@type":"ListItem","position":1,"name":"Home","item":"https:\/\/dana.com.br\/canaldana\/"},{"@type":"ListItem","position":2,"name":"Mercado","item":"https:\/\/dana.com.br\/canaldana\/mercado\/"},{"@type":"ListItem","position":3,"name":"Produ\u00e7\u00e3o de \u00f4nibus cresce 53,8% no primeiro semestre de 2024"}]},{"@type":"WebSite","@id":"https:\/\/dana.com.br\/canaldana\/#website","url":"https:\/\/dana.com.br\/canaldana\/","name":"Canal Dana","description":"Informativo com as principais not\u00edcias da ind\u00fastria automotiva","potentialAction":[{"@type":"SearchAction","target":{"@type":"EntryPoint","urlTemplate":"https:\/\/dana.com.br\/canaldana\/?s={search_term_string}"},"query-input":{"@type":"PropertyValueSpecification","valueRequired":true,"valueName":"search_term_string"}}],"inLanguage":"pt-BR"},{"@type":"Person","@id":"https:\/\/dana.com.br\/canaldana\/#\/schema\/person\/3c21f22f56fcf3bc46b94bc60ea4fef6","name":"Canal Dana","image":{"@type":"ImageObject","inLanguage":"pt-BR","@id":"https:\/\/secure.gravatar.com\/avatar\/420aaf9278582877d9018637c6817617705899d2858d7572ef0fe59a6b6454b4?s=96&d=mm&r=g","url":"https:\/\/secure.gravatar.com\/avatar\/420aaf9278582877d9018637c6817617705899d2858d7572ef0fe59a6b6454b4?s=96&d=mm&r=g","contentUrl":"https:\/\/secure.gravatar.com\/avatar\/420aaf9278582877d9018637c6817617705899d2858d7572ef0fe59a6b6454b4?s=96&d=mm&r=g","caption":"Canal Dana"},"url":"https:\/\/dana.com.br\/canaldana\/author\/cdeditor\/"}]}},"_links":{"self":[{"href":"https:\/\/dana.com.br\/canaldana\/wp-json\/wp\/v2\/posts\/74673","targetHints":{"allow":["GET"]}}],"collection":[{"href":"https:\/\/dana.com.br\/canaldana\/wp-json\/wp\/v2\/posts"}],"about":[{"href":"https:\/\/dana.com.br\/canaldana\/wp-json\/wp\/v2\/types\/post"}],"author":[{"embeddable":true,"href":"https:\/\/dana.com.br\/canaldana\/wp-json\/wp\/v2\/users\/3"}],"replies":[{"embeddable":true,"href":"https:\/\/dana.com.br\/canaldana\/wp-json\/wp\/v2\/comments?post=74673"}],"version-history":[{"count":1,"href":"https:\/\/dana.com.br\/canaldana\/wp-json\/wp\/v2\/posts\/74673\/revisions"}],"predecessor-version":[{"id":74674,"href":"https:\/\/dana.com.br\/canaldana\/wp-json\/wp\/v2\/posts\/74673\/revisions\/74674"}],"wp:attachment":[{"href":"https:\/\/dana.com.br\/canaldana\/wp-json\/wp\/v2\/media?parent=74673"}],"wp:term":[{"taxonomy":"category","embeddable":true,"href":"https:\/\/dana.com.br\/canaldana\/wp-json\/wp\/v2\/categories?post=74673"},{"taxonomy":"post_tag","embeddable":true,"href":"https:\/\/dana.com.br\/canaldana\/wp-json\/wp\/v2\/tags?post=74673"}],"curies":[{"name":"wp","href":"https:\/\/api.w.org\/{rel}","templated":true}]}}