{"id":74518,"date":"2024-06-28T08:50:59","date_gmt":"2024-06-28T11:50:59","guid":{"rendered":"https:\/\/dana.com.br\/canaldana\/?p=74518"},"modified":"2024-06-28T08:50:59","modified_gmt":"2024-06-28T11:50:59","slug":"ja-sao-89-as-empresas-habilitadas-ao-mover","status":"publish","type":"post","link":"https:\/\/dana.com.br\/canaldana\/2024\/06\/28\/ja-sao-89-as-empresas-habilitadas-ao-mover\/","title":{"rendered":"J\u00e1 s\u00e3o 89 as empresas habilitadas ao Mover"},"content":{"rendered":"<p><em>AutoInd\u00fastria <\/em><\/p>\n<p>&nbsp;<\/p>\n<p>O MDIC, Minist\u00e9rio do Desenvolvimento, Ind\u00fastria, Com\u00e9rcio e Servi\u00e7os, aproveitou reuni\u00e3o do Conselh\u00e3o, Conselho de Desenvolvimento Econ\u00f4mico Social Sustent\u00e1vel, para atualizar o balan\u00e7o das ades\u00f5es ao Mover, Programa de Mobilidade Verde e Inova\u00e7\u00e3o.<\/p>\n<p>&nbsp;<\/p>\n<p>A lei que cria o programa automotivo foi sancionada nesta quinta-feira, 27, pelo presidente Luis In\u00e1cio Lula da Silva, durante o encontro que reuniu ministros, empres\u00e1rios e representantes de diferentes segmentos da sociedade. S\u00e3o agora 89 empresas habilitadas ao Mover, de nove Estados, incluindo, entre outros, fabricantes de ve\u00edculo leves e pesados, assim como autope\u00e7as.<\/p>\n<p>&nbsp;<\/p>\n<p>Com a san\u00e7\u00e3o do Mover, o MDIC volta a receber pedidos de habilita\u00e7\u00e3o, que ficou suspensa ap\u00f3s a expira\u00e7\u00e3o, no dia 1\u00ba de junho, da Medida Provis\u00f3ria que criou o programa.<\/p>\n<p>&nbsp;<\/p>\n<p>Geraldo Alckmin, titular do MDIC, lembrou ser esse o maior programa de est\u00edmulo \u00e0 mobilidade e \u00e0 descarboniza\u00e7\u00e3o de toda hist\u00f3ria da ind\u00fastria automotiva.<\/p>\n<p>&nbsp;<\/p>\n<p>\u201cE j\u00e1 est\u00e1 dando resultados. Desde o lan\u00e7amento do Mover, no final do ano passado, j\u00e1 temos uma s\u00e9rie de an\u00fancios de investimentos, que somam RS 130 bilh\u00f5es\u201d, destaca o ministro.<\/p>\n<p>&nbsp;<\/p>\n<p>Das 89 empresas habilitadas, 70 s\u00e3o para unidades fabris que j\u00e1 produzem autope\u00e7as, dez de ve\u00edculos leves, seis de ve\u00edculos pesados no Brasil, dois s\u00e3o servi\u00e7os de P&amp;D e e uma \u00e9 para projeto \u2013 no caso da Stellantis \u2013 de relocaliza\u00e7\u00e3o de uma f\u00e1brica de motores, vinda de outro pa\u00eds, com investimento previsto de R$ 454 milh\u00f5es e gera\u00e7\u00e3o de 600 empregos diretos.<\/p>\n<p>&nbsp;<\/p>\n<p>O \u00faltimo balan\u00e7o do MDIC sobre a ades\u00e3o ao programa foi divulgado no in\u00edcio de maio, quando 69 empresas, tamb\u00e9m de nove Estados, j\u00e1 estavam habilitadas.<\/p>\n<p>&nbsp;<\/p>\n<p>Entre os pr\u00f3ximos passos do programa est\u00e3o a regulamenta\u00e7\u00e3o do IPI Verde, dos requisitos obrigat\u00f3rios e do FNDIT, Fundo Nacional de Desenvolvimento Industrial e Tecnol\u00f3gico.<\/p>\n<p>&nbsp;<\/p>\n<p>\u201cO Mover prev\u00ea um total de R$ 19,3 bilh\u00f5es de cr\u00e9ditos financeiros entre 2024 e 2028, que podem ser usados pelas empresas para abatimento de impostos federais em contrapartida a investimentos realizados em P&amp;D e em novos projetos de produ\u00e7\u00e3o\u201d, lembra o MDIC no comunicado divulgado ap\u00f3s o sancionamento da lei. (AutoInd\u00fastria\/Alzira Rodrigues)<\/p>\n","protected":false},"excerpt":{"rendered":"<p>AutoInd\u00fastria &nbsp; O MDIC, Minist\u00e9rio do Desenvolvimento, Ind\u00fastria, Com\u00e9rcio e Servi\u00e7os, aproveitou reuni\u00e3o do Conselh\u00e3o, Conselho de Desenvolvimento Econ\u00f4mico Social Sustent\u00e1vel, para atualizar o balan\u00e7o das ades\u00f5es ao Mover, Programa de Mobilidade Verde e Inova\u00e7\u00e3o. &nbsp; A lei que cria o programa automotivo foi sancionada nesta quinta-feira, 27, pelo presidente Luis In\u00e1cio Lula da Silva,\u2026 <a class=\"readmore\" href=\"https:\/\/dana.com.br\/canaldana\/2024\/06\/28\/ja-sao-89-as-empresas-habilitadas-ao-mover\/\">Leia mais \u00bb<\/a><\/p>\n","protected":false},"author":3,"featured_media":0,"comment_status":"closed","ping_status":"closed","sticky":false,"template":"","format":"standard","meta":{"_acf_changed":false,"footnotes":""},"categories":[79],"tags":[],"class_list":["post-74518","post","type-post","status-publish","format-standard","hentry","category-mercado"],"acf":[],"yoast_head":"<!-- This site is optimized with the Yoast SEO plugin v27.3 - https:\/\/yoast.com\/product\/yoast-seo-wordpress\/ -->\n<title>J\u00e1 s\u00e3o 89 as empresas habilitadas ao Mover - Canal Dana<\/title>\n<meta name=\"robots\" content=\"index, follow, max-snippet:-1, max-image-preview:large, max-video-preview:-1\" \/>\n<link rel=\"canonical\" href=\"https:\/\/dana.com.br\/canaldana\/2024\/06\/28\/ja-sao-89-as-empresas-habilitadas-ao-mover\/\" \/>\n<meta property=\"og:locale\" content=\"pt_BR\" \/>\n<meta property=\"og:type\" content=\"article\" \/>\n<meta property=\"og:title\" content=\"J\u00e1 s\u00e3o 89 as empresas habilitadas ao Mover - Canal Dana\" \/>\n<meta property=\"og:description\" content=\"AutoInd\u00fastria &nbsp; O MDIC, Minist\u00e9rio do Desenvolvimento, Ind\u00fastria, Com\u00e9rcio e Servi\u00e7os, aproveitou reuni\u00e3o do Conselh\u00e3o, Conselho de Desenvolvimento Econ\u00f4mico Social Sustent\u00e1vel, para atualizar o balan\u00e7o das ades\u00f5es ao Mover, Programa de Mobilidade Verde e Inova\u00e7\u00e3o. &nbsp; A lei que cria o programa automotivo foi sancionada nesta quinta-feira, 27, pelo presidente Luis In\u00e1cio Lula da Silva,\u2026 Leia mais \u00bb\" \/>\n<meta property=\"og:url\" content=\"https:\/\/dana.com.br\/canaldana\/2024\/06\/28\/ja-sao-89-as-empresas-habilitadas-ao-mover\/\" \/>\n<meta property=\"og:site_name\" content=\"Canal Dana\" \/>\n<meta property=\"article:published_time\" content=\"2024-06-28T11:50:59+00:00\" \/>\n<meta name=\"author\" content=\"Canal Dana\" \/>\n<meta name=\"twitter:card\" content=\"summary_large_image\" \/>\n<meta name=\"twitter:label1\" content=\"Escrito por\" \/>\n\t<meta name=\"twitter:data1\" content=\"Canal Dana\" \/>\n\t<meta name=\"twitter:label2\" content=\"Est. tempo de leitura\" \/>\n\t<meta name=\"twitter:data2\" content=\"2 minutos\" \/>\n<script type=\"application\/ld+json\" class=\"yoast-schema-graph\">{\"@context\":\"https:\\\/\\\/schema.org\",\"@graph\":[{\"@type\":\"Article\",\"@id\":\"https:\\\/\\\/dana.com.br\\\/canaldana\\\/2024\\\/06\\\/28\\\/ja-sao-89-as-empresas-habilitadas-ao-mover\\\/#article\",\"isPartOf\":{\"@id\":\"https:\\\/\\\/dana.com.br\\\/canaldana\\\/2024\\\/06\\\/28\\\/ja-sao-89-as-empresas-habilitadas-ao-mover\\\/\"},\"author\":{\"name\":\"Canal Dana\",\"@id\":\"https:\\\/\\\/dana.com.br\\\/canaldana\\\/#\\\/schema\\\/person\\\/3c21f22f56fcf3bc46b94bc60ea4fef6\"},\"headline\":\"J\u00e1 s\u00e3o 89 as empresas habilitadas ao Mover\",\"datePublished\":\"2024-06-28T11:50:59+00:00\",\"mainEntityOfPage\":{\"@id\":\"https:\\\/\\\/dana.com.br\\\/canaldana\\\/2024\\\/06\\\/28\\\/ja-sao-89-as-empresas-habilitadas-ao-mover\\\/\"},\"wordCount\":403,\"articleSection\":[\"Mercado\"],\"inLanguage\":\"pt-BR\"},{\"@type\":\"WebPage\",\"@id\":\"https:\\\/\\\/dana.com.br\\\/canaldana\\\/2024\\\/06\\\/28\\\/ja-sao-89-as-empresas-habilitadas-ao-mover\\\/\",\"url\":\"https:\\\/\\\/dana.com.br\\\/canaldana\\\/2024\\\/06\\\/28\\\/ja-sao-89-as-empresas-habilitadas-ao-mover\\\/\",\"name\":\"J\u00e1 s\u00e3o 89 as empresas habilitadas ao Mover - Canal Dana\",\"isPartOf\":{\"@id\":\"https:\\\/\\\/dana.com.br\\\/canaldana\\\/#website\"},\"datePublished\":\"2024-06-28T11:50:59+00:00\",\"author\":{\"@id\":\"https:\\\/\\\/dana.com.br\\\/canaldana\\\/#\\\/schema\\\/person\\\/3c21f22f56fcf3bc46b94bc60ea4fef6\"},\"breadcrumb\":{\"@id\":\"https:\\\/\\\/dana.com.br\\\/canaldana\\\/2024\\\/06\\\/28\\\/ja-sao-89-as-empresas-habilitadas-ao-mover\\\/#breadcrumb\"},\"inLanguage\":\"pt-BR\",\"potentialAction\":[{\"@type\":\"ReadAction\",\"target\":[\"https:\\\/\\\/dana.com.br\\\/canaldana\\\/2024\\\/06\\\/28\\\/ja-sao-89-as-empresas-habilitadas-ao-mover\\\/\"]}]},{\"@type\":\"BreadcrumbList\",\"@id\":\"https:\\\/\\\/dana.com.br\\\/canaldana\\\/2024\\\/06\\\/28\\\/ja-sao-89-as-empresas-habilitadas-ao-mover\\\/#breadcrumb\",\"itemListElement\":[{\"@type\":\"ListItem\",\"position\":1,\"name\":\"Home\",\"item\":\"https:\\\/\\\/dana.com.br\\\/canaldana\\\/\"},{\"@type\":\"ListItem\",\"position\":2,\"name\":\"Mercado\",\"item\":\"https:\\\/\\\/dana.com.br\\\/canaldana\\\/mercado\\\/\"},{\"@type\":\"ListItem\",\"position\":3,\"name\":\"J\u00e1 s\u00e3o 89 as empresas habilitadas ao Mover\"}]},{\"@type\":\"WebSite\",\"@id\":\"https:\\\/\\\/dana.com.br\\\/canaldana\\\/#website\",\"url\":\"https:\\\/\\\/dana.com.br\\\/canaldana\\\/\",\"name\":\"Canal Dana\",\"description\":\"Informativo com as principais not\u00edcias da ind\u00fastria automotiva\",\"potentialAction\":[{\"@type\":\"SearchAction\",\"target\":{\"@type\":\"EntryPoint\",\"urlTemplate\":\"https:\\\/\\\/dana.com.br\\\/canaldana\\\/?s={search_term_string}\"},\"query-input\":{\"@type\":\"PropertyValueSpecification\",\"valueRequired\":true,\"valueName\":\"search_term_string\"}}],\"inLanguage\":\"pt-BR\"},{\"@type\":\"Person\",\"@id\":\"https:\\\/\\\/dana.com.br\\\/canaldana\\\/#\\\/schema\\\/person\\\/3c21f22f56fcf3bc46b94bc60ea4fef6\",\"name\":\"Canal Dana\",\"image\":{\"@type\":\"ImageObject\",\"inLanguage\":\"pt-BR\",\"@id\":\"https:\\\/\\\/secure.gravatar.com\\\/avatar\\\/420aaf9278582877d9018637c6817617705899d2858d7572ef0fe59a6b6454b4?s=96&d=mm&r=g\",\"url\":\"https:\\\/\\\/secure.gravatar.com\\\/avatar\\\/420aaf9278582877d9018637c6817617705899d2858d7572ef0fe59a6b6454b4?s=96&d=mm&r=g\",\"contentUrl\":\"https:\\\/\\\/secure.gravatar.com\\\/avatar\\\/420aaf9278582877d9018637c6817617705899d2858d7572ef0fe59a6b6454b4?s=96&d=mm&r=g\",\"caption\":\"Canal Dana\"},\"url\":\"https:\\\/\\\/dana.com.br\\\/canaldana\\\/author\\\/cdeditor\\\/\"}]}<\/script>\n<!-- \/ Yoast SEO plugin. -->","yoast_head_json":{"title":"J\u00e1 s\u00e3o 89 as empresas habilitadas ao Mover - Canal Dana","robots":{"index":"index","follow":"follow","max-snippet":"max-snippet:-1","max-image-preview":"max-image-preview:large","max-video-preview":"max-video-preview:-1"},"canonical":"https:\/\/dana.com.br\/canaldana\/2024\/06\/28\/ja-sao-89-as-empresas-habilitadas-ao-mover\/","og_locale":"pt_BR","og_type":"article","og_title":"J\u00e1 s\u00e3o 89 as empresas habilitadas ao Mover - Canal Dana","og_description":"AutoInd\u00fastria &nbsp; O MDIC, Minist\u00e9rio do Desenvolvimento, Ind\u00fastria, Com\u00e9rcio e Servi\u00e7os, aproveitou reuni\u00e3o do Conselh\u00e3o, Conselho de Desenvolvimento Econ\u00f4mico Social Sustent\u00e1vel, para atualizar o balan\u00e7o das ades\u00f5es ao Mover, Programa de Mobilidade Verde e Inova\u00e7\u00e3o. &nbsp; A lei que cria o programa automotivo foi sancionada nesta quinta-feira, 27, pelo presidente Luis In\u00e1cio Lula da Silva,\u2026 Leia mais \u00bb","og_url":"https:\/\/dana.com.br\/canaldana\/2024\/06\/28\/ja-sao-89-as-empresas-habilitadas-ao-mover\/","og_site_name":"Canal Dana","article_published_time":"2024-06-28T11:50:59+00:00","author":"Canal Dana","twitter_card":"summary_large_image","twitter_misc":{"Escrito por":"Canal Dana","Est. tempo de leitura":"2 minutos"},"schema":{"@context":"https:\/\/schema.org","@graph":[{"@type":"Article","@id":"https:\/\/dana.com.br\/canaldana\/2024\/06\/28\/ja-sao-89-as-empresas-habilitadas-ao-mover\/#article","isPartOf":{"@id":"https:\/\/dana.com.br\/canaldana\/2024\/06\/28\/ja-sao-89-as-empresas-habilitadas-ao-mover\/"},"author":{"name":"Canal Dana","@id":"https:\/\/dana.com.br\/canaldana\/#\/schema\/person\/3c21f22f56fcf3bc46b94bc60ea4fef6"},"headline":"J\u00e1 s\u00e3o 89 as empresas habilitadas ao Mover","datePublished":"2024-06-28T11:50:59+00:00","mainEntityOfPage":{"@id":"https:\/\/dana.com.br\/canaldana\/2024\/06\/28\/ja-sao-89-as-empresas-habilitadas-ao-mover\/"},"wordCount":403,"articleSection":["Mercado"],"inLanguage":"pt-BR"},{"@type":"WebPage","@id":"https:\/\/dana.com.br\/canaldana\/2024\/06\/28\/ja-sao-89-as-empresas-habilitadas-ao-mover\/","url":"https:\/\/dana.com.br\/canaldana\/2024\/06\/28\/ja-sao-89-as-empresas-habilitadas-ao-mover\/","name":"J\u00e1 s\u00e3o 89 as empresas habilitadas ao Mover - Canal Dana","isPartOf":{"@id":"https:\/\/dana.com.br\/canaldana\/#website"},"datePublished":"2024-06-28T11:50:59+00:00","author":{"@id":"https:\/\/dana.com.br\/canaldana\/#\/schema\/person\/3c21f22f56fcf3bc46b94bc60ea4fef6"},"breadcrumb":{"@id":"https:\/\/dana.com.br\/canaldana\/2024\/06\/28\/ja-sao-89-as-empresas-habilitadas-ao-mover\/#breadcrumb"},"inLanguage":"pt-BR","potentialAction":[{"@type":"ReadAction","target":["https:\/\/dana.com.br\/canaldana\/2024\/06\/28\/ja-sao-89-as-empresas-habilitadas-ao-mover\/"]}]},{"@type":"BreadcrumbList","@id":"https:\/\/dana.com.br\/canaldana\/2024\/06\/28\/ja-sao-89-as-empresas-habilitadas-ao-mover\/#breadcrumb","itemListElement":[{"@type":"ListItem","position":1,"name":"Home","item":"https:\/\/dana.com.br\/canaldana\/"},{"@type":"ListItem","position":2,"name":"Mercado","item":"https:\/\/dana.com.br\/canaldana\/mercado\/"},{"@type":"ListItem","position":3,"name":"J\u00e1 s\u00e3o 89 as empresas habilitadas ao Mover"}]},{"@type":"WebSite","@id":"https:\/\/dana.com.br\/canaldana\/#website","url":"https:\/\/dana.com.br\/canaldana\/","name":"Canal Dana","description":"Informativo com as principais not\u00edcias da ind\u00fastria automotiva","potentialAction":[{"@type":"SearchAction","target":{"@type":"EntryPoint","urlTemplate":"https:\/\/dana.com.br\/canaldana\/?s={search_term_string}"},"query-input":{"@type":"PropertyValueSpecification","valueRequired":true,"valueName":"search_term_string"}}],"inLanguage":"pt-BR"},{"@type":"Person","@id":"https:\/\/dana.com.br\/canaldana\/#\/schema\/person\/3c21f22f56fcf3bc46b94bc60ea4fef6","name":"Canal Dana","image":{"@type":"ImageObject","inLanguage":"pt-BR","@id":"https:\/\/secure.gravatar.com\/avatar\/420aaf9278582877d9018637c6817617705899d2858d7572ef0fe59a6b6454b4?s=96&d=mm&r=g","url":"https:\/\/secure.gravatar.com\/avatar\/420aaf9278582877d9018637c6817617705899d2858d7572ef0fe59a6b6454b4?s=96&d=mm&r=g","contentUrl":"https:\/\/secure.gravatar.com\/avatar\/420aaf9278582877d9018637c6817617705899d2858d7572ef0fe59a6b6454b4?s=96&d=mm&r=g","caption":"Canal Dana"},"url":"https:\/\/dana.com.br\/canaldana\/author\/cdeditor\/"}]}},"_links":{"self":[{"href":"https:\/\/dana.com.br\/canaldana\/wp-json\/wp\/v2\/posts\/74518","targetHints":{"allow":["GET"]}}],"collection":[{"href":"https:\/\/dana.com.br\/canaldana\/wp-json\/wp\/v2\/posts"}],"about":[{"href":"https:\/\/dana.com.br\/canaldana\/wp-json\/wp\/v2\/types\/post"}],"author":[{"embeddable":true,"href":"https:\/\/dana.com.br\/canaldana\/wp-json\/wp\/v2\/users\/3"}],"replies":[{"embeddable":true,"href":"https:\/\/dana.com.br\/canaldana\/wp-json\/wp\/v2\/comments?post=74518"}],"version-history":[{"count":1,"href":"https:\/\/dana.com.br\/canaldana\/wp-json\/wp\/v2\/posts\/74518\/revisions"}],"predecessor-version":[{"id":74519,"href":"https:\/\/dana.com.br\/canaldana\/wp-json\/wp\/v2\/posts\/74518\/revisions\/74519"}],"wp:attachment":[{"href":"https:\/\/dana.com.br\/canaldana\/wp-json\/wp\/v2\/media?parent=74518"}],"wp:term":[{"taxonomy":"category","embeddable":true,"href":"https:\/\/dana.com.br\/canaldana\/wp-json\/wp\/v2\/categories?post=74518"},{"taxonomy":"post_tag","embeddable":true,"href":"https:\/\/dana.com.br\/canaldana\/wp-json\/wp\/v2\/tags?post=74518"}],"curies":[{"name":"wp","href":"https:\/\/api.w.org\/{rel}","templated":true}]}}