{"id":74493,"date":"2024-06-27T08:45:59","date_gmt":"2024-06-27T11:45:59","guid":{"rendered":"https:\/\/dana.com.br\/canaldana\/?p=74493"},"modified":"2024-06-27T08:45:59","modified_gmt":"2024-06-27T11:45:59","slug":"lula-vai-sancionar-pl-do-mover-e-taxacao-de-blusinhas-em-reuniao-do-conselhao","status":"publish","type":"post","link":"https:\/\/dana.com.br\/canaldana\/2024\/06\/27\/lula-vai-sancionar-pl-do-mover-e-taxacao-de-blusinhas-em-reuniao-do-conselhao\/","title":{"rendered":"Lula vai sancionar PL do Mover e taxa\u00e7\u00e3o de blusinhas em reuni\u00e3o do Conselh\u00e3o"},"content":{"rendered":"<p><em>CNN Brasil <\/em><\/p>\n<p>&nbsp;<\/p>\n<p>O Pal\u00e1cio do Planalto decidiu adiantar a san\u00e7\u00e3o do projeto de lei do Mover (programa de incentivos \u00e0 ind\u00fastria automotiva) para esta quinta-feira (27). O texto tamb\u00e9m traz a taxa\u00e7\u00e3o das compras internacionais de at\u00e9 U$$ 50 (cerca de R$ 250).<\/p>\n<p>&nbsp;<\/p>\n<p>O presidente Luiz In\u00e1cio Lula da Silva (PT) vai assinar o texto durante reuni\u00e3o do Conselho de Desenvolvimento Econ\u00f4mico Social Sustent\u00e1vel, o chamado Conselh\u00e3o.<\/p>\n<p>&nbsp;<\/p>\n<p>A ideia \u00e9 aproveitar a presen\u00e7a de empres\u00e1rios. Inicialmente, a san\u00e7\u00e3o estava programada para a pr\u00f3xima ter\u00e7a-feira (2 de julho).<\/p>\n<p>&nbsp;<\/p>\n<p>A agenda est\u00e1 prevista para \u00e0s 9h, no Pal\u00e1cio do Itamaraty. Durante a solenidade, o grupo de conselheiros, de v\u00e1rios setores do empresariado, movimentos sociais e da sociedade civil, debater\u00e1 com o presidente sugest\u00f5es relacionadas \u00e0 formula\u00e7\u00e3o de pol\u00edticas com o objetivo de pa\u00eds.<\/p>\n<p>&nbsp;<\/p>\n<p>O evento ser\u00e1 aberto pelo ministro-chefe da Secretaria de Rela\u00e7\u00f5es Institucionais, Alexandre Padilha, e est\u00e3o previstos pronunciamentos do vice-presidente Geraldo Alckmin e dos ministros Fernando Haddad (Fazenda) e Marina Silva (Meio Ambiente e Mudan\u00e7a do Clima). Haver\u00e1 ainda uma mesa de debate entre conselheiros, Padilha e a ministra-interina da Casa Civil, Miriam Belchior.<\/p>\n<p>&nbsp;<\/p>\n<p><strong>Taxa\u00e7\u00e3o de importados<\/strong><\/p>\n<p>&nbsp;<\/p>\n<p>A taxa\u00e7\u00e3o das compras internacionais no valor abaixo de US$ 50 vale a partir da data de san\u00e7\u00e3o, sem o princ\u00edpio da anterioridade. Ou seja, sem anualidade e sem noventena.<\/p>\n<p>&nbsp;<\/p>\n<p>Aquisi\u00e7\u00f5es do tipo estavam isentas do pagamento do imposto de importa\u00e7\u00e3o por causa do programa Remessa Conforme, do Minist\u00e9rio da Fazenda. Bastava que a empresa que vende os produtos aderisse \u00e0 iniciativa.<\/p>\n<p>&nbsp;<\/p>\n<p>Nos planos iniciais do Congresso, a taxa\u00e7\u00e3o seria de 60%, por\u00e9m nas negocia\u00e7\u00f5es com o governo, se definiu um porcentual de 20%.<\/p>\n<p>&nbsp;<\/p>\n<p>Para compras entre US$ 50 e US$ 3 mil, nada muda: elas seguem submetidas a uma al\u00edquota de 60%, com desconto de 20 d\u00f3lares do tributo a pagar (cerca de R$ 100,00).<\/p>\n<p>&nbsp;<\/p>\n<p><strong>Programa Mover<\/strong><\/p>\n<p>&nbsp;<\/p>\n<p>O Programa Mover prev\u00ea R$ 19,3 bilh\u00f5es de cr\u00e9ditos financeiros entre 2024 e 2028, que poder\u00e3o ser usados pelas empresas do setor automotivo para abater impostos federais em contrapartida a investimentos em pesquisa e desenvolvimento (P&amp;D) e projetos de produ\u00e7\u00e3o.<\/p>\n<p>&nbsp;<\/p>\n<p>O projeto tamb\u00e9m destaca um investimento de R$ 3,5 bilh\u00f5es em cr\u00e9ditos financeiros, j\u00e1 neste ano, para que as empresas invistam em descarboniza\u00e7\u00e3o da frota.<\/p>\n<p>&nbsp;<\/p>\n<p>O programa tamb\u00e9m prev\u00ea a cria\u00e7\u00e3o do Fundo Nacional para Desenvolvimento Industrial e Tecnol\u00f3gico (FNDIT), com recursos voltados a este mercado.<\/p>\n<p>&nbsp;<\/p>\n<p>Por ter sido criado por medida provis\u00f3ria, o Mover teve validade at\u00e9 31 de maio \u2013 a data de vig\u00eancia m\u00e1xima da MP. De l\u00e1 para c\u00e1, no entanto, o programa est\u00e1 suspenso at\u00e9 que haja a san\u00e7\u00e3o do projeto de lei pelo governo. Segundo o Minist\u00e9rio do Desenvolvimento, Ind\u00fastria, Com\u00e9rcio e Servi\u00e7os (MDIC), atos editados durante a validade da MP n\u00e3o foram anulados. (CNN Brasil\/Isabel Megada)<\/p>\n","protected":false},"excerpt":{"rendered":"<p>CNN Brasil &nbsp; O Pal\u00e1cio do Planalto decidiu adiantar a san\u00e7\u00e3o do projeto de lei do Mover (programa de incentivos \u00e0 ind\u00fastria automotiva) para esta quinta-feira (27). O texto tamb\u00e9m traz a taxa\u00e7\u00e3o das compras internacionais de at\u00e9 U$$ 50 (cerca de R$ 250). &nbsp; O presidente Luiz In\u00e1cio Lula da Silva (PT) vai assinar\u2026 <a class=\"readmore\" href=\"https:\/\/dana.com.br\/canaldana\/2024\/06\/27\/lula-vai-sancionar-pl-do-mover-e-taxacao-de-blusinhas-em-reuniao-do-conselhao\/\">Leia mais \u00bb<\/a><\/p>\n","protected":false},"author":3,"featured_media":0,"comment_status":"closed","ping_status":"closed","sticky":false,"template":"","format":"standard","meta":{"_acf_changed":false,"footnotes":""},"categories":[79],"tags":[],"class_list":["post-74493","post","type-post","status-publish","format-standard","hentry","category-mercado"],"acf":[],"yoast_head":"<!-- This site is optimized with the Yoast SEO plugin v27.3 - https:\/\/yoast.com\/product\/yoast-seo-wordpress\/ -->\n<title>Lula vai sancionar PL do Mover e taxa\u00e7\u00e3o de blusinhas em reuni\u00e3o do Conselh\u00e3o - Canal Dana<\/title>\n<meta name=\"robots\" content=\"index, follow, max-snippet:-1, max-image-preview:large, max-video-preview:-1\" \/>\n<link rel=\"canonical\" href=\"https:\/\/dana.com.br\/canaldana\/2024\/06\/27\/lula-vai-sancionar-pl-do-mover-e-taxacao-de-blusinhas-em-reuniao-do-conselhao\/\" \/>\n<meta property=\"og:locale\" content=\"pt_BR\" \/>\n<meta property=\"og:type\" content=\"article\" \/>\n<meta property=\"og:title\" content=\"Lula vai sancionar PL do Mover e taxa\u00e7\u00e3o de blusinhas em reuni\u00e3o do Conselh\u00e3o - Canal Dana\" \/>\n<meta property=\"og:description\" content=\"CNN Brasil &nbsp; O Pal\u00e1cio do Planalto decidiu adiantar a san\u00e7\u00e3o do projeto de lei do Mover (programa de incentivos \u00e0 ind\u00fastria automotiva) para esta quinta-feira (27). O texto tamb\u00e9m traz a taxa\u00e7\u00e3o das compras internacionais de at\u00e9 U$$ 50 (cerca de R$ 250). &nbsp; O presidente Luiz In\u00e1cio Lula da Silva (PT) vai assinar\u2026 Leia mais \u00bb\" \/>\n<meta property=\"og:url\" content=\"https:\/\/dana.com.br\/canaldana\/2024\/06\/27\/lula-vai-sancionar-pl-do-mover-e-taxacao-de-blusinhas-em-reuniao-do-conselhao\/\" \/>\n<meta property=\"og:site_name\" content=\"Canal Dana\" \/>\n<meta property=\"article:published_time\" content=\"2024-06-27T11:45:59+00:00\" \/>\n<meta name=\"author\" content=\"Canal Dana\" \/>\n<meta name=\"twitter:card\" content=\"summary_large_image\" \/>\n<meta name=\"twitter:label1\" content=\"Escrito por\" \/>\n\t<meta name=\"twitter:data1\" content=\"Canal Dana\" \/>\n\t<meta name=\"twitter:label2\" content=\"Est. tempo de leitura\" \/>\n\t<meta name=\"twitter:data2\" content=\"3 minutos\" \/>\n<script type=\"application\/ld+json\" class=\"yoast-schema-graph\">{\"@context\":\"https:\\\/\\\/schema.org\",\"@graph\":[{\"@type\":\"Article\",\"@id\":\"https:\\\/\\\/dana.com.br\\\/canaldana\\\/2024\\\/06\\\/27\\\/lula-vai-sancionar-pl-do-mover-e-taxacao-de-blusinhas-em-reuniao-do-conselhao\\\/#article\",\"isPartOf\":{\"@id\":\"https:\\\/\\\/dana.com.br\\\/canaldana\\\/2024\\\/06\\\/27\\\/lula-vai-sancionar-pl-do-mover-e-taxacao-de-blusinhas-em-reuniao-do-conselhao\\\/\"},\"author\":{\"name\":\"Canal Dana\",\"@id\":\"https:\\\/\\\/dana.com.br\\\/canaldana\\\/#\\\/schema\\\/person\\\/3c21f22f56fcf3bc46b94bc60ea4fef6\"},\"headline\":\"Lula vai sancionar PL do Mover e taxa\u00e7\u00e3o de blusinhas em reuni\u00e3o do Conselh\u00e3o\",\"datePublished\":\"2024-06-27T11:45:59+00:00\",\"mainEntityOfPage\":{\"@id\":\"https:\\\/\\\/dana.com.br\\\/canaldana\\\/2024\\\/06\\\/27\\\/lula-vai-sancionar-pl-do-mover-e-taxacao-de-blusinhas-em-reuniao-do-conselhao\\\/\"},\"wordCount\":527,\"articleSection\":[\"Mercado\"],\"inLanguage\":\"pt-BR\"},{\"@type\":\"WebPage\",\"@id\":\"https:\\\/\\\/dana.com.br\\\/canaldana\\\/2024\\\/06\\\/27\\\/lula-vai-sancionar-pl-do-mover-e-taxacao-de-blusinhas-em-reuniao-do-conselhao\\\/\",\"url\":\"https:\\\/\\\/dana.com.br\\\/canaldana\\\/2024\\\/06\\\/27\\\/lula-vai-sancionar-pl-do-mover-e-taxacao-de-blusinhas-em-reuniao-do-conselhao\\\/\",\"name\":\"Lula vai sancionar PL do Mover e taxa\u00e7\u00e3o de blusinhas em reuni\u00e3o do Conselh\u00e3o - Canal Dana\",\"isPartOf\":{\"@id\":\"https:\\\/\\\/dana.com.br\\\/canaldana\\\/#website\"},\"datePublished\":\"2024-06-27T11:45:59+00:00\",\"author\":{\"@id\":\"https:\\\/\\\/dana.com.br\\\/canaldana\\\/#\\\/schema\\\/person\\\/3c21f22f56fcf3bc46b94bc60ea4fef6\"},\"breadcrumb\":{\"@id\":\"https:\\\/\\\/dana.com.br\\\/canaldana\\\/2024\\\/06\\\/27\\\/lula-vai-sancionar-pl-do-mover-e-taxacao-de-blusinhas-em-reuniao-do-conselhao\\\/#breadcrumb\"},\"inLanguage\":\"pt-BR\",\"potentialAction\":[{\"@type\":\"ReadAction\",\"target\":[\"https:\\\/\\\/dana.com.br\\\/canaldana\\\/2024\\\/06\\\/27\\\/lula-vai-sancionar-pl-do-mover-e-taxacao-de-blusinhas-em-reuniao-do-conselhao\\\/\"]}]},{\"@type\":\"BreadcrumbList\",\"@id\":\"https:\\\/\\\/dana.com.br\\\/canaldana\\\/2024\\\/06\\\/27\\\/lula-vai-sancionar-pl-do-mover-e-taxacao-de-blusinhas-em-reuniao-do-conselhao\\\/#breadcrumb\",\"itemListElement\":[{\"@type\":\"ListItem\",\"position\":1,\"name\":\"Home\",\"item\":\"https:\\\/\\\/dana.com.br\\\/canaldana\\\/\"},{\"@type\":\"ListItem\",\"position\":2,\"name\":\"Mercado\",\"item\":\"https:\\\/\\\/dana.com.br\\\/canaldana\\\/mercado\\\/\"},{\"@type\":\"ListItem\",\"position\":3,\"name\":\"Lula vai sancionar PL do Mover e taxa\u00e7\u00e3o de blusinhas em reuni\u00e3o do Conselh\u00e3o\"}]},{\"@type\":\"WebSite\",\"@id\":\"https:\\\/\\\/dana.com.br\\\/canaldana\\\/#website\",\"url\":\"https:\\\/\\\/dana.com.br\\\/canaldana\\\/\",\"name\":\"Canal Dana\",\"description\":\"Informativo com as principais not\u00edcias da ind\u00fastria automotiva\",\"potentialAction\":[{\"@type\":\"SearchAction\",\"target\":{\"@type\":\"EntryPoint\",\"urlTemplate\":\"https:\\\/\\\/dana.com.br\\\/canaldana\\\/?s={search_term_string}\"},\"query-input\":{\"@type\":\"PropertyValueSpecification\",\"valueRequired\":true,\"valueName\":\"search_term_string\"}}],\"inLanguage\":\"pt-BR\"},{\"@type\":\"Person\",\"@id\":\"https:\\\/\\\/dana.com.br\\\/canaldana\\\/#\\\/schema\\\/person\\\/3c21f22f56fcf3bc46b94bc60ea4fef6\",\"name\":\"Canal Dana\",\"image\":{\"@type\":\"ImageObject\",\"inLanguage\":\"pt-BR\",\"@id\":\"https:\\\/\\\/secure.gravatar.com\\\/avatar\\\/420aaf9278582877d9018637c6817617705899d2858d7572ef0fe59a6b6454b4?s=96&d=mm&r=g\",\"url\":\"https:\\\/\\\/secure.gravatar.com\\\/avatar\\\/420aaf9278582877d9018637c6817617705899d2858d7572ef0fe59a6b6454b4?s=96&d=mm&r=g\",\"contentUrl\":\"https:\\\/\\\/secure.gravatar.com\\\/avatar\\\/420aaf9278582877d9018637c6817617705899d2858d7572ef0fe59a6b6454b4?s=96&d=mm&r=g\",\"caption\":\"Canal Dana\"},\"url\":\"https:\\\/\\\/dana.com.br\\\/canaldana\\\/author\\\/cdeditor\\\/\"}]}<\/script>\n<!-- \/ Yoast SEO plugin. -->","yoast_head_json":{"title":"Lula vai sancionar PL do Mover e taxa\u00e7\u00e3o de blusinhas em reuni\u00e3o do Conselh\u00e3o - Canal Dana","robots":{"index":"index","follow":"follow","max-snippet":"max-snippet:-1","max-image-preview":"max-image-preview:large","max-video-preview":"max-video-preview:-1"},"canonical":"https:\/\/dana.com.br\/canaldana\/2024\/06\/27\/lula-vai-sancionar-pl-do-mover-e-taxacao-de-blusinhas-em-reuniao-do-conselhao\/","og_locale":"pt_BR","og_type":"article","og_title":"Lula vai sancionar PL do Mover e taxa\u00e7\u00e3o de blusinhas em reuni\u00e3o do Conselh\u00e3o - Canal Dana","og_description":"CNN Brasil &nbsp; O Pal\u00e1cio do Planalto decidiu adiantar a san\u00e7\u00e3o do projeto de lei do Mover (programa de incentivos \u00e0 ind\u00fastria automotiva) para esta quinta-feira (27). O texto tamb\u00e9m traz a taxa\u00e7\u00e3o das compras internacionais de at\u00e9 U$$ 50 (cerca de R$ 250). &nbsp; O presidente Luiz In\u00e1cio Lula da Silva (PT) vai assinar\u2026 Leia mais \u00bb","og_url":"https:\/\/dana.com.br\/canaldana\/2024\/06\/27\/lula-vai-sancionar-pl-do-mover-e-taxacao-de-blusinhas-em-reuniao-do-conselhao\/","og_site_name":"Canal Dana","article_published_time":"2024-06-27T11:45:59+00:00","author":"Canal Dana","twitter_card":"summary_large_image","twitter_misc":{"Escrito por":"Canal Dana","Est. tempo de leitura":"3 minutos"},"schema":{"@context":"https:\/\/schema.org","@graph":[{"@type":"Article","@id":"https:\/\/dana.com.br\/canaldana\/2024\/06\/27\/lula-vai-sancionar-pl-do-mover-e-taxacao-de-blusinhas-em-reuniao-do-conselhao\/#article","isPartOf":{"@id":"https:\/\/dana.com.br\/canaldana\/2024\/06\/27\/lula-vai-sancionar-pl-do-mover-e-taxacao-de-blusinhas-em-reuniao-do-conselhao\/"},"author":{"name":"Canal Dana","@id":"https:\/\/dana.com.br\/canaldana\/#\/schema\/person\/3c21f22f56fcf3bc46b94bc60ea4fef6"},"headline":"Lula vai sancionar PL do Mover e taxa\u00e7\u00e3o de blusinhas em reuni\u00e3o do Conselh\u00e3o","datePublished":"2024-06-27T11:45:59+00:00","mainEntityOfPage":{"@id":"https:\/\/dana.com.br\/canaldana\/2024\/06\/27\/lula-vai-sancionar-pl-do-mover-e-taxacao-de-blusinhas-em-reuniao-do-conselhao\/"},"wordCount":527,"articleSection":["Mercado"],"inLanguage":"pt-BR"},{"@type":"WebPage","@id":"https:\/\/dana.com.br\/canaldana\/2024\/06\/27\/lula-vai-sancionar-pl-do-mover-e-taxacao-de-blusinhas-em-reuniao-do-conselhao\/","url":"https:\/\/dana.com.br\/canaldana\/2024\/06\/27\/lula-vai-sancionar-pl-do-mover-e-taxacao-de-blusinhas-em-reuniao-do-conselhao\/","name":"Lula vai sancionar PL do Mover e taxa\u00e7\u00e3o de blusinhas em reuni\u00e3o do Conselh\u00e3o - Canal Dana","isPartOf":{"@id":"https:\/\/dana.com.br\/canaldana\/#website"},"datePublished":"2024-06-27T11:45:59+00:00","author":{"@id":"https:\/\/dana.com.br\/canaldana\/#\/schema\/person\/3c21f22f56fcf3bc46b94bc60ea4fef6"},"breadcrumb":{"@id":"https:\/\/dana.com.br\/canaldana\/2024\/06\/27\/lula-vai-sancionar-pl-do-mover-e-taxacao-de-blusinhas-em-reuniao-do-conselhao\/#breadcrumb"},"inLanguage":"pt-BR","potentialAction":[{"@type":"ReadAction","target":["https:\/\/dana.com.br\/canaldana\/2024\/06\/27\/lula-vai-sancionar-pl-do-mover-e-taxacao-de-blusinhas-em-reuniao-do-conselhao\/"]}]},{"@type":"BreadcrumbList","@id":"https:\/\/dana.com.br\/canaldana\/2024\/06\/27\/lula-vai-sancionar-pl-do-mover-e-taxacao-de-blusinhas-em-reuniao-do-conselhao\/#breadcrumb","itemListElement":[{"@type":"ListItem","position":1,"name":"Home","item":"https:\/\/dana.com.br\/canaldana\/"},{"@type":"ListItem","position":2,"name":"Mercado","item":"https:\/\/dana.com.br\/canaldana\/mercado\/"},{"@type":"ListItem","position":3,"name":"Lula vai sancionar PL do Mover e taxa\u00e7\u00e3o de blusinhas em reuni\u00e3o do Conselh\u00e3o"}]},{"@type":"WebSite","@id":"https:\/\/dana.com.br\/canaldana\/#website","url":"https:\/\/dana.com.br\/canaldana\/","name":"Canal Dana","description":"Informativo com as principais not\u00edcias da ind\u00fastria automotiva","potentialAction":[{"@type":"SearchAction","target":{"@type":"EntryPoint","urlTemplate":"https:\/\/dana.com.br\/canaldana\/?s={search_term_string}"},"query-input":{"@type":"PropertyValueSpecification","valueRequired":true,"valueName":"search_term_string"}}],"inLanguage":"pt-BR"},{"@type":"Person","@id":"https:\/\/dana.com.br\/canaldana\/#\/schema\/person\/3c21f22f56fcf3bc46b94bc60ea4fef6","name":"Canal Dana","image":{"@type":"ImageObject","inLanguage":"pt-BR","@id":"https:\/\/secure.gravatar.com\/avatar\/420aaf9278582877d9018637c6817617705899d2858d7572ef0fe59a6b6454b4?s=96&d=mm&r=g","url":"https:\/\/secure.gravatar.com\/avatar\/420aaf9278582877d9018637c6817617705899d2858d7572ef0fe59a6b6454b4?s=96&d=mm&r=g","contentUrl":"https:\/\/secure.gravatar.com\/avatar\/420aaf9278582877d9018637c6817617705899d2858d7572ef0fe59a6b6454b4?s=96&d=mm&r=g","caption":"Canal Dana"},"url":"https:\/\/dana.com.br\/canaldana\/author\/cdeditor\/"}]}},"_links":{"self":[{"href":"https:\/\/dana.com.br\/canaldana\/wp-json\/wp\/v2\/posts\/74493","targetHints":{"allow":["GET"]}}],"collection":[{"href":"https:\/\/dana.com.br\/canaldana\/wp-json\/wp\/v2\/posts"}],"about":[{"href":"https:\/\/dana.com.br\/canaldana\/wp-json\/wp\/v2\/types\/post"}],"author":[{"embeddable":true,"href":"https:\/\/dana.com.br\/canaldana\/wp-json\/wp\/v2\/users\/3"}],"replies":[{"embeddable":true,"href":"https:\/\/dana.com.br\/canaldana\/wp-json\/wp\/v2\/comments?post=74493"}],"version-history":[{"count":1,"href":"https:\/\/dana.com.br\/canaldana\/wp-json\/wp\/v2\/posts\/74493\/revisions"}],"predecessor-version":[{"id":74494,"href":"https:\/\/dana.com.br\/canaldana\/wp-json\/wp\/v2\/posts\/74493\/revisions\/74494"}],"wp:attachment":[{"href":"https:\/\/dana.com.br\/canaldana\/wp-json\/wp\/v2\/media?parent=74493"}],"wp:term":[{"taxonomy":"category","embeddable":true,"href":"https:\/\/dana.com.br\/canaldana\/wp-json\/wp\/v2\/categories?post=74493"},{"taxonomy":"post_tag","embeddable":true,"href":"https:\/\/dana.com.br\/canaldana\/wp-json\/wp\/v2\/tags?post=74493"}],"curies":[{"name":"wp","href":"https:\/\/api.w.org\/{rel}","templated":true}]}}