{"id":73960,"date":"2024-06-05T08:29:44","date_gmt":"2024-06-05T11:29:44","guid":{"rendered":"https:\/\/dana.com.br\/canaldana\/?p=73960"},"modified":"2024-06-05T08:29:44","modified_gmt":"2024-06-05T11:29:44","slug":"empresarios-cobram-definicao-sobre-mercado-de-credito-de-carbono","status":"publish","type":"post","link":"https:\/\/dana.com.br\/canaldana\/2024\/06\/05\/empresarios-cobram-definicao-sobre-mercado-de-credito-de-carbono\/","title":{"rendered":"Empres\u00e1rios cobram defini\u00e7\u00e3o sobre mercado de cr\u00e9dito de carbono"},"content":{"rendered":"<p><em>O Estado de S. Paulo <\/em><\/p>\n<p>&nbsp;<\/p>\n<p>Diante da demora do Congresso para retomar a discuss\u00e3o em torno do projeto de lei que regula o mercado de cr\u00e9dito de carbono no Brasil, l\u00edderes do setor corporativo associados ao Conselho Empresarial Brasileiro para o Desenvolvimento Sustent\u00e1vel (Cebds) est\u00e3o se movimentando para pedir celeridade na tramita\u00e7\u00e3o do texto.<\/p>\n<p>&nbsp;<\/p>\n<p>O projeto foi aprovado no Senado no ano passado, mas sofreu altera\u00e7\u00f5es na C\u00e2mara dos Deputados em dezembro e, agora, precisa ser novamente debatido pelos senadores e retornar \u00e0 C\u00e2mara. Entre as empresas, h\u00e1 a preocupa\u00e7\u00e3o de que, se o texto n\u00e3o for pautado at\u00e9 o fim de junho, a aprova\u00e7\u00e3o ficar\u00e1 para 2025. \u201cTemos uma janela de oportunidade para que o PL seja votado antes do recesso parlamentar. Depois disso, ser\u00e1 muito dif\u00edcil, porque teremos elei\u00e7\u00f5es\u201d, diz a diretora de clima do Cebds, Viviane Romeiro.<\/p>\n<p>&nbsp;<\/p>\n<p>Nesta semana, uma carta assinada por 50 empresas \u2013 como Ita\u00fa, Natura, Arezzo, Bradesco, Santander e Unilever, entre outras \u2013 deve ser entregue \u00e0s lideran\u00e7as do Senado. O documento tamb\u00e9m pede a simplifica\u00e7\u00e3o do PL.<\/p>\n<p>&nbsp;<\/p>\n<p>De acordo com o texto em tramita\u00e7\u00e3o no Congresso, o Brasil ter\u00e1 um sistema de com\u00e9rcio de carbono semelhante ao da Uni\u00e3o Europeia, que se baseia no mecanismo de \u201ccap and trade\u201d (limite e com\u00e9rcio, em ingl\u00eas), pelo qual s\u00e3o estabelecidas cotas de emiss\u00f5es para os entes regulados (empresas, por exemplo). Uma empresa que emitir menos toneladas de CO2 que sua cota pode vender a diferen\u00e7a a outra que excedeu seu limite.<\/p>\n<p>&nbsp;<\/p>\n<p>O projeto, contudo, est\u00e1 travado em meio a uma disputa entre deputados e senadores. O texto que havia sido aprovado pelo Senado estava alinhado \u00e0s expectativas do setor empresarial. Na C\u00e2mara, por\u00e9m, recebeu altera\u00e7\u00f5es que provocaram cr\u00edticas das empresas. Segundo Viviane, esse texto traz regras que podem tornar o mercado de carbono moroso.<\/p>\n<p>&nbsp;<\/p>\n<p><strong>Mercado engessado <\/strong><\/p>\n<p>&nbsp;<\/p>\n<p>\u201cA preocupa\u00e7\u00e3o \u00e9 criar burocracias adicionais que inviabilizem o mercado economicamente. O projeto deve apresentar diretrizes gerais para garantir seguran\u00e7a jur\u00eddica. A regulamenta\u00e7\u00e3o posterior e os decretos trariam os detalhamentos. Mas, hoje, isso est\u00e1 ao contr\u00e1rio. O PL traz detalhamentos e engessa o mercado\u201d, diz Viviane.<\/p>\n<p>&nbsp;<\/p>\n<p>Uma das normas criticadas pelas empresas \u00e9 a de que cr\u00e9ditos negociados no mercado volunt\u00e1rio e exportados para outro pa\u00eds teriam de ser registrados pelo sistema brasileiro, que vai organizar o mercado regulado, sempre que o pa\u00eds comprador quiser usar o cr\u00e9dito para reduzir as emiss\u00f5es com as quais se comprometeu no Acordo de Paris. O sistema local ser\u00e1 administrado pelo governo federal.<\/p>\n<p>&nbsp;<\/p>\n<p>Se, por um lado, membros da sociedade civil veem nessa regra uma forma de aumentar a transpar\u00eancia e a seguran\u00e7a do mercado, de outro as empresas creem que trar\u00e1 burocracia e morosidade. As companhias associadas ao Cebds n\u00e3o chegaram a um consenso sobre qual seria a melhor sa\u00edda, mas querem debater o tema com o governo e os parlamentares em busca de um meio-termo.<\/p>\n<p>&nbsp;<\/p>\n<p>Outro ponto do projeto questionado \u00e9 o que estabelece que, em projetos de carbono desenvolvidos em territ\u00f3rios de comunidades tradicionais, entre 20% e 80% da receita fique com essas popula\u00e7\u00f5es. O Cebds \u00e9 contra essas taxas. \u201cAchamos que tem de haver um resguardo a essas comunidades, mas que seja discutido em consulta com elas. Em alguns casos, esse porcentual pode inviabilizar o projeto. Em outros, daria para ter uma margem maior. \u00c9 preciso ver caso a caso e, a\u00ed, se cria uma jurisprud\u00eancia na \u00e1rea\u201d, pondera Viviane. (O Estado de S. Paulo\/Luciana Dyniewicz)<\/p>\n","protected":false},"excerpt":{"rendered":"<p>O Estado de S. Paulo &nbsp; Diante da demora do Congresso para retomar a discuss\u00e3o em torno do projeto de lei que regula o mercado de cr\u00e9dito de carbono no Brasil, l\u00edderes do setor corporativo associados ao Conselho Empresarial Brasileiro para o Desenvolvimento Sustent\u00e1vel (Cebds) est\u00e3o se movimentando para pedir celeridade na tramita\u00e7\u00e3o do texto.\u2026 <a class=\"readmore\" href=\"https:\/\/dana.com.br\/canaldana\/2024\/06\/05\/empresarios-cobram-definicao-sobre-mercado-de-credito-de-carbono\/\">Leia mais \u00bb<\/a><\/p>\n","protected":false},"author":3,"featured_media":0,"comment_status":"closed","ping_status":"closed","sticky":false,"template":"","format":"standard","meta":{"_acf_changed":false,"footnotes":""},"categories":[63],"tags":[],"class_list":["post-73960","post","type-post","status-publish","format-standard","hentry","category-meio-ambiente"],"acf":[],"yoast_head":"<!-- This site is optimized with the Yoast SEO plugin v27.3 - https:\/\/yoast.com\/product\/yoast-seo-wordpress\/ -->\n<title>Empres\u00e1rios cobram defini\u00e7\u00e3o sobre mercado de cr\u00e9dito de carbono - Canal Dana<\/title>\n<meta name=\"robots\" content=\"index, follow, max-snippet:-1, max-image-preview:large, max-video-preview:-1\" \/>\n<link rel=\"canonical\" href=\"https:\/\/dana.com.br\/canaldana\/2024\/06\/05\/empresarios-cobram-definicao-sobre-mercado-de-credito-de-carbono\/\" \/>\n<meta property=\"og:locale\" content=\"pt_BR\" \/>\n<meta property=\"og:type\" content=\"article\" \/>\n<meta property=\"og:title\" content=\"Empres\u00e1rios cobram defini\u00e7\u00e3o sobre mercado de cr\u00e9dito de carbono - Canal Dana\" \/>\n<meta property=\"og:description\" content=\"O Estado de S. Paulo &nbsp; Diante da demora do Congresso para retomar a discuss\u00e3o em torno do projeto de lei que regula o mercado de cr\u00e9dito de carbono no Brasil, l\u00edderes do setor corporativo associados ao Conselho Empresarial Brasileiro para o Desenvolvimento Sustent\u00e1vel (Cebds) est\u00e3o se movimentando para pedir celeridade na tramita\u00e7\u00e3o do texto.\u2026 Leia mais \u00bb\" \/>\n<meta property=\"og:url\" content=\"https:\/\/dana.com.br\/canaldana\/2024\/06\/05\/empresarios-cobram-definicao-sobre-mercado-de-credito-de-carbono\/\" \/>\n<meta property=\"og:site_name\" content=\"Canal Dana\" \/>\n<meta property=\"article:published_time\" content=\"2024-06-05T11:29:44+00:00\" \/>\n<meta name=\"author\" content=\"Canal Dana\" \/>\n<meta name=\"twitter:card\" content=\"summary_large_image\" \/>\n<meta name=\"twitter:label1\" content=\"Escrito por\" \/>\n\t<meta name=\"twitter:data1\" content=\"Canal Dana\" \/>\n\t<meta name=\"twitter:label2\" content=\"Est. tempo de leitura\" \/>\n\t<meta name=\"twitter:data2\" content=\"4 minutos\" \/>\n<script type=\"application\/ld+json\" class=\"yoast-schema-graph\">{\"@context\":\"https:\\\/\\\/schema.org\",\"@graph\":[{\"@type\":\"Article\",\"@id\":\"https:\\\/\\\/dana.com.br\\\/canaldana\\\/2024\\\/06\\\/05\\\/empresarios-cobram-definicao-sobre-mercado-de-credito-de-carbono\\\/#article\",\"isPartOf\":{\"@id\":\"https:\\\/\\\/dana.com.br\\\/canaldana\\\/2024\\\/06\\\/05\\\/empresarios-cobram-definicao-sobre-mercado-de-credito-de-carbono\\\/\"},\"author\":{\"name\":\"Canal Dana\",\"@id\":\"https:\\\/\\\/dana.com.br\\\/canaldana\\\/#\\\/schema\\\/person\\\/3c21f22f56fcf3bc46b94bc60ea4fef6\"},\"headline\":\"Empres\u00e1rios cobram defini\u00e7\u00e3o sobre mercado de cr\u00e9dito de carbono\",\"datePublished\":\"2024-06-05T11:29:44+00:00\",\"mainEntityOfPage\":{\"@id\":\"https:\\\/\\\/dana.com.br\\\/canaldana\\\/2024\\\/06\\\/05\\\/empresarios-cobram-definicao-sobre-mercado-de-credito-de-carbono\\\/\"},\"wordCount\":626,\"articleSection\":[\"Meio Ambiente\"],\"inLanguage\":\"pt-BR\"},{\"@type\":\"WebPage\",\"@id\":\"https:\\\/\\\/dana.com.br\\\/canaldana\\\/2024\\\/06\\\/05\\\/empresarios-cobram-definicao-sobre-mercado-de-credito-de-carbono\\\/\",\"url\":\"https:\\\/\\\/dana.com.br\\\/canaldana\\\/2024\\\/06\\\/05\\\/empresarios-cobram-definicao-sobre-mercado-de-credito-de-carbono\\\/\",\"name\":\"Empres\u00e1rios cobram defini\u00e7\u00e3o sobre mercado de cr\u00e9dito de carbono - Canal Dana\",\"isPartOf\":{\"@id\":\"https:\\\/\\\/dana.com.br\\\/canaldana\\\/#website\"},\"datePublished\":\"2024-06-05T11:29:44+00:00\",\"author\":{\"@id\":\"https:\\\/\\\/dana.com.br\\\/canaldana\\\/#\\\/schema\\\/person\\\/3c21f22f56fcf3bc46b94bc60ea4fef6\"},\"breadcrumb\":{\"@id\":\"https:\\\/\\\/dana.com.br\\\/canaldana\\\/2024\\\/06\\\/05\\\/empresarios-cobram-definicao-sobre-mercado-de-credito-de-carbono\\\/#breadcrumb\"},\"inLanguage\":\"pt-BR\",\"potentialAction\":[{\"@type\":\"ReadAction\",\"target\":[\"https:\\\/\\\/dana.com.br\\\/canaldana\\\/2024\\\/06\\\/05\\\/empresarios-cobram-definicao-sobre-mercado-de-credito-de-carbono\\\/\"]}]},{\"@type\":\"BreadcrumbList\",\"@id\":\"https:\\\/\\\/dana.com.br\\\/canaldana\\\/2024\\\/06\\\/05\\\/empresarios-cobram-definicao-sobre-mercado-de-credito-de-carbono\\\/#breadcrumb\",\"itemListElement\":[{\"@type\":\"ListItem\",\"position\":1,\"name\":\"Home\",\"item\":\"https:\\\/\\\/dana.com.br\\\/canaldana\\\/\"},{\"@type\":\"ListItem\",\"position\":2,\"name\":\"Meio Ambiente\",\"item\":\"https:\\\/\\\/dana.com.br\\\/canaldana\\\/meio-ambiente\\\/\"},{\"@type\":\"ListItem\",\"position\":3,\"name\":\"Empres\u00e1rios cobram defini\u00e7\u00e3o sobre mercado de cr\u00e9dito de carbono\"}]},{\"@type\":\"WebSite\",\"@id\":\"https:\\\/\\\/dana.com.br\\\/canaldana\\\/#website\",\"url\":\"https:\\\/\\\/dana.com.br\\\/canaldana\\\/\",\"name\":\"Canal Dana\",\"description\":\"Informativo com as principais not\u00edcias da ind\u00fastria automotiva\",\"potentialAction\":[{\"@type\":\"SearchAction\",\"target\":{\"@type\":\"EntryPoint\",\"urlTemplate\":\"https:\\\/\\\/dana.com.br\\\/canaldana\\\/?s={search_term_string}\"},\"query-input\":{\"@type\":\"PropertyValueSpecification\",\"valueRequired\":true,\"valueName\":\"search_term_string\"}}],\"inLanguage\":\"pt-BR\"},{\"@type\":\"Person\",\"@id\":\"https:\\\/\\\/dana.com.br\\\/canaldana\\\/#\\\/schema\\\/person\\\/3c21f22f56fcf3bc46b94bc60ea4fef6\",\"name\":\"Canal Dana\",\"image\":{\"@type\":\"ImageObject\",\"inLanguage\":\"pt-BR\",\"@id\":\"https:\\\/\\\/secure.gravatar.com\\\/avatar\\\/420aaf9278582877d9018637c6817617705899d2858d7572ef0fe59a6b6454b4?s=96&d=mm&r=g\",\"url\":\"https:\\\/\\\/secure.gravatar.com\\\/avatar\\\/420aaf9278582877d9018637c6817617705899d2858d7572ef0fe59a6b6454b4?s=96&d=mm&r=g\",\"contentUrl\":\"https:\\\/\\\/secure.gravatar.com\\\/avatar\\\/420aaf9278582877d9018637c6817617705899d2858d7572ef0fe59a6b6454b4?s=96&d=mm&r=g\",\"caption\":\"Canal Dana\"},\"url\":\"https:\\\/\\\/dana.com.br\\\/canaldana\\\/author\\\/cdeditor\\\/\"}]}<\/script>\n<!-- \/ Yoast SEO plugin. -->","yoast_head_json":{"title":"Empres\u00e1rios cobram defini\u00e7\u00e3o sobre mercado de cr\u00e9dito de carbono - Canal Dana","robots":{"index":"index","follow":"follow","max-snippet":"max-snippet:-1","max-image-preview":"max-image-preview:large","max-video-preview":"max-video-preview:-1"},"canonical":"https:\/\/dana.com.br\/canaldana\/2024\/06\/05\/empresarios-cobram-definicao-sobre-mercado-de-credito-de-carbono\/","og_locale":"pt_BR","og_type":"article","og_title":"Empres\u00e1rios cobram defini\u00e7\u00e3o sobre mercado de cr\u00e9dito de carbono - Canal Dana","og_description":"O Estado de S. Paulo &nbsp; Diante da demora do Congresso para retomar a discuss\u00e3o em torno do projeto de lei que regula o mercado de cr\u00e9dito de carbono no Brasil, l\u00edderes do setor corporativo associados ao Conselho Empresarial Brasileiro para o Desenvolvimento Sustent\u00e1vel (Cebds) est\u00e3o se movimentando para pedir celeridade na tramita\u00e7\u00e3o do texto.\u2026 Leia mais \u00bb","og_url":"https:\/\/dana.com.br\/canaldana\/2024\/06\/05\/empresarios-cobram-definicao-sobre-mercado-de-credito-de-carbono\/","og_site_name":"Canal Dana","article_published_time":"2024-06-05T11:29:44+00:00","author":"Canal Dana","twitter_card":"summary_large_image","twitter_misc":{"Escrito por":"Canal Dana","Est. tempo de leitura":"4 minutos"},"schema":{"@context":"https:\/\/schema.org","@graph":[{"@type":"Article","@id":"https:\/\/dana.com.br\/canaldana\/2024\/06\/05\/empresarios-cobram-definicao-sobre-mercado-de-credito-de-carbono\/#article","isPartOf":{"@id":"https:\/\/dana.com.br\/canaldana\/2024\/06\/05\/empresarios-cobram-definicao-sobre-mercado-de-credito-de-carbono\/"},"author":{"name":"Canal Dana","@id":"https:\/\/dana.com.br\/canaldana\/#\/schema\/person\/3c21f22f56fcf3bc46b94bc60ea4fef6"},"headline":"Empres\u00e1rios cobram defini\u00e7\u00e3o sobre mercado de cr\u00e9dito de carbono","datePublished":"2024-06-05T11:29:44+00:00","mainEntityOfPage":{"@id":"https:\/\/dana.com.br\/canaldana\/2024\/06\/05\/empresarios-cobram-definicao-sobre-mercado-de-credito-de-carbono\/"},"wordCount":626,"articleSection":["Meio Ambiente"],"inLanguage":"pt-BR"},{"@type":"WebPage","@id":"https:\/\/dana.com.br\/canaldana\/2024\/06\/05\/empresarios-cobram-definicao-sobre-mercado-de-credito-de-carbono\/","url":"https:\/\/dana.com.br\/canaldana\/2024\/06\/05\/empresarios-cobram-definicao-sobre-mercado-de-credito-de-carbono\/","name":"Empres\u00e1rios cobram defini\u00e7\u00e3o sobre mercado de cr\u00e9dito de carbono - Canal Dana","isPartOf":{"@id":"https:\/\/dana.com.br\/canaldana\/#website"},"datePublished":"2024-06-05T11:29:44+00:00","author":{"@id":"https:\/\/dana.com.br\/canaldana\/#\/schema\/person\/3c21f22f56fcf3bc46b94bc60ea4fef6"},"breadcrumb":{"@id":"https:\/\/dana.com.br\/canaldana\/2024\/06\/05\/empresarios-cobram-definicao-sobre-mercado-de-credito-de-carbono\/#breadcrumb"},"inLanguage":"pt-BR","potentialAction":[{"@type":"ReadAction","target":["https:\/\/dana.com.br\/canaldana\/2024\/06\/05\/empresarios-cobram-definicao-sobre-mercado-de-credito-de-carbono\/"]}]},{"@type":"BreadcrumbList","@id":"https:\/\/dana.com.br\/canaldana\/2024\/06\/05\/empresarios-cobram-definicao-sobre-mercado-de-credito-de-carbono\/#breadcrumb","itemListElement":[{"@type":"ListItem","position":1,"name":"Home","item":"https:\/\/dana.com.br\/canaldana\/"},{"@type":"ListItem","position":2,"name":"Meio Ambiente","item":"https:\/\/dana.com.br\/canaldana\/meio-ambiente\/"},{"@type":"ListItem","position":3,"name":"Empres\u00e1rios cobram defini\u00e7\u00e3o sobre mercado de cr\u00e9dito de carbono"}]},{"@type":"WebSite","@id":"https:\/\/dana.com.br\/canaldana\/#website","url":"https:\/\/dana.com.br\/canaldana\/","name":"Canal Dana","description":"Informativo com as principais not\u00edcias da ind\u00fastria automotiva","potentialAction":[{"@type":"SearchAction","target":{"@type":"EntryPoint","urlTemplate":"https:\/\/dana.com.br\/canaldana\/?s={search_term_string}"},"query-input":{"@type":"PropertyValueSpecification","valueRequired":true,"valueName":"search_term_string"}}],"inLanguage":"pt-BR"},{"@type":"Person","@id":"https:\/\/dana.com.br\/canaldana\/#\/schema\/person\/3c21f22f56fcf3bc46b94bc60ea4fef6","name":"Canal Dana","image":{"@type":"ImageObject","inLanguage":"pt-BR","@id":"https:\/\/secure.gravatar.com\/avatar\/420aaf9278582877d9018637c6817617705899d2858d7572ef0fe59a6b6454b4?s=96&d=mm&r=g","url":"https:\/\/secure.gravatar.com\/avatar\/420aaf9278582877d9018637c6817617705899d2858d7572ef0fe59a6b6454b4?s=96&d=mm&r=g","contentUrl":"https:\/\/secure.gravatar.com\/avatar\/420aaf9278582877d9018637c6817617705899d2858d7572ef0fe59a6b6454b4?s=96&d=mm&r=g","caption":"Canal Dana"},"url":"https:\/\/dana.com.br\/canaldana\/author\/cdeditor\/"}]}},"_links":{"self":[{"href":"https:\/\/dana.com.br\/canaldana\/wp-json\/wp\/v2\/posts\/73960","targetHints":{"allow":["GET"]}}],"collection":[{"href":"https:\/\/dana.com.br\/canaldana\/wp-json\/wp\/v2\/posts"}],"about":[{"href":"https:\/\/dana.com.br\/canaldana\/wp-json\/wp\/v2\/types\/post"}],"author":[{"embeddable":true,"href":"https:\/\/dana.com.br\/canaldana\/wp-json\/wp\/v2\/users\/3"}],"replies":[{"embeddable":true,"href":"https:\/\/dana.com.br\/canaldana\/wp-json\/wp\/v2\/comments?post=73960"}],"version-history":[{"count":1,"href":"https:\/\/dana.com.br\/canaldana\/wp-json\/wp\/v2\/posts\/73960\/revisions"}],"predecessor-version":[{"id":73961,"href":"https:\/\/dana.com.br\/canaldana\/wp-json\/wp\/v2\/posts\/73960\/revisions\/73961"}],"wp:attachment":[{"href":"https:\/\/dana.com.br\/canaldana\/wp-json\/wp\/v2\/media?parent=73960"}],"wp:term":[{"taxonomy":"category","embeddable":true,"href":"https:\/\/dana.com.br\/canaldana\/wp-json\/wp\/v2\/categories?post=73960"},{"taxonomy":"post_tag","embeddable":true,"href":"https:\/\/dana.com.br\/canaldana\/wp-json\/wp\/v2\/tags?post=73960"}],"curies":[{"name":"wp","href":"https:\/\/api.w.org\/{rel}","templated":true}]}}