{"id":73933,"date":"2024-06-04T08:28:08","date_gmt":"2024-06-04T11:28:08","guid":{"rendered":"https:\/\/dana.com.br\/canaldana\/?p=73933"},"modified":"2024-06-04T08:28:08","modified_gmt":"2024-06-04T11:28:08","slug":"ducati-recebe-caminhoes-man-para-logistica-da-motogp","status":"publish","type":"post","link":"https:\/\/dana.com.br\/canaldana\/2024\/06\/04\/ducati-recebe-caminhoes-man-para-logistica-da-motogp\/","title":{"rendered":"Ducati recebe caminh\u00f5es MAN para log\u00edstica da MotoGP"},"content":{"rendered":"<p><em>Frota &amp; Cia <\/em><\/p>\n<p>&nbsp;<\/p>\n<p>As montadoras Ducati e MAN Truck &amp; Bus, ambas pertencentes ao Grupo Volkswagen, firmaram uma parceria para o fornecimento de quatro caminh\u00f5es do modelo MAN TGX 18.520 para o transporte de toda a estrutura da equipe de automobilismo Ducati Lenovo Team para a disputa das provas europeias do Campeonato Mundial de MotoGP.<\/p>\n<p>&nbsp;<\/p>\n<p>Os quatro MAN TGX 18.520 receberam o mesmo tom de vermelho da marca Ducati na cabine GX, a maior da marca. O modelo \u00e9 equipado com motor diesel de seis cilindros em linha de 12,8 litros com 520 cv a 2.650 Nm. Possui espelhos digitais MAN OptiView, formado por um sistema de c\u00e2meras que substitui os retrovisores tradicionais.<\/p>\n<p>&nbsp;<\/p>\n<p>Os caminh\u00f5es s\u00e3o equipados com bancos pneum\u00e1ticos de couro com apoio lombar e regulagem de ombros, volante multifuncional, painel de instrumentos digital de 12,3 polegadas, MAN EasyControl, cama com regulagem de cabeceira, geladeira, tomadas de 12 e 24 V com portas USB, MAN SmartSelect para gest\u00e3o completa de infoentretenimento e sistema de navega\u00e7\u00e3o integrado, sistema de som MAN e MAN RIO Box, que fornecer\u00e1 a telemetria do ve\u00edculo. (Frota &amp; Cia\/Gustavo Queiroz)<\/p>\n","protected":false},"excerpt":{"rendered":"<p>Frota &amp; Cia &nbsp; As montadoras Ducati e MAN Truck &amp; Bus, ambas pertencentes ao Grupo Volkswagen, firmaram uma parceria para o fornecimento de quatro caminh\u00f5es do modelo MAN TGX 18.520 para o transporte de toda a estrutura da equipe de automobilismo Ducati Lenovo Team para a disputa das provas europeias do Campeonato Mundial de\u2026 <a class=\"readmore\" href=\"https:\/\/dana.com.br\/canaldana\/2024\/06\/04\/ducati-recebe-caminhoes-man-para-logistica-da-motogp\/\">Leia mais \u00bb<\/a><\/p>\n","protected":false},"author":3,"featured_media":0,"comment_status":"closed","ping_status":"closed","sticky":false,"template":"","format":"standard","meta":{"_acf_changed":false,"footnotes":""},"categories":[79],"tags":[],"class_list":["post-73933","post","type-post","status-publish","format-standard","hentry","category-mercado"],"acf":[],"yoast_head":"<!-- This site is optimized with the Yoast SEO plugin v27.3 - https:\/\/yoast.com\/product\/yoast-seo-wordpress\/ -->\n<title>Ducati recebe caminh\u00f5es MAN para log\u00edstica da MotoGP - Canal Dana<\/title>\n<meta name=\"robots\" content=\"index, follow, max-snippet:-1, max-image-preview:large, max-video-preview:-1\" \/>\n<link rel=\"canonical\" href=\"https:\/\/dana.com.br\/canaldana\/2024\/06\/04\/ducati-recebe-caminhoes-man-para-logistica-da-motogp\/\" \/>\n<meta property=\"og:locale\" content=\"pt_BR\" \/>\n<meta property=\"og:type\" content=\"article\" \/>\n<meta property=\"og:title\" content=\"Ducati recebe caminh\u00f5es MAN para log\u00edstica da MotoGP - Canal Dana\" \/>\n<meta property=\"og:description\" content=\"Frota &amp; Cia &nbsp; As montadoras Ducati e MAN Truck &amp; Bus, ambas pertencentes ao Grupo Volkswagen, firmaram uma parceria para o fornecimento de quatro caminh\u00f5es do modelo MAN TGX 18.520 para o transporte de toda a estrutura da equipe de automobilismo Ducati Lenovo Team para a disputa das provas europeias do Campeonato Mundial de\u2026 Leia mais \u00bb\" \/>\n<meta property=\"og:url\" content=\"https:\/\/dana.com.br\/canaldana\/2024\/06\/04\/ducati-recebe-caminhoes-man-para-logistica-da-motogp\/\" \/>\n<meta property=\"og:site_name\" content=\"Canal Dana\" \/>\n<meta property=\"article:published_time\" content=\"2024-06-04T11:28:08+00:00\" \/>\n<meta name=\"author\" content=\"Canal Dana\" \/>\n<meta name=\"twitter:card\" content=\"summary_large_image\" \/>\n<meta name=\"twitter:label1\" content=\"Escrito por\" \/>\n\t<meta name=\"twitter:data1\" content=\"Canal Dana\" \/>\n\t<meta name=\"twitter:label2\" content=\"Est. tempo de leitura\" \/>\n\t<meta name=\"twitter:data2\" content=\"2 minutos\" \/>\n<script type=\"application\/ld+json\" class=\"yoast-schema-graph\">{\"@context\":\"https:\\\/\\\/schema.org\",\"@graph\":[{\"@type\":\"Article\",\"@id\":\"https:\\\/\\\/dana.com.br\\\/canaldana\\\/2024\\\/06\\\/04\\\/ducati-recebe-caminhoes-man-para-logistica-da-motogp\\\/#article\",\"isPartOf\":{\"@id\":\"https:\\\/\\\/dana.com.br\\\/canaldana\\\/2024\\\/06\\\/04\\\/ducati-recebe-caminhoes-man-para-logistica-da-motogp\\\/\"},\"author\":{\"name\":\"Canal Dana\",\"@id\":\"https:\\\/\\\/dana.com.br\\\/canaldana\\\/#\\\/schema\\\/person\\\/3c21f22f56fcf3bc46b94bc60ea4fef6\"},\"headline\":\"Ducati recebe caminh\u00f5es MAN para log\u00edstica da MotoGP\",\"datePublished\":\"2024-06-04T11:28:08+00:00\",\"mainEntityOfPage\":{\"@id\":\"https:\\\/\\\/dana.com.br\\\/canaldana\\\/2024\\\/06\\\/04\\\/ducati-recebe-caminhoes-man-para-logistica-da-motogp\\\/\"},\"wordCount\":198,\"articleSection\":[\"Mercado\"],\"inLanguage\":\"pt-BR\"},{\"@type\":\"WebPage\",\"@id\":\"https:\\\/\\\/dana.com.br\\\/canaldana\\\/2024\\\/06\\\/04\\\/ducati-recebe-caminhoes-man-para-logistica-da-motogp\\\/\",\"url\":\"https:\\\/\\\/dana.com.br\\\/canaldana\\\/2024\\\/06\\\/04\\\/ducati-recebe-caminhoes-man-para-logistica-da-motogp\\\/\",\"name\":\"Ducati recebe caminh\u00f5es MAN para log\u00edstica da MotoGP - Canal Dana\",\"isPartOf\":{\"@id\":\"https:\\\/\\\/dana.com.br\\\/canaldana\\\/#website\"},\"datePublished\":\"2024-06-04T11:28:08+00:00\",\"author\":{\"@id\":\"https:\\\/\\\/dana.com.br\\\/canaldana\\\/#\\\/schema\\\/person\\\/3c21f22f56fcf3bc46b94bc60ea4fef6\"},\"breadcrumb\":{\"@id\":\"https:\\\/\\\/dana.com.br\\\/canaldana\\\/2024\\\/06\\\/04\\\/ducati-recebe-caminhoes-man-para-logistica-da-motogp\\\/#breadcrumb\"},\"inLanguage\":\"pt-BR\",\"potentialAction\":[{\"@type\":\"ReadAction\",\"target\":[\"https:\\\/\\\/dana.com.br\\\/canaldana\\\/2024\\\/06\\\/04\\\/ducati-recebe-caminhoes-man-para-logistica-da-motogp\\\/\"]}]},{\"@type\":\"BreadcrumbList\",\"@id\":\"https:\\\/\\\/dana.com.br\\\/canaldana\\\/2024\\\/06\\\/04\\\/ducati-recebe-caminhoes-man-para-logistica-da-motogp\\\/#breadcrumb\",\"itemListElement\":[{\"@type\":\"ListItem\",\"position\":1,\"name\":\"Home\",\"item\":\"https:\\\/\\\/dana.com.br\\\/canaldana\\\/\"},{\"@type\":\"ListItem\",\"position\":2,\"name\":\"Mercado\",\"item\":\"https:\\\/\\\/dana.com.br\\\/canaldana\\\/mercado\\\/\"},{\"@type\":\"ListItem\",\"position\":3,\"name\":\"Ducati recebe caminh\u00f5es MAN para log\u00edstica da MotoGP\"}]},{\"@type\":\"WebSite\",\"@id\":\"https:\\\/\\\/dana.com.br\\\/canaldana\\\/#website\",\"url\":\"https:\\\/\\\/dana.com.br\\\/canaldana\\\/\",\"name\":\"Canal Dana\",\"description\":\"Informativo com as principais not\u00edcias da ind\u00fastria automotiva\",\"potentialAction\":[{\"@type\":\"SearchAction\",\"target\":{\"@type\":\"EntryPoint\",\"urlTemplate\":\"https:\\\/\\\/dana.com.br\\\/canaldana\\\/?s={search_term_string}\"},\"query-input\":{\"@type\":\"PropertyValueSpecification\",\"valueRequired\":true,\"valueName\":\"search_term_string\"}}],\"inLanguage\":\"pt-BR\"},{\"@type\":\"Person\",\"@id\":\"https:\\\/\\\/dana.com.br\\\/canaldana\\\/#\\\/schema\\\/person\\\/3c21f22f56fcf3bc46b94bc60ea4fef6\",\"name\":\"Canal Dana\",\"image\":{\"@type\":\"ImageObject\",\"inLanguage\":\"pt-BR\",\"@id\":\"https:\\\/\\\/secure.gravatar.com\\\/avatar\\\/420aaf9278582877d9018637c6817617705899d2858d7572ef0fe59a6b6454b4?s=96&d=mm&r=g\",\"url\":\"https:\\\/\\\/secure.gravatar.com\\\/avatar\\\/420aaf9278582877d9018637c6817617705899d2858d7572ef0fe59a6b6454b4?s=96&d=mm&r=g\",\"contentUrl\":\"https:\\\/\\\/secure.gravatar.com\\\/avatar\\\/420aaf9278582877d9018637c6817617705899d2858d7572ef0fe59a6b6454b4?s=96&d=mm&r=g\",\"caption\":\"Canal Dana\"},\"url\":\"https:\\\/\\\/dana.com.br\\\/canaldana\\\/author\\\/cdeditor\\\/\"}]}<\/script>\n<!-- \/ Yoast SEO plugin. -->","yoast_head_json":{"title":"Ducati recebe caminh\u00f5es MAN para log\u00edstica da MotoGP - Canal Dana","robots":{"index":"index","follow":"follow","max-snippet":"max-snippet:-1","max-image-preview":"max-image-preview:large","max-video-preview":"max-video-preview:-1"},"canonical":"https:\/\/dana.com.br\/canaldana\/2024\/06\/04\/ducati-recebe-caminhoes-man-para-logistica-da-motogp\/","og_locale":"pt_BR","og_type":"article","og_title":"Ducati recebe caminh\u00f5es MAN para log\u00edstica da MotoGP - Canal Dana","og_description":"Frota &amp; Cia &nbsp; As montadoras Ducati e MAN Truck &amp; Bus, ambas pertencentes ao Grupo Volkswagen, firmaram uma parceria para o fornecimento de quatro caminh\u00f5es do modelo MAN TGX 18.520 para o transporte de toda a estrutura da equipe de automobilismo Ducati Lenovo Team para a disputa das provas europeias do Campeonato Mundial de\u2026 Leia mais \u00bb","og_url":"https:\/\/dana.com.br\/canaldana\/2024\/06\/04\/ducati-recebe-caminhoes-man-para-logistica-da-motogp\/","og_site_name":"Canal Dana","article_published_time":"2024-06-04T11:28:08+00:00","author":"Canal Dana","twitter_card":"summary_large_image","twitter_misc":{"Escrito por":"Canal Dana","Est. tempo de leitura":"2 minutos"},"schema":{"@context":"https:\/\/schema.org","@graph":[{"@type":"Article","@id":"https:\/\/dana.com.br\/canaldana\/2024\/06\/04\/ducati-recebe-caminhoes-man-para-logistica-da-motogp\/#article","isPartOf":{"@id":"https:\/\/dana.com.br\/canaldana\/2024\/06\/04\/ducati-recebe-caminhoes-man-para-logistica-da-motogp\/"},"author":{"name":"Canal Dana","@id":"https:\/\/dana.com.br\/canaldana\/#\/schema\/person\/3c21f22f56fcf3bc46b94bc60ea4fef6"},"headline":"Ducati recebe caminh\u00f5es MAN para log\u00edstica da MotoGP","datePublished":"2024-06-04T11:28:08+00:00","mainEntityOfPage":{"@id":"https:\/\/dana.com.br\/canaldana\/2024\/06\/04\/ducati-recebe-caminhoes-man-para-logistica-da-motogp\/"},"wordCount":198,"articleSection":["Mercado"],"inLanguage":"pt-BR"},{"@type":"WebPage","@id":"https:\/\/dana.com.br\/canaldana\/2024\/06\/04\/ducati-recebe-caminhoes-man-para-logistica-da-motogp\/","url":"https:\/\/dana.com.br\/canaldana\/2024\/06\/04\/ducati-recebe-caminhoes-man-para-logistica-da-motogp\/","name":"Ducati recebe caminh\u00f5es MAN para log\u00edstica da MotoGP - Canal Dana","isPartOf":{"@id":"https:\/\/dana.com.br\/canaldana\/#website"},"datePublished":"2024-06-04T11:28:08+00:00","author":{"@id":"https:\/\/dana.com.br\/canaldana\/#\/schema\/person\/3c21f22f56fcf3bc46b94bc60ea4fef6"},"breadcrumb":{"@id":"https:\/\/dana.com.br\/canaldana\/2024\/06\/04\/ducati-recebe-caminhoes-man-para-logistica-da-motogp\/#breadcrumb"},"inLanguage":"pt-BR","potentialAction":[{"@type":"ReadAction","target":["https:\/\/dana.com.br\/canaldana\/2024\/06\/04\/ducati-recebe-caminhoes-man-para-logistica-da-motogp\/"]}]},{"@type":"BreadcrumbList","@id":"https:\/\/dana.com.br\/canaldana\/2024\/06\/04\/ducati-recebe-caminhoes-man-para-logistica-da-motogp\/#breadcrumb","itemListElement":[{"@type":"ListItem","position":1,"name":"Home","item":"https:\/\/dana.com.br\/canaldana\/"},{"@type":"ListItem","position":2,"name":"Mercado","item":"https:\/\/dana.com.br\/canaldana\/mercado\/"},{"@type":"ListItem","position":3,"name":"Ducati recebe caminh\u00f5es MAN para log\u00edstica da MotoGP"}]},{"@type":"WebSite","@id":"https:\/\/dana.com.br\/canaldana\/#website","url":"https:\/\/dana.com.br\/canaldana\/","name":"Canal Dana","description":"Informativo com as principais not\u00edcias da ind\u00fastria automotiva","potentialAction":[{"@type":"SearchAction","target":{"@type":"EntryPoint","urlTemplate":"https:\/\/dana.com.br\/canaldana\/?s={search_term_string}"},"query-input":{"@type":"PropertyValueSpecification","valueRequired":true,"valueName":"search_term_string"}}],"inLanguage":"pt-BR"},{"@type":"Person","@id":"https:\/\/dana.com.br\/canaldana\/#\/schema\/person\/3c21f22f56fcf3bc46b94bc60ea4fef6","name":"Canal Dana","image":{"@type":"ImageObject","inLanguage":"pt-BR","@id":"https:\/\/secure.gravatar.com\/avatar\/420aaf9278582877d9018637c6817617705899d2858d7572ef0fe59a6b6454b4?s=96&d=mm&r=g","url":"https:\/\/secure.gravatar.com\/avatar\/420aaf9278582877d9018637c6817617705899d2858d7572ef0fe59a6b6454b4?s=96&d=mm&r=g","contentUrl":"https:\/\/secure.gravatar.com\/avatar\/420aaf9278582877d9018637c6817617705899d2858d7572ef0fe59a6b6454b4?s=96&d=mm&r=g","caption":"Canal Dana"},"url":"https:\/\/dana.com.br\/canaldana\/author\/cdeditor\/"}]}},"_links":{"self":[{"href":"https:\/\/dana.com.br\/canaldana\/wp-json\/wp\/v2\/posts\/73933","targetHints":{"allow":["GET"]}}],"collection":[{"href":"https:\/\/dana.com.br\/canaldana\/wp-json\/wp\/v2\/posts"}],"about":[{"href":"https:\/\/dana.com.br\/canaldana\/wp-json\/wp\/v2\/types\/post"}],"author":[{"embeddable":true,"href":"https:\/\/dana.com.br\/canaldana\/wp-json\/wp\/v2\/users\/3"}],"replies":[{"embeddable":true,"href":"https:\/\/dana.com.br\/canaldana\/wp-json\/wp\/v2\/comments?post=73933"}],"version-history":[{"count":1,"href":"https:\/\/dana.com.br\/canaldana\/wp-json\/wp\/v2\/posts\/73933\/revisions"}],"predecessor-version":[{"id":73934,"href":"https:\/\/dana.com.br\/canaldana\/wp-json\/wp\/v2\/posts\/73933\/revisions\/73934"}],"wp:attachment":[{"href":"https:\/\/dana.com.br\/canaldana\/wp-json\/wp\/v2\/media?parent=73933"}],"wp:term":[{"taxonomy":"category","embeddable":true,"href":"https:\/\/dana.com.br\/canaldana\/wp-json\/wp\/v2\/categories?post=73933"},{"taxonomy":"post_tag","embeddable":true,"href":"https:\/\/dana.com.br\/canaldana\/wp-json\/wp\/v2\/tags?post=73933"}],"curies":[{"name":"wp","href":"https:\/\/api.w.org\/{rel}","templated":true}]}}