{"id":73912,"date":"2024-06-03T08:42:48","date_gmt":"2024-06-03T11:42:48","guid":{"rendered":"https:\/\/dana.com.br\/canaldana\/?p=73912"},"modified":"2024-06-03T08:42:48","modified_gmt":"2024-06-03T11:42:48","slug":"audi-do-brasil-lanca-novos-a4-e-a5-com-tracao-quattro-no-pais","status":"publish","type":"post","link":"https:\/\/dana.com.br\/canaldana\/2024\/06\/03\/audi-do-brasil-lanca-novos-a4-e-a5-com-tracao-quattro-no-pais\/","title":{"rendered":"Audi do Brasil lan\u00e7a novos A4 e A5 com tra\u00e7\u00e3o quattro\u00ae no Pa\u00eds"},"content":{"rendered":"<p><em>Coisas de Agora<\/em><\/p>\n<p>&nbsp;<\/p>\n<p>A Audi do Brasil anunciou o lan\u00e7amento dos novos A4 quattro\u00ae e A5 quattro\u00ae no pa\u00eds, que ganharam a consagrada tra\u00e7\u00e3o integral com tecnologia ultra e novos itens de acabamento, seguran\u00e7a, tecnologia e conforto. Al\u00e9m disso, os modelos receberam ajustes mec\u00e2nicos que aprimoraram o seu desempenho e levaram a sua din\u00e2mica de condu\u00e7\u00e3o a outro patamar. Os ve\u00edculos oferecem duas vers\u00f5es de acabamento e est\u00e3o dispon\u00edveis na rede completa de concession\u00e1rias da marca das quatro argolas espalhadas em todo o Brasil, com pre\u00e7os p\u00fablicos a partir de R$ 333.990,00 (A4 quattro\u00ae) e R$ 359.990,00 (A5 quattro\u00ae).<\/p>\n<p>&nbsp;<\/p>\n<p>\u201cEstamos sempre buscando aprimorar a experi\u00eancia ao volante de nossos ve\u00edculos, desenvolvendo tecnologias que permitam extrair ao m\u00e1ximo desempenho, equil\u00edbrio, conforto e din\u00e2mica de condu\u00e7\u00e3o. Quando foi lan\u00e7ada h\u00e1 mais de 40 anos, a tra\u00e7\u00e3o quattro foi revolucion\u00e1ria ao reunir\u00a0 performance, controle e seguran\u00e7a em todo tipo de terreno. Desde ent\u00e3o, a tecnologia vem sendo continuamente aprimorada e estamos muito orgulhosos em oferec\u00ea-la nos modelos Audi A4 e Audi A5\u201d, celebra Renato Celiberti, Head de Vendas da Audi do Brasil.<\/p>\n<p>&nbsp;<\/p>\n<p><strong>Audi A5 quattro\u00ae \u2013 Um novo patamar de esportividade<\/strong><\/p>\n<p>&nbsp;<\/p>\n<p>O novo Audi A5 est\u00e1 dispon\u00edvel em duas vers\u00f5es: A5 Sportback 2.0 TFSI advanced quattro\u00ae (R$ 359.990,00) e A5 Sportback 2.0 TFSI S line quattro\u00ae (R$ 394.990,00). Ambas s\u00e3o equipadas com o propulsor 2.0 Turbo FSI, 4 cilindros em linha, com 204 cavalos de pot\u00eancia entre 4.475 rpm e 6.000 rpm e torque de 320 Nm entre 1.450 rpm e 4.475 rpm. A transmiss\u00e3o \u00e9 a S tronic de sete velocidades. O modelo recebeu ajustes que deixaram o seu desempenho ainda mais esportivo, com acelera\u00e7\u00e3o de 0 a 100 km\/h em apenas 6,8 segundos &#8211; 0,4 segundo mais r\u00e1pido do que modelo anterior, com tra\u00e7\u00e3o dianteira. A velocidade m\u00e1xima \u00e9 210 km\/h, limitada eletronicamente.<\/p>\n<p>&nbsp;<\/p>\n<p>A nov\u00edssima vers\u00e3o de entrada A5 Sportback 2.0 TFSI advanced quattro\u00ae vem equipada com uma ampla lista de equipamentos de s\u00e9rie, entre elas ar-condicionado autom\u00e1tico de tr\u00eas zonas; assistente de freio de estacionamento com auto-hold; Audi Drive Select; bancos dianteiros el\u00e9tricos; bancos em couro sint\u00e9tico; pacote de luzes ambiente; sistema start-stop; teto solar el\u00e9trico panor\u00e2mico; controle de Cruzeiro Adaptativo (ACC); aviso de sa\u00edda de faixa (Lane Departure Warning); far\u00f3is full LED Matrix; lanternas traseiras LED com indicador din\u00e2mico nas setas; Audi Virtual Cockpit Plus 12,3 polegadas; e rodas de liga-leve de 19 polegadas Audi Sport (8,5Jx19 pneus 255\/35 R19).<\/p>\n<p>&nbsp;<\/p>\n<p>J\u00e1 a vers\u00e3o A5 Sportback 2.0 TFSI S line quattro\u00ae traz itens in\u00e9ditos em rela\u00e7\u00e3o \u00e0 vers\u00e3o advanced, como bancos dianteiros el\u00e9tricos com fun\u00e7\u00e3o de mem\u00f3ria para o banco do motorista; bancos dianteiros esportivos; pacote porta-objetos; soleiras das portas com insertos em alum\u00ednio, com inscri\u00e7\u00e3o S e iluminadas; teto da cabine moldado em tecido na cor preta; e Audi Sound System com 10 alto-falantes e pot\u00eancia de 180W. Externamente, o modelo ganhou retrovisores externos el\u00e9tricos, aquecidos e rebat\u00edveis e com recurso de mem\u00f3ria; Kit S line; e rodas de liga-leve de 20 polegadas Audi Sport (9,0Jx20 pneus 265\/30 R20).<\/p>\n<p>&nbsp;<\/p>\n<p>Em rela\u00e7\u00e3o aos equipamentos opcionais, a vers\u00e3o topo de linha oferece pintura met\u00e1lica ou perolizada; sistema de som Bang&amp;Olufsen 3D (19 alto-falantes \/ 755 W). Entre os itens de personaliza\u00e7\u00e3o, est\u00e3o dispon\u00edveis o pacote S Line Interior e o renovado Pacote Black.<\/p>\n<p>&nbsp;<\/p>\n<p>O Pacote Interior S line oferece acabamento do console central em preto brilhante; acabamento do painel em alum\u00ednio escovado fosco; bancos em microfibra din\u00e2mica com logo S estampado; volante com logotipo S; e pedaleiras esportivas em a\u00e7o inoxid\u00e1vel.<\/p>\n<p>&nbsp;<\/p>\n<p>J\u00e1 o Pacote Black traz frisos decorativos, capa do espelho retrovisor externo em preto brilhante e os atualizados Audi Rings e inscri\u00e7\u00e3o do modelo em preto brilhante, pin\u00e7as de freio pintadas em vermelho; e rodas de liga-leve de 20 polegadas Audi Sport (9,0Jx20 pneus 265\/30 R20) com design exclusivo.<\/p>\n<p>&nbsp;<\/p>\n<p>As dimens\u00f5es externas do modelo permanecem inalteradas, com 4.757 mm (comprimento), 2.029 mm (largura com retrovisores), 1.386 mm (altura), e 2.822 mm (entre-eixos). O porta-malas tem 465 litros de capacidade. O peso total \u00e9 de 1685 quilos, ante 1615 quilos da vers\u00e3o anterior com tra\u00e7\u00e3o dianteira. O interior de ambas as vers\u00f5es podem ser personalizado nas cores bege, cinza, marrom ou preto.<\/p>\n<p>&nbsp;<\/p>\n<p>Externamente, est\u00e3o dispon\u00edveis na vers\u00e3o A5 Sportback 2.0 TFSI advanced quattro\u00ae as tonalidades Branco Arkona e Preto Brilhante (s\u00f3lidas); Azul Navarra, Branco Geleira, Cinza Manhattan, Prata Florete, Preto Mito, Verde Distrito e Vermelho Progressivo (met\u00e1lica). A vers\u00e3o A5 Sportback 2.0 TFSI S line quattro\u00ae, por sua vez, oferece as cores Branco Arkona (s\u00f3lida); Azul Ascari, Azul Navarra, Branco Geleira, Cinza Cronos, Preto Mito, Verde Distrito, Vermelho Progressivo (met\u00e1licas), Cinza Daytona (perolizada).<\/p>\n<p>&nbsp;<\/p>\n<p><strong>Audi A4 quattro\u00ae \u2013 Visual mais instigante e aprimorado<\/strong><\/p>\n<p>&nbsp;<\/p>\n<p>O novo Audi A4 est\u00e1 dispon\u00edvel em duas vers\u00f5es: A4 Sedan 2.0 TFSI Prestige quattro\u00ae (R$ 333.990,00) e A4 Sedan 2.0 TFSI S line quattro\u00ae (R$ 359.990,00).<\/p>\n<p>&nbsp;<\/p>\n<p>O modelo tamb\u00e9m \u00e9 equipado com motoriza\u00e7\u00e3o 2.0 Turbo FSI, 4 cilindros em linha, com 204 cavalos de pot\u00eancia entre 4.475 rpm e 6.000 rpm e torque de 320 Nm entre 1.450 rpm e 4.475 rpm. O propulsor atua em sintonia com a transmiss\u00e3o S tronic 7 velocidades. O novo conjunto mec\u00e2nico proporciona um desempenho sem precedentes para o modelo, que ficou mais \u00e1gil, eficiente e ganhou uma din\u00e2mica de condu\u00e7\u00e3o aprimorada. A acelera\u00e7\u00e3o de 0 a 100 km \u00e9 realizada em apenas 6,7 segundos &#8211; 0,4 segundo mais r\u00e1pida do que o modelo anterior, com tra\u00e7\u00e3o dianteira. A velocidade m\u00e1xima \u00e9 210 km\/h, limitada eletronicamente.<\/p>\n<p>&nbsp;<\/p>\n<p>A vers\u00e3o de entrada A4 Sedan 2.0 TFSI Prestige quattro\u00ae recebeu novos itens em rela\u00e7\u00e3o ao modelo anterior, como bancos traseiros rebat\u00edveis 40\/20\/40; far\u00f3is Full LED; e lanternas traseiras em LED com indicador din\u00e2mico nas setas.<\/p>\n<p>&nbsp;<\/p>\n<p>Al\u00e9m disso, a lista de equipamentos de s\u00e9rie continua extensa. Os itens incluem ar-condicionado autom\u00e1tico; Audi drive select; assistente de freio de estacionamento com auto-hold; banco do motorista eletricamente ajust\u00e1vel; bancos em couro sint\u00e9tico; pacote de luzes ambiente; Controle de cruzeiro com limitador de velocidade; Audi Virtual Cockpit Plus de 12,3 polegadas; e rodas de liga-leve 18 polegadas (8Jx18 pneus 245\/40 R18). Os opcionais s\u00e3o pintura met\u00e1lica ou perolizada, e teto solar el\u00e9trico.<\/p>\n<p>&nbsp;<\/p>\n<p>A vers\u00e3o topo de linha A4 Sedan 2.0 TFSI S line quattro\u00ae adiciona diversos itens de conforto, comodidade, seguran\u00e7a e tecnologia na lista de equipamentos.<\/p>\n<p>&nbsp;<\/p>\n<p>Entre os itens de conforto e conveni\u00eancia, est\u00e3o ar-condicionado autom\u00e1tico de tr\u00eas zonas; bancos esportivos el\u00e9tricos com fun\u00e7\u00e3o de mem\u00f3ria para o banco do motorista; pacote porta-objetos; soleiras das portas com insertos em alum\u00ednio; inscri\u00e7\u00e3o S iluminadas; teto solar el\u00e9trico; volante esportivo em couro, multifuncional, com shift paddles e base aplanada.<\/p>\n<p>&nbsp;<\/p>\n<p>No exterior, a vers\u00e3o recebe frisos decorativos cromados; kit S line; retrovisores externos, el\u00e9tricos, aquecidos e rebat\u00edveis e com recurso de mem\u00f3ria; e novas rodas de liga-leve de 19 polegadas Audi Sport (8,5Jx19 pneus 245\/35 R19). J\u00e1 entre os itens de tecnologia e seguran\u00e7a, foram adicionados controle de cruzeiro adaptativo (ACC) e aviso de sa\u00edda de faixa (Lane Departuring Warning). Por fim, o sistema de entretenimento tem r\u00e1dio MMI plus com sistema de navega\u00e7\u00e3o e Audi Sound System com dez alto-falantes e pot\u00eancia de 180W.<\/p>\n<p>&nbsp;<\/p>\n<p>Entre os opcionais, o modelo oferece o pacote interior S Line, formado por acabamento do console central em preto brilhante; acabamento do painel em alum\u00ednio escovado fosco; bancos em couro din\u00e2mica com logotipo S estampado, volante com logotipo S; pedaleiras esportivas em a\u00e7o inoxid\u00e1vel; e teto da cabine em tecido na cor preta.<\/p>\n<p>&nbsp;<\/p>\n<p>Outro opcional dispon\u00edvel \u00e9 o renovado pacote Black, que traz frisos decorativos, capa do espelho retrovisor externo em preto brilhante e os atualizados Audi Rings e inscri\u00e7\u00e3o do modelo em preto brilhante, pin\u00e7as de freio pintadas em vermelho; e rodas de liga-leve de 19 polegadas Audi Sport (8,5Jx19 pneus 245\/35 R19).<\/p>\n<p>&nbsp;<\/p>\n<p>Em ambas as vers\u00f5es, o peso total do modelo subiu apenas 55 quilos, indo para 1645 kg, apesar da inclus\u00e3o da tra\u00e7\u00e3o integral permanente quattro\u00ae. As medidas externas s\u00e3o 4.762 mm (comprimento), 2022 mm (largura com retrovisores), 1.428 mm (altura), e 2.820 mm (entre-eixos). O porta-malas tem 460 litros de capacidade. O interior conta com as op\u00e7\u00f5es de cores bege, cinza, marrom e preto.<\/p>\n<p>&nbsp;<\/p>\n<p>Externamente, est\u00e3o dispon\u00edveis na vers\u00e3o A4 Sedan 2.0 TFSI Prestige quattro\u00ae as cores Branco Arkona e Preto Brilhante (s\u00f3lidas); Azul Navarra, Branco Geleira, Cinza Manhattan, Prata Florete, Preto Mito, Verde Distrito e Vermelho Progressivo (met\u00e1licas).\u00a0 J\u00e1 na vers\u00e3o A4 Sedan 2.0 TFSI S line quattro\u00ae, s\u00e3o oferecidas as tonalidades Branco Arkona (s\u00f3lida); Azul Ascari, Azul Navarra, Branco Geleira, Cinza Cronos, Preto Mito, Verde Distrito, Vermelho Progressivo (met\u00e1licas), e Cinza Daytona (perolizada). (Coisas de Agora)<\/p>\n","protected":false},"excerpt":{"rendered":"<p>Coisas de Agora &nbsp; A Audi do Brasil anunciou o lan\u00e7amento dos novos A4 quattro\u00ae e A5 quattro\u00ae no pa\u00eds, que ganharam a consagrada tra\u00e7\u00e3o integral com tecnologia ultra e novos itens de acabamento, seguran\u00e7a, tecnologia e conforto. Al\u00e9m disso, os modelos receberam ajustes mec\u00e2nicos que aprimoraram o seu desempenho e levaram a sua din\u00e2mica\u2026 <a class=\"readmore\" href=\"https:\/\/dana.com.br\/canaldana\/2024\/06\/03\/audi-do-brasil-lanca-novos-a4-e-a5-com-tracao-quattro-no-pais\/\">Leia mais \u00bb<\/a><\/p>\n","protected":false},"author":3,"featured_media":0,"comment_status":"closed","ping_status":"closed","sticky":false,"template":"","format":"standard","meta":{"_acf_changed":false,"footnotes":""},"categories":[79],"tags":[],"class_list":["post-73912","post","type-post","status-publish","format-standard","hentry","category-mercado"],"acf":[],"yoast_head":"<!-- This site is optimized with the Yoast SEO plugin v27.3 - https:\/\/yoast.com\/product\/yoast-seo-wordpress\/ -->\n<title>Audi do Brasil lan\u00e7a novos A4 e A5 com tra\u00e7\u00e3o quattro\u00ae no Pa\u00eds - Canal Dana<\/title>\n<meta name=\"robots\" content=\"index, follow, max-snippet:-1, max-image-preview:large, max-video-preview:-1\" \/>\n<link rel=\"canonical\" href=\"https:\/\/dana.com.br\/canaldana\/2024\/06\/03\/audi-do-brasil-lanca-novos-a4-e-a5-com-tracao-quattro-no-pais\/\" \/>\n<meta property=\"og:locale\" content=\"pt_BR\" \/>\n<meta property=\"og:type\" content=\"article\" \/>\n<meta property=\"og:title\" content=\"Audi do Brasil lan\u00e7a novos A4 e A5 com tra\u00e7\u00e3o quattro\u00ae no Pa\u00eds - Canal Dana\" \/>\n<meta property=\"og:description\" content=\"Coisas de Agora &nbsp; A Audi do Brasil anunciou o lan\u00e7amento dos novos A4 quattro\u00ae e A5 quattro\u00ae no pa\u00eds, que ganharam a consagrada tra\u00e7\u00e3o integral com tecnologia ultra e novos itens de acabamento, seguran\u00e7a, tecnologia e conforto. Al\u00e9m disso, os modelos receberam ajustes mec\u00e2nicos que aprimoraram o seu desempenho e levaram a sua din\u00e2mica\u2026 Leia mais \u00bb\" \/>\n<meta property=\"og:url\" content=\"https:\/\/dana.com.br\/canaldana\/2024\/06\/03\/audi-do-brasil-lanca-novos-a4-e-a5-com-tracao-quattro-no-pais\/\" \/>\n<meta property=\"og:site_name\" content=\"Canal Dana\" \/>\n<meta property=\"article:published_time\" content=\"2024-06-03T11:42:48+00:00\" \/>\n<meta name=\"author\" content=\"Canal Dana\" \/>\n<meta name=\"twitter:card\" content=\"summary_large_image\" \/>\n<meta name=\"twitter:label1\" content=\"Escrito por\" \/>\n\t<meta name=\"twitter:data1\" content=\"Canal Dana\" \/>\n\t<meta name=\"twitter:label2\" content=\"Est. tempo de leitura\" \/>\n\t<meta name=\"twitter:data2\" content=\"8 minutos\" \/>\n<script type=\"application\/ld+json\" class=\"yoast-schema-graph\">{\"@context\":\"https:\\\/\\\/schema.org\",\"@graph\":[{\"@type\":\"Article\",\"@id\":\"https:\\\/\\\/dana.com.br\\\/canaldana\\\/2024\\\/06\\\/03\\\/audi-do-brasil-lanca-novos-a4-e-a5-com-tracao-quattro-no-pais\\\/#article\",\"isPartOf\":{\"@id\":\"https:\\\/\\\/dana.com.br\\\/canaldana\\\/2024\\\/06\\\/03\\\/audi-do-brasil-lanca-novos-a4-e-a5-com-tracao-quattro-no-pais\\\/\"},\"author\":{\"name\":\"Canal Dana\",\"@id\":\"https:\\\/\\\/dana.com.br\\\/canaldana\\\/#\\\/schema\\\/person\\\/3c21f22f56fcf3bc46b94bc60ea4fef6\"},\"headline\":\"Audi do Brasil lan\u00e7a novos A4 e A5 com tra\u00e7\u00e3o quattro\u00ae no Pa\u00eds\",\"datePublished\":\"2024-06-03T11:42:48+00:00\",\"mainEntityOfPage\":{\"@id\":\"https:\\\/\\\/dana.com.br\\\/canaldana\\\/2024\\\/06\\\/03\\\/audi-do-brasil-lanca-novos-a4-e-a5-com-tracao-quattro-no-pais\\\/\"},\"wordCount\":1524,\"articleSection\":[\"Mercado\"],\"inLanguage\":\"pt-BR\"},{\"@type\":\"WebPage\",\"@id\":\"https:\\\/\\\/dana.com.br\\\/canaldana\\\/2024\\\/06\\\/03\\\/audi-do-brasil-lanca-novos-a4-e-a5-com-tracao-quattro-no-pais\\\/\",\"url\":\"https:\\\/\\\/dana.com.br\\\/canaldana\\\/2024\\\/06\\\/03\\\/audi-do-brasil-lanca-novos-a4-e-a5-com-tracao-quattro-no-pais\\\/\",\"name\":\"Audi do Brasil lan\u00e7a novos A4 e A5 com tra\u00e7\u00e3o quattro\u00ae no Pa\u00eds - Canal Dana\",\"isPartOf\":{\"@id\":\"https:\\\/\\\/dana.com.br\\\/canaldana\\\/#website\"},\"datePublished\":\"2024-06-03T11:42:48+00:00\",\"author\":{\"@id\":\"https:\\\/\\\/dana.com.br\\\/canaldana\\\/#\\\/schema\\\/person\\\/3c21f22f56fcf3bc46b94bc60ea4fef6\"},\"breadcrumb\":{\"@id\":\"https:\\\/\\\/dana.com.br\\\/canaldana\\\/2024\\\/06\\\/03\\\/audi-do-brasil-lanca-novos-a4-e-a5-com-tracao-quattro-no-pais\\\/#breadcrumb\"},\"inLanguage\":\"pt-BR\",\"potentialAction\":[{\"@type\":\"ReadAction\",\"target\":[\"https:\\\/\\\/dana.com.br\\\/canaldana\\\/2024\\\/06\\\/03\\\/audi-do-brasil-lanca-novos-a4-e-a5-com-tracao-quattro-no-pais\\\/\"]}]},{\"@type\":\"BreadcrumbList\",\"@id\":\"https:\\\/\\\/dana.com.br\\\/canaldana\\\/2024\\\/06\\\/03\\\/audi-do-brasil-lanca-novos-a4-e-a5-com-tracao-quattro-no-pais\\\/#breadcrumb\",\"itemListElement\":[{\"@type\":\"ListItem\",\"position\":1,\"name\":\"Home\",\"item\":\"https:\\\/\\\/dana.com.br\\\/canaldana\\\/\"},{\"@type\":\"ListItem\",\"position\":2,\"name\":\"Mercado\",\"item\":\"https:\\\/\\\/dana.com.br\\\/canaldana\\\/mercado\\\/\"},{\"@type\":\"ListItem\",\"position\":3,\"name\":\"Audi do Brasil lan\u00e7a novos A4 e A5 com tra\u00e7\u00e3o quattro\u00ae no Pa\u00eds\"}]},{\"@type\":\"WebSite\",\"@id\":\"https:\\\/\\\/dana.com.br\\\/canaldana\\\/#website\",\"url\":\"https:\\\/\\\/dana.com.br\\\/canaldana\\\/\",\"name\":\"Canal Dana\",\"description\":\"Informativo com as principais not\u00edcias da ind\u00fastria automotiva\",\"potentialAction\":[{\"@type\":\"SearchAction\",\"target\":{\"@type\":\"EntryPoint\",\"urlTemplate\":\"https:\\\/\\\/dana.com.br\\\/canaldana\\\/?s={search_term_string}\"},\"query-input\":{\"@type\":\"PropertyValueSpecification\",\"valueRequired\":true,\"valueName\":\"search_term_string\"}}],\"inLanguage\":\"pt-BR\"},{\"@type\":\"Person\",\"@id\":\"https:\\\/\\\/dana.com.br\\\/canaldana\\\/#\\\/schema\\\/person\\\/3c21f22f56fcf3bc46b94bc60ea4fef6\",\"name\":\"Canal Dana\",\"image\":{\"@type\":\"ImageObject\",\"inLanguage\":\"pt-BR\",\"@id\":\"https:\\\/\\\/secure.gravatar.com\\\/avatar\\\/420aaf9278582877d9018637c6817617705899d2858d7572ef0fe59a6b6454b4?s=96&d=mm&r=g\",\"url\":\"https:\\\/\\\/secure.gravatar.com\\\/avatar\\\/420aaf9278582877d9018637c6817617705899d2858d7572ef0fe59a6b6454b4?s=96&d=mm&r=g\",\"contentUrl\":\"https:\\\/\\\/secure.gravatar.com\\\/avatar\\\/420aaf9278582877d9018637c6817617705899d2858d7572ef0fe59a6b6454b4?s=96&d=mm&r=g\",\"caption\":\"Canal Dana\"},\"url\":\"https:\\\/\\\/dana.com.br\\\/canaldana\\\/author\\\/cdeditor\\\/\"}]}<\/script>\n<!-- \/ Yoast SEO plugin. -->","yoast_head_json":{"title":"Audi do Brasil lan\u00e7a novos A4 e A5 com tra\u00e7\u00e3o quattro\u00ae no Pa\u00eds - Canal Dana","robots":{"index":"index","follow":"follow","max-snippet":"max-snippet:-1","max-image-preview":"max-image-preview:large","max-video-preview":"max-video-preview:-1"},"canonical":"https:\/\/dana.com.br\/canaldana\/2024\/06\/03\/audi-do-brasil-lanca-novos-a4-e-a5-com-tracao-quattro-no-pais\/","og_locale":"pt_BR","og_type":"article","og_title":"Audi do Brasil lan\u00e7a novos A4 e A5 com tra\u00e7\u00e3o quattro\u00ae no Pa\u00eds - Canal Dana","og_description":"Coisas de Agora &nbsp; A Audi do Brasil anunciou o lan\u00e7amento dos novos A4 quattro\u00ae e A5 quattro\u00ae no pa\u00eds, que ganharam a consagrada tra\u00e7\u00e3o integral com tecnologia ultra e novos itens de acabamento, seguran\u00e7a, tecnologia e conforto. Al\u00e9m disso, os modelos receberam ajustes mec\u00e2nicos que aprimoraram o seu desempenho e levaram a sua din\u00e2mica\u2026 Leia mais \u00bb","og_url":"https:\/\/dana.com.br\/canaldana\/2024\/06\/03\/audi-do-brasil-lanca-novos-a4-e-a5-com-tracao-quattro-no-pais\/","og_site_name":"Canal Dana","article_published_time":"2024-06-03T11:42:48+00:00","author":"Canal Dana","twitter_card":"summary_large_image","twitter_misc":{"Escrito por":"Canal Dana","Est. tempo de leitura":"8 minutos"},"schema":{"@context":"https:\/\/schema.org","@graph":[{"@type":"Article","@id":"https:\/\/dana.com.br\/canaldana\/2024\/06\/03\/audi-do-brasil-lanca-novos-a4-e-a5-com-tracao-quattro-no-pais\/#article","isPartOf":{"@id":"https:\/\/dana.com.br\/canaldana\/2024\/06\/03\/audi-do-brasil-lanca-novos-a4-e-a5-com-tracao-quattro-no-pais\/"},"author":{"name":"Canal Dana","@id":"https:\/\/dana.com.br\/canaldana\/#\/schema\/person\/3c21f22f56fcf3bc46b94bc60ea4fef6"},"headline":"Audi do Brasil lan\u00e7a novos A4 e A5 com tra\u00e7\u00e3o quattro\u00ae no Pa\u00eds","datePublished":"2024-06-03T11:42:48+00:00","mainEntityOfPage":{"@id":"https:\/\/dana.com.br\/canaldana\/2024\/06\/03\/audi-do-brasil-lanca-novos-a4-e-a5-com-tracao-quattro-no-pais\/"},"wordCount":1524,"articleSection":["Mercado"],"inLanguage":"pt-BR"},{"@type":"WebPage","@id":"https:\/\/dana.com.br\/canaldana\/2024\/06\/03\/audi-do-brasil-lanca-novos-a4-e-a5-com-tracao-quattro-no-pais\/","url":"https:\/\/dana.com.br\/canaldana\/2024\/06\/03\/audi-do-brasil-lanca-novos-a4-e-a5-com-tracao-quattro-no-pais\/","name":"Audi do Brasil lan\u00e7a novos A4 e A5 com tra\u00e7\u00e3o quattro\u00ae no Pa\u00eds - Canal Dana","isPartOf":{"@id":"https:\/\/dana.com.br\/canaldana\/#website"},"datePublished":"2024-06-03T11:42:48+00:00","author":{"@id":"https:\/\/dana.com.br\/canaldana\/#\/schema\/person\/3c21f22f56fcf3bc46b94bc60ea4fef6"},"breadcrumb":{"@id":"https:\/\/dana.com.br\/canaldana\/2024\/06\/03\/audi-do-brasil-lanca-novos-a4-e-a5-com-tracao-quattro-no-pais\/#breadcrumb"},"inLanguage":"pt-BR","potentialAction":[{"@type":"ReadAction","target":["https:\/\/dana.com.br\/canaldana\/2024\/06\/03\/audi-do-brasil-lanca-novos-a4-e-a5-com-tracao-quattro-no-pais\/"]}]},{"@type":"BreadcrumbList","@id":"https:\/\/dana.com.br\/canaldana\/2024\/06\/03\/audi-do-brasil-lanca-novos-a4-e-a5-com-tracao-quattro-no-pais\/#breadcrumb","itemListElement":[{"@type":"ListItem","position":1,"name":"Home","item":"https:\/\/dana.com.br\/canaldana\/"},{"@type":"ListItem","position":2,"name":"Mercado","item":"https:\/\/dana.com.br\/canaldana\/mercado\/"},{"@type":"ListItem","position":3,"name":"Audi do Brasil lan\u00e7a novos A4 e A5 com tra\u00e7\u00e3o quattro\u00ae no Pa\u00eds"}]},{"@type":"WebSite","@id":"https:\/\/dana.com.br\/canaldana\/#website","url":"https:\/\/dana.com.br\/canaldana\/","name":"Canal Dana","description":"Informativo com as principais not\u00edcias da ind\u00fastria automotiva","potentialAction":[{"@type":"SearchAction","target":{"@type":"EntryPoint","urlTemplate":"https:\/\/dana.com.br\/canaldana\/?s={search_term_string}"},"query-input":{"@type":"PropertyValueSpecification","valueRequired":true,"valueName":"search_term_string"}}],"inLanguage":"pt-BR"},{"@type":"Person","@id":"https:\/\/dana.com.br\/canaldana\/#\/schema\/person\/3c21f22f56fcf3bc46b94bc60ea4fef6","name":"Canal Dana","image":{"@type":"ImageObject","inLanguage":"pt-BR","@id":"https:\/\/secure.gravatar.com\/avatar\/420aaf9278582877d9018637c6817617705899d2858d7572ef0fe59a6b6454b4?s=96&d=mm&r=g","url":"https:\/\/secure.gravatar.com\/avatar\/420aaf9278582877d9018637c6817617705899d2858d7572ef0fe59a6b6454b4?s=96&d=mm&r=g","contentUrl":"https:\/\/secure.gravatar.com\/avatar\/420aaf9278582877d9018637c6817617705899d2858d7572ef0fe59a6b6454b4?s=96&d=mm&r=g","caption":"Canal Dana"},"url":"https:\/\/dana.com.br\/canaldana\/author\/cdeditor\/"}]}},"_links":{"self":[{"href":"https:\/\/dana.com.br\/canaldana\/wp-json\/wp\/v2\/posts\/73912","targetHints":{"allow":["GET"]}}],"collection":[{"href":"https:\/\/dana.com.br\/canaldana\/wp-json\/wp\/v2\/posts"}],"about":[{"href":"https:\/\/dana.com.br\/canaldana\/wp-json\/wp\/v2\/types\/post"}],"author":[{"embeddable":true,"href":"https:\/\/dana.com.br\/canaldana\/wp-json\/wp\/v2\/users\/3"}],"replies":[{"embeddable":true,"href":"https:\/\/dana.com.br\/canaldana\/wp-json\/wp\/v2\/comments?post=73912"}],"version-history":[{"count":1,"href":"https:\/\/dana.com.br\/canaldana\/wp-json\/wp\/v2\/posts\/73912\/revisions"}],"predecessor-version":[{"id":73913,"href":"https:\/\/dana.com.br\/canaldana\/wp-json\/wp\/v2\/posts\/73912\/revisions\/73913"}],"wp:attachment":[{"href":"https:\/\/dana.com.br\/canaldana\/wp-json\/wp\/v2\/media?parent=73912"}],"wp:term":[{"taxonomy":"category","embeddable":true,"href":"https:\/\/dana.com.br\/canaldana\/wp-json\/wp\/v2\/categories?post=73912"},{"taxonomy":"post_tag","embeddable":true,"href":"https:\/\/dana.com.br\/canaldana\/wp-json\/wp\/v2\/tags?post=73912"}],"curies":[{"name":"wp","href":"https:\/\/api.w.org\/{rel}","templated":true}]}}