{"id":73250,"date":"2024-05-02T08:45:30","date_gmt":"2024-05-02T11:45:30","guid":{"rendered":"https:\/\/dana.com.br\/canaldana\/?p=73250"},"modified":"2024-05-02T08:45:30","modified_gmt":"2024-05-02T11:45:30","slug":"volvo-retoma-producao-de-caminhao-autonomo-no-pais","status":"publish","type":"post","link":"https:\/\/dana.com.br\/canaldana\/2024\/05\/02\/volvo-retoma-producao-de-caminhao-autonomo-no-pais\/","title":{"rendered":"Volvo retoma produ\u00e7\u00e3o de caminh\u00e3o aut\u00f4nomo no pa\u00eds"},"content":{"rendered":"<p><em>Transporte Moderno<\/em><\/p>\n<p>&nbsp;<\/p>\n<p>A Volvo utilizou uma parte do seu \u00faltimo ciclo de investimentos de R$ 1,5 bilh\u00e3o, que compreende o per\u00edodo de 2023 a 2025, para retomar o desenvolvimento de caminh\u00f5es aut\u00f4nomos no pa\u00eds. A marca apresentou em primeira m\u00e3o na\u00a0 29\u00aa Agrishow o novo modelo com n\u00edvel 2 de autonomia montado sobre a plataforma do FMX.<\/p>\n<p>&nbsp;<\/p>\n<p>Em 2017, a montadora sueca havia lan\u00e7ado o modelo VMX para opera\u00e7\u00f5es sucroalcooleiras, contudo vendeu apenas 10 unidades. Depois, parou com o projeto para se dedicar a inser\u00e7\u00e3o da motoriza\u00e7\u00e3o com tecnologia Euro 6 que entraria em vigor em 2022. Ali\u00e1s, o VMX, a partir de agora, ser\u00e1 substitu\u00eddo pelo FMX.<\/p>\n<p>&nbsp;<\/p>\n<p>Feito em parceria com a implementadora TMA, o caminh\u00e3o batizado de TMA Stark \u00e9 um 8\u00d72 de 380 cavalos. O ve\u00edculo sai de f\u00e1brica pronto para ser transformado em um caminh\u00e3o de transbordo aut\u00f4nomo. Assim, conta com sistema que automatiza a dire\u00e7\u00e3o e m\u00f3dulos de chicote para a instala\u00e7\u00e3o do sistema de piloto via GPS.<\/p>\n<p>&nbsp;<\/p>\n<p><strong>Preserva\u00e7\u00e3o das planta\u00e7\u00f5es<\/strong><\/p>\n<p>&nbsp;<\/p>\n<p>A caracter\u00edstica que se destaca, segundo a Volvo, e que representa um importante apelo de vendas, \u00e9 o sistema que controla a dire\u00e7\u00e3o com precis\u00e3o e garante a preserva\u00e7\u00e3o das planta\u00e7\u00f5es. Isso \u00e9 poss\u00edvel gra\u00e7as a bitola de 3 metros que promove o afastamento das rodas, pneus espec\u00edficos e uma caixa de carga projetada para o transporte de cana.<\/p>\n<p>&nbsp;<\/p>\n<p>Em algumas situa\u00e7\u00f5es, caminh\u00f5es utilizados para o transporte de cana podem causar danos \u00e0s planta\u00e7\u00f5es durante o processo de transbordo. Isso pode acontecer principalmente quando n\u00e3o s\u00e3o projetados para evitar esse tipo de problema. O resultado \u00e9 a perda de produtividade, bem como aumento de custos.<\/p>\n<p>&nbsp;<\/p>\n<p><strong>Expectativa de produ\u00e7\u00e3o<\/strong><\/p>\n<p>&nbsp;<\/p>\n<p>A TMA, que ser\u00e1 respons\u00e1vel pela venda do produto ao cliente, ainda n\u00e3o revelou qual ser\u00e1 o pre\u00e7o. Seja como for, as empresas informam que ser\u00e1 um pouco mais caro do que o transbordo feito com trator. Contudo, afirmam que o potencial de economia de combust\u00edvel e a velocidade de opera\u00e7\u00e3o que o FMX Stark oferece compensam o investimento maior.<\/p>\n<p>&nbsp;<\/p>\n<p>Segundo as companhias parceiras j\u00e1 existem conversas com empresas do setor sucroenerg\u00e9tico. Seja como for, o diretor comercial de vendas da Volvo, Alcides Cavalcanti, disse que expectativa \u00e9 que haja a produ\u00e7\u00e3o de 300 a 400 unidades deste caminh\u00e3o por ano. O executivo tamb\u00e9m revelou que os investimentos necess\u00e1rios para o desenvolvimento do produto foram feitos em partes iguais pela montadora e pela implementadora. (Transporte Moderno)<\/p>\n","protected":false},"excerpt":{"rendered":"<p>Transporte Moderno &nbsp; A Volvo utilizou uma parte do seu \u00faltimo ciclo de investimentos de R$ 1,5 bilh\u00e3o, que compreende o per\u00edodo de 2023 a 2025, para retomar o desenvolvimento de caminh\u00f5es aut\u00f4nomos no pa\u00eds. A marca apresentou em primeira m\u00e3o na\u00a0 29\u00aa Agrishow o novo modelo com n\u00edvel 2 de autonomia montado sobre a\u2026 <a class=\"readmore\" href=\"https:\/\/dana.com.br\/canaldana\/2024\/05\/02\/volvo-retoma-producao-de-caminhao-autonomo-no-pais\/\">Leia mais \u00bb<\/a><\/p>\n","protected":false},"author":3,"featured_media":0,"comment_status":"closed","ping_status":"closed","sticky":false,"template":"","format":"standard","meta":{"_acf_changed":false,"footnotes":""},"categories":[61],"tags":[],"class_list":["post-73250","post","type-post","status-publish","format-standard","hentry","category-destaques"],"acf":[],"yoast_head":"<!-- This site is optimized with the Yoast SEO plugin v27.3 - https:\/\/yoast.com\/product\/yoast-seo-wordpress\/ -->\n<title>Volvo retoma produ\u00e7\u00e3o de caminh\u00e3o aut\u00f4nomo no pa\u00eds - Canal Dana<\/title>\n<meta name=\"robots\" content=\"index, follow, max-snippet:-1, max-image-preview:large, max-video-preview:-1\" \/>\n<link rel=\"canonical\" href=\"https:\/\/dana.com.br\/canaldana\/2024\/05\/02\/volvo-retoma-producao-de-caminhao-autonomo-no-pais\/\" \/>\n<meta property=\"og:locale\" content=\"pt_BR\" \/>\n<meta property=\"og:type\" content=\"article\" \/>\n<meta property=\"og:title\" content=\"Volvo retoma produ\u00e7\u00e3o de caminh\u00e3o aut\u00f4nomo no pa\u00eds - Canal Dana\" \/>\n<meta property=\"og:description\" content=\"Transporte Moderno &nbsp; A Volvo utilizou uma parte do seu \u00faltimo ciclo de investimentos de R$ 1,5 bilh\u00e3o, que compreende o per\u00edodo de 2023 a 2025, para retomar o desenvolvimento de caminh\u00f5es aut\u00f4nomos no pa\u00eds. A marca apresentou em primeira m\u00e3o na\u00a0 29\u00aa Agrishow o novo modelo com n\u00edvel 2 de autonomia montado sobre a\u2026 Leia mais \u00bb\" \/>\n<meta property=\"og:url\" content=\"https:\/\/dana.com.br\/canaldana\/2024\/05\/02\/volvo-retoma-producao-de-caminhao-autonomo-no-pais\/\" \/>\n<meta property=\"og:site_name\" content=\"Canal Dana\" \/>\n<meta property=\"article:published_time\" content=\"2024-05-02T11:45:30+00:00\" \/>\n<meta name=\"author\" content=\"Canal Dana\" \/>\n<meta name=\"twitter:card\" content=\"summary_large_image\" \/>\n<meta name=\"twitter:label1\" content=\"Escrito por\" \/>\n\t<meta name=\"twitter:data1\" content=\"Canal Dana\" \/>\n\t<meta name=\"twitter:label2\" content=\"Est. tempo de leitura\" \/>\n\t<meta name=\"twitter:data2\" content=\"3 minutos\" \/>\n<script type=\"application\/ld+json\" class=\"yoast-schema-graph\">{\"@context\":\"https:\\\/\\\/schema.org\",\"@graph\":[{\"@type\":\"Article\",\"@id\":\"https:\\\/\\\/dana.com.br\\\/canaldana\\\/2024\\\/05\\\/02\\\/volvo-retoma-producao-de-caminhao-autonomo-no-pais\\\/#article\",\"isPartOf\":{\"@id\":\"https:\\\/\\\/dana.com.br\\\/canaldana\\\/2024\\\/05\\\/02\\\/volvo-retoma-producao-de-caminhao-autonomo-no-pais\\\/\"},\"author\":{\"name\":\"Canal Dana\",\"@id\":\"https:\\\/\\\/dana.com.br\\\/canaldana\\\/#\\\/schema\\\/person\\\/3c21f22f56fcf3bc46b94bc60ea4fef6\"},\"headline\":\"Volvo retoma produ\u00e7\u00e3o de caminh\u00e3o aut\u00f4nomo no pa\u00eds\",\"datePublished\":\"2024-05-02T11:45:30+00:00\",\"mainEntityOfPage\":{\"@id\":\"https:\\\/\\\/dana.com.br\\\/canaldana\\\/2024\\\/05\\\/02\\\/volvo-retoma-producao-de-caminhao-autonomo-no-pais\\\/\"},\"wordCount\":449,\"articleSection\":[\"Destaques\"],\"inLanguage\":\"pt-BR\"},{\"@type\":\"WebPage\",\"@id\":\"https:\\\/\\\/dana.com.br\\\/canaldana\\\/2024\\\/05\\\/02\\\/volvo-retoma-producao-de-caminhao-autonomo-no-pais\\\/\",\"url\":\"https:\\\/\\\/dana.com.br\\\/canaldana\\\/2024\\\/05\\\/02\\\/volvo-retoma-producao-de-caminhao-autonomo-no-pais\\\/\",\"name\":\"Volvo retoma produ\u00e7\u00e3o de caminh\u00e3o aut\u00f4nomo no pa\u00eds - Canal Dana\",\"isPartOf\":{\"@id\":\"https:\\\/\\\/dana.com.br\\\/canaldana\\\/#website\"},\"datePublished\":\"2024-05-02T11:45:30+00:00\",\"author\":{\"@id\":\"https:\\\/\\\/dana.com.br\\\/canaldana\\\/#\\\/schema\\\/person\\\/3c21f22f56fcf3bc46b94bc60ea4fef6\"},\"breadcrumb\":{\"@id\":\"https:\\\/\\\/dana.com.br\\\/canaldana\\\/2024\\\/05\\\/02\\\/volvo-retoma-producao-de-caminhao-autonomo-no-pais\\\/#breadcrumb\"},\"inLanguage\":\"pt-BR\",\"potentialAction\":[{\"@type\":\"ReadAction\",\"target\":[\"https:\\\/\\\/dana.com.br\\\/canaldana\\\/2024\\\/05\\\/02\\\/volvo-retoma-producao-de-caminhao-autonomo-no-pais\\\/\"]}]},{\"@type\":\"BreadcrumbList\",\"@id\":\"https:\\\/\\\/dana.com.br\\\/canaldana\\\/2024\\\/05\\\/02\\\/volvo-retoma-producao-de-caminhao-autonomo-no-pais\\\/#breadcrumb\",\"itemListElement\":[{\"@type\":\"ListItem\",\"position\":1,\"name\":\"Home\",\"item\":\"https:\\\/\\\/dana.com.br\\\/canaldana\\\/\"},{\"@type\":\"ListItem\",\"position\":2,\"name\":\"Destaques\",\"item\":\"https:\\\/\\\/dana.com.br\\\/canaldana\\\/destaques\\\/\"},{\"@type\":\"ListItem\",\"position\":3,\"name\":\"Volvo retoma produ\u00e7\u00e3o de caminh\u00e3o aut\u00f4nomo no pa\u00eds\"}]},{\"@type\":\"WebSite\",\"@id\":\"https:\\\/\\\/dana.com.br\\\/canaldana\\\/#website\",\"url\":\"https:\\\/\\\/dana.com.br\\\/canaldana\\\/\",\"name\":\"Canal Dana\",\"description\":\"Informativo com as principais not\u00edcias da ind\u00fastria automotiva\",\"potentialAction\":[{\"@type\":\"SearchAction\",\"target\":{\"@type\":\"EntryPoint\",\"urlTemplate\":\"https:\\\/\\\/dana.com.br\\\/canaldana\\\/?s={search_term_string}\"},\"query-input\":{\"@type\":\"PropertyValueSpecification\",\"valueRequired\":true,\"valueName\":\"search_term_string\"}}],\"inLanguage\":\"pt-BR\"},{\"@type\":\"Person\",\"@id\":\"https:\\\/\\\/dana.com.br\\\/canaldana\\\/#\\\/schema\\\/person\\\/3c21f22f56fcf3bc46b94bc60ea4fef6\",\"name\":\"Canal Dana\",\"image\":{\"@type\":\"ImageObject\",\"inLanguage\":\"pt-BR\",\"@id\":\"https:\\\/\\\/secure.gravatar.com\\\/avatar\\\/420aaf9278582877d9018637c6817617705899d2858d7572ef0fe59a6b6454b4?s=96&d=mm&r=g\",\"url\":\"https:\\\/\\\/secure.gravatar.com\\\/avatar\\\/420aaf9278582877d9018637c6817617705899d2858d7572ef0fe59a6b6454b4?s=96&d=mm&r=g\",\"contentUrl\":\"https:\\\/\\\/secure.gravatar.com\\\/avatar\\\/420aaf9278582877d9018637c6817617705899d2858d7572ef0fe59a6b6454b4?s=96&d=mm&r=g\",\"caption\":\"Canal Dana\"},\"url\":\"https:\\\/\\\/dana.com.br\\\/canaldana\\\/author\\\/cdeditor\\\/\"}]}<\/script>\n<!-- \/ Yoast SEO plugin. -->","yoast_head_json":{"title":"Volvo retoma produ\u00e7\u00e3o de caminh\u00e3o aut\u00f4nomo no pa\u00eds - Canal Dana","robots":{"index":"index","follow":"follow","max-snippet":"max-snippet:-1","max-image-preview":"max-image-preview:large","max-video-preview":"max-video-preview:-1"},"canonical":"https:\/\/dana.com.br\/canaldana\/2024\/05\/02\/volvo-retoma-producao-de-caminhao-autonomo-no-pais\/","og_locale":"pt_BR","og_type":"article","og_title":"Volvo retoma produ\u00e7\u00e3o de caminh\u00e3o aut\u00f4nomo no pa\u00eds - Canal Dana","og_description":"Transporte Moderno &nbsp; A Volvo utilizou uma parte do seu \u00faltimo ciclo de investimentos de R$ 1,5 bilh\u00e3o, que compreende o per\u00edodo de 2023 a 2025, para retomar o desenvolvimento de caminh\u00f5es aut\u00f4nomos no pa\u00eds. A marca apresentou em primeira m\u00e3o na\u00a0 29\u00aa Agrishow o novo modelo com n\u00edvel 2 de autonomia montado sobre a\u2026 Leia mais \u00bb","og_url":"https:\/\/dana.com.br\/canaldana\/2024\/05\/02\/volvo-retoma-producao-de-caminhao-autonomo-no-pais\/","og_site_name":"Canal Dana","article_published_time":"2024-05-02T11:45:30+00:00","author":"Canal Dana","twitter_card":"summary_large_image","twitter_misc":{"Escrito por":"Canal Dana","Est. tempo de leitura":"3 minutos"},"schema":{"@context":"https:\/\/schema.org","@graph":[{"@type":"Article","@id":"https:\/\/dana.com.br\/canaldana\/2024\/05\/02\/volvo-retoma-producao-de-caminhao-autonomo-no-pais\/#article","isPartOf":{"@id":"https:\/\/dana.com.br\/canaldana\/2024\/05\/02\/volvo-retoma-producao-de-caminhao-autonomo-no-pais\/"},"author":{"name":"Canal Dana","@id":"https:\/\/dana.com.br\/canaldana\/#\/schema\/person\/3c21f22f56fcf3bc46b94bc60ea4fef6"},"headline":"Volvo retoma produ\u00e7\u00e3o de caminh\u00e3o aut\u00f4nomo no pa\u00eds","datePublished":"2024-05-02T11:45:30+00:00","mainEntityOfPage":{"@id":"https:\/\/dana.com.br\/canaldana\/2024\/05\/02\/volvo-retoma-producao-de-caminhao-autonomo-no-pais\/"},"wordCount":449,"articleSection":["Destaques"],"inLanguage":"pt-BR"},{"@type":"WebPage","@id":"https:\/\/dana.com.br\/canaldana\/2024\/05\/02\/volvo-retoma-producao-de-caminhao-autonomo-no-pais\/","url":"https:\/\/dana.com.br\/canaldana\/2024\/05\/02\/volvo-retoma-producao-de-caminhao-autonomo-no-pais\/","name":"Volvo retoma produ\u00e7\u00e3o de caminh\u00e3o aut\u00f4nomo no pa\u00eds - Canal Dana","isPartOf":{"@id":"https:\/\/dana.com.br\/canaldana\/#website"},"datePublished":"2024-05-02T11:45:30+00:00","author":{"@id":"https:\/\/dana.com.br\/canaldana\/#\/schema\/person\/3c21f22f56fcf3bc46b94bc60ea4fef6"},"breadcrumb":{"@id":"https:\/\/dana.com.br\/canaldana\/2024\/05\/02\/volvo-retoma-producao-de-caminhao-autonomo-no-pais\/#breadcrumb"},"inLanguage":"pt-BR","potentialAction":[{"@type":"ReadAction","target":["https:\/\/dana.com.br\/canaldana\/2024\/05\/02\/volvo-retoma-producao-de-caminhao-autonomo-no-pais\/"]}]},{"@type":"BreadcrumbList","@id":"https:\/\/dana.com.br\/canaldana\/2024\/05\/02\/volvo-retoma-producao-de-caminhao-autonomo-no-pais\/#breadcrumb","itemListElement":[{"@type":"ListItem","position":1,"name":"Home","item":"https:\/\/dana.com.br\/canaldana\/"},{"@type":"ListItem","position":2,"name":"Destaques","item":"https:\/\/dana.com.br\/canaldana\/destaques\/"},{"@type":"ListItem","position":3,"name":"Volvo retoma produ\u00e7\u00e3o de caminh\u00e3o aut\u00f4nomo no pa\u00eds"}]},{"@type":"WebSite","@id":"https:\/\/dana.com.br\/canaldana\/#website","url":"https:\/\/dana.com.br\/canaldana\/","name":"Canal Dana","description":"Informativo com as principais not\u00edcias da ind\u00fastria automotiva","potentialAction":[{"@type":"SearchAction","target":{"@type":"EntryPoint","urlTemplate":"https:\/\/dana.com.br\/canaldana\/?s={search_term_string}"},"query-input":{"@type":"PropertyValueSpecification","valueRequired":true,"valueName":"search_term_string"}}],"inLanguage":"pt-BR"},{"@type":"Person","@id":"https:\/\/dana.com.br\/canaldana\/#\/schema\/person\/3c21f22f56fcf3bc46b94bc60ea4fef6","name":"Canal Dana","image":{"@type":"ImageObject","inLanguage":"pt-BR","@id":"https:\/\/secure.gravatar.com\/avatar\/420aaf9278582877d9018637c6817617705899d2858d7572ef0fe59a6b6454b4?s=96&d=mm&r=g","url":"https:\/\/secure.gravatar.com\/avatar\/420aaf9278582877d9018637c6817617705899d2858d7572ef0fe59a6b6454b4?s=96&d=mm&r=g","contentUrl":"https:\/\/secure.gravatar.com\/avatar\/420aaf9278582877d9018637c6817617705899d2858d7572ef0fe59a6b6454b4?s=96&d=mm&r=g","caption":"Canal Dana"},"url":"https:\/\/dana.com.br\/canaldana\/author\/cdeditor\/"}]}},"_links":{"self":[{"href":"https:\/\/dana.com.br\/canaldana\/wp-json\/wp\/v2\/posts\/73250","targetHints":{"allow":["GET"]}}],"collection":[{"href":"https:\/\/dana.com.br\/canaldana\/wp-json\/wp\/v2\/posts"}],"about":[{"href":"https:\/\/dana.com.br\/canaldana\/wp-json\/wp\/v2\/types\/post"}],"author":[{"embeddable":true,"href":"https:\/\/dana.com.br\/canaldana\/wp-json\/wp\/v2\/users\/3"}],"replies":[{"embeddable":true,"href":"https:\/\/dana.com.br\/canaldana\/wp-json\/wp\/v2\/comments?post=73250"}],"version-history":[{"count":1,"href":"https:\/\/dana.com.br\/canaldana\/wp-json\/wp\/v2\/posts\/73250\/revisions"}],"predecessor-version":[{"id":73251,"href":"https:\/\/dana.com.br\/canaldana\/wp-json\/wp\/v2\/posts\/73250\/revisions\/73251"}],"wp:attachment":[{"href":"https:\/\/dana.com.br\/canaldana\/wp-json\/wp\/v2\/media?parent=73250"}],"wp:term":[{"taxonomy":"category","embeddable":true,"href":"https:\/\/dana.com.br\/canaldana\/wp-json\/wp\/v2\/categories?post=73250"},{"taxonomy":"post_tag","embeddable":true,"href":"https:\/\/dana.com.br\/canaldana\/wp-json\/wp\/v2\/tags?post=73250"}],"curies":[{"name":"wp","href":"https:\/\/api.w.org\/{rel}","templated":true}]}}