{"id":73133,"date":"2024-04-25T08:31:38","date_gmt":"2024-04-25T11:31:38","guid":{"rendered":"https:\/\/dana.com.br\/canaldana\/?p=73133"},"modified":"2024-04-25T08:31:38","modified_gmt":"2024-04-25T11:31:38","slug":"governo-livra-ultraprocessado-e-inclui-carros-em-imposto-do-pecado","status":"publish","type":"post","link":"https:\/\/dana.com.br\/canaldana\/2024\/04\/25\/governo-livra-ultraprocessado-e-inclui-carros-em-imposto-do-pecado\/","title":{"rendered":"Governo livra ultraprocessado e inclui carros em \u2018imposto do pecado\u2019"},"content":{"rendered":"<p><em>O Estado de S. Paulo <\/em><\/p>\n<p>&nbsp;<\/p>\n<p>O governo enviou ao Congresso o primeiro projeto de lei complementar de regulamenta\u00e7\u00e3o dos novos impostos sobre o consumo, quatro meses ap\u00f3s a promulga\u00e7\u00e3o da PEC da reforma tribut\u00e1ria. O texto prev\u00ea que o Imposto Seletivo, chamado de \u201cimposto do pecado\u201d, incida sobre ve\u00edculos, embarca\u00e7\u00f5es, aeronaves, cigarros, bebidas alco\u00f3licas, bebidas a\u00e7ucaradas e bens minerais extra\u00eddos. Os alimentos ultraprocessados, aqueles que passam por diversos processos industriais, ficaram fora da lista, apesar de recomenda\u00e7\u00e3o do Minist\u00e9rio da Sa\u00fade. No total, o projeto tem 360 p\u00e1ginas e inclui tamb\u00e9m o funcionamento do Imposto sobre Valor Agregado (o IVA, que unificar\u00e1 5 tributos). O Minist\u00e9rio da Fazenda estima uma al\u00edquota m\u00e9dia de 26,5%, que poder\u00e1 variar de 25,7% a 27,3%.<\/p>\n<p>&nbsp;<\/p>\n<p>Quatro meses ap\u00f3s a promulga\u00e7\u00e3o da Proposta de Emenda \u00e0 Constitui\u00e7\u00e3o (PEC) da reforma tribut\u00e1ria, o governo enviou ontem ao Congresso o primeiro projeto de lei complementar de regulamenta\u00e7\u00e3o dos novos impostos sobre o consumo. O texto, a que o Estad\u00e3o teve acesso, prev\u00ea que o Imposto Seletivo, chamado de \u201cimposto do pecado\u201d, vai incidir sobre ve\u00edculos, embarca\u00e7\u00f5es e aeronaves; cigarros; bebidas alco\u00f3licas; bebidas a\u00e7ucaradas; e bens minerais extra\u00eddos.<\/p>\n<p>&nbsp;<\/p>\n<p>J\u00e1 os alimentos ultraprocessados (que passam por diversos processos industriais) ficaram fora da lista, apesar da recomenda\u00e7\u00e3o do Minist\u00e9rio da Sa\u00fade e da press\u00e3o de entidades da \u00e1rea e da sociedade civil.<\/p>\n<p>&nbsp;<\/p>\n<p>Segundo o texto, a incid\u00eancia do seletivo sobre a aquisi\u00e7\u00e3o de ve\u00edculos, aeronaves e embarca\u00e7\u00f5es se justificaria por \u201cserem emissores de poluentes que causam danos ao meio ambiente e ao homem\u201d.<\/p>\n<p>&nbsp;<\/p>\n<p>A proposta \u00e9 para que as al\u00edquotas incidam sobre ve\u00edculos automotores classificados como autom\u00f3veis e ve\u00edculos comerciais leves e variem a partir de uma al\u00edquota base, de acordo com os atributos de cada ve\u00edculo.<\/p>\n<p>&nbsp;<\/p>\n<p>No total, o projeto apresentado ontem tem 360 p\u00e1ginas e traz o cora\u00e7\u00e3o do novo sistema, que inclui o funcionamento do Imposto sobre Valor Agregado (o IVA, que unificar\u00e1 5 tributos) e do pr\u00f3prio Imposto Seletivo \u2013 que tem como pressuposto a incid\u00eancia sobre bens e servi\u00e7os considerados nocivos \u00e0 sa\u00fade ou ao meio ambiente.<\/p>\n<p>&nbsp;<\/p>\n<p>O desenho final dessa regulamenta\u00e7\u00e3o ter\u00e1 efeito direto sobre a al\u00edquota que ser\u00e1 cobrada dos consumidores. O Minist\u00e9rio da Fazenda estima uma al\u00edquota m\u00e9dia de 26,5%, que poder\u00e1 variar de 25,7% a 27,3%, a depender de fatores como sonega\u00e7\u00e3o, elis\u00e3o fiscal (pr\u00e1tica que aproveita brechas na lei para reduzir a tributa\u00e7\u00e3o), disputas de empresas com o Fisco (que acabam em lit\u00edgio judicial) e ainda inadimpl\u00eancia.<\/p>\n<p>&nbsp;<\/p>\n<p>Trata-se de uma nova \u2013 e, provavelmente, ainda mais dura \u2013 batalha a ser travada no Congresso, com uma mir\u00edade de detalhes que ser\u00e3o alvo de lobbies e interesses variados, tanto de setores quanto de entes da Federa\u00e7\u00e3o.<\/p>\n<p>&nbsp;<\/p>\n<p>N\u00e3o \u00e0 toa, o ministro Fernando Haddad foi pessoalmente entregar o texto aos presidentes das duas Casas: o deputado Arthur Lira (PP-AL) e o senador Rodrigo Pacheco (PSD-MG).<\/p>\n<p>&nbsp;<\/p>\n<p>Entre os pontos mais controversos, est\u00e3o ainda a cesta b\u00e1sica e os regimes diferenciados, al\u00e9m de todo o sistema de creditamento \u2013 uma vez que a reforma prev\u00ea a n\u00e3o cumulatividade plena, colocando fim \u00e0 tributa\u00e7\u00e3o em cascata e permitindo \u00e0s empresas se creditarem dos impostos cobrados na etapa anterior da cadeia. (O Estado de S. Paulo\/Bianca Lima, Mariana Carneiro e Alvaro Gribel)<\/p>\n","protected":false},"excerpt":{"rendered":"<p>O Estado de S. Paulo &nbsp; O governo enviou ao Congresso o primeiro projeto de lei complementar de regulamenta\u00e7\u00e3o dos novos impostos sobre o consumo, quatro meses ap\u00f3s a promulga\u00e7\u00e3o da PEC da reforma tribut\u00e1ria. O texto prev\u00ea que o Imposto Seletivo, chamado de \u201cimposto do pecado\u201d, incida sobre ve\u00edculos, embarca\u00e7\u00f5es, aeronaves, cigarros, bebidas alco\u00f3licas,\u2026 <a class=\"readmore\" href=\"https:\/\/dana.com.br\/canaldana\/2024\/04\/25\/governo-livra-ultraprocessado-e-inclui-carros-em-imposto-do-pecado\/\">Leia mais \u00bb<\/a><\/p>\n","protected":false},"author":3,"featured_media":0,"comment_status":"closed","ping_status":"closed","sticky":false,"template":"","format":"standard","meta":{"_acf_changed":false,"footnotes":""},"categories":[61],"tags":[],"class_list":["post-73133","post","type-post","status-publish","format-standard","hentry","category-destaques"],"acf":[],"yoast_head":"<!-- This site is optimized with the Yoast SEO plugin v27.3 - https:\/\/yoast.com\/product\/yoast-seo-wordpress\/ -->\n<title>Governo livra ultraprocessado e inclui carros em \u2018imposto do pecado\u2019 - Canal Dana<\/title>\n<meta name=\"robots\" content=\"index, follow, max-snippet:-1, max-image-preview:large, max-video-preview:-1\" \/>\n<link rel=\"canonical\" href=\"https:\/\/dana.com.br\/canaldana\/2024\/04\/25\/governo-livra-ultraprocessado-e-inclui-carros-em-imposto-do-pecado\/\" \/>\n<meta property=\"og:locale\" content=\"pt_BR\" \/>\n<meta property=\"og:type\" content=\"article\" \/>\n<meta property=\"og:title\" content=\"Governo livra ultraprocessado e inclui carros em \u2018imposto do pecado\u2019 - Canal Dana\" \/>\n<meta property=\"og:description\" content=\"O Estado de S. Paulo &nbsp; O governo enviou ao Congresso o primeiro projeto de lei complementar de regulamenta\u00e7\u00e3o dos novos impostos sobre o consumo, quatro meses ap\u00f3s a promulga\u00e7\u00e3o da PEC da reforma tribut\u00e1ria. O texto prev\u00ea que o Imposto Seletivo, chamado de \u201cimposto do pecado\u201d, incida sobre ve\u00edculos, embarca\u00e7\u00f5es, aeronaves, cigarros, bebidas alco\u00f3licas,\u2026 Leia mais \u00bb\" \/>\n<meta property=\"og:url\" content=\"https:\/\/dana.com.br\/canaldana\/2024\/04\/25\/governo-livra-ultraprocessado-e-inclui-carros-em-imposto-do-pecado\/\" \/>\n<meta property=\"og:site_name\" content=\"Canal Dana\" \/>\n<meta property=\"article:published_time\" content=\"2024-04-25T11:31:38+00:00\" \/>\n<meta name=\"author\" content=\"Canal Dana\" \/>\n<meta name=\"twitter:card\" content=\"summary_large_image\" \/>\n<meta name=\"twitter:label1\" content=\"Escrito por\" \/>\n\t<meta name=\"twitter:data1\" content=\"Canal Dana\" \/>\n\t<meta name=\"twitter:label2\" content=\"Est. tempo de leitura\" \/>\n\t<meta name=\"twitter:data2\" content=\"3 minutos\" \/>\n<script type=\"application\/ld+json\" class=\"yoast-schema-graph\">{\"@context\":\"https:\\\/\\\/schema.org\",\"@graph\":[{\"@type\":\"Article\",\"@id\":\"https:\\\/\\\/dana.com.br\\\/canaldana\\\/2024\\\/04\\\/25\\\/governo-livra-ultraprocessado-e-inclui-carros-em-imposto-do-pecado\\\/#article\",\"isPartOf\":{\"@id\":\"https:\\\/\\\/dana.com.br\\\/canaldana\\\/2024\\\/04\\\/25\\\/governo-livra-ultraprocessado-e-inclui-carros-em-imposto-do-pecado\\\/\"},\"author\":{\"name\":\"Canal Dana\",\"@id\":\"https:\\\/\\\/dana.com.br\\\/canaldana\\\/#\\\/schema\\\/person\\\/3c21f22f56fcf3bc46b94bc60ea4fef6\"},\"headline\":\"Governo livra ultraprocessado e inclui carros em \u2018imposto do pecado\u2019\",\"datePublished\":\"2024-04-25T11:31:38+00:00\",\"mainEntityOfPage\":{\"@id\":\"https:\\\/\\\/dana.com.br\\\/canaldana\\\/2024\\\/04\\\/25\\\/governo-livra-ultraprocessado-e-inclui-carros-em-imposto-do-pecado\\\/\"},\"wordCount\":606,\"articleSection\":[\"Destaques\"],\"inLanguage\":\"pt-BR\"},{\"@type\":\"WebPage\",\"@id\":\"https:\\\/\\\/dana.com.br\\\/canaldana\\\/2024\\\/04\\\/25\\\/governo-livra-ultraprocessado-e-inclui-carros-em-imposto-do-pecado\\\/\",\"url\":\"https:\\\/\\\/dana.com.br\\\/canaldana\\\/2024\\\/04\\\/25\\\/governo-livra-ultraprocessado-e-inclui-carros-em-imposto-do-pecado\\\/\",\"name\":\"Governo livra ultraprocessado e inclui carros em \u2018imposto do pecado\u2019 - Canal Dana\",\"isPartOf\":{\"@id\":\"https:\\\/\\\/dana.com.br\\\/canaldana\\\/#website\"},\"datePublished\":\"2024-04-25T11:31:38+00:00\",\"author\":{\"@id\":\"https:\\\/\\\/dana.com.br\\\/canaldana\\\/#\\\/schema\\\/person\\\/3c21f22f56fcf3bc46b94bc60ea4fef6\"},\"breadcrumb\":{\"@id\":\"https:\\\/\\\/dana.com.br\\\/canaldana\\\/2024\\\/04\\\/25\\\/governo-livra-ultraprocessado-e-inclui-carros-em-imposto-do-pecado\\\/#breadcrumb\"},\"inLanguage\":\"pt-BR\",\"potentialAction\":[{\"@type\":\"ReadAction\",\"target\":[\"https:\\\/\\\/dana.com.br\\\/canaldana\\\/2024\\\/04\\\/25\\\/governo-livra-ultraprocessado-e-inclui-carros-em-imposto-do-pecado\\\/\"]}]},{\"@type\":\"BreadcrumbList\",\"@id\":\"https:\\\/\\\/dana.com.br\\\/canaldana\\\/2024\\\/04\\\/25\\\/governo-livra-ultraprocessado-e-inclui-carros-em-imposto-do-pecado\\\/#breadcrumb\",\"itemListElement\":[{\"@type\":\"ListItem\",\"position\":1,\"name\":\"Home\",\"item\":\"https:\\\/\\\/dana.com.br\\\/canaldana\\\/\"},{\"@type\":\"ListItem\",\"position\":2,\"name\":\"Destaques\",\"item\":\"https:\\\/\\\/dana.com.br\\\/canaldana\\\/destaques\\\/\"},{\"@type\":\"ListItem\",\"position\":3,\"name\":\"Governo livra ultraprocessado e inclui carros em \u2018imposto do pecado\u2019\"}]},{\"@type\":\"WebSite\",\"@id\":\"https:\\\/\\\/dana.com.br\\\/canaldana\\\/#website\",\"url\":\"https:\\\/\\\/dana.com.br\\\/canaldana\\\/\",\"name\":\"Canal Dana\",\"description\":\"Informativo com as principais not\u00edcias da ind\u00fastria automotiva\",\"potentialAction\":[{\"@type\":\"SearchAction\",\"target\":{\"@type\":\"EntryPoint\",\"urlTemplate\":\"https:\\\/\\\/dana.com.br\\\/canaldana\\\/?s={search_term_string}\"},\"query-input\":{\"@type\":\"PropertyValueSpecification\",\"valueRequired\":true,\"valueName\":\"search_term_string\"}}],\"inLanguage\":\"pt-BR\"},{\"@type\":\"Person\",\"@id\":\"https:\\\/\\\/dana.com.br\\\/canaldana\\\/#\\\/schema\\\/person\\\/3c21f22f56fcf3bc46b94bc60ea4fef6\",\"name\":\"Canal Dana\",\"image\":{\"@type\":\"ImageObject\",\"inLanguage\":\"pt-BR\",\"@id\":\"https:\\\/\\\/secure.gravatar.com\\\/avatar\\\/420aaf9278582877d9018637c6817617705899d2858d7572ef0fe59a6b6454b4?s=96&d=mm&r=g\",\"url\":\"https:\\\/\\\/secure.gravatar.com\\\/avatar\\\/420aaf9278582877d9018637c6817617705899d2858d7572ef0fe59a6b6454b4?s=96&d=mm&r=g\",\"contentUrl\":\"https:\\\/\\\/secure.gravatar.com\\\/avatar\\\/420aaf9278582877d9018637c6817617705899d2858d7572ef0fe59a6b6454b4?s=96&d=mm&r=g\",\"caption\":\"Canal Dana\"},\"url\":\"https:\\\/\\\/dana.com.br\\\/canaldana\\\/author\\\/cdeditor\\\/\"}]}<\/script>\n<!-- \/ Yoast SEO plugin. -->","yoast_head_json":{"title":"Governo livra ultraprocessado e inclui carros em \u2018imposto do pecado\u2019 - Canal Dana","robots":{"index":"index","follow":"follow","max-snippet":"max-snippet:-1","max-image-preview":"max-image-preview:large","max-video-preview":"max-video-preview:-1"},"canonical":"https:\/\/dana.com.br\/canaldana\/2024\/04\/25\/governo-livra-ultraprocessado-e-inclui-carros-em-imposto-do-pecado\/","og_locale":"pt_BR","og_type":"article","og_title":"Governo livra ultraprocessado e inclui carros em \u2018imposto do pecado\u2019 - Canal Dana","og_description":"O Estado de S. Paulo &nbsp; O governo enviou ao Congresso o primeiro projeto de lei complementar de regulamenta\u00e7\u00e3o dos novos impostos sobre o consumo, quatro meses ap\u00f3s a promulga\u00e7\u00e3o da PEC da reforma tribut\u00e1ria. O texto prev\u00ea que o Imposto Seletivo, chamado de \u201cimposto do pecado\u201d, incida sobre ve\u00edculos, embarca\u00e7\u00f5es, aeronaves, cigarros, bebidas alco\u00f3licas,\u2026 Leia mais \u00bb","og_url":"https:\/\/dana.com.br\/canaldana\/2024\/04\/25\/governo-livra-ultraprocessado-e-inclui-carros-em-imposto-do-pecado\/","og_site_name":"Canal Dana","article_published_time":"2024-04-25T11:31:38+00:00","author":"Canal Dana","twitter_card":"summary_large_image","twitter_misc":{"Escrito por":"Canal Dana","Est. tempo de leitura":"3 minutos"},"schema":{"@context":"https:\/\/schema.org","@graph":[{"@type":"Article","@id":"https:\/\/dana.com.br\/canaldana\/2024\/04\/25\/governo-livra-ultraprocessado-e-inclui-carros-em-imposto-do-pecado\/#article","isPartOf":{"@id":"https:\/\/dana.com.br\/canaldana\/2024\/04\/25\/governo-livra-ultraprocessado-e-inclui-carros-em-imposto-do-pecado\/"},"author":{"name":"Canal Dana","@id":"https:\/\/dana.com.br\/canaldana\/#\/schema\/person\/3c21f22f56fcf3bc46b94bc60ea4fef6"},"headline":"Governo livra ultraprocessado e inclui carros em \u2018imposto do pecado\u2019","datePublished":"2024-04-25T11:31:38+00:00","mainEntityOfPage":{"@id":"https:\/\/dana.com.br\/canaldana\/2024\/04\/25\/governo-livra-ultraprocessado-e-inclui-carros-em-imposto-do-pecado\/"},"wordCount":606,"articleSection":["Destaques"],"inLanguage":"pt-BR"},{"@type":"WebPage","@id":"https:\/\/dana.com.br\/canaldana\/2024\/04\/25\/governo-livra-ultraprocessado-e-inclui-carros-em-imposto-do-pecado\/","url":"https:\/\/dana.com.br\/canaldana\/2024\/04\/25\/governo-livra-ultraprocessado-e-inclui-carros-em-imposto-do-pecado\/","name":"Governo livra ultraprocessado e inclui carros em \u2018imposto do pecado\u2019 - Canal Dana","isPartOf":{"@id":"https:\/\/dana.com.br\/canaldana\/#website"},"datePublished":"2024-04-25T11:31:38+00:00","author":{"@id":"https:\/\/dana.com.br\/canaldana\/#\/schema\/person\/3c21f22f56fcf3bc46b94bc60ea4fef6"},"breadcrumb":{"@id":"https:\/\/dana.com.br\/canaldana\/2024\/04\/25\/governo-livra-ultraprocessado-e-inclui-carros-em-imposto-do-pecado\/#breadcrumb"},"inLanguage":"pt-BR","potentialAction":[{"@type":"ReadAction","target":["https:\/\/dana.com.br\/canaldana\/2024\/04\/25\/governo-livra-ultraprocessado-e-inclui-carros-em-imposto-do-pecado\/"]}]},{"@type":"BreadcrumbList","@id":"https:\/\/dana.com.br\/canaldana\/2024\/04\/25\/governo-livra-ultraprocessado-e-inclui-carros-em-imposto-do-pecado\/#breadcrumb","itemListElement":[{"@type":"ListItem","position":1,"name":"Home","item":"https:\/\/dana.com.br\/canaldana\/"},{"@type":"ListItem","position":2,"name":"Destaques","item":"https:\/\/dana.com.br\/canaldana\/destaques\/"},{"@type":"ListItem","position":3,"name":"Governo livra ultraprocessado e inclui carros em \u2018imposto do pecado\u2019"}]},{"@type":"WebSite","@id":"https:\/\/dana.com.br\/canaldana\/#website","url":"https:\/\/dana.com.br\/canaldana\/","name":"Canal Dana","description":"Informativo com as principais not\u00edcias da ind\u00fastria automotiva","potentialAction":[{"@type":"SearchAction","target":{"@type":"EntryPoint","urlTemplate":"https:\/\/dana.com.br\/canaldana\/?s={search_term_string}"},"query-input":{"@type":"PropertyValueSpecification","valueRequired":true,"valueName":"search_term_string"}}],"inLanguage":"pt-BR"},{"@type":"Person","@id":"https:\/\/dana.com.br\/canaldana\/#\/schema\/person\/3c21f22f56fcf3bc46b94bc60ea4fef6","name":"Canal Dana","image":{"@type":"ImageObject","inLanguage":"pt-BR","@id":"https:\/\/secure.gravatar.com\/avatar\/420aaf9278582877d9018637c6817617705899d2858d7572ef0fe59a6b6454b4?s=96&d=mm&r=g","url":"https:\/\/secure.gravatar.com\/avatar\/420aaf9278582877d9018637c6817617705899d2858d7572ef0fe59a6b6454b4?s=96&d=mm&r=g","contentUrl":"https:\/\/secure.gravatar.com\/avatar\/420aaf9278582877d9018637c6817617705899d2858d7572ef0fe59a6b6454b4?s=96&d=mm&r=g","caption":"Canal Dana"},"url":"https:\/\/dana.com.br\/canaldana\/author\/cdeditor\/"}]}},"_links":{"self":[{"href":"https:\/\/dana.com.br\/canaldana\/wp-json\/wp\/v2\/posts\/73133","targetHints":{"allow":["GET"]}}],"collection":[{"href":"https:\/\/dana.com.br\/canaldana\/wp-json\/wp\/v2\/posts"}],"about":[{"href":"https:\/\/dana.com.br\/canaldana\/wp-json\/wp\/v2\/types\/post"}],"author":[{"embeddable":true,"href":"https:\/\/dana.com.br\/canaldana\/wp-json\/wp\/v2\/users\/3"}],"replies":[{"embeddable":true,"href":"https:\/\/dana.com.br\/canaldana\/wp-json\/wp\/v2\/comments?post=73133"}],"version-history":[{"count":1,"href":"https:\/\/dana.com.br\/canaldana\/wp-json\/wp\/v2\/posts\/73133\/revisions"}],"predecessor-version":[{"id":73134,"href":"https:\/\/dana.com.br\/canaldana\/wp-json\/wp\/v2\/posts\/73133\/revisions\/73134"}],"wp:attachment":[{"href":"https:\/\/dana.com.br\/canaldana\/wp-json\/wp\/v2\/media?parent=73133"}],"wp:term":[{"taxonomy":"category","embeddable":true,"href":"https:\/\/dana.com.br\/canaldana\/wp-json\/wp\/v2\/categories?post=73133"},{"taxonomy":"post_tag","embeddable":true,"href":"https:\/\/dana.com.br\/canaldana\/wp-json\/wp\/v2\/tags?post=73133"}],"curies":[{"name":"wp","href":"https:\/\/api.w.org\/{rel}","templated":true}]}}