{"id":73117,"date":"2024-04-25T08:26:44","date_gmt":"2024-04-25T11:26:44","guid":{"rendered":"https:\/\/dana.com.br\/canaldana\/?p=73117"},"modified":"2024-04-25T08:26:44","modified_gmt":"2024-04-25T11:26:44","slug":"frota-brasileira-envelhece-e-idade-media-dos-carros-supera-11-anos","status":"publish","type":"post","link":"https:\/\/dana.com.br\/canaldana\/2024\/04\/25\/frota-brasileira-envelhece-e-idade-media-dos-carros-supera-11-anos\/","title":{"rendered":"Frota brasileira envelhece e idade m\u00e9dia dos carros supera 11 anos"},"content":{"rendered":"<p><em>AutoInd\u00fastria <\/em><\/p>\n<p>&nbsp;<\/p>\n<p>O Sindipe\u00e7as acaba de atualizar em seu site os n\u00fameros da frota circulante brasileira, que atingiu 47 milh\u00f5es de ve\u00edculos, entre leves e pesados, e 60,4 milh\u00f5es de motocicletas no ano passado.<\/p>\n<p>&nbsp;<\/p>\n<p>Com rela\u00e7\u00e3o \u00e0 idade m\u00e9dia, a entidade destaca que segue firme o processo de envelhecimento da frota brasileira. A idade m\u00e9dia \u00e9 de 10 anos e 8 meses para ve\u00edculos e 8 anos e 3 meses para motocicletas.<\/p>\n<p>&nbsp;<\/p>\n<p>Por segmento o comportamento \u00e9 o seguinte: 11 anos e 1 m\u00eas para autom\u00f3veis, 8 anos e 9 meses para comerciais leves, 12 anos e 2 meses para caminh\u00f5es e 11 anos e tr\u00eas meses para os \u00f4nibus.<\/p>\n<p>&nbsp;<\/p>\n<p>Do total de 47 milh\u00f5es de ve\u00edculos, 38,4 milh\u00f5es s\u00e3o carros (81,5% do total) e 6,2 milh\u00f5es referem-se a comerciais leves (13%). Do restante, 2,2 milh\u00f5es de caminh\u00f5es (4,6%) e 388,9 mil \u00f4nibus (0,8%).<\/p>\n<p>&nbsp;<\/p>\n<p>Nos \u00faltimos 10 anos o envelhecimento da frota de ve\u00edculos aumentou em mais de 2 anos. Em rela\u00e7\u00e3o a 2022, houve movimento de queda na representatividade de ve\u00edculos com menos idade, aqueles com at\u00e9 5 anos (-4,3%) e de 6 a 10 anos (-8,3%), e o aumento dos ve\u00edculos com maior idade, de 11 a 15 anos (5,6%) e de 6 a 20 anos (14,9%).<\/p>\n<p>&nbsp;<\/p>\n<p>Na avalia\u00e7\u00e3o do Sindipe\u00e7as, o encarecimento do valor do ve\u00edculo devido \u00e0 incorpora\u00e7\u00e3o de novas tecnologias, seja por itens de seguran\u00e7a ou energia limpa, al\u00e9m das altas taxas de juros, n\u00edvel elevado de inadimpl\u00eancia, dificuldade de obten\u00e7\u00e3o de cr\u00e9dito e desvaloriza\u00e7\u00e3o cambial n\u00e3o oferecem um cen\u00e1rio prop\u00edcio para alterar essa realidade.<\/p>\n<p>&nbsp;<\/p>\n<p>\u201cTransformar o cen\u00e1rio automotivo no Brasil, impulsionando-o para posi\u00e7\u00f5es mais altas no ranking automotivo mundial, seja em vendas, seja em produ\u00e7\u00e3o, exige estabilidade macroecon\u00f4mica a m\u00e9dio e longo prazos, aliada \u00e0 implementa\u00e7\u00f5es de pol\u00edticas p\u00fablicas que incentivem a renova\u00e7\u00e3o da frota circulante e, consequentemente, garantam um tr\u00e2nsito mais sustent\u00e1vel, do ponto de vista de seguran\u00e7a veicular e ambiental\u201d, destaca o sindicatos dos fabricantes de autope\u00e7as em seu relat\u00f3rio anual sobre a frota circulante.<\/p>\n<p>&nbsp;<\/p>\n<p>Esse conjunto de fatores, de acordo com a entidade, se traduziu na lenta evolu\u00e7\u00e3o da produ\u00e7\u00e3o e das vendas do setor. Entre 2020 e 2023, a fabrica\u00e7\u00e3o de ve\u00edculos novos (m\u00e9dia de 2,2 milh\u00f5es de unidades no per\u00edodo) n\u00e3o conseguiu se aproximar das 2,9 milh\u00f5es de unidades geradas em 2019 e manteve dist\u00e2ncia oce\u00e2nica das 3,7 milh\u00f5es de unidades de 2013.<\/p>\n<p>&nbsp;<\/p>\n<p>Igualmente, os licenciamentos nacionais que haviam alcan\u00e7ado 2,5 milh\u00f5es em 2019 \u2212 e cifra recorde de 3,1 milh\u00f5es de unidades em 2013 \u2212 n\u00e3o chegaram em nenhum dos anos p\u00f3s-pandemia a volumes superiores a 2 milh\u00f5es de unidades.<\/p>\n<p>&nbsp;<\/p>\n<p>Essa realidade se manteve inalterada em 2023. O montante de autove\u00edculos em circula\u00e7\u00e3o apresentou incremento de 0,5% em rela\u00e7\u00e3o ao ano anterior, sendo que em 2022 havia sido de 0,6%. Na m\u00e9dia dos \u00faltimos quatro anos (2020\u20132023), a frota brasileira cresceu m\u00edsero 0,7%, o que corrobora seu processo de envelhecimento. (AutoInd\u00fastria\/Alzira Rodrigues)<\/p>\n","protected":false},"excerpt":{"rendered":"<p>AutoInd\u00fastria &nbsp; O Sindipe\u00e7as acaba de atualizar em seu site os n\u00fameros da frota circulante brasileira, que atingiu 47 milh\u00f5es de ve\u00edculos, entre leves e pesados, e 60,4 milh\u00f5es de motocicletas no ano passado. &nbsp; Com rela\u00e7\u00e3o \u00e0 idade m\u00e9dia, a entidade destaca que segue firme o processo de envelhecimento da frota brasileira. A idade\u2026 <a class=\"readmore\" href=\"https:\/\/dana.com.br\/canaldana\/2024\/04\/25\/frota-brasileira-envelhece-e-idade-media-dos-carros-supera-11-anos\/\">Leia mais \u00bb<\/a><\/p>\n","protected":false},"author":3,"featured_media":0,"comment_status":"closed","ping_status":"closed","sticky":false,"template":"","format":"standard","meta":{"_acf_changed":false,"footnotes":""},"categories":[79],"tags":[],"class_list":["post-73117","post","type-post","status-publish","format-standard","hentry","category-mercado"],"acf":[],"yoast_head":"<!-- This site is optimized with the Yoast SEO plugin v27.3 - https:\/\/yoast.com\/product\/yoast-seo-wordpress\/ -->\n<title>Frota brasileira envelhece e idade m\u00e9dia dos carros supera 11 anos - Canal Dana<\/title>\n<meta name=\"robots\" content=\"index, follow, max-snippet:-1, max-image-preview:large, max-video-preview:-1\" \/>\n<link rel=\"canonical\" href=\"https:\/\/dana.com.br\/canaldana\/2024\/04\/25\/frota-brasileira-envelhece-e-idade-media-dos-carros-supera-11-anos\/\" \/>\n<meta property=\"og:locale\" content=\"pt_BR\" \/>\n<meta property=\"og:type\" content=\"article\" \/>\n<meta property=\"og:title\" content=\"Frota brasileira envelhece e idade m\u00e9dia dos carros supera 11 anos - Canal Dana\" \/>\n<meta property=\"og:description\" content=\"AutoInd\u00fastria &nbsp; O Sindipe\u00e7as acaba de atualizar em seu site os n\u00fameros da frota circulante brasileira, que atingiu 47 milh\u00f5es de ve\u00edculos, entre leves e pesados, e 60,4 milh\u00f5es de motocicletas no ano passado. &nbsp; Com rela\u00e7\u00e3o \u00e0 idade m\u00e9dia, a entidade destaca que segue firme o processo de envelhecimento da frota brasileira. A idade\u2026 Leia mais \u00bb\" \/>\n<meta property=\"og:url\" content=\"https:\/\/dana.com.br\/canaldana\/2024\/04\/25\/frota-brasileira-envelhece-e-idade-media-dos-carros-supera-11-anos\/\" \/>\n<meta property=\"og:site_name\" content=\"Canal Dana\" \/>\n<meta property=\"article:published_time\" content=\"2024-04-25T11:26:44+00:00\" \/>\n<meta name=\"author\" content=\"Canal Dana\" \/>\n<meta name=\"twitter:card\" content=\"summary_large_image\" \/>\n<meta name=\"twitter:label1\" content=\"Escrito por\" \/>\n\t<meta name=\"twitter:data1\" content=\"Canal Dana\" \/>\n\t<meta name=\"twitter:label2\" content=\"Est. tempo de leitura\" \/>\n\t<meta name=\"twitter:data2\" content=\"3 minutos\" \/>\n<script type=\"application\/ld+json\" class=\"yoast-schema-graph\">{\"@context\":\"https:\\\/\\\/schema.org\",\"@graph\":[{\"@type\":\"Article\",\"@id\":\"https:\\\/\\\/dana.com.br\\\/canaldana\\\/2024\\\/04\\\/25\\\/frota-brasileira-envelhece-e-idade-media-dos-carros-supera-11-anos\\\/#article\",\"isPartOf\":{\"@id\":\"https:\\\/\\\/dana.com.br\\\/canaldana\\\/2024\\\/04\\\/25\\\/frota-brasileira-envelhece-e-idade-media-dos-carros-supera-11-anos\\\/\"},\"author\":{\"name\":\"Canal Dana\",\"@id\":\"https:\\\/\\\/dana.com.br\\\/canaldana\\\/#\\\/schema\\\/person\\\/3c21f22f56fcf3bc46b94bc60ea4fef6\"},\"headline\":\"Frota brasileira envelhece e idade m\u00e9dia dos carros supera 11 anos\",\"datePublished\":\"2024-04-25T11:26:44+00:00\",\"mainEntityOfPage\":{\"@id\":\"https:\\\/\\\/dana.com.br\\\/canaldana\\\/2024\\\/04\\\/25\\\/frota-brasileira-envelhece-e-idade-media-dos-carros-supera-11-anos\\\/\"},\"wordCount\":523,\"articleSection\":[\"Mercado\"],\"inLanguage\":\"pt-BR\"},{\"@type\":\"WebPage\",\"@id\":\"https:\\\/\\\/dana.com.br\\\/canaldana\\\/2024\\\/04\\\/25\\\/frota-brasileira-envelhece-e-idade-media-dos-carros-supera-11-anos\\\/\",\"url\":\"https:\\\/\\\/dana.com.br\\\/canaldana\\\/2024\\\/04\\\/25\\\/frota-brasileira-envelhece-e-idade-media-dos-carros-supera-11-anos\\\/\",\"name\":\"Frota brasileira envelhece e idade m\u00e9dia dos carros supera 11 anos - Canal Dana\",\"isPartOf\":{\"@id\":\"https:\\\/\\\/dana.com.br\\\/canaldana\\\/#website\"},\"datePublished\":\"2024-04-25T11:26:44+00:00\",\"author\":{\"@id\":\"https:\\\/\\\/dana.com.br\\\/canaldana\\\/#\\\/schema\\\/person\\\/3c21f22f56fcf3bc46b94bc60ea4fef6\"},\"breadcrumb\":{\"@id\":\"https:\\\/\\\/dana.com.br\\\/canaldana\\\/2024\\\/04\\\/25\\\/frota-brasileira-envelhece-e-idade-media-dos-carros-supera-11-anos\\\/#breadcrumb\"},\"inLanguage\":\"pt-BR\",\"potentialAction\":[{\"@type\":\"ReadAction\",\"target\":[\"https:\\\/\\\/dana.com.br\\\/canaldana\\\/2024\\\/04\\\/25\\\/frota-brasileira-envelhece-e-idade-media-dos-carros-supera-11-anos\\\/\"]}]},{\"@type\":\"BreadcrumbList\",\"@id\":\"https:\\\/\\\/dana.com.br\\\/canaldana\\\/2024\\\/04\\\/25\\\/frota-brasileira-envelhece-e-idade-media-dos-carros-supera-11-anos\\\/#breadcrumb\",\"itemListElement\":[{\"@type\":\"ListItem\",\"position\":1,\"name\":\"Home\",\"item\":\"https:\\\/\\\/dana.com.br\\\/canaldana\\\/\"},{\"@type\":\"ListItem\",\"position\":2,\"name\":\"Mercado\",\"item\":\"https:\\\/\\\/dana.com.br\\\/canaldana\\\/mercado\\\/\"},{\"@type\":\"ListItem\",\"position\":3,\"name\":\"Frota brasileira envelhece e idade m\u00e9dia dos carros supera 11 anos\"}]},{\"@type\":\"WebSite\",\"@id\":\"https:\\\/\\\/dana.com.br\\\/canaldana\\\/#website\",\"url\":\"https:\\\/\\\/dana.com.br\\\/canaldana\\\/\",\"name\":\"Canal Dana\",\"description\":\"Informativo com as principais not\u00edcias da ind\u00fastria automotiva\",\"potentialAction\":[{\"@type\":\"SearchAction\",\"target\":{\"@type\":\"EntryPoint\",\"urlTemplate\":\"https:\\\/\\\/dana.com.br\\\/canaldana\\\/?s={search_term_string}\"},\"query-input\":{\"@type\":\"PropertyValueSpecification\",\"valueRequired\":true,\"valueName\":\"search_term_string\"}}],\"inLanguage\":\"pt-BR\"},{\"@type\":\"Person\",\"@id\":\"https:\\\/\\\/dana.com.br\\\/canaldana\\\/#\\\/schema\\\/person\\\/3c21f22f56fcf3bc46b94bc60ea4fef6\",\"name\":\"Canal Dana\",\"image\":{\"@type\":\"ImageObject\",\"inLanguage\":\"pt-BR\",\"@id\":\"https:\\\/\\\/secure.gravatar.com\\\/avatar\\\/420aaf9278582877d9018637c6817617705899d2858d7572ef0fe59a6b6454b4?s=96&d=mm&r=g\",\"url\":\"https:\\\/\\\/secure.gravatar.com\\\/avatar\\\/420aaf9278582877d9018637c6817617705899d2858d7572ef0fe59a6b6454b4?s=96&d=mm&r=g\",\"contentUrl\":\"https:\\\/\\\/secure.gravatar.com\\\/avatar\\\/420aaf9278582877d9018637c6817617705899d2858d7572ef0fe59a6b6454b4?s=96&d=mm&r=g\",\"caption\":\"Canal Dana\"},\"url\":\"https:\\\/\\\/dana.com.br\\\/canaldana\\\/author\\\/cdeditor\\\/\"}]}<\/script>\n<!-- \/ Yoast SEO plugin. -->","yoast_head_json":{"title":"Frota brasileira envelhece e idade m\u00e9dia dos carros supera 11 anos - Canal Dana","robots":{"index":"index","follow":"follow","max-snippet":"max-snippet:-1","max-image-preview":"max-image-preview:large","max-video-preview":"max-video-preview:-1"},"canonical":"https:\/\/dana.com.br\/canaldana\/2024\/04\/25\/frota-brasileira-envelhece-e-idade-media-dos-carros-supera-11-anos\/","og_locale":"pt_BR","og_type":"article","og_title":"Frota brasileira envelhece e idade m\u00e9dia dos carros supera 11 anos - Canal Dana","og_description":"AutoInd\u00fastria &nbsp; O Sindipe\u00e7as acaba de atualizar em seu site os n\u00fameros da frota circulante brasileira, que atingiu 47 milh\u00f5es de ve\u00edculos, entre leves e pesados, e 60,4 milh\u00f5es de motocicletas no ano passado. &nbsp; Com rela\u00e7\u00e3o \u00e0 idade m\u00e9dia, a entidade destaca que segue firme o processo de envelhecimento da frota brasileira. A idade\u2026 Leia mais \u00bb","og_url":"https:\/\/dana.com.br\/canaldana\/2024\/04\/25\/frota-brasileira-envelhece-e-idade-media-dos-carros-supera-11-anos\/","og_site_name":"Canal Dana","article_published_time":"2024-04-25T11:26:44+00:00","author":"Canal Dana","twitter_card":"summary_large_image","twitter_misc":{"Escrito por":"Canal Dana","Est. tempo de leitura":"3 minutos"},"schema":{"@context":"https:\/\/schema.org","@graph":[{"@type":"Article","@id":"https:\/\/dana.com.br\/canaldana\/2024\/04\/25\/frota-brasileira-envelhece-e-idade-media-dos-carros-supera-11-anos\/#article","isPartOf":{"@id":"https:\/\/dana.com.br\/canaldana\/2024\/04\/25\/frota-brasileira-envelhece-e-idade-media-dos-carros-supera-11-anos\/"},"author":{"name":"Canal Dana","@id":"https:\/\/dana.com.br\/canaldana\/#\/schema\/person\/3c21f22f56fcf3bc46b94bc60ea4fef6"},"headline":"Frota brasileira envelhece e idade m\u00e9dia dos carros supera 11 anos","datePublished":"2024-04-25T11:26:44+00:00","mainEntityOfPage":{"@id":"https:\/\/dana.com.br\/canaldana\/2024\/04\/25\/frota-brasileira-envelhece-e-idade-media-dos-carros-supera-11-anos\/"},"wordCount":523,"articleSection":["Mercado"],"inLanguage":"pt-BR"},{"@type":"WebPage","@id":"https:\/\/dana.com.br\/canaldana\/2024\/04\/25\/frota-brasileira-envelhece-e-idade-media-dos-carros-supera-11-anos\/","url":"https:\/\/dana.com.br\/canaldana\/2024\/04\/25\/frota-brasileira-envelhece-e-idade-media-dos-carros-supera-11-anos\/","name":"Frota brasileira envelhece e idade m\u00e9dia dos carros supera 11 anos - Canal Dana","isPartOf":{"@id":"https:\/\/dana.com.br\/canaldana\/#website"},"datePublished":"2024-04-25T11:26:44+00:00","author":{"@id":"https:\/\/dana.com.br\/canaldana\/#\/schema\/person\/3c21f22f56fcf3bc46b94bc60ea4fef6"},"breadcrumb":{"@id":"https:\/\/dana.com.br\/canaldana\/2024\/04\/25\/frota-brasileira-envelhece-e-idade-media-dos-carros-supera-11-anos\/#breadcrumb"},"inLanguage":"pt-BR","potentialAction":[{"@type":"ReadAction","target":["https:\/\/dana.com.br\/canaldana\/2024\/04\/25\/frota-brasileira-envelhece-e-idade-media-dos-carros-supera-11-anos\/"]}]},{"@type":"BreadcrumbList","@id":"https:\/\/dana.com.br\/canaldana\/2024\/04\/25\/frota-brasileira-envelhece-e-idade-media-dos-carros-supera-11-anos\/#breadcrumb","itemListElement":[{"@type":"ListItem","position":1,"name":"Home","item":"https:\/\/dana.com.br\/canaldana\/"},{"@type":"ListItem","position":2,"name":"Mercado","item":"https:\/\/dana.com.br\/canaldana\/mercado\/"},{"@type":"ListItem","position":3,"name":"Frota brasileira envelhece e idade m\u00e9dia dos carros supera 11 anos"}]},{"@type":"WebSite","@id":"https:\/\/dana.com.br\/canaldana\/#website","url":"https:\/\/dana.com.br\/canaldana\/","name":"Canal Dana","description":"Informativo com as principais not\u00edcias da ind\u00fastria automotiva","potentialAction":[{"@type":"SearchAction","target":{"@type":"EntryPoint","urlTemplate":"https:\/\/dana.com.br\/canaldana\/?s={search_term_string}"},"query-input":{"@type":"PropertyValueSpecification","valueRequired":true,"valueName":"search_term_string"}}],"inLanguage":"pt-BR"},{"@type":"Person","@id":"https:\/\/dana.com.br\/canaldana\/#\/schema\/person\/3c21f22f56fcf3bc46b94bc60ea4fef6","name":"Canal Dana","image":{"@type":"ImageObject","inLanguage":"pt-BR","@id":"https:\/\/secure.gravatar.com\/avatar\/420aaf9278582877d9018637c6817617705899d2858d7572ef0fe59a6b6454b4?s=96&d=mm&r=g","url":"https:\/\/secure.gravatar.com\/avatar\/420aaf9278582877d9018637c6817617705899d2858d7572ef0fe59a6b6454b4?s=96&d=mm&r=g","contentUrl":"https:\/\/secure.gravatar.com\/avatar\/420aaf9278582877d9018637c6817617705899d2858d7572ef0fe59a6b6454b4?s=96&d=mm&r=g","caption":"Canal Dana"},"url":"https:\/\/dana.com.br\/canaldana\/author\/cdeditor\/"}]}},"_links":{"self":[{"href":"https:\/\/dana.com.br\/canaldana\/wp-json\/wp\/v2\/posts\/73117","targetHints":{"allow":["GET"]}}],"collection":[{"href":"https:\/\/dana.com.br\/canaldana\/wp-json\/wp\/v2\/posts"}],"about":[{"href":"https:\/\/dana.com.br\/canaldana\/wp-json\/wp\/v2\/types\/post"}],"author":[{"embeddable":true,"href":"https:\/\/dana.com.br\/canaldana\/wp-json\/wp\/v2\/users\/3"}],"replies":[{"embeddable":true,"href":"https:\/\/dana.com.br\/canaldana\/wp-json\/wp\/v2\/comments?post=73117"}],"version-history":[{"count":1,"href":"https:\/\/dana.com.br\/canaldana\/wp-json\/wp\/v2\/posts\/73117\/revisions"}],"predecessor-version":[{"id":73118,"href":"https:\/\/dana.com.br\/canaldana\/wp-json\/wp\/v2\/posts\/73117\/revisions\/73118"}],"wp:attachment":[{"href":"https:\/\/dana.com.br\/canaldana\/wp-json\/wp\/v2\/media?parent=73117"}],"wp:term":[{"taxonomy":"category","embeddable":true,"href":"https:\/\/dana.com.br\/canaldana\/wp-json\/wp\/v2\/categories?post=73117"},{"taxonomy":"post_tag","embeddable":true,"href":"https:\/\/dana.com.br\/canaldana\/wp-json\/wp\/v2\/tags?post=73117"}],"curies":[{"name":"wp","href":"https:\/\/api.w.org\/{rel}","templated":true}]}}