{"id":73115,"date":"2024-04-25T08:25:58","date_gmt":"2024-04-25T11:25:58","guid":{"rendered":"https:\/\/dana.com.br\/canaldana\/?p=73115"},"modified":"2024-04-25T08:25:58","modified_gmt":"2024-04-25T11:25:58","slug":"carros-flex-respondem-por-762-da-frota-brasileira","status":"publish","type":"post","link":"https:\/\/dana.com.br\/canaldana\/2024\/04\/25\/carros-flex-respondem-por-762-da-frota-brasileira\/","title":{"rendered":"Carros flex respondem por 76,2% da frota brasileira"},"content":{"rendered":"<p><em>AutoInd\u00fastria <\/em><\/p>\n<p>&nbsp;<\/p>\n<p>Da fatia de 56,9% que detinha h\u00e1 10 anos, os ve\u00edculos flex atingiram participa\u00e7\u00e3o recorde de 76,2% na frota circulante brasileira no ano passado.<\/p>\n<p>&nbsp;<\/p>\n<p>Em contrapartida, a penetra\u00e7\u00e3o dos carros a gasolina caiu de 32,3% para 11,5% e a dos ve\u00edculos diesel subiu de 10,1% para 11,7% no mesmo comparativo.<\/p>\n<p>&nbsp;<\/p>\n<p>Os n\u00fameros constam do relat\u00f3rio anual da frota circulante que acaba de ser divulgado pelo Sindipe\u00e7as, no qual destaca n\u00e3o s\u00f3 a maior presen\u00e7a dos modelos flex, mas tamb\u00e9m a invers\u00e3o entre os ve\u00edculos diesel e os movidos a gasolina, agora na 3\u00aa posi\u00e7\u00e3o do ranking.<\/p>\n<p>&nbsp;<\/p>\n<p>A entidade tamb\u00e9m deu espa\u00e7o no \u00faltimo relat\u00f3rio para os ve\u00edculos eletrificados, revelando que os h\u00edbridos e el\u00e9tricos puros passaram a responder por 0,4% da frota total.<\/p>\n<p>&nbsp;<\/p>\n<p>\u201cApesar dos volumes ainda pequenos, h\u00e1 um crescimento exponencial dos eletrificados a partir de 2021, o que reflete m\u00faltiplas a\u00e7\u00f5es realizadas pelo setor automotivo em dire\u00e7\u00e3o \u00e0 descarboniza\u00e7\u00e3o\u201d, lembra o Sindipe\u00e7as.<\/p>\n<p>&nbsp;<\/p>\n<p>Os modelos a g\u00e1s natural t\u00eam fatia de 0,3% e os exclusivamente a etanol s\u00f3 de 0,1%. No caso dos carros flex, importante lembrar que apesar de o etanol estar sendo apontado como uma vantagem do Pa\u00eds no processo mundial de descarboniza\u00e7\u00e3o veicular, os motoristas brasileiros ainda preferem abastecer com gasolina em detrimento do \u00e1lcool.<\/p>\n<p>&nbsp;<\/p>\n<p>A tecnologia h\u00edbrido-flex a etanol, lan\u00e7ada com pioneirismo pela Toyota em 2019, \u00e9 hoje foco de desenvolvimento nos projetos da maioria das montadoras aqui instaladas. Estudos mostram que esse tipo de ve\u00edculo polui menos do que os 100% el\u00e9tricos que circulam na Europa, em fun\u00e7\u00e3o da matriz energ\u00e9tica dos pa\u00edses daquele continente.<\/p>\n<p>&nbsp;<\/p>\n<p>O governo brasileiro reconhece essa vantagem, mas at\u00e9 o momento n\u00e3o h\u00e1 programas institucionais que incentivem o uso do etanol.<\/p>\n<p>&nbsp;<\/p>\n<p>J\u00e1 houve iniciativa nesse sentido por parte da Volkswagen ao lan\u00e7ar, em 2022, o programa Abaste\u00e7a Consciente, cujo objetivo era o de informar o custo por quil\u00f4metro rodado do etanol e da gasolina, assim como as respectivas emiss\u00f5es de CO2.<\/p>\n<p>&nbsp;<\/p>\n<p>A frota brasileira chegou a 60,4 milh\u00f5es de unidades em 2023, com os carros respondendo por 81,5% desse total, seguidos dos comerciais leves (13), caminh\u00f5es (4,6%) e \u00f4nibus (0,8%).<\/p>\n<p>&nbsp;<\/p>\n<p>A participa\u00e7\u00e3o dos importados, segundo o Sindipe\u00e7as, tem se mantido est\u00e1vel desde 2019, na casa dos 14%. Mas o Sindipe\u00e7as pondera: \u201cAinda que o volume de nacionais seja substancialmente maior do que o de importados, \u00e9 necess\u00e1rio monitorar a evolu\u00e7\u00e3o desses ve\u00edculos principalmente agora, quando cresce o interesse dos consumidores por el\u00e9tricos e h\u00edbridos\u201d. (AutoInd\u00fastria\/Alzira Rodrigues)<\/p>\n","protected":false},"excerpt":{"rendered":"<p>AutoInd\u00fastria &nbsp; Da fatia de 56,9% que detinha h\u00e1 10 anos, os ve\u00edculos flex atingiram participa\u00e7\u00e3o recorde de 76,2% na frota circulante brasileira no ano passado. &nbsp; Em contrapartida, a penetra\u00e7\u00e3o dos carros a gasolina caiu de 32,3% para 11,5% e a dos ve\u00edculos diesel subiu de 10,1% para 11,7% no mesmo comparativo. &nbsp; Os\u2026 <a class=\"readmore\" href=\"https:\/\/dana.com.br\/canaldana\/2024\/04\/25\/carros-flex-respondem-por-762-da-frota-brasileira\/\">Leia mais \u00bb<\/a><\/p>\n","protected":false},"author":3,"featured_media":0,"comment_status":"closed","ping_status":"closed","sticky":false,"template":"","format":"standard","meta":{"_acf_changed":false,"footnotes":""},"categories":[79],"tags":[],"class_list":["post-73115","post","type-post","status-publish","format-standard","hentry","category-mercado"],"acf":[],"yoast_head":"<!-- This site is optimized with the Yoast SEO plugin v27.3 - https:\/\/yoast.com\/product\/yoast-seo-wordpress\/ -->\n<title>Carros flex respondem por 76,2% da frota brasileira - Canal Dana<\/title>\n<meta name=\"robots\" content=\"index, follow, max-snippet:-1, max-image-preview:large, max-video-preview:-1\" \/>\n<link rel=\"canonical\" href=\"https:\/\/dana.com.br\/canaldana\/2024\/04\/25\/carros-flex-respondem-por-762-da-frota-brasileira\/\" \/>\n<meta property=\"og:locale\" content=\"pt_BR\" \/>\n<meta property=\"og:type\" content=\"article\" \/>\n<meta property=\"og:title\" content=\"Carros flex respondem por 76,2% da frota brasileira - Canal Dana\" \/>\n<meta property=\"og:description\" content=\"AutoInd\u00fastria &nbsp; Da fatia de 56,9% que detinha h\u00e1 10 anos, os ve\u00edculos flex atingiram participa\u00e7\u00e3o recorde de 76,2% na frota circulante brasileira no ano passado. &nbsp; Em contrapartida, a penetra\u00e7\u00e3o dos carros a gasolina caiu de 32,3% para 11,5% e a dos ve\u00edculos diesel subiu de 10,1% para 11,7% no mesmo comparativo. &nbsp; Os\u2026 Leia mais \u00bb\" \/>\n<meta property=\"og:url\" content=\"https:\/\/dana.com.br\/canaldana\/2024\/04\/25\/carros-flex-respondem-por-762-da-frota-brasileira\/\" \/>\n<meta property=\"og:site_name\" content=\"Canal Dana\" \/>\n<meta property=\"article:published_time\" content=\"2024-04-25T11:25:58+00:00\" \/>\n<meta name=\"author\" content=\"Canal Dana\" \/>\n<meta name=\"twitter:card\" content=\"summary_large_image\" \/>\n<meta name=\"twitter:label1\" content=\"Escrito por\" \/>\n\t<meta name=\"twitter:data1\" content=\"Canal Dana\" \/>\n\t<meta name=\"twitter:label2\" content=\"Est. tempo de leitura\" \/>\n\t<meta name=\"twitter:data2\" content=\"3 minutos\" \/>\n<script type=\"application\/ld+json\" class=\"yoast-schema-graph\">{\"@context\":\"https:\\\/\\\/schema.org\",\"@graph\":[{\"@type\":\"Article\",\"@id\":\"https:\\\/\\\/dana.com.br\\\/canaldana\\\/2024\\\/04\\\/25\\\/carros-flex-respondem-por-762-da-frota-brasileira\\\/#article\",\"isPartOf\":{\"@id\":\"https:\\\/\\\/dana.com.br\\\/canaldana\\\/2024\\\/04\\\/25\\\/carros-flex-respondem-por-762-da-frota-brasileira\\\/\"},\"author\":{\"name\":\"Canal Dana\",\"@id\":\"https:\\\/\\\/dana.com.br\\\/canaldana\\\/#\\\/schema\\\/person\\\/3c21f22f56fcf3bc46b94bc60ea4fef6\"},\"headline\":\"Carros flex respondem por 76,2% da frota brasileira\",\"datePublished\":\"2024-04-25T11:25:58+00:00\",\"mainEntityOfPage\":{\"@id\":\"https:\\\/\\\/dana.com.br\\\/canaldana\\\/2024\\\/04\\\/25\\\/carros-flex-respondem-por-762-da-frota-brasileira\\\/\"},\"wordCount\":453,\"articleSection\":[\"Mercado\"],\"inLanguage\":\"pt-BR\"},{\"@type\":\"WebPage\",\"@id\":\"https:\\\/\\\/dana.com.br\\\/canaldana\\\/2024\\\/04\\\/25\\\/carros-flex-respondem-por-762-da-frota-brasileira\\\/\",\"url\":\"https:\\\/\\\/dana.com.br\\\/canaldana\\\/2024\\\/04\\\/25\\\/carros-flex-respondem-por-762-da-frota-brasileira\\\/\",\"name\":\"Carros flex respondem por 76,2% da frota brasileira - Canal Dana\",\"isPartOf\":{\"@id\":\"https:\\\/\\\/dana.com.br\\\/canaldana\\\/#website\"},\"datePublished\":\"2024-04-25T11:25:58+00:00\",\"author\":{\"@id\":\"https:\\\/\\\/dana.com.br\\\/canaldana\\\/#\\\/schema\\\/person\\\/3c21f22f56fcf3bc46b94bc60ea4fef6\"},\"breadcrumb\":{\"@id\":\"https:\\\/\\\/dana.com.br\\\/canaldana\\\/2024\\\/04\\\/25\\\/carros-flex-respondem-por-762-da-frota-brasileira\\\/#breadcrumb\"},\"inLanguage\":\"pt-BR\",\"potentialAction\":[{\"@type\":\"ReadAction\",\"target\":[\"https:\\\/\\\/dana.com.br\\\/canaldana\\\/2024\\\/04\\\/25\\\/carros-flex-respondem-por-762-da-frota-brasileira\\\/\"]}]},{\"@type\":\"BreadcrumbList\",\"@id\":\"https:\\\/\\\/dana.com.br\\\/canaldana\\\/2024\\\/04\\\/25\\\/carros-flex-respondem-por-762-da-frota-brasileira\\\/#breadcrumb\",\"itemListElement\":[{\"@type\":\"ListItem\",\"position\":1,\"name\":\"Home\",\"item\":\"https:\\\/\\\/dana.com.br\\\/canaldana\\\/\"},{\"@type\":\"ListItem\",\"position\":2,\"name\":\"Mercado\",\"item\":\"https:\\\/\\\/dana.com.br\\\/canaldana\\\/mercado\\\/\"},{\"@type\":\"ListItem\",\"position\":3,\"name\":\"Carros flex respondem por 76,2% da frota brasileira\"}]},{\"@type\":\"WebSite\",\"@id\":\"https:\\\/\\\/dana.com.br\\\/canaldana\\\/#website\",\"url\":\"https:\\\/\\\/dana.com.br\\\/canaldana\\\/\",\"name\":\"Canal Dana\",\"description\":\"Informativo com as principais not\u00edcias da ind\u00fastria automotiva\",\"potentialAction\":[{\"@type\":\"SearchAction\",\"target\":{\"@type\":\"EntryPoint\",\"urlTemplate\":\"https:\\\/\\\/dana.com.br\\\/canaldana\\\/?s={search_term_string}\"},\"query-input\":{\"@type\":\"PropertyValueSpecification\",\"valueRequired\":true,\"valueName\":\"search_term_string\"}}],\"inLanguage\":\"pt-BR\"},{\"@type\":\"Person\",\"@id\":\"https:\\\/\\\/dana.com.br\\\/canaldana\\\/#\\\/schema\\\/person\\\/3c21f22f56fcf3bc46b94bc60ea4fef6\",\"name\":\"Canal Dana\",\"image\":{\"@type\":\"ImageObject\",\"inLanguage\":\"pt-BR\",\"@id\":\"https:\\\/\\\/secure.gravatar.com\\\/avatar\\\/420aaf9278582877d9018637c6817617705899d2858d7572ef0fe59a6b6454b4?s=96&d=mm&r=g\",\"url\":\"https:\\\/\\\/secure.gravatar.com\\\/avatar\\\/420aaf9278582877d9018637c6817617705899d2858d7572ef0fe59a6b6454b4?s=96&d=mm&r=g\",\"contentUrl\":\"https:\\\/\\\/secure.gravatar.com\\\/avatar\\\/420aaf9278582877d9018637c6817617705899d2858d7572ef0fe59a6b6454b4?s=96&d=mm&r=g\",\"caption\":\"Canal Dana\"},\"url\":\"https:\\\/\\\/dana.com.br\\\/canaldana\\\/author\\\/cdeditor\\\/\"}]}<\/script>\n<!-- \/ Yoast SEO plugin. -->","yoast_head_json":{"title":"Carros flex respondem por 76,2% da frota brasileira - Canal Dana","robots":{"index":"index","follow":"follow","max-snippet":"max-snippet:-1","max-image-preview":"max-image-preview:large","max-video-preview":"max-video-preview:-1"},"canonical":"https:\/\/dana.com.br\/canaldana\/2024\/04\/25\/carros-flex-respondem-por-762-da-frota-brasileira\/","og_locale":"pt_BR","og_type":"article","og_title":"Carros flex respondem por 76,2% da frota brasileira - Canal Dana","og_description":"AutoInd\u00fastria &nbsp; Da fatia de 56,9% que detinha h\u00e1 10 anos, os ve\u00edculos flex atingiram participa\u00e7\u00e3o recorde de 76,2% na frota circulante brasileira no ano passado. &nbsp; Em contrapartida, a penetra\u00e7\u00e3o dos carros a gasolina caiu de 32,3% para 11,5% e a dos ve\u00edculos diesel subiu de 10,1% para 11,7% no mesmo comparativo. &nbsp; Os\u2026 Leia mais \u00bb","og_url":"https:\/\/dana.com.br\/canaldana\/2024\/04\/25\/carros-flex-respondem-por-762-da-frota-brasileira\/","og_site_name":"Canal Dana","article_published_time":"2024-04-25T11:25:58+00:00","author":"Canal Dana","twitter_card":"summary_large_image","twitter_misc":{"Escrito por":"Canal Dana","Est. tempo de leitura":"3 minutos"},"schema":{"@context":"https:\/\/schema.org","@graph":[{"@type":"Article","@id":"https:\/\/dana.com.br\/canaldana\/2024\/04\/25\/carros-flex-respondem-por-762-da-frota-brasileira\/#article","isPartOf":{"@id":"https:\/\/dana.com.br\/canaldana\/2024\/04\/25\/carros-flex-respondem-por-762-da-frota-brasileira\/"},"author":{"name":"Canal Dana","@id":"https:\/\/dana.com.br\/canaldana\/#\/schema\/person\/3c21f22f56fcf3bc46b94bc60ea4fef6"},"headline":"Carros flex respondem por 76,2% da frota brasileira","datePublished":"2024-04-25T11:25:58+00:00","mainEntityOfPage":{"@id":"https:\/\/dana.com.br\/canaldana\/2024\/04\/25\/carros-flex-respondem-por-762-da-frota-brasileira\/"},"wordCount":453,"articleSection":["Mercado"],"inLanguage":"pt-BR"},{"@type":"WebPage","@id":"https:\/\/dana.com.br\/canaldana\/2024\/04\/25\/carros-flex-respondem-por-762-da-frota-brasileira\/","url":"https:\/\/dana.com.br\/canaldana\/2024\/04\/25\/carros-flex-respondem-por-762-da-frota-brasileira\/","name":"Carros flex respondem por 76,2% da frota brasileira - Canal Dana","isPartOf":{"@id":"https:\/\/dana.com.br\/canaldana\/#website"},"datePublished":"2024-04-25T11:25:58+00:00","author":{"@id":"https:\/\/dana.com.br\/canaldana\/#\/schema\/person\/3c21f22f56fcf3bc46b94bc60ea4fef6"},"breadcrumb":{"@id":"https:\/\/dana.com.br\/canaldana\/2024\/04\/25\/carros-flex-respondem-por-762-da-frota-brasileira\/#breadcrumb"},"inLanguage":"pt-BR","potentialAction":[{"@type":"ReadAction","target":["https:\/\/dana.com.br\/canaldana\/2024\/04\/25\/carros-flex-respondem-por-762-da-frota-brasileira\/"]}]},{"@type":"BreadcrumbList","@id":"https:\/\/dana.com.br\/canaldana\/2024\/04\/25\/carros-flex-respondem-por-762-da-frota-brasileira\/#breadcrumb","itemListElement":[{"@type":"ListItem","position":1,"name":"Home","item":"https:\/\/dana.com.br\/canaldana\/"},{"@type":"ListItem","position":2,"name":"Mercado","item":"https:\/\/dana.com.br\/canaldana\/mercado\/"},{"@type":"ListItem","position":3,"name":"Carros flex respondem por 76,2% da frota brasileira"}]},{"@type":"WebSite","@id":"https:\/\/dana.com.br\/canaldana\/#website","url":"https:\/\/dana.com.br\/canaldana\/","name":"Canal Dana","description":"Informativo com as principais not\u00edcias da ind\u00fastria automotiva","potentialAction":[{"@type":"SearchAction","target":{"@type":"EntryPoint","urlTemplate":"https:\/\/dana.com.br\/canaldana\/?s={search_term_string}"},"query-input":{"@type":"PropertyValueSpecification","valueRequired":true,"valueName":"search_term_string"}}],"inLanguage":"pt-BR"},{"@type":"Person","@id":"https:\/\/dana.com.br\/canaldana\/#\/schema\/person\/3c21f22f56fcf3bc46b94bc60ea4fef6","name":"Canal Dana","image":{"@type":"ImageObject","inLanguage":"pt-BR","@id":"https:\/\/secure.gravatar.com\/avatar\/420aaf9278582877d9018637c6817617705899d2858d7572ef0fe59a6b6454b4?s=96&d=mm&r=g","url":"https:\/\/secure.gravatar.com\/avatar\/420aaf9278582877d9018637c6817617705899d2858d7572ef0fe59a6b6454b4?s=96&d=mm&r=g","contentUrl":"https:\/\/secure.gravatar.com\/avatar\/420aaf9278582877d9018637c6817617705899d2858d7572ef0fe59a6b6454b4?s=96&d=mm&r=g","caption":"Canal Dana"},"url":"https:\/\/dana.com.br\/canaldana\/author\/cdeditor\/"}]}},"_links":{"self":[{"href":"https:\/\/dana.com.br\/canaldana\/wp-json\/wp\/v2\/posts\/73115","targetHints":{"allow":["GET"]}}],"collection":[{"href":"https:\/\/dana.com.br\/canaldana\/wp-json\/wp\/v2\/posts"}],"about":[{"href":"https:\/\/dana.com.br\/canaldana\/wp-json\/wp\/v2\/types\/post"}],"author":[{"embeddable":true,"href":"https:\/\/dana.com.br\/canaldana\/wp-json\/wp\/v2\/users\/3"}],"replies":[{"embeddable":true,"href":"https:\/\/dana.com.br\/canaldana\/wp-json\/wp\/v2\/comments?post=73115"}],"version-history":[{"count":1,"href":"https:\/\/dana.com.br\/canaldana\/wp-json\/wp\/v2\/posts\/73115\/revisions"}],"predecessor-version":[{"id":73116,"href":"https:\/\/dana.com.br\/canaldana\/wp-json\/wp\/v2\/posts\/73115\/revisions\/73116"}],"wp:attachment":[{"href":"https:\/\/dana.com.br\/canaldana\/wp-json\/wp\/v2\/media?parent=73115"}],"wp:term":[{"taxonomy":"category","embeddable":true,"href":"https:\/\/dana.com.br\/canaldana\/wp-json\/wp\/v2\/categories?post=73115"},{"taxonomy":"post_tag","embeddable":true,"href":"https:\/\/dana.com.br\/canaldana\/wp-json\/wp\/v2\/tags?post=73115"}],"curies":[{"name":"wp","href":"https:\/\/api.w.org\/{rel}","templated":true}]}}