{"id":73109,"date":"2024-04-25T08:23:07","date_gmt":"2024-04-25T11:23:07","guid":{"rendered":"https:\/\/dana.com.br\/canaldana\/?p=73109"},"modified":"2024-04-25T08:23:07","modified_gmt":"2024-04-25T11:23:07","slug":"renault-pede-ao-governo-argentino-que-reduza-os-impostos-dos-carros","status":"publish","type":"post","link":"https:\/\/dana.com.br\/canaldana\/2024\/04\/25\/renault-pede-ao-governo-argentino-que-reduza-os-impostos-dos-carros\/","title":{"rendered":"Renault pede ao governo argentino que reduza os impostos dos carros"},"content":{"rendered":"<p><em>Motor 1<\/em><\/p>\n<p>&nbsp;<\/p>\n<p>A Renault Argentina lan\u00e7ou o novo M\u00e9gane E-Tech no mercado argentino ontem (22\/4), j\u00e1 tendo iniciado as vendas. Foi uma grande festa para a marca no Teatro Col\u00f3n, onde a empresa anunciou a chegada do novo modelo el\u00e9trico, mas tamb\u00e9m anunciou outros lan\u00e7amentos, como a chegada do Arkana.<\/p>\n<p>&nbsp;<\/p>\n<p>Em uma sala separada do evento, o presidente da Renault Argentina, Pablo Sibilla, reuniu-se com um grupo de jornalistas na noite passada. Nossos colegas do Motor1.com Argentina n\u00e3o foram convidados para essa &#8220;coletiva de imprensa&#8221;, embora tenham obtido o \u00e1udio completo da conversa. Tivemos acesso \u00e0 grava\u00e7\u00e3o gra\u00e7as a um celular colocado sobre a mesa por um colega.<\/p>\n<p>&nbsp;<\/p>\n<p>Nesse bate-papo, Sibilla falou sobre o M\u00e9gane E-Tech, o Arkana e os pr\u00f3ximos lan\u00e7amentos da marca no pa\u00eds, mas tamb\u00e9m contou detalhes da reuni\u00e3o da qual participou h\u00e1 alguns dias no Minist\u00e9rio da Economia Nacional da Argentina. L\u00e1, ele se reuniu com o ministro Luis Caputo. Sibilla participou em sua dupla fun\u00e7\u00e3o de presidente da Renault Argentina e vice-presidente da Associa\u00e7\u00e3o de Fabricantes de Autom\u00f3veis da Argentina, a Adefa.<\/p>\n<p>&nbsp;<\/p>\n<p>Mas Sibilla elaborou v\u00e1rios detalhes dessa reuni\u00e3o, na qual as montadoras pediram ao governo que reduzisse os impostos sobre ve\u00edculos, especialmente sobre os modelos produzidos internamente e destinados \u00e0 exporta\u00e7\u00e3o. O di\u00e1logo completo de Sibilla com o grupo de jornalistas est\u00e1 reproduzido abaixo.<\/p>\n<p>&nbsp;<\/p>\n<p>Sobre benef\u00edcios a carros el\u00e9tricos Sibilla comentou que &#8220;a prioridade do governo no momento \u00e9 regularizar as contas fiscais e toda a sua energia est\u00e1 voltada para isso. N\u00e3o me parece que seja uma quest\u00e3o que esteja na agenda a curto prazo. Obviamente, estamos interessados em continuar a desenvolver a eletromobilidade, mas n\u00e3o vejo isso a curto prazo&#8221;.<\/p>\n<p>&nbsp;<\/p>\n<p>J\u00e1 sobre a possibilidade de uma redu\u00e7\u00e3o na carga tribut\u00e1ria dos autom\u00f3veis argentinos, o presidente da Renault de l\u00e1 afirmou que &#8220;\u00c9 importante entender que uma coisa \u00e9 a situa\u00e7\u00e3o do mercado automotivo e outra \u00e9 a receita do governo. \u00c9 sempre necess\u00e1rio medir o impacto que essa medida pode ter sobre a receita. Em nossas discuss\u00f5es com o governo hoje, estamos mais focados na competitividade em n\u00edvel nacional para melhorar as exporta\u00e7\u00f5es. Se o mercado interno cair, isso \u00e9 algo que \u00e0s vezes acontece, pois s\u00e3o per\u00edodos de ajuste na economia. Mas os fluxos externos devem nos permitir compensar esse decl\u00ednio interno&#8221;.<\/p>\n<p>&nbsp;<\/p>\n<p>&#8220;Nada pode ser para amanh\u00e3, mas temos de fazer algo para melhorar a competitividade da Argentina. Hoje, a Argentina exporta entre 22% e 25% de impostos para cada carro de fabrica\u00e7\u00e3o nacional que \u00e9 enviado ao exterior. O mesmo carro exportado do Brasil \u00e9 taxado em 7%, enquanto um exportado do M\u00e9xico \u00e9 taxado em 0%&#8221;, acrescentou o executivo.<\/p>\n<p>&nbsp;<\/p>\n<p>Sibilla ainda comentou que essa diferen\u00e7a de tributa\u00e7\u00e3o \u00e9 levada em considera\u00e7\u00e3o na hora de as montadoras direcionarem investimentos. &#8220;Estamos pedindo que a produ\u00e7\u00e3o n\u00e3o seja tributada. Se voc\u00ea quiser, pode tributar o consumo, mas n\u00e3o a produ\u00e7\u00e3o. Isso \u00e9 o que muitos pa\u00edses fazem. Essa diferen\u00e7a pode ser vista no Brasil, onde no primeiro trimestre as montadoras anunciaram investimentos de 20 bilh\u00f5es de d\u00f3lares entre as diferentes marcas&#8221;. (Motor 1\/Carlos Crist\u00f3falo, traduzido por Thiago Moreno)<\/p>\n","protected":false},"excerpt":{"rendered":"<p>Motor 1 &nbsp; A Renault Argentina lan\u00e7ou o novo M\u00e9gane E-Tech no mercado argentino ontem (22\/4), j\u00e1 tendo iniciado as vendas. Foi uma grande festa para a marca no Teatro Col\u00f3n, onde a empresa anunciou a chegada do novo modelo el\u00e9trico, mas tamb\u00e9m anunciou outros lan\u00e7amentos, como a chegada do Arkana. &nbsp; Em uma sala\u2026 <a class=\"readmore\" href=\"https:\/\/dana.com.br\/canaldana\/2024\/04\/25\/renault-pede-ao-governo-argentino-que-reduza-os-impostos-dos-carros\/\">Leia mais \u00bb<\/a><\/p>\n","protected":false},"author":3,"featured_media":0,"comment_status":"closed","ping_status":"closed","sticky":false,"template":"","format":"standard","meta":{"_acf_changed":false,"footnotes":""},"categories":[79],"tags":[],"class_list":["post-73109","post","type-post","status-publish","format-standard","hentry","category-mercado"],"acf":[],"yoast_head":"<!-- This site is optimized with the Yoast SEO plugin v27.3 - https:\/\/yoast.com\/product\/yoast-seo-wordpress\/ -->\n<title>Renault pede ao governo argentino que reduza os impostos dos carros - Canal Dana<\/title>\n<meta name=\"robots\" content=\"index, follow, max-snippet:-1, max-image-preview:large, max-video-preview:-1\" \/>\n<link rel=\"canonical\" href=\"https:\/\/dana.com.br\/canaldana\/2024\/04\/25\/renault-pede-ao-governo-argentino-que-reduza-os-impostos-dos-carros\/\" \/>\n<meta property=\"og:locale\" content=\"pt_BR\" \/>\n<meta property=\"og:type\" content=\"article\" \/>\n<meta property=\"og:title\" content=\"Renault pede ao governo argentino que reduza os impostos dos carros - Canal Dana\" \/>\n<meta property=\"og:description\" content=\"Motor 1 &nbsp; A Renault Argentina lan\u00e7ou o novo M\u00e9gane E-Tech no mercado argentino ontem (22\/4), j\u00e1 tendo iniciado as vendas. Foi uma grande festa para a marca no Teatro Col\u00f3n, onde a empresa anunciou a chegada do novo modelo el\u00e9trico, mas tamb\u00e9m anunciou outros lan\u00e7amentos, como a chegada do Arkana. &nbsp; Em uma sala\u2026 Leia mais \u00bb\" \/>\n<meta property=\"og:url\" content=\"https:\/\/dana.com.br\/canaldana\/2024\/04\/25\/renault-pede-ao-governo-argentino-que-reduza-os-impostos-dos-carros\/\" \/>\n<meta property=\"og:site_name\" content=\"Canal Dana\" \/>\n<meta property=\"article:published_time\" content=\"2024-04-25T11:23:07+00:00\" \/>\n<meta name=\"author\" content=\"Canal Dana\" \/>\n<meta name=\"twitter:card\" content=\"summary_large_image\" \/>\n<meta name=\"twitter:label1\" content=\"Escrito por\" \/>\n\t<meta name=\"twitter:data1\" content=\"Canal Dana\" \/>\n\t<meta name=\"twitter:label2\" content=\"Est. tempo de leitura\" \/>\n\t<meta name=\"twitter:data2\" content=\"3 minutos\" \/>\n<script type=\"application\/ld+json\" class=\"yoast-schema-graph\">{\"@context\":\"https:\\\/\\\/schema.org\",\"@graph\":[{\"@type\":\"Article\",\"@id\":\"https:\\\/\\\/dana.com.br\\\/canaldana\\\/2024\\\/04\\\/25\\\/renault-pede-ao-governo-argentino-que-reduza-os-impostos-dos-carros\\\/#article\",\"isPartOf\":{\"@id\":\"https:\\\/\\\/dana.com.br\\\/canaldana\\\/2024\\\/04\\\/25\\\/renault-pede-ao-governo-argentino-que-reduza-os-impostos-dos-carros\\\/\"},\"author\":{\"name\":\"Canal Dana\",\"@id\":\"https:\\\/\\\/dana.com.br\\\/canaldana\\\/#\\\/schema\\\/person\\\/3c21f22f56fcf3bc46b94bc60ea4fef6\"},\"headline\":\"Renault pede ao governo argentino que reduza os impostos dos carros\",\"datePublished\":\"2024-04-25T11:23:07+00:00\",\"mainEntityOfPage\":{\"@id\":\"https:\\\/\\\/dana.com.br\\\/canaldana\\\/2024\\\/04\\\/25\\\/renault-pede-ao-governo-argentino-que-reduza-os-impostos-dos-carros\\\/\"},\"wordCount\":570,\"articleSection\":[\"Mercado\"],\"inLanguage\":\"pt-BR\"},{\"@type\":\"WebPage\",\"@id\":\"https:\\\/\\\/dana.com.br\\\/canaldana\\\/2024\\\/04\\\/25\\\/renault-pede-ao-governo-argentino-que-reduza-os-impostos-dos-carros\\\/\",\"url\":\"https:\\\/\\\/dana.com.br\\\/canaldana\\\/2024\\\/04\\\/25\\\/renault-pede-ao-governo-argentino-que-reduza-os-impostos-dos-carros\\\/\",\"name\":\"Renault pede ao governo argentino que reduza os impostos dos carros - Canal Dana\",\"isPartOf\":{\"@id\":\"https:\\\/\\\/dana.com.br\\\/canaldana\\\/#website\"},\"datePublished\":\"2024-04-25T11:23:07+00:00\",\"author\":{\"@id\":\"https:\\\/\\\/dana.com.br\\\/canaldana\\\/#\\\/schema\\\/person\\\/3c21f22f56fcf3bc46b94bc60ea4fef6\"},\"breadcrumb\":{\"@id\":\"https:\\\/\\\/dana.com.br\\\/canaldana\\\/2024\\\/04\\\/25\\\/renault-pede-ao-governo-argentino-que-reduza-os-impostos-dos-carros\\\/#breadcrumb\"},\"inLanguage\":\"pt-BR\",\"potentialAction\":[{\"@type\":\"ReadAction\",\"target\":[\"https:\\\/\\\/dana.com.br\\\/canaldana\\\/2024\\\/04\\\/25\\\/renault-pede-ao-governo-argentino-que-reduza-os-impostos-dos-carros\\\/\"]}]},{\"@type\":\"BreadcrumbList\",\"@id\":\"https:\\\/\\\/dana.com.br\\\/canaldana\\\/2024\\\/04\\\/25\\\/renault-pede-ao-governo-argentino-que-reduza-os-impostos-dos-carros\\\/#breadcrumb\",\"itemListElement\":[{\"@type\":\"ListItem\",\"position\":1,\"name\":\"Home\",\"item\":\"https:\\\/\\\/dana.com.br\\\/canaldana\\\/\"},{\"@type\":\"ListItem\",\"position\":2,\"name\":\"Mercado\",\"item\":\"https:\\\/\\\/dana.com.br\\\/canaldana\\\/mercado\\\/\"},{\"@type\":\"ListItem\",\"position\":3,\"name\":\"Renault pede ao governo argentino que reduza os impostos dos carros\"}]},{\"@type\":\"WebSite\",\"@id\":\"https:\\\/\\\/dana.com.br\\\/canaldana\\\/#website\",\"url\":\"https:\\\/\\\/dana.com.br\\\/canaldana\\\/\",\"name\":\"Canal Dana\",\"description\":\"Informativo com as principais not\u00edcias da ind\u00fastria automotiva\",\"potentialAction\":[{\"@type\":\"SearchAction\",\"target\":{\"@type\":\"EntryPoint\",\"urlTemplate\":\"https:\\\/\\\/dana.com.br\\\/canaldana\\\/?s={search_term_string}\"},\"query-input\":{\"@type\":\"PropertyValueSpecification\",\"valueRequired\":true,\"valueName\":\"search_term_string\"}}],\"inLanguage\":\"pt-BR\"},{\"@type\":\"Person\",\"@id\":\"https:\\\/\\\/dana.com.br\\\/canaldana\\\/#\\\/schema\\\/person\\\/3c21f22f56fcf3bc46b94bc60ea4fef6\",\"name\":\"Canal Dana\",\"image\":{\"@type\":\"ImageObject\",\"inLanguage\":\"pt-BR\",\"@id\":\"https:\\\/\\\/secure.gravatar.com\\\/avatar\\\/420aaf9278582877d9018637c6817617705899d2858d7572ef0fe59a6b6454b4?s=96&d=mm&r=g\",\"url\":\"https:\\\/\\\/secure.gravatar.com\\\/avatar\\\/420aaf9278582877d9018637c6817617705899d2858d7572ef0fe59a6b6454b4?s=96&d=mm&r=g\",\"contentUrl\":\"https:\\\/\\\/secure.gravatar.com\\\/avatar\\\/420aaf9278582877d9018637c6817617705899d2858d7572ef0fe59a6b6454b4?s=96&d=mm&r=g\",\"caption\":\"Canal Dana\"},\"url\":\"https:\\\/\\\/dana.com.br\\\/canaldana\\\/author\\\/cdeditor\\\/\"}]}<\/script>\n<!-- \/ Yoast SEO plugin. -->","yoast_head_json":{"title":"Renault pede ao governo argentino que reduza os impostos dos carros - Canal Dana","robots":{"index":"index","follow":"follow","max-snippet":"max-snippet:-1","max-image-preview":"max-image-preview:large","max-video-preview":"max-video-preview:-1"},"canonical":"https:\/\/dana.com.br\/canaldana\/2024\/04\/25\/renault-pede-ao-governo-argentino-que-reduza-os-impostos-dos-carros\/","og_locale":"pt_BR","og_type":"article","og_title":"Renault pede ao governo argentino que reduza os impostos dos carros - Canal Dana","og_description":"Motor 1 &nbsp; A Renault Argentina lan\u00e7ou o novo M\u00e9gane E-Tech no mercado argentino ontem (22\/4), j\u00e1 tendo iniciado as vendas. Foi uma grande festa para a marca no Teatro Col\u00f3n, onde a empresa anunciou a chegada do novo modelo el\u00e9trico, mas tamb\u00e9m anunciou outros lan\u00e7amentos, como a chegada do Arkana. &nbsp; Em uma sala\u2026 Leia mais \u00bb","og_url":"https:\/\/dana.com.br\/canaldana\/2024\/04\/25\/renault-pede-ao-governo-argentino-que-reduza-os-impostos-dos-carros\/","og_site_name":"Canal Dana","article_published_time":"2024-04-25T11:23:07+00:00","author":"Canal Dana","twitter_card":"summary_large_image","twitter_misc":{"Escrito por":"Canal Dana","Est. tempo de leitura":"3 minutos"},"schema":{"@context":"https:\/\/schema.org","@graph":[{"@type":"Article","@id":"https:\/\/dana.com.br\/canaldana\/2024\/04\/25\/renault-pede-ao-governo-argentino-que-reduza-os-impostos-dos-carros\/#article","isPartOf":{"@id":"https:\/\/dana.com.br\/canaldana\/2024\/04\/25\/renault-pede-ao-governo-argentino-que-reduza-os-impostos-dos-carros\/"},"author":{"name":"Canal Dana","@id":"https:\/\/dana.com.br\/canaldana\/#\/schema\/person\/3c21f22f56fcf3bc46b94bc60ea4fef6"},"headline":"Renault pede ao governo argentino que reduza os impostos dos carros","datePublished":"2024-04-25T11:23:07+00:00","mainEntityOfPage":{"@id":"https:\/\/dana.com.br\/canaldana\/2024\/04\/25\/renault-pede-ao-governo-argentino-que-reduza-os-impostos-dos-carros\/"},"wordCount":570,"articleSection":["Mercado"],"inLanguage":"pt-BR"},{"@type":"WebPage","@id":"https:\/\/dana.com.br\/canaldana\/2024\/04\/25\/renault-pede-ao-governo-argentino-que-reduza-os-impostos-dos-carros\/","url":"https:\/\/dana.com.br\/canaldana\/2024\/04\/25\/renault-pede-ao-governo-argentino-que-reduza-os-impostos-dos-carros\/","name":"Renault pede ao governo argentino que reduza os impostos dos carros - Canal Dana","isPartOf":{"@id":"https:\/\/dana.com.br\/canaldana\/#website"},"datePublished":"2024-04-25T11:23:07+00:00","author":{"@id":"https:\/\/dana.com.br\/canaldana\/#\/schema\/person\/3c21f22f56fcf3bc46b94bc60ea4fef6"},"breadcrumb":{"@id":"https:\/\/dana.com.br\/canaldana\/2024\/04\/25\/renault-pede-ao-governo-argentino-que-reduza-os-impostos-dos-carros\/#breadcrumb"},"inLanguage":"pt-BR","potentialAction":[{"@type":"ReadAction","target":["https:\/\/dana.com.br\/canaldana\/2024\/04\/25\/renault-pede-ao-governo-argentino-que-reduza-os-impostos-dos-carros\/"]}]},{"@type":"BreadcrumbList","@id":"https:\/\/dana.com.br\/canaldana\/2024\/04\/25\/renault-pede-ao-governo-argentino-que-reduza-os-impostos-dos-carros\/#breadcrumb","itemListElement":[{"@type":"ListItem","position":1,"name":"Home","item":"https:\/\/dana.com.br\/canaldana\/"},{"@type":"ListItem","position":2,"name":"Mercado","item":"https:\/\/dana.com.br\/canaldana\/mercado\/"},{"@type":"ListItem","position":3,"name":"Renault pede ao governo argentino que reduza os impostos dos carros"}]},{"@type":"WebSite","@id":"https:\/\/dana.com.br\/canaldana\/#website","url":"https:\/\/dana.com.br\/canaldana\/","name":"Canal Dana","description":"Informativo com as principais not\u00edcias da ind\u00fastria automotiva","potentialAction":[{"@type":"SearchAction","target":{"@type":"EntryPoint","urlTemplate":"https:\/\/dana.com.br\/canaldana\/?s={search_term_string}"},"query-input":{"@type":"PropertyValueSpecification","valueRequired":true,"valueName":"search_term_string"}}],"inLanguage":"pt-BR"},{"@type":"Person","@id":"https:\/\/dana.com.br\/canaldana\/#\/schema\/person\/3c21f22f56fcf3bc46b94bc60ea4fef6","name":"Canal Dana","image":{"@type":"ImageObject","inLanguage":"pt-BR","@id":"https:\/\/secure.gravatar.com\/avatar\/420aaf9278582877d9018637c6817617705899d2858d7572ef0fe59a6b6454b4?s=96&d=mm&r=g","url":"https:\/\/secure.gravatar.com\/avatar\/420aaf9278582877d9018637c6817617705899d2858d7572ef0fe59a6b6454b4?s=96&d=mm&r=g","contentUrl":"https:\/\/secure.gravatar.com\/avatar\/420aaf9278582877d9018637c6817617705899d2858d7572ef0fe59a6b6454b4?s=96&d=mm&r=g","caption":"Canal Dana"},"url":"https:\/\/dana.com.br\/canaldana\/author\/cdeditor\/"}]}},"_links":{"self":[{"href":"https:\/\/dana.com.br\/canaldana\/wp-json\/wp\/v2\/posts\/73109","targetHints":{"allow":["GET"]}}],"collection":[{"href":"https:\/\/dana.com.br\/canaldana\/wp-json\/wp\/v2\/posts"}],"about":[{"href":"https:\/\/dana.com.br\/canaldana\/wp-json\/wp\/v2\/types\/post"}],"author":[{"embeddable":true,"href":"https:\/\/dana.com.br\/canaldana\/wp-json\/wp\/v2\/users\/3"}],"replies":[{"embeddable":true,"href":"https:\/\/dana.com.br\/canaldana\/wp-json\/wp\/v2\/comments?post=73109"}],"version-history":[{"count":1,"href":"https:\/\/dana.com.br\/canaldana\/wp-json\/wp\/v2\/posts\/73109\/revisions"}],"predecessor-version":[{"id":73110,"href":"https:\/\/dana.com.br\/canaldana\/wp-json\/wp\/v2\/posts\/73109\/revisions\/73110"}],"wp:attachment":[{"href":"https:\/\/dana.com.br\/canaldana\/wp-json\/wp\/v2\/media?parent=73109"}],"wp:term":[{"taxonomy":"category","embeddable":true,"href":"https:\/\/dana.com.br\/canaldana\/wp-json\/wp\/v2\/categories?post=73109"},{"taxonomy":"post_tag","embeddable":true,"href":"https:\/\/dana.com.br\/canaldana\/wp-json\/wp\/v2\/tags?post=73109"}],"curies":[{"name":"wp","href":"https:\/\/api.w.org\/{rel}","templated":true}]}}