{"id":73105,"date":"2024-04-25T08:21:57","date_gmt":"2024-04-25T11:21:57","guid":{"rendered":"https:\/\/dana.com.br\/canaldana\/?p=73105"},"modified":"2024-04-25T08:21:57","modified_gmt":"2024-04-25T11:21:57","slug":"volvo-ce-lanca-maquinas-eletricas-no-brasil-em-mais-um-passo-da-marca-no-compromisso-com-a-descarbonizacao","status":"publish","type":"post","link":"https:\/\/dana.com.br\/canaldana\/2024\/04\/25\/volvo-ce-lanca-maquinas-eletricas-no-brasil-em-mais-um-passo-da-marca-no-compromisso-com-a-descarbonizacao\/","title":{"rendered":"Volvo CE lan\u00e7a m\u00e1quinas el\u00e9tricas no Brasil, em mais um passo da marca no compromisso com a descarboniza\u00e7\u00e3o"},"content":{"rendered":"<p><em>Truck &amp; Bus Builder Am\u00e9rica do Sul<\/em><\/p>\n<p>&nbsp;<\/p>\n<p>Com o lan\u00e7amento local de duas m\u00e1quinas compactas el\u00e9tricas \u2013 a Volvo L25 Electric e a Volvo ECR25 Electric, a Volvo Construction Equipment (Volvo CE) amplia sua jornada global na oferta de equipamentos el\u00e9tricos. A iniciativa refor\u00e7a o compromisso da marca em zerar emiss\u00f5es de CO2 em suas m\u00e1quinas at\u00e9 2040, em atendimento \u00e0 crescente demanda por solu\u00e7\u00f5es ambientalmente respons\u00e1veis, sem renunciar \u00e0 efici\u00eancia.<\/p>\n<p>&nbsp;<\/p>\n<p>\u201cDentro dessa jornada de descarboniza\u00e7\u00e3o, a meta \u00e9 que 35% de nossas vendas globais sejam de m\u00e1quinas el\u00e9tricas at\u00e9 o fim dessa d\u00e9cada, como parte da iniciativa Science Based Target (dados baseados em ci\u00eancia)\u201d, assegura Luiz Marcelo Daniel, presidente da Volvo CE na Am\u00e9rica Latina. A carregadeira compacta Volvo L25 Electric e a escavadeira compacta Volvo ECR25 Electric chegam ao mercado latino-americano logo ap\u00f3s um consagrado sucesso nos mercados europeus e norte-americano. Os primeiros testes no Brasil j\u00e1 comprovaram que as m\u00e1quinas el\u00e9tricas t\u00eam opera\u00e7\u00e3o mais r\u00e1pida do que as equivalentes a diesel, o que traz vantagens para a opera\u00e7\u00e3o. Al\u00e9m de maior agilidade, os novos equipamentos combinam versatilidade, sil\u00eancio e efici\u00eancia energ\u00e9tica de maneira excepcional, tudo isso livre de emiss\u00f5es durante a opera\u00e7\u00e3o.<\/p>\n<p>&nbsp;<\/p>\n<p><strong>Carregadeira compacta Volvo L25 Electric<\/strong><\/p>\n<p>&nbsp;<\/p>\n<p>A Volvo L25 Electric, nova carregadeira de rodas compacta, possui peso operacional de 5 toneladas e uma capacidade de carga de 1,7 toneladas. Com uma opera\u00e7\u00e3o notavelmente silenciosa, gra\u00e7as ao seu sistema de tra\u00e7\u00e3o totalmente el\u00e9trico, a m\u00e1quina n\u00e3o s\u00f3 melhora o ambiente de trabalho para o operador, como tamb\u00e9m se torna o equipamento ideal para \u00e1reas sens\u00edveis ao ru\u00eddo, permitindo trabalhos em hor\u00e1rios n\u00e3o convencionais ou em ambientes internos, reduzindo as preocupa\u00e7\u00f5es com a polui\u00e7\u00e3o sonora.<\/p>\n<p>&nbsp;<\/p>\n<p>As baterias de L\u00edtio-\u00edon de 48V e 40kWh de capacidade oferecem at\u00e9 oito horas de opera\u00e7\u00e3o, dependendo da intensidade do uso. Com op\u00e7\u00f5es flex\u00edveis de carregamento \u00e9 poss\u00edvel recarregar a bateria em 100% em at\u00e9 duas horas, otimizando a opera\u00e7\u00e3o e minimizando as paradas. Al\u00e9m disso, as baterias s\u00e3o protegidas contra vandalismo e projetadas para suportar at\u00e9 2.500 ciclos completos de carga, garantindo uma vida \u00fatil longa, sem necessidade de manuten\u00e7\u00e3o.<\/p>\n<p>&nbsp;<\/p>\n<p><strong>Escavadeira Volvo ECR25 Electric<\/strong><\/p>\n<p>&nbsp;<\/p>\n<p>Da mesma forma, a Volvo ECR25 Electric, nova escavadeira compacta el\u00e9trica da Volvo, com peso operacional de 2,7 toneladas, se destaca por seu funcionamento silencioso, ideal para trabalhos em \u00e1reas urbanas ou sens\u00edveis a ru\u00eddos, como opera\u00e7\u00f5es pr\u00f3ximas a hospitais, por exemplo. Com o aumento das zonas de baixas emiss\u00f5es nas cidades, a Volvo ECR25 Electric abre novas oportunidades de neg\u00f3cios para usu\u00e1rios finais e empresas de loca\u00e7\u00e3o de m\u00e1quinas. O novo equipamento tamb\u00e9m se destaca por seu design compacto, de raio de giro zero, que o torna ideal para aplica\u00e7\u00f5es em espa\u00e7os reduzidos, como obras de escava\u00e7\u00e3o em por\u00f5es e demoli\u00e7\u00e3o.<\/p>\n<p>&nbsp;<\/p>\n<p>Outro uso indicado \u00e9 no campo. A Volvo ECR25 Electric \u00e9 altamente dirigida para trabalhos no agroneg\u00f3cio, como em granjas, currais e todo o tipo de trato com animais. Como oferecem baixo n\u00edvel de ru\u00eddo, n\u00e3o interferem no bem-estar da cria\u00e7\u00e3o, mantendo-a sem estresse. (Truck &amp; Bus Builder Am\u00e9rica do Sul)<\/p>\n","protected":false},"excerpt":{"rendered":"<p>Truck &amp; Bus Builder Am\u00e9rica do Sul &nbsp; Com o lan\u00e7amento local de duas m\u00e1quinas compactas el\u00e9tricas \u2013 a Volvo L25 Electric e a Volvo ECR25 Electric, a Volvo Construction Equipment (Volvo CE) amplia sua jornada global na oferta de equipamentos el\u00e9tricos. A iniciativa refor\u00e7a o compromisso da marca em zerar emiss\u00f5es de CO2 em\u2026 <a class=\"readmore\" href=\"https:\/\/dana.com.br\/canaldana\/2024\/04\/25\/volvo-ce-lanca-maquinas-eletricas-no-brasil-em-mais-um-passo-da-marca-no-compromisso-com-a-descarbonizacao\/\">Leia mais \u00bb<\/a><\/p>\n","protected":false},"author":3,"featured_media":0,"comment_status":"closed","ping_status":"closed","sticky":false,"template":"","format":"standard","meta":{"_acf_changed":false,"footnotes":""},"categories":[110],"tags":[],"class_list":["post-73105","post","type-post","status-publish","format-standard","hentry","category-eletricos"],"acf":[],"yoast_head":"<!-- This site is optimized with the Yoast SEO plugin v27.3 - https:\/\/yoast.com\/product\/yoast-seo-wordpress\/ -->\n<title>Volvo CE lan\u00e7a m\u00e1quinas el\u00e9tricas no Brasil, em mais um passo da marca no compromisso com a descarboniza\u00e7\u00e3o - Canal Dana<\/title>\n<meta name=\"robots\" content=\"index, follow, max-snippet:-1, max-image-preview:large, max-video-preview:-1\" \/>\n<link rel=\"canonical\" href=\"https:\/\/dana.com.br\/canaldana\/2024\/04\/25\/volvo-ce-lanca-maquinas-eletricas-no-brasil-em-mais-um-passo-da-marca-no-compromisso-com-a-descarbonizacao\/\" \/>\n<meta property=\"og:locale\" content=\"pt_BR\" \/>\n<meta property=\"og:type\" content=\"article\" \/>\n<meta property=\"og:title\" content=\"Volvo CE lan\u00e7a m\u00e1quinas el\u00e9tricas no Brasil, em mais um passo da marca no compromisso com a descarboniza\u00e7\u00e3o - Canal Dana\" \/>\n<meta property=\"og:description\" content=\"Truck &amp; Bus Builder Am\u00e9rica do Sul &nbsp; Com o lan\u00e7amento local de duas m\u00e1quinas compactas el\u00e9tricas \u2013 a Volvo L25 Electric e a Volvo ECR25 Electric, a Volvo Construction Equipment (Volvo CE) amplia sua jornada global na oferta de equipamentos el\u00e9tricos. A iniciativa refor\u00e7a o compromisso da marca em zerar emiss\u00f5es de CO2 em\u2026 Leia mais \u00bb\" \/>\n<meta property=\"og:url\" content=\"https:\/\/dana.com.br\/canaldana\/2024\/04\/25\/volvo-ce-lanca-maquinas-eletricas-no-brasil-em-mais-um-passo-da-marca-no-compromisso-com-a-descarbonizacao\/\" \/>\n<meta property=\"og:site_name\" content=\"Canal Dana\" \/>\n<meta property=\"article:published_time\" content=\"2024-04-25T11:21:57+00:00\" \/>\n<meta name=\"author\" content=\"Canal Dana\" \/>\n<meta name=\"twitter:card\" content=\"summary_large_image\" \/>\n<meta name=\"twitter:label1\" content=\"Escrito por\" \/>\n\t<meta name=\"twitter:data1\" content=\"Canal Dana\" \/>\n\t<meta name=\"twitter:label2\" content=\"Est. tempo de leitura\" \/>\n\t<meta name=\"twitter:data2\" content=\"3 minutos\" \/>\n<script type=\"application\/ld+json\" class=\"yoast-schema-graph\">{\"@context\":\"https:\\\/\\\/schema.org\",\"@graph\":[{\"@type\":\"Article\",\"@id\":\"https:\\\/\\\/dana.com.br\\\/canaldana\\\/2024\\\/04\\\/25\\\/volvo-ce-lanca-maquinas-eletricas-no-brasil-em-mais-um-passo-da-marca-no-compromisso-com-a-descarbonizacao\\\/#article\",\"isPartOf\":{\"@id\":\"https:\\\/\\\/dana.com.br\\\/canaldana\\\/2024\\\/04\\\/25\\\/volvo-ce-lanca-maquinas-eletricas-no-brasil-em-mais-um-passo-da-marca-no-compromisso-com-a-descarbonizacao\\\/\"},\"author\":{\"name\":\"Canal Dana\",\"@id\":\"https:\\\/\\\/dana.com.br\\\/canaldana\\\/#\\\/schema\\\/person\\\/3c21f22f56fcf3bc46b94bc60ea4fef6\"},\"headline\":\"Volvo CE lan\u00e7a m\u00e1quinas el\u00e9tricas no Brasil, em mais um passo da marca no compromisso com a descarboniza\u00e7\u00e3o\",\"datePublished\":\"2024-04-25T11:21:57+00:00\",\"mainEntityOfPage\":{\"@id\":\"https:\\\/\\\/dana.com.br\\\/canaldana\\\/2024\\\/04\\\/25\\\/volvo-ce-lanca-maquinas-eletricas-no-brasil-em-mais-um-passo-da-marca-no-compromisso-com-a-descarbonizacao\\\/\"},\"wordCount\":596,\"articleSection\":[\"El\u00e9tricos\"],\"inLanguage\":\"pt-BR\"},{\"@type\":\"WebPage\",\"@id\":\"https:\\\/\\\/dana.com.br\\\/canaldana\\\/2024\\\/04\\\/25\\\/volvo-ce-lanca-maquinas-eletricas-no-brasil-em-mais-um-passo-da-marca-no-compromisso-com-a-descarbonizacao\\\/\",\"url\":\"https:\\\/\\\/dana.com.br\\\/canaldana\\\/2024\\\/04\\\/25\\\/volvo-ce-lanca-maquinas-eletricas-no-brasil-em-mais-um-passo-da-marca-no-compromisso-com-a-descarbonizacao\\\/\",\"name\":\"Volvo CE lan\u00e7a m\u00e1quinas el\u00e9tricas no Brasil, em mais um passo da marca no compromisso com a descarboniza\u00e7\u00e3o - Canal Dana\",\"isPartOf\":{\"@id\":\"https:\\\/\\\/dana.com.br\\\/canaldana\\\/#website\"},\"datePublished\":\"2024-04-25T11:21:57+00:00\",\"author\":{\"@id\":\"https:\\\/\\\/dana.com.br\\\/canaldana\\\/#\\\/schema\\\/person\\\/3c21f22f56fcf3bc46b94bc60ea4fef6\"},\"breadcrumb\":{\"@id\":\"https:\\\/\\\/dana.com.br\\\/canaldana\\\/2024\\\/04\\\/25\\\/volvo-ce-lanca-maquinas-eletricas-no-brasil-em-mais-um-passo-da-marca-no-compromisso-com-a-descarbonizacao\\\/#breadcrumb\"},\"inLanguage\":\"pt-BR\",\"potentialAction\":[{\"@type\":\"ReadAction\",\"target\":[\"https:\\\/\\\/dana.com.br\\\/canaldana\\\/2024\\\/04\\\/25\\\/volvo-ce-lanca-maquinas-eletricas-no-brasil-em-mais-um-passo-da-marca-no-compromisso-com-a-descarbonizacao\\\/\"]}]},{\"@type\":\"BreadcrumbList\",\"@id\":\"https:\\\/\\\/dana.com.br\\\/canaldana\\\/2024\\\/04\\\/25\\\/volvo-ce-lanca-maquinas-eletricas-no-brasil-em-mais-um-passo-da-marca-no-compromisso-com-a-descarbonizacao\\\/#breadcrumb\",\"itemListElement\":[{\"@type\":\"ListItem\",\"position\":1,\"name\":\"Home\",\"item\":\"https:\\\/\\\/dana.com.br\\\/canaldana\\\/\"},{\"@type\":\"ListItem\",\"position\":2,\"name\":\"El\u00e9tricos\",\"item\":\"https:\\\/\\\/dana.com.br\\\/canaldana\\\/eletricos\\\/\"},{\"@type\":\"ListItem\",\"position\":3,\"name\":\"Volvo CE lan\u00e7a m\u00e1quinas el\u00e9tricas no Brasil, em mais um passo da marca no compromisso com a descarboniza\u00e7\u00e3o\"}]},{\"@type\":\"WebSite\",\"@id\":\"https:\\\/\\\/dana.com.br\\\/canaldana\\\/#website\",\"url\":\"https:\\\/\\\/dana.com.br\\\/canaldana\\\/\",\"name\":\"Canal Dana\",\"description\":\"Informativo com as principais not\u00edcias da ind\u00fastria automotiva\",\"potentialAction\":[{\"@type\":\"SearchAction\",\"target\":{\"@type\":\"EntryPoint\",\"urlTemplate\":\"https:\\\/\\\/dana.com.br\\\/canaldana\\\/?s={search_term_string}\"},\"query-input\":{\"@type\":\"PropertyValueSpecification\",\"valueRequired\":true,\"valueName\":\"search_term_string\"}}],\"inLanguage\":\"pt-BR\"},{\"@type\":\"Person\",\"@id\":\"https:\\\/\\\/dana.com.br\\\/canaldana\\\/#\\\/schema\\\/person\\\/3c21f22f56fcf3bc46b94bc60ea4fef6\",\"name\":\"Canal Dana\",\"image\":{\"@type\":\"ImageObject\",\"inLanguage\":\"pt-BR\",\"@id\":\"https:\\\/\\\/secure.gravatar.com\\\/avatar\\\/420aaf9278582877d9018637c6817617705899d2858d7572ef0fe59a6b6454b4?s=96&d=mm&r=g\",\"url\":\"https:\\\/\\\/secure.gravatar.com\\\/avatar\\\/420aaf9278582877d9018637c6817617705899d2858d7572ef0fe59a6b6454b4?s=96&d=mm&r=g\",\"contentUrl\":\"https:\\\/\\\/secure.gravatar.com\\\/avatar\\\/420aaf9278582877d9018637c6817617705899d2858d7572ef0fe59a6b6454b4?s=96&d=mm&r=g\",\"caption\":\"Canal Dana\"},\"url\":\"https:\\\/\\\/dana.com.br\\\/canaldana\\\/author\\\/cdeditor\\\/\"}]}<\/script>\n<!-- \/ Yoast SEO plugin. -->","yoast_head_json":{"title":"Volvo CE lan\u00e7a m\u00e1quinas el\u00e9tricas no Brasil, em mais um passo da marca no compromisso com a descarboniza\u00e7\u00e3o - Canal Dana","robots":{"index":"index","follow":"follow","max-snippet":"max-snippet:-1","max-image-preview":"max-image-preview:large","max-video-preview":"max-video-preview:-1"},"canonical":"https:\/\/dana.com.br\/canaldana\/2024\/04\/25\/volvo-ce-lanca-maquinas-eletricas-no-brasil-em-mais-um-passo-da-marca-no-compromisso-com-a-descarbonizacao\/","og_locale":"pt_BR","og_type":"article","og_title":"Volvo CE lan\u00e7a m\u00e1quinas el\u00e9tricas no Brasil, em mais um passo da marca no compromisso com a descarboniza\u00e7\u00e3o - Canal Dana","og_description":"Truck &amp; Bus Builder Am\u00e9rica do Sul &nbsp; Com o lan\u00e7amento local de duas m\u00e1quinas compactas el\u00e9tricas \u2013 a Volvo L25 Electric e a Volvo ECR25 Electric, a Volvo Construction Equipment (Volvo CE) amplia sua jornada global na oferta de equipamentos el\u00e9tricos. A iniciativa refor\u00e7a o compromisso da marca em zerar emiss\u00f5es de CO2 em\u2026 Leia mais \u00bb","og_url":"https:\/\/dana.com.br\/canaldana\/2024\/04\/25\/volvo-ce-lanca-maquinas-eletricas-no-brasil-em-mais-um-passo-da-marca-no-compromisso-com-a-descarbonizacao\/","og_site_name":"Canal Dana","article_published_time":"2024-04-25T11:21:57+00:00","author":"Canal Dana","twitter_card":"summary_large_image","twitter_misc":{"Escrito por":"Canal Dana","Est. tempo de leitura":"3 minutos"},"schema":{"@context":"https:\/\/schema.org","@graph":[{"@type":"Article","@id":"https:\/\/dana.com.br\/canaldana\/2024\/04\/25\/volvo-ce-lanca-maquinas-eletricas-no-brasil-em-mais-um-passo-da-marca-no-compromisso-com-a-descarbonizacao\/#article","isPartOf":{"@id":"https:\/\/dana.com.br\/canaldana\/2024\/04\/25\/volvo-ce-lanca-maquinas-eletricas-no-brasil-em-mais-um-passo-da-marca-no-compromisso-com-a-descarbonizacao\/"},"author":{"name":"Canal Dana","@id":"https:\/\/dana.com.br\/canaldana\/#\/schema\/person\/3c21f22f56fcf3bc46b94bc60ea4fef6"},"headline":"Volvo CE lan\u00e7a m\u00e1quinas el\u00e9tricas no Brasil, em mais um passo da marca no compromisso com a descarboniza\u00e7\u00e3o","datePublished":"2024-04-25T11:21:57+00:00","mainEntityOfPage":{"@id":"https:\/\/dana.com.br\/canaldana\/2024\/04\/25\/volvo-ce-lanca-maquinas-eletricas-no-brasil-em-mais-um-passo-da-marca-no-compromisso-com-a-descarbonizacao\/"},"wordCount":596,"articleSection":["El\u00e9tricos"],"inLanguage":"pt-BR"},{"@type":"WebPage","@id":"https:\/\/dana.com.br\/canaldana\/2024\/04\/25\/volvo-ce-lanca-maquinas-eletricas-no-brasil-em-mais-um-passo-da-marca-no-compromisso-com-a-descarbonizacao\/","url":"https:\/\/dana.com.br\/canaldana\/2024\/04\/25\/volvo-ce-lanca-maquinas-eletricas-no-brasil-em-mais-um-passo-da-marca-no-compromisso-com-a-descarbonizacao\/","name":"Volvo CE lan\u00e7a m\u00e1quinas el\u00e9tricas no Brasil, em mais um passo da marca no compromisso com a descarboniza\u00e7\u00e3o - Canal Dana","isPartOf":{"@id":"https:\/\/dana.com.br\/canaldana\/#website"},"datePublished":"2024-04-25T11:21:57+00:00","author":{"@id":"https:\/\/dana.com.br\/canaldana\/#\/schema\/person\/3c21f22f56fcf3bc46b94bc60ea4fef6"},"breadcrumb":{"@id":"https:\/\/dana.com.br\/canaldana\/2024\/04\/25\/volvo-ce-lanca-maquinas-eletricas-no-brasil-em-mais-um-passo-da-marca-no-compromisso-com-a-descarbonizacao\/#breadcrumb"},"inLanguage":"pt-BR","potentialAction":[{"@type":"ReadAction","target":["https:\/\/dana.com.br\/canaldana\/2024\/04\/25\/volvo-ce-lanca-maquinas-eletricas-no-brasil-em-mais-um-passo-da-marca-no-compromisso-com-a-descarbonizacao\/"]}]},{"@type":"BreadcrumbList","@id":"https:\/\/dana.com.br\/canaldana\/2024\/04\/25\/volvo-ce-lanca-maquinas-eletricas-no-brasil-em-mais-um-passo-da-marca-no-compromisso-com-a-descarbonizacao\/#breadcrumb","itemListElement":[{"@type":"ListItem","position":1,"name":"Home","item":"https:\/\/dana.com.br\/canaldana\/"},{"@type":"ListItem","position":2,"name":"El\u00e9tricos","item":"https:\/\/dana.com.br\/canaldana\/eletricos\/"},{"@type":"ListItem","position":3,"name":"Volvo CE lan\u00e7a m\u00e1quinas el\u00e9tricas no Brasil, em mais um passo da marca no compromisso com a descarboniza\u00e7\u00e3o"}]},{"@type":"WebSite","@id":"https:\/\/dana.com.br\/canaldana\/#website","url":"https:\/\/dana.com.br\/canaldana\/","name":"Canal Dana","description":"Informativo com as principais not\u00edcias da ind\u00fastria automotiva","potentialAction":[{"@type":"SearchAction","target":{"@type":"EntryPoint","urlTemplate":"https:\/\/dana.com.br\/canaldana\/?s={search_term_string}"},"query-input":{"@type":"PropertyValueSpecification","valueRequired":true,"valueName":"search_term_string"}}],"inLanguage":"pt-BR"},{"@type":"Person","@id":"https:\/\/dana.com.br\/canaldana\/#\/schema\/person\/3c21f22f56fcf3bc46b94bc60ea4fef6","name":"Canal Dana","image":{"@type":"ImageObject","inLanguage":"pt-BR","@id":"https:\/\/secure.gravatar.com\/avatar\/420aaf9278582877d9018637c6817617705899d2858d7572ef0fe59a6b6454b4?s=96&d=mm&r=g","url":"https:\/\/secure.gravatar.com\/avatar\/420aaf9278582877d9018637c6817617705899d2858d7572ef0fe59a6b6454b4?s=96&d=mm&r=g","contentUrl":"https:\/\/secure.gravatar.com\/avatar\/420aaf9278582877d9018637c6817617705899d2858d7572ef0fe59a6b6454b4?s=96&d=mm&r=g","caption":"Canal Dana"},"url":"https:\/\/dana.com.br\/canaldana\/author\/cdeditor\/"}]}},"_links":{"self":[{"href":"https:\/\/dana.com.br\/canaldana\/wp-json\/wp\/v2\/posts\/73105","targetHints":{"allow":["GET"]}}],"collection":[{"href":"https:\/\/dana.com.br\/canaldana\/wp-json\/wp\/v2\/posts"}],"about":[{"href":"https:\/\/dana.com.br\/canaldana\/wp-json\/wp\/v2\/types\/post"}],"author":[{"embeddable":true,"href":"https:\/\/dana.com.br\/canaldana\/wp-json\/wp\/v2\/users\/3"}],"replies":[{"embeddable":true,"href":"https:\/\/dana.com.br\/canaldana\/wp-json\/wp\/v2\/comments?post=73105"}],"version-history":[{"count":1,"href":"https:\/\/dana.com.br\/canaldana\/wp-json\/wp\/v2\/posts\/73105\/revisions"}],"predecessor-version":[{"id":73106,"href":"https:\/\/dana.com.br\/canaldana\/wp-json\/wp\/v2\/posts\/73105\/revisions\/73106"}],"wp:attachment":[{"href":"https:\/\/dana.com.br\/canaldana\/wp-json\/wp\/v2\/media?parent=73105"}],"wp:term":[{"taxonomy":"category","embeddable":true,"href":"https:\/\/dana.com.br\/canaldana\/wp-json\/wp\/v2\/categories?post=73105"},{"taxonomy":"post_tag","embeddable":true,"href":"https:\/\/dana.com.br\/canaldana\/wp-json\/wp\/v2\/tags?post=73105"}],"curies":[{"name":"wp","href":"https:\/\/api.w.org\/{rel}","templated":true}]}}