{"id":72984,"date":"2024-04-19T08:06:08","date_gmt":"2024-04-19T11:06:08","guid":{"rendered":"https:\/\/dana.com.br\/canaldana\/?p=72984"},"modified":"2024-04-19T08:06:08","modified_gmt":"2024-04-19T11:06:08","slug":"mercedes-benz-inicia-testes-de-caminhoes-eletricos-no-brasil-com-braspress-e-outros-clientes","status":"publish","type":"post","link":"https:\/\/dana.com.br\/canaldana\/2024\/04\/19\/mercedes-benz-inicia-testes-de-caminhoes-eletricos-no-brasil-com-braspress-e-outros-clientes\/","title":{"rendered":"Mercedes-Benz inicia testes de caminh\u00f5es el\u00e9tricos no Brasil, com Braspress e outros clientes"},"content":{"rendered":"<p><em>Transporte Moderno <\/em><\/p>\n<p>&nbsp;<\/p>\n<p>Depois de ter obtido resultados satisfat\u00f3rios com a sua frota de 30 caminh\u00f5es el\u00e9tricos semileves JAC iEV1200T, para opera\u00e7\u00f5es de entrega na cidade de S\u00e3o Paulo, a Braspress parece estar disposta a expandir a sua jornada de descarboniza\u00e7\u00e3o com caminh\u00f5es el\u00e9tricos mais pesados. Segundo o CEO Urubatan Helou, a transportadora iniciou, h\u00e1 alguns meses, testes com um modelo da Mercedes-Benz.<\/p>\n<p>&nbsp;<\/p>\n<p>A informa\u00e7\u00e3o foi dada ontem (18), durante o an\u00fancio da venda de 135 caminh\u00f5es a diesel Mercedes-Benz \u00e0 Braspress, na f\u00e1brica de S\u00e3o Bernardo do Campo, no ABC paulista. A venda exigiu investimentos de R$ 116 milh\u00f5es da Braspress pagos \u00e0 vista. Seja como for, 80% da frota de 3.090 ve\u00edculos da transportadora \u00e9 composta por caminh\u00f5es a diesel da Mercedes-Benz.<\/p>\n<p>&nbsp;<\/p>\n<p>Al\u00e9m de uma unidade em testes na Braspress, o vice-presidente de vendas, marketing, pe\u00e7as e servi\u00e7os da Mercedes-Benz, Jefferson Ferrarez, revelou que \u201ch\u00e1 outras sendo testadas por outros transportadores\u201d. Por\u00e9m, n\u00e3o contou quantas ou quem s\u00e3o esses clientes.<\/p>\n<p>&nbsp;<\/p>\n<p>Sobre as primeiras impress\u00f5es do caminh\u00e3o el\u00e9trico da Mercedes-Benz em testes, Urubatan Helou diz que ainda \u00e9 muito recente para apontar resultados. Contudo, afirma que n\u00e3o h\u00e1 preocupa\u00e7\u00f5es com rela\u00e7\u00e3o ao bom desempenho de ve\u00edculos el\u00e9tricos.<\/p>\n<p>&nbsp;<\/p>\n<p><strong>Diversifica\u00e7\u00e3o de matriz energ\u00e9tica<\/strong><\/p>\n<p>&nbsp;<\/p>\n<p>\u201cN\u00e3o temos preocupa\u00e7\u00e3o com os el\u00e9tricos, mas um otimismo com o futuro. Esperamos que a matriz energ\u00e9tica possa mudar, ela precisa mudar. N\u00f3s n\u00e3o sabemos se predominar\u00e3o os ve\u00edculos a g\u00e1s ou el\u00e9tricos, mas estamos abertos a termos um mix de produtos alternativos ao diesel imediatamente.\u201d<\/p>\n<p>&nbsp;<\/p>\n<p>Seja como for, Jefferson Ferrarez afirmou que o mercado brasileiro de el\u00e9tricos est\u00e1 no radar da fabricante. Sobretudo porque \u00e9 um dos maiores do mundo. \u201c\u00c0 medida que clientes como a Braspress desenvolvem seus estudos, estamos prontos para trabalhar em conjunto. A Mercedes-Benz est\u00e1 preparada para ser o principal parceiro da Braspress nessa transi\u00e7\u00e3o para os ve\u00edculos el\u00e9tricos\u201d. (Transporte Moderno\/Aline Feltrin)<\/p>\n","protected":false},"excerpt":{"rendered":"<p>Transporte Moderno &nbsp; Depois de ter obtido resultados satisfat\u00f3rios com a sua frota de 30 caminh\u00f5es el\u00e9tricos semileves JAC iEV1200T, para opera\u00e7\u00f5es de entrega na cidade de S\u00e3o Paulo, a Braspress parece estar disposta a expandir a sua jornada de descarboniza\u00e7\u00e3o com caminh\u00f5es el\u00e9tricos mais pesados. Segundo o CEO Urubatan Helou, a transportadora iniciou, h\u00e1\u2026 <a class=\"readmore\" href=\"https:\/\/dana.com.br\/canaldana\/2024\/04\/19\/mercedes-benz-inicia-testes-de-caminhoes-eletricos-no-brasil-com-braspress-e-outros-clientes\/\">Leia mais \u00bb<\/a><\/p>\n","protected":false},"author":3,"featured_media":0,"comment_status":"closed","ping_status":"closed","sticky":false,"template":"","format":"standard","meta":{"_acf_changed":false,"footnotes":""},"categories":[61],"tags":[],"class_list":["post-72984","post","type-post","status-publish","format-standard","hentry","category-destaques"],"acf":[],"yoast_head":"<!-- This site is optimized with the Yoast SEO plugin v27.3 - https:\/\/yoast.com\/product\/yoast-seo-wordpress\/ -->\n<title>Mercedes-Benz inicia testes de caminh\u00f5es el\u00e9tricos no Brasil, com Braspress e outros clientes - Canal Dana<\/title>\n<meta name=\"robots\" content=\"index, follow, max-snippet:-1, max-image-preview:large, max-video-preview:-1\" \/>\n<link rel=\"canonical\" href=\"https:\/\/dana.com.br\/canaldana\/2024\/04\/19\/mercedes-benz-inicia-testes-de-caminhoes-eletricos-no-brasil-com-braspress-e-outros-clientes\/\" \/>\n<meta property=\"og:locale\" content=\"pt_BR\" \/>\n<meta property=\"og:type\" content=\"article\" \/>\n<meta property=\"og:title\" content=\"Mercedes-Benz inicia testes de caminh\u00f5es el\u00e9tricos no Brasil, com Braspress e outros clientes - Canal Dana\" \/>\n<meta property=\"og:description\" content=\"Transporte Moderno &nbsp; Depois de ter obtido resultados satisfat\u00f3rios com a sua frota de 30 caminh\u00f5es el\u00e9tricos semileves JAC iEV1200T, para opera\u00e7\u00f5es de entrega na cidade de S\u00e3o Paulo, a Braspress parece estar disposta a expandir a sua jornada de descarboniza\u00e7\u00e3o com caminh\u00f5es el\u00e9tricos mais pesados. Segundo o CEO Urubatan Helou, a transportadora iniciou, h\u00e1\u2026 Leia mais \u00bb\" \/>\n<meta property=\"og:url\" content=\"https:\/\/dana.com.br\/canaldana\/2024\/04\/19\/mercedes-benz-inicia-testes-de-caminhoes-eletricos-no-brasil-com-braspress-e-outros-clientes\/\" \/>\n<meta property=\"og:site_name\" content=\"Canal Dana\" \/>\n<meta property=\"article:published_time\" content=\"2024-04-19T11:06:08+00:00\" \/>\n<meta name=\"author\" content=\"Canal Dana\" \/>\n<meta name=\"twitter:card\" content=\"summary_large_image\" \/>\n<meta name=\"twitter:label1\" content=\"Escrito por\" \/>\n\t<meta name=\"twitter:data1\" content=\"Canal Dana\" \/>\n\t<meta name=\"twitter:label2\" content=\"Est. tempo de leitura\" \/>\n\t<meta name=\"twitter:data2\" content=\"2 minutos\" \/>\n<script type=\"application\/ld+json\" class=\"yoast-schema-graph\">{\"@context\":\"https:\\\/\\\/schema.org\",\"@graph\":[{\"@type\":\"Article\",\"@id\":\"https:\\\/\\\/dana.com.br\\\/canaldana\\\/2024\\\/04\\\/19\\\/mercedes-benz-inicia-testes-de-caminhoes-eletricos-no-brasil-com-braspress-e-outros-clientes\\\/#article\",\"isPartOf\":{\"@id\":\"https:\\\/\\\/dana.com.br\\\/canaldana\\\/2024\\\/04\\\/19\\\/mercedes-benz-inicia-testes-de-caminhoes-eletricos-no-brasil-com-braspress-e-outros-clientes\\\/\"},\"author\":{\"name\":\"Canal Dana\",\"@id\":\"https:\\\/\\\/dana.com.br\\\/canaldana\\\/#\\\/schema\\\/person\\\/3c21f22f56fcf3bc46b94bc60ea4fef6\"},\"headline\":\"Mercedes-Benz inicia testes de caminh\u00f5es el\u00e9tricos no Brasil, com Braspress e outros clientes\",\"datePublished\":\"2024-04-19T11:06:08+00:00\",\"mainEntityOfPage\":{\"@id\":\"https:\\\/\\\/dana.com.br\\\/canaldana\\\/2024\\\/04\\\/19\\\/mercedes-benz-inicia-testes-de-caminhoes-eletricos-no-brasil-com-braspress-e-outros-clientes\\\/\"},\"wordCount\":366,\"articleSection\":[\"Destaques\"],\"inLanguage\":\"pt-BR\"},{\"@type\":\"WebPage\",\"@id\":\"https:\\\/\\\/dana.com.br\\\/canaldana\\\/2024\\\/04\\\/19\\\/mercedes-benz-inicia-testes-de-caminhoes-eletricos-no-brasil-com-braspress-e-outros-clientes\\\/\",\"url\":\"https:\\\/\\\/dana.com.br\\\/canaldana\\\/2024\\\/04\\\/19\\\/mercedes-benz-inicia-testes-de-caminhoes-eletricos-no-brasil-com-braspress-e-outros-clientes\\\/\",\"name\":\"Mercedes-Benz inicia testes de caminh\u00f5es el\u00e9tricos no Brasil, com Braspress e outros clientes - Canal Dana\",\"isPartOf\":{\"@id\":\"https:\\\/\\\/dana.com.br\\\/canaldana\\\/#website\"},\"datePublished\":\"2024-04-19T11:06:08+00:00\",\"author\":{\"@id\":\"https:\\\/\\\/dana.com.br\\\/canaldana\\\/#\\\/schema\\\/person\\\/3c21f22f56fcf3bc46b94bc60ea4fef6\"},\"breadcrumb\":{\"@id\":\"https:\\\/\\\/dana.com.br\\\/canaldana\\\/2024\\\/04\\\/19\\\/mercedes-benz-inicia-testes-de-caminhoes-eletricos-no-brasil-com-braspress-e-outros-clientes\\\/#breadcrumb\"},\"inLanguage\":\"pt-BR\",\"potentialAction\":[{\"@type\":\"ReadAction\",\"target\":[\"https:\\\/\\\/dana.com.br\\\/canaldana\\\/2024\\\/04\\\/19\\\/mercedes-benz-inicia-testes-de-caminhoes-eletricos-no-brasil-com-braspress-e-outros-clientes\\\/\"]}]},{\"@type\":\"BreadcrumbList\",\"@id\":\"https:\\\/\\\/dana.com.br\\\/canaldana\\\/2024\\\/04\\\/19\\\/mercedes-benz-inicia-testes-de-caminhoes-eletricos-no-brasil-com-braspress-e-outros-clientes\\\/#breadcrumb\",\"itemListElement\":[{\"@type\":\"ListItem\",\"position\":1,\"name\":\"Home\",\"item\":\"https:\\\/\\\/dana.com.br\\\/canaldana\\\/\"},{\"@type\":\"ListItem\",\"position\":2,\"name\":\"Destaques\",\"item\":\"https:\\\/\\\/dana.com.br\\\/canaldana\\\/destaques\\\/\"},{\"@type\":\"ListItem\",\"position\":3,\"name\":\"Mercedes-Benz inicia testes de caminh\u00f5es el\u00e9tricos no Brasil, com Braspress e outros clientes\"}]},{\"@type\":\"WebSite\",\"@id\":\"https:\\\/\\\/dana.com.br\\\/canaldana\\\/#website\",\"url\":\"https:\\\/\\\/dana.com.br\\\/canaldana\\\/\",\"name\":\"Canal Dana\",\"description\":\"Informativo com as principais not\u00edcias da ind\u00fastria automotiva\",\"potentialAction\":[{\"@type\":\"SearchAction\",\"target\":{\"@type\":\"EntryPoint\",\"urlTemplate\":\"https:\\\/\\\/dana.com.br\\\/canaldana\\\/?s={search_term_string}\"},\"query-input\":{\"@type\":\"PropertyValueSpecification\",\"valueRequired\":true,\"valueName\":\"search_term_string\"}}],\"inLanguage\":\"pt-BR\"},{\"@type\":\"Person\",\"@id\":\"https:\\\/\\\/dana.com.br\\\/canaldana\\\/#\\\/schema\\\/person\\\/3c21f22f56fcf3bc46b94bc60ea4fef6\",\"name\":\"Canal Dana\",\"image\":{\"@type\":\"ImageObject\",\"inLanguage\":\"pt-BR\",\"@id\":\"https:\\\/\\\/secure.gravatar.com\\\/avatar\\\/420aaf9278582877d9018637c6817617705899d2858d7572ef0fe59a6b6454b4?s=96&d=mm&r=g\",\"url\":\"https:\\\/\\\/secure.gravatar.com\\\/avatar\\\/420aaf9278582877d9018637c6817617705899d2858d7572ef0fe59a6b6454b4?s=96&d=mm&r=g\",\"contentUrl\":\"https:\\\/\\\/secure.gravatar.com\\\/avatar\\\/420aaf9278582877d9018637c6817617705899d2858d7572ef0fe59a6b6454b4?s=96&d=mm&r=g\",\"caption\":\"Canal Dana\"},\"url\":\"https:\\\/\\\/dana.com.br\\\/canaldana\\\/author\\\/cdeditor\\\/\"}]}<\/script>\n<!-- \/ Yoast SEO plugin. -->","yoast_head_json":{"title":"Mercedes-Benz inicia testes de caminh\u00f5es el\u00e9tricos no Brasil, com Braspress e outros clientes - Canal Dana","robots":{"index":"index","follow":"follow","max-snippet":"max-snippet:-1","max-image-preview":"max-image-preview:large","max-video-preview":"max-video-preview:-1"},"canonical":"https:\/\/dana.com.br\/canaldana\/2024\/04\/19\/mercedes-benz-inicia-testes-de-caminhoes-eletricos-no-brasil-com-braspress-e-outros-clientes\/","og_locale":"pt_BR","og_type":"article","og_title":"Mercedes-Benz inicia testes de caminh\u00f5es el\u00e9tricos no Brasil, com Braspress e outros clientes - Canal Dana","og_description":"Transporte Moderno &nbsp; Depois de ter obtido resultados satisfat\u00f3rios com a sua frota de 30 caminh\u00f5es el\u00e9tricos semileves JAC iEV1200T, para opera\u00e7\u00f5es de entrega na cidade de S\u00e3o Paulo, a Braspress parece estar disposta a expandir a sua jornada de descarboniza\u00e7\u00e3o com caminh\u00f5es el\u00e9tricos mais pesados. Segundo o CEO Urubatan Helou, a transportadora iniciou, h\u00e1\u2026 Leia mais \u00bb","og_url":"https:\/\/dana.com.br\/canaldana\/2024\/04\/19\/mercedes-benz-inicia-testes-de-caminhoes-eletricos-no-brasil-com-braspress-e-outros-clientes\/","og_site_name":"Canal Dana","article_published_time":"2024-04-19T11:06:08+00:00","author":"Canal Dana","twitter_card":"summary_large_image","twitter_misc":{"Escrito por":"Canal Dana","Est. tempo de leitura":"2 minutos"},"schema":{"@context":"https:\/\/schema.org","@graph":[{"@type":"Article","@id":"https:\/\/dana.com.br\/canaldana\/2024\/04\/19\/mercedes-benz-inicia-testes-de-caminhoes-eletricos-no-brasil-com-braspress-e-outros-clientes\/#article","isPartOf":{"@id":"https:\/\/dana.com.br\/canaldana\/2024\/04\/19\/mercedes-benz-inicia-testes-de-caminhoes-eletricos-no-brasil-com-braspress-e-outros-clientes\/"},"author":{"name":"Canal Dana","@id":"https:\/\/dana.com.br\/canaldana\/#\/schema\/person\/3c21f22f56fcf3bc46b94bc60ea4fef6"},"headline":"Mercedes-Benz inicia testes de caminh\u00f5es el\u00e9tricos no Brasil, com Braspress e outros clientes","datePublished":"2024-04-19T11:06:08+00:00","mainEntityOfPage":{"@id":"https:\/\/dana.com.br\/canaldana\/2024\/04\/19\/mercedes-benz-inicia-testes-de-caminhoes-eletricos-no-brasil-com-braspress-e-outros-clientes\/"},"wordCount":366,"articleSection":["Destaques"],"inLanguage":"pt-BR"},{"@type":"WebPage","@id":"https:\/\/dana.com.br\/canaldana\/2024\/04\/19\/mercedes-benz-inicia-testes-de-caminhoes-eletricos-no-brasil-com-braspress-e-outros-clientes\/","url":"https:\/\/dana.com.br\/canaldana\/2024\/04\/19\/mercedes-benz-inicia-testes-de-caminhoes-eletricos-no-brasil-com-braspress-e-outros-clientes\/","name":"Mercedes-Benz inicia testes de caminh\u00f5es el\u00e9tricos no Brasil, com Braspress e outros clientes - Canal Dana","isPartOf":{"@id":"https:\/\/dana.com.br\/canaldana\/#website"},"datePublished":"2024-04-19T11:06:08+00:00","author":{"@id":"https:\/\/dana.com.br\/canaldana\/#\/schema\/person\/3c21f22f56fcf3bc46b94bc60ea4fef6"},"breadcrumb":{"@id":"https:\/\/dana.com.br\/canaldana\/2024\/04\/19\/mercedes-benz-inicia-testes-de-caminhoes-eletricos-no-brasil-com-braspress-e-outros-clientes\/#breadcrumb"},"inLanguage":"pt-BR","potentialAction":[{"@type":"ReadAction","target":["https:\/\/dana.com.br\/canaldana\/2024\/04\/19\/mercedes-benz-inicia-testes-de-caminhoes-eletricos-no-brasil-com-braspress-e-outros-clientes\/"]}]},{"@type":"BreadcrumbList","@id":"https:\/\/dana.com.br\/canaldana\/2024\/04\/19\/mercedes-benz-inicia-testes-de-caminhoes-eletricos-no-brasil-com-braspress-e-outros-clientes\/#breadcrumb","itemListElement":[{"@type":"ListItem","position":1,"name":"Home","item":"https:\/\/dana.com.br\/canaldana\/"},{"@type":"ListItem","position":2,"name":"Destaques","item":"https:\/\/dana.com.br\/canaldana\/destaques\/"},{"@type":"ListItem","position":3,"name":"Mercedes-Benz inicia testes de caminh\u00f5es el\u00e9tricos no Brasil, com Braspress e outros clientes"}]},{"@type":"WebSite","@id":"https:\/\/dana.com.br\/canaldana\/#website","url":"https:\/\/dana.com.br\/canaldana\/","name":"Canal Dana","description":"Informativo com as principais not\u00edcias da ind\u00fastria automotiva","potentialAction":[{"@type":"SearchAction","target":{"@type":"EntryPoint","urlTemplate":"https:\/\/dana.com.br\/canaldana\/?s={search_term_string}"},"query-input":{"@type":"PropertyValueSpecification","valueRequired":true,"valueName":"search_term_string"}}],"inLanguage":"pt-BR"},{"@type":"Person","@id":"https:\/\/dana.com.br\/canaldana\/#\/schema\/person\/3c21f22f56fcf3bc46b94bc60ea4fef6","name":"Canal Dana","image":{"@type":"ImageObject","inLanguage":"pt-BR","@id":"https:\/\/secure.gravatar.com\/avatar\/420aaf9278582877d9018637c6817617705899d2858d7572ef0fe59a6b6454b4?s=96&d=mm&r=g","url":"https:\/\/secure.gravatar.com\/avatar\/420aaf9278582877d9018637c6817617705899d2858d7572ef0fe59a6b6454b4?s=96&d=mm&r=g","contentUrl":"https:\/\/secure.gravatar.com\/avatar\/420aaf9278582877d9018637c6817617705899d2858d7572ef0fe59a6b6454b4?s=96&d=mm&r=g","caption":"Canal Dana"},"url":"https:\/\/dana.com.br\/canaldana\/author\/cdeditor\/"}]}},"_links":{"self":[{"href":"https:\/\/dana.com.br\/canaldana\/wp-json\/wp\/v2\/posts\/72984","targetHints":{"allow":["GET"]}}],"collection":[{"href":"https:\/\/dana.com.br\/canaldana\/wp-json\/wp\/v2\/posts"}],"about":[{"href":"https:\/\/dana.com.br\/canaldana\/wp-json\/wp\/v2\/types\/post"}],"author":[{"embeddable":true,"href":"https:\/\/dana.com.br\/canaldana\/wp-json\/wp\/v2\/users\/3"}],"replies":[{"embeddable":true,"href":"https:\/\/dana.com.br\/canaldana\/wp-json\/wp\/v2\/comments?post=72984"}],"version-history":[{"count":1,"href":"https:\/\/dana.com.br\/canaldana\/wp-json\/wp\/v2\/posts\/72984\/revisions"}],"predecessor-version":[{"id":72985,"href":"https:\/\/dana.com.br\/canaldana\/wp-json\/wp\/v2\/posts\/72984\/revisions\/72985"}],"wp:attachment":[{"href":"https:\/\/dana.com.br\/canaldana\/wp-json\/wp\/v2\/media?parent=72984"}],"wp:term":[{"taxonomy":"category","embeddable":true,"href":"https:\/\/dana.com.br\/canaldana\/wp-json\/wp\/v2\/categories?post=72984"},{"taxonomy":"post_tag","embeddable":true,"href":"https:\/\/dana.com.br\/canaldana\/wp-json\/wp\/v2\/tags?post=72984"}],"curies":[{"name":"wp","href":"https:\/\/api.w.org\/{rel}","templated":true}]}}