{"id":72970,"date":"2024-04-19T08:01:57","date_gmt":"2024-04-19T11:01:57","guid":{"rendered":"https:\/\/dana.com.br\/canaldana\/?p=72970"},"modified":"2024-04-19T08:01:57","modified_gmt":"2024-04-19T11:01:57","slug":"diversidade-equidade-e-inclusao-conheca-a-jornada-que-acontece-no-complexo-industrial-da-nissan","status":"publish","type":"post","link":"https:\/\/dana.com.br\/canaldana\/2024\/04\/19\/diversidade-equidade-e-inclusao-conheca-a-jornada-que-acontece-no-complexo-industrial-da-nissan\/","title":{"rendered":"Diversidade, equidade e inclus\u00e3o: Conhe\u00e7a a jornada que acontece no complexo industrial da Nissan"},"content":{"rendered":"<p><em>Blog Coisas de Agora<\/em><\/p>\n<p>&nbsp;<\/p>\n<p>A Nissan est\u00e1 comprometida em se tornar uma empresa onde seus funcion\u00e1rios se sintam cada vez mais respeitados e valorizados. Por isso, na semana em que o Complexo Industrial da empresa em Resende, no Sul do estado do Rio, completa uma d\u00e9cada de atividades, a Nissan destaca a jornada percorrida em sua f\u00e1brica para se consolidar como uma das mais diversas, equitativas e inclusivas do setor automotivo no Brasil.<\/p>\n<p>&nbsp;<\/p>\n<p>Apesar de ter os princ\u00edpios de igualdade sempre presentes, foi em 2021 que o caminho de DEI da unidade fabril no estado do Rio de Janeiro deu passos de forma mais estrat\u00e9gica e consistente. Naquele ano, ap\u00f3s a ades\u00e3o da Nissan em toda Am\u00e9rica do Sul ao Pacto Global das Na\u00e7\u00f5es Unidas e aos Princ\u00edpios de Empoderamento das Mulheres da ONU Mulheres, criou-se um Comit\u00ea Executivo da Nissan na regi\u00e3o para delibera\u00e7\u00e3o dos temas de diversidade, equidade e inclus\u00e3o. Grupos de trabalho de colaboradores volunt\u00e1rios (ERGs &#8211; Employee Resource Group) tamb\u00e9m foram formados com foco no empoderamento das mulheres, na comunidade LGBTIQAP+, nas pessoas de diversas ra\u00e7as e etnias e nas pessoas com defici\u00eancia.<\/p>\n<p>&nbsp;<\/p>\n<p>Foi nos corredores de Resende, tamb\u00e9m em 2021, que a empresa instalou um grande painel com a Carta Compromisso de Diversidade, Equidade e Inclus\u00e3o para a Am\u00e9rica do Sul. O documento contou com a assinatura das lideran\u00e7as e funcion\u00e1rios com foco em refor\u00e7ar seu compromisso com o tema. De l\u00e1 para c\u00e1, a f\u00e1brica da Nissan vem sendo palco de importantes a\u00e7\u00f5es, iniciativas e projetos de DEI com a participa\u00e7\u00e3o direta de suas lideran\u00e7as e dos colaboradores da linha de produ\u00e7\u00e3o e dos escrit\u00f3rios.<\/p>\n<p>&nbsp;<\/p>\n<p><strong>Equidade Racial<\/strong><\/p>\n<p>&nbsp;<\/p>\n<p>Em 2022, em meio a v\u00e1rias a\u00e7\u00f5es, a produ\u00e7\u00e3o foi interrompida por 2 dias para que todos os funcion\u00e1rios participassem de um letramento racial com objetivo de acelerar a promo\u00e7\u00e3o da igualdade racial na empresa. Realizado em conjunto com o Instituto Identidades do Brasil (ID_BR), a a\u00e7\u00e3o impactou mais de 2 mil funcion\u00e1rios e foi um dos maiores treinamentos presenciais sobre diversidade racial realizado no Brasil em uma f\u00e1brica \u2013 n\u00e3o apenas do setor automotivo. Na ocasi\u00e3o, a Nissan tamb\u00e9m apresentou a &#8220;Cartilha Racial&#8221;, com conte\u00fado complementar importante para a educa\u00e7\u00e3o racial dos colaboradores da empresa.<\/p>\n<p>&nbsp;<\/p>\n<p>Aprofundando os conhecimentos sobre a pauta, em 2023, os funcion\u00e1rios da unidade fabril participaram da Caminhada pela Igualdade Racial, evento que buscou gerar reflex\u00f5es sobre privil\u00e9gios e racismo estrutural. Mais recentemente, em 2024, a Nissan produziu uma Cartilha Racial Infantil para estimular funcion\u00e1rios a terem conversas sobre ra\u00e7a e racismo com menos barreiras e de forma l\u00fadica com suas crian\u00e7as. O lan\u00e7amento do projeto aconteceu no Complexo Industrial de Resende com a distribui\u00e7\u00e3o das cartilhas aos colaboradores.<\/p>\n<p>&nbsp;<\/p>\n<p><strong>Equidade de G\u00eanero<\/strong><\/p>\n<p>&nbsp;<\/p>\n<p>No Complexo Industrial de Resende a participa\u00e7\u00e3o das mulheres vem evoluindo ano a ano. Em 2021, elas correspondiam a 9,6% do total de funcion\u00e1rios da f\u00e1brica, em 2024 esse n\u00famero aumentou para 20%, ou seja, a participa\u00e7\u00e3o feminina dobrou nos \u00faltimos tr\u00eas anos na unidade industrial. Dentre a lideran\u00e7a da planta, as mulheres representam 12% do universo de l\u00edderes.<\/p>\n<p>&nbsp;<\/p>\n<p>Nos programas destinados a forma\u00e7\u00e3o das futuras equipes do complexo industrial as mulheres j\u00e1 s\u00e3o maioria. Na edi\u00e7\u00e3o 2024 do Programa de Est\u00e1gio da Nissan, por exemplo, as mulheres representam 54% do total de participantes e, no Programa Jovem Aprendiz, elas correspondem a 58%.<\/p>\n<p>&nbsp;<\/p>\n<p>Dentre as iniciativas de acelera\u00e7\u00e3o da equidade de g\u00eanero destacam-se o Projeto &#8220;Caf\u00e9 com Elas&#8221;, encontros peri\u00f3dicos para escutar as necessidades das mulheres da manufatura. Um ambiente &#8220;seguro&#8221; onde elas podem compartilhar suas vis\u00f5es sobre como a empresa pode seguir avan\u00e7ando no tema. Outro projeto importante foi a revis\u00e3o de sal\u00e1rios para uma an\u00e1lise de disparidades salariais de g\u00eanero para assegurar que n\u00e3o existem diferen\u00e7as de remunera\u00e7\u00e3o entre seus colaboradores por quest\u00f5es relacionadas ao g\u00eanero.<\/p>\n<p>&nbsp;<\/p>\n<p>Ao longo dos anos tamb\u00e9m foram desenvolvidas uma s\u00e9rie de palestras para sensibiliza\u00e7\u00e3o e reflex\u00f5es para a equidade de g\u00eanero. Entre elas, pode-se destacar as de mar\u00e7o deste ano, m\u00eas internacional da mulher, que abordaram pontos relevantes para o empoderamento das funcion\u00e1rias em suas carreiras como a import\u00e2ncia da marca pessoal, sa\u00fade mental e rede de apoio, sempre com o envolvimento de homens entendendo o papel deles como aliados na causa feminina.<\/p>\n<p>&nbsp;<\/p>\n<p><strong>Pessoas com Defici\u00eancia<\/strong><\/p>\n<p>&nbsp;<\/p>\n<p>Com foco nas pessoas com defici\u00eancia, um dos destaques foi a realiza\u00e7\u00e3o, com o apoio do grupo de volunt\u00e1rios, do treinamento de LIBRAS (L\u00edngua Brasileiras de Sinais) presencial para mais de 60 funcion\u00e1rios, incluindo pessoas da produ\u00e7\u00e3o. Al\u00e9m disso, a Nissan disponibilizou o curso na plataforma de treinamento online da empresa, para dar acesso a todos os seus funcion\u00e1rios administrativos. Recentemente, a f\u00e1brica da Nissan passou a adotar o ICOM, uma ferramenta de tecnologia assistiva para o aux\u00edlio da comunica\u00e7\u00e3o com deficientes auditivos.<\/p>\n<p>&nbsp;<\/p>\n<p><strong>LGBTQIA+<\/strong><\/p>\n<p>&nbsp;<\/p>\n<p>Para promover a reflex\u00e3o e refor\u00e7ar seu compromisso com a inclus\u00e3o, parte das faixas de pedestres do Complexo Industrial, que tradicionalmente tinham a cor branca, foram pintadas com as cores do arco-\u00edris, que simbolizam o movimento LGBTQIA+, algo in\u00e9dito em f\u00e1bricas no Brasil. Tamb\u00e9m foram realizados treinamentos como o Workshop de Empatia, que al\u00e9m de incentivar debates e reflex\u00e3o sobre &#8220;a necessidade de se colocar no lugar do outro&#8221;, treinou funcion\u00e1rios multiplicadores. Nos \u00faltimos anos, durante o m\u00eas do Orgulho LGBTQIA+, a bandeira do movimento \u00e9 hasteada na f\u00e1brica da Nissan simbolizando o apoio da empresa \u00e0 equidade social e redu\u00e7\u00e3o dos preconceitos.<\/p>\n<p>&nbsp;<\/p>\n<p>E de forma mais gen\u00e9rica, olhando para diversidade e todas as suas interseccionalidades, um projeto que mereceu destaque em 2023, foi a realiza\u00e7\u00e3o do Censo de Diversidade da Nissan, pesquisa que deu voz aos colaboradores da f\u00e1brica e toda Nissan do Brasil, com objetivo de trazer para companhia informa\u00e7\u00f5es importantes sobre o perfil dos funcion\u00e1rios da empresa e assim nortear a\u00e7\u00f5es afirmativas cada vez mais assertivas.<\/p>\n<p>&nbsp;<\/p>\n<p>Al\u00e9m dos muitos exemplos de a\u00e7\u00f5es, em uma iniciativa que englobou todas as unidades da Nissan na Am\u00e9rica do Sul, a empresa implementou mudan\u00e7as significativas no conjunto de pol\u00edticas e benef\u00edcios oferecidos aos seus funcion\u00e1rios com benef\u00edcios para parceiros LGBTQIAP+, pais solteiros, amplia\u00e7\u00e3o de licen\u00e7a parental, empr\u00e9stimo especial em situa\u00e7\u00f5es de for\u00e7a maior e outros. (Blog Coisas de Agora)<\/p>\n","protected":false},"excerpt":{"rendered":"<p>Blog Coisas de Agora &nbsp; A Nissan est\u00e1 comprometida em se tornar uma empresa onde seus funcion\u00e1rios se sintam cada vez mais respeitados e valorizados. Por isso, na semana em que o Complexo Industrial da empresa em Resende, no Sul do estado do Rio, completa uma d\u00e9cada de atividades, a Nissan destaca a jornada percorrida\u2026 <a class=\"readmore\" href=\"https:\/\/dana.com.br\/canaldana\/2024\/04\/19\/diversidade-equidade-e-inclusao-conheca-a-jornada-que-acontece-no-complexo-industrial-da-nissan\/\">Leia mais \u00bb<\/a><\/p>\n","protected":false},"author":3,"featured_media":0,"comment_status":"closed","ping_status":"closed","sticky":false,"template":"","format":"standard","meta":{"_acf_changed":false,"footnotes":""},"categories":[79],"tags":[],"class_list":["post-72970","post","type-post","status-publish","format-standard","hentry","category-mercado"],"acf":[],"yoast_head":"<!-- This site is optimized with the Yoast SEO plugin v27.3 - https:\/\/yoast.com\/product\/yoast-seo-wordpress\/ -->\n<title>Diversidade, equidade e inclus\u00e3o: Conhe\u00e7a a jornada que acontece no complexo industrial da Nissan - Canal Dana<\/title>\n<meta name=\"robots\" content=\"index, follow, max-snippet:-1, max-image-preview:large, max-video-preview:-1\" \/>\n<link rel=\"canonical\" href=\"https:\/\/dana.com.br\/canaldana\/2024\/04\/19\/diversidade-equidade-e-inclusao-conheca-a-jornada-que-acontece-no-complexo-industrial-da-nissan\/\" \/>\n<meta property=\"og:locale\" content=\"pt_BR\" \/>\n<meta property=\"og:type\" content=\"article\" \/>\n<meta property=\"og:title\" content=\"Diversidade, equidade e inclus\u00e3o: Conhe\u00e7a a jornada que acontece no complexo industrial da Nissan - Canal Dana\" \/>\n<meta property=\"og:description\" content=\"Blog Coisas de Agora &nbsp; A Nissan est\u00e1 comprometida em se tornar uma empresa onde seus funcion\u00e1rios se sintam cada vez mais respeitados e valorizados. Por isso, na semana em que o Complexo Industrial da empresa em Resende, no Sul do estado do Rio, completa uma d\u00e9cada de atividades, a Nissan destaca a jornada percorrida\u2026 Leia mais \u00bb\" \/>\n<meta property=\"og:url\" content=\"https:\/\/dana.com.br\/canaldana\/2024\/04\/19\/diversidade-equidade-e-inclusao-conheca-a-jornada-que-acontece-no-complexo-industrial-da-nissan\/\" \/>\n<meta property=\"og:site_name\" content=\"Canal Dana\" \/>\n<meta property=\"article:published_time\" content=\"2024-04-19T11:01:57+00:00\" \/>\n<meta name=\"author\" content=\"Canal Dana\" \/>\n<meta name=\"twitter:card\" content=\"summary_large_image\" \/>\n<meta name=\"twitter:label1\" content=\"Escrito por\" \/>\n\t<meta name=\"twitter:data1\" content=\"Canal Dana\" \/>\n\t<meta name=\"twitter:label2\" content=\"Est. tempo de leitura\" \/>\n\t<meta name=\"twitter:data2\" content=\"6 minutos\" \/>\n<script type=\"application\/ld+json\" class=\"yoast-schema-graph\">{\"@context\":\"https:\\\/\\\/schema.org\",\"@graph\":[{\"@type\":\"Article\",\"@id\":\"https:\\\/\\\/dana.com.br\\\/canaldana\\\/2024\\\/04\\\/19\\\/diversidade-equidade-e-inclusao-conheca-a-jornada-que-acontece-no-complexo-industrial-da-nissan\\\/#article\",\"isPartOf\":{\"@id\":\"https:\\\/\\\/dana.com.br\\\/canaldana\\\/2024\\\/04\\\/19\\\/diversidade-equidade-e-inclusao-conheca-a-jornada-que-acontece-no-complexo-industrial-da-nissan\\\/\"},\"author\":{\"name\":\"Canal Dana\",\"@id\":\"https:\\\/\\\/dana.com.br\\\/canaldana\\\/#\\\/schema\\\/person\\\/3c21f22f56fcf3bc46b94bc60ea4fef6\"},\"headline\":\"Diversidade, equidade e inclus\u00e3o: Conhe\u00e7a a jornada que acontece no complexo industrial da Nissan\",\"datePublished\":\"2024-04-19T11:01:57+00:00\",\"mainEntityOfPage\":{\"@id\":\"https:\\\/\\\/dana.com.br\\\/canaldana\\\/2024\\\/04\\\/19\\\/diversidade-equidade-e-inclusao-conheca-a-jornada-que-acontece-no-complexo-industrial-da-nissan\\\/\"},\"wordCount\":1160,\"articleSection\":[\"Mercado\"],\"inLanguage\":\"pt-BR\"},{\"@type\":\"WebPage\",\"@id\":\"https:\\\/\\\/dana.com.br\\\/canaldana\\\/2024\\\/04\\\/19\\\/diversidade-equidade-e-inclusao-conheca-a-jornada-que-acontece-no-complexo-industrial-da-nissan\\\/\",\"url\":\"https:\\\/\\\/dana.com.br\\\/canaldana\\\/2024\\\/04\\\/19\\\/diversidade-equidade-e-inclusao-conheca-a-jornada-que-acontece-no-complexo-industrial-da-nissan\\\/\",\"name\":\"Diversidade, equidade e inclus\u00e3o: Conhe\u00e7a a jornada que acontece no complexo industrial da Nissan - Canal Dana\",\"isPartOf\":{\"@id\":\"https:\\\/\\\/dana.com.br\\\/canaldana\\\/#website\"},\"datePublished\":\"2024-04-19T11:01:57+00:00\",\"author\":{\"@id\":\"https:\\\/\\\/dana.com.br\\\/canaldana\\\/#\\\/schema\\\/person\\\/3c21f22f56fcf3bc46b94bc60ea4fef6\"},\"breadcrumb\":{\"@id\":\"https:\\\/\\\/dana.com.br\\\/canaldana\\\/2024\\\/04\\\/19\\\/diversidade-equidade-e-inclusao-conheca-a-jornada-que-acontece-no-complexo-industrial-da-nissan\\\/#breadcrumb\"},\"inLanguage\":\"pt-BR\",\"potentialAction\":[{\"@type\":\"ReadAction\",\"target\":[\"https:\\\/\\\/dana.com.br\\\/canaldana\\\/2024\\\/04\\\/19\\\/diversidade-equidade-e-inclusao-conheca-a-jornada-que-acontece-no-complexo-industrial-da-nissan\\\/\"]}]},{\"@type\":\"BreadcrumbList\",\"@id\":\"https:\\\/\\\/dana.com.br\\\/canaldana\\\/2024\\\/04\\\/19\\\/diversidade-equidade-e-inclusao-conheca-a-jornada-que-acontece-no-complexo-industrial-da-nissan\\\/#breadcrumb\",\"itemListElement\":[{\"@type\":\"ListItem\",\"position\":1,\"name\":\"Home\",\"item\":\"https:\\\/\\\/dana.com.br\\\/canaldana\\\/\"},{\"@type\":\"ListItem\",\"position\":2,\"name\":\"Mercado\",\"item\":\"https:\\\/\\\/dana.com.br\\\/canaldana\\\/mercado\\\/\"},{\"@type\":\"ListItem\",\"position\":3,\"name\":\"Diversidade, equidade e inclus\u00e3o: Conhe\u00e7a a jornada que acontece no complexo industrial da Nissan\"}]},{\"@type\":\"WebSite\",\"@id\":\"https:\\\/\\\/dana.com.br\\\/canaldana\\\/#website\",\"url\":\"https:\\\/\\\/dana.com.br\\\/canaldana\\\/\",\"name\":\"Canal Dana\",\"description\":\"Informativo com as principais not\u00edcias da ind\u00fastria automotiva\",\"potentialAction\":[{\"@type\":\"SearchAction\",\"target\":{\"@type\":\"EntryPoint\",\"urlTemplate\":\"https:\\\/\\\/dana.com.br\\\/canaldana\\\/?s={search_term_string}\"},\"query-input\":{\"@type\":\"PropertyValueSpecification\",\"valueRequired\":true,\"valueName\":\"search_term_string\"}}],\"inLanguage\":\"pt-BR\"},{\"@type\":\"Person\",\"@id\":\"https:\\\/\\\/dana.com.br\\\/canaldana\\\/#\\\/schema\\\/person\\\/3c21f22f56fcf3bc46b94bc60ea4fef6\",\"name\":\"Canal Dana\",\"image\":{\"@type\":\"ImageObject\",\"inLanguage\":\"pt-BR\",\"@id\":\"https:\\\/\\\/secure.gravatar.com\\\/avatar\\\/420aaf9278582877d9018637c6817617705899d2858d7572ef0fe59a6b6454b4?s=96&d=mm&r=g\",\"url\":\"https:\\\/\\\/secure.gravatar.com\\\/avatar\\\/420aaf9278582877d9018637c6817617705899d2858d7572ef0fe59a6b6454b4?s=96&d=mm&r=g\",\"contentUrl\":\"https:\\\/\\\/secure.gravatar.com\\\/avatar\\\/420aaf9278582877d9018637c6817617705899d2858d7572ef0fe59a6b6454b4?s=96&d=mm&r=g\",\"caption\":\"Canal Dana\"},\"url\":\"https:\\\/\\\/dana.com.br\\\/canaldana\\\/author\\\/cdeditor\\\/\"}]}<\/script>\n<!-- \/ Yoast SEO plugin. -->","yoast_head_json":{"title":"Diversidade, equidade e inclus\u00e3o: Conhe\u00e7a a jornada que acontece no complexo industrial da Nissan - Canal Dana","robots":{"index":"index","follow":"follow","max-snippet":"max-snippet:-1","max-image-preview":"max-image-preview:large","max-video-preview":"max-video-preview:-1"},"canonical":"https:\/\/dana.com.br\/canaldana\/2024\/04\/19\/diversidade-equidade-e-inclusao-conheca-a-jornada-que-acontece-no-complexo-industrial-da-nissan\/","og_locale":"pt_BR","og_type":"article","og_title":"Diversidade, equidade e inclus\u00e3o: Conhe\u00e7a a jornada que acontece no complexo industrial da Nissan - Canal Dana","og_description":"Blog Coisas de Agora &nbsp; A Nissan est\u00e1 comprometida em se tornar uma empresa onde seus funcion\u00e1rios se sintam cada vez mais respeitados e valorizados. Por isso, na semana em que o Complexo Industrial da empresa em Resende, no Sul do estado do Rio, completa uma d\u00e9cada de atividades, a Nissan destaca a jornada percorrida\u2026 Leia mais \u00bb","og_url":"https:\/\/dana.com.br\/canaldana\/2024\/04\/19\/diversidade-equidade-e-inclusao-conheca-a-jornada-que-acontece-no-complexo-industrial-da-nissan\/","og_site_name":"Canal Dana","article_published_time":"2024-04-19T11:01:57+00:00","author":"Canal Dana","twitter_card":"summary_large_image","twitter_misc":{"Escrito por":"Canal Dana","Est. tempo de leitura":"6 minutos"},"schema":{"@context":"https:\/\/schema.org","@graph":[{"@type":"Article","@id":"https:\/\/dana.com.br\/canaldana\/2024\/04\/19\/diversidade-equidade-e-inclusao-conheca-a-jornada-que-acontece-no-complexo-industrial-da-nissan\/#article","isPartOf":{"@id":"https:\/\/dana.com.br\/canaldana\/2024\/04\/19\/diversidade-equidade-e-inclusao-conheca-a-jornada-que-acontece-no-complexo-industrial-da-nissan\/"},"author":{"name":"Canal Dana","@id":"https:\/\/dana.com.br\/canaldana\/#\/schema\/person\/3c21f22f56fcf3bc46b94bc60ea4fef6"},"headline":"Diversidade, equidade e inclus\u00e3o: Conhe\u00e7a a jornada que acontece no complexo industrial da Nissan","datePublished":"2024-04-19T11:01:57+00:00","mainEntityOfPage":{"@id":"https:\/\/dana.com.br\/canaldana\/2024\/04\/19\/diversidade-equidade-e-inclusao-conheca-a-jornada-que-acontece-no-complexo-industrial-da-nissan\/"},"wordCount":1160,"articleSection":["Mercado"],"inLanguage":"pt-BR"},{"@type":"WebPage","@id":"https:\/\/dana.com.br\/canaldana\/2024\/04\/19\/diversidade-equidade-e-inclusao-conheca-a-jornada-que-acontece-no-complexo-industrial-da-nissan\/","url":"https:\/\/dana.com.br\/canaldana\/2024\/04\/19\/diversidade-equidade-e-inclusao-conheca-a-jornada-que-acontece-no-complexo-industrial-da-nissan\/","name":"Diversidade, equidade e inclus\u00e3o: Conhe\u00e7a a jornada que acontece no complexo industrial da Nissan - Canal Dana","isPartOf":{"@id":"https:\/\/dana.com.br\/canaldana\/#website"},"datePublished":"2024-04-19T11:01:57+00:00","author":{"@id":"https:\/\/dana.com.br\/canaldana\/#\/schema\/person\/3c21f22f56fcf3bc46b94bc60ea4fef6"},"breadcrumb":{"@id":"https:\/\/dana.com.br\/canaldana\/2024\/04\/19\/diversidade-equidade-e-inclusao-conheca-a-jornada-que-acontece-no-complexo-industrial-da-nissan\/#breadcrumb"},"inLanguage":"pt-BR","potentialAction":[{"@type":"ReadAction","target":["https:\/\/dana.com.br\/canaldana\/2024\/04\/19\/diversidade-equidade-e-inclusao-conheca-a-jornada-que-acontece-no-complexo-industrial-da-nissan\/"]}]},{"@type":"BreadcrumbList","@id":"https:\/\/dana.com.br\/canaldana\/2024\/04\/19\/diversidade-equidade-e-inclusao-conheca-a-jornada-que-acontece-no-complexo-industrial-da-nissan\/#breadcrumb","itemListElement":[{"@type":"ListItem","position":1,"name":"Home","item":"https:\/\/dana.com.br\/canaldana\/"},{"@type":"ListItem","position":2,"name":"Mercado","item":"https:\/\/dana.com.br\/canaldana\/mercado\/"},{"@type":"ListItem","position":3,"name":"Diversidade, equidade e inclus\u00e3o: Conhe\u00e7a a jornada que acontece no complexo industrial da Nissan"}]},{"@type":"WebSite","@id":"https:\/\/dana.com.br\/canaldana\/#website","url":"https:\/\/dana.com.br\/canaldana\/","name":"Canal Dana","description":"Informativo com as principais not\u00edcias da ind\u00fastria automotiva","potentialAction":[{"@type":"SearchAction","target":{"@type":"EntryPoint","urlTemplate":"https:\/\/dana.com.br\/canaldana\/?s={search_term_string}"},"query-input":{"@type":"PropertyValueSpecification","valueRequired":true,"valueName":"search_term_string"}}],"inLanguage":"pt-BR"},{"@type":"Person","@id":"https:\/\/dana.com.br\/canaldana\/#\/schema\/person\/3c21f22f56fcf3bc46b94bc60ea4fef6","name":"Canal Dana","image":{"@type":"ImageObject","inLanguage":"pt-BR","@id":"https:\/\/secure.gravatar.com\/avatar\/420aaf9278582877d9018637c6817617705899d2858d7572ef0fe59a6b6454b4?s=96&d=mm&r=g","url":"https:\/\/secure.gravatar.com\/avatar\/420aaf9278582877d9018637c6817617705899d2858d7572ef0fe59a6b6454b4?s=96&d=mm&r=g","contentUrl":"https:\/\/secure.gravatar.com\/avatar\/420aaf9278582877d9018637c6817617705899d2858d7572ef0fe59a6b6454b4?s=96&d=mm&r=g","caption":"Canal Dana"},"url":"https:\/\/dana.com.br\/canaldana\/author\/cdeditor\/"}]}},"_links":{"self":[{"href":"https:\/\/dana.com.br\/canaldana\/wp-json\/wp\/v2\/posts\/72970","targetHints":{"allow":["GET"]}}],"collection":[{"href":"https:\/\/dana.com.br\/canaldana\/wp-json\/wp\/v2\/posts"}],"about":[{"href":"https:\/\/dana.com.br\/canaldana\/wp-json\/wp\/v2\/types\/post"}],"author":[{"embeddable":true,"href":"https:\/\/dana.com.br\/canaldana\/wp-json\/wp\/v2\/users\/3"}],"replies":[{"embeddable":true,"href":"https:\/\/dana.com.br\/canaldana\/wp-json\/wp\/v2\/comments?post=72970"}],"version-history":[{"count":1,"href":"https:\/\/dana.com.br\/canaldana\/wp-json\/wp\/v2\/posts\/72970\/revisions"}],"predecessor-version":[{"id":72971,"href":"https:\/\/dana.com.br\/canaldana\/wp-json\/wp\/v2\/posts\/72970\/revisions\/72971"}],"wp:attachment":[{"href":"https:\/\/dana.com.br\/canaldana\/wp-json\/wp\/v2\/media?parent=72970"}],"wp:term":[{"taxonomy":"category","embeddable":true,"href":"https:\/\/dana.com.br\/canaldana\/wp-json\/wp\/v2\/categories?post=72970"},{"taxonomy":"post_tag","embeddable":true,"href":"https:\/\/dana.com.br\/canaldana\/wp-json\/wp\/v2\/tags?post=72970"}],"curies":[{"name":"wp","href":"https:\/\/api.w.org\/{rel}","templated":true}]}}