{"id":72845,"date":"2024-04-15T08:30:52","date_gmt":"2024-04-15T11:30:52","guid":{"rendered":"https:\/\/dana.com.br\/canaldana\/?p=72845"},"modified":"2024-04-15T08:30:52","modified_gmt":"2024-04-15T11:30:52","slug":"preco-medio-dos-carros-usados-atinge-maior-patamar-desde-junho-de-2023","status":"publish","type":"post","link":"https:\/\/dana.com.br\/canaldana\/2024\/04\/15\/preco-medio-dos-carros-usados-atinge-maior-patamar-desde-junho-de-2023\/","title":{"rendered":"Pre\u00e7o m\u00e9dio dos carros usados atinge maior patamar desde junho de 2023"},"content":{"rendered":"<p><em>Motor Mais<\/em><\/p>\n<p>&nbsp;<\/p>\n<p>O ticket m\u00e9dio de vendas dos carros usados atingiu R\uff04 81.596 no m\u00eas de mar\u00e7o deste ano, o maior valor desde junho de 2023. Em rela\u00e7\u00e3o ao m\u00eas anterior, o valor m\u00e9dio cresceu 3,37%, comprovando o bom momento vivido pelo mercado. No per\u00edodo, a margem bruta se manteve acima dos 11% e o giro do estoque caiu para 38 dias, depois de dois meses em alta. Os dados s\u00e3o do Estudo Megadealer de Performance de Ve\u00edculos Usados powered by Auto Avaliar (PVU).<\/p>\n<p>&nbsp;<\/p>\n<p>\u201cDesde dezembro de 2023, estamos vendo um aquecimento forte do mercado de usados. No primeiro trimestre de 2024, houve um crescimento das vendas de 5,2% sobre o ano passado, de acordo com a Fenabrave. Este movimento elevou a margem bruta das concession\u00e1rias que se encontra acima da m\u00e9dia do \u00faltimo trimestre de 2023, quando ficou entre 10,4% e 10,7%\u201d, explica F\u00e1bio Braga, Country Manager da MegaDealer.<\/p>\n<p>&nbsp;<\/p>\n<p>Desde junho de 2023, quando atingiu R\uff04 81.596, o ticket m\u00e9dio dos usados n\u00e3o ficava acima de R\uff04 80 mil, o que evidencia o aumento da demanda por carros mais caros e a alta dos pre\u00e7os dos usados. \u201cEm poucos momentos no ano passado o ticket m\u00e9dio ficou acima de R\uff04 80 mil, basicamente entre mar\u00e7o e junho de 2023. Isso n\u00e3o necessariamente quer dizer que os pre\u00e7os dos usados est\u00e3o em alta, mas tamb\u00e9m demonstra que o brasileiro est\u00e1 disposto a pagar mais para adquirir modelos mais novos ou mais sofisticados tamb\u00e9m\u201d, observa.<\/p>\n<p>&nbsp;<\/p>\n<p>J\u00e1 o retorno sobre o investimento (ROI) das concession\u00e1rias atingiu 70% em mar\u00e7o. O destaque fica com a Honda, com um ROI de 113%. Chevrolet e Hyundai foram as redes de concession\u00e1rias que registraram uma melhor taxa de convers\u00e3o (avalia\u00e7\u00e3o versus venda), com 19%.<\/p>\n<p>&nbsp;<\/p>\n<p>A amostra do estudo engloba 2.633 concession\u00e1rias de 23 diferentes marcas conectadas na plataforma Auto Avaliar. Com presen\u00e7a em sete pa\u00edses, a Auto Avaliar atende, atualmente, 4.200 concession\u00e1rias e mais de 38.000 lojas independentes e realiza US\uff04 1,4 bilh\u00e3o de vendas anuais.<\/p>\n<p>&nbsp;<\/p>\n<p><strong>Mais rent\u00e1veis<\/strong><\/p>\n<p>&nbsp;<\/p>\n<p>Pelo segundo m\u00eas consecutivo, o Fiat Argo foi o carro mais rent\u00e1vel, com pre\u00e7o m\u00e9dio de R\uff04 65 mil, pouco acima de fevereiro (R\uff04 64 mil). A margem do modelo ficou em 12,3% e o giro m\u00e9dio de estoque em 33 dias. O Honda HRV, que tem m\u00eas a m\u00eas figurado nas primeiras posi\u00e7\u00f5es, subiu do terceiro para o segundo lugar, com um valor m\u00e9dio de R\uff04 130 mil, acima dos R\uff04 128 mil em fevereiro. J\u00e1 o Toyota Yaris, registrou queda do pre\u00e7o m\u00e9dio, de R\uff04 86 mil para R\uff04 85 mil e recuou da segunda para a terceira posi\u00e7\u00e3o no ranking. (Motor Mais)<\/p>\n","protected":false},"excerpt":{"rendered":"<p>Motor Mais &nbsp; O ticket m\u00e9dio de vendas dos carros usados atingiu R\uff04 81.596 no m\u00eas de mar\u00e7o deste ano, o maior valor desde junho de 2023. Em rela\u00e7\u00e3o ao m\u00eas anterior, o valor m\u00e9dio cresceu 3,37%, comprovando o bom momento vivido pelo mercado. No per\u00edodo, a margem bruta se manteve acima dos 11% e\u2026 <a class=\"readmore\" href=\"https:\/\/dana.com.br\/canaldana\/2024\/04\/15\/preco-medio-dos-carros-usados-atinge-maior-patamar-desde-junho-de-2023\/\">Leia mais \u00bb<\/a><\/p>\n","protected":false},"author":3,"featured_media":0,"comment_status":"closed","ping_status":"closed","sticky":false,"template":"","format":"standard","meta":{"_acf_changed":false,"footnotes":""},"categories":[79],"tags":[],"class_list":["post-72845","post","type-post","status-publish","format-standard","hentry","category-mercado"],"acf":[],"yoast_head":"<!-- This site is optimized with the Yoast SEO plugin v27.3 - https:\/\/yoast.com\/product\/yoast-seo-wordpress\/ -->\n<title>Pre\u00e7o m\u00e9dio dos carros usados atinge maior patamar desde junho de 2023 - Canal Dana<\/title>\n<meta name=\"robots\" content=\"index, follow, max-snippet:-1, max-image-preview:large, max-video-preview:-1\" \/>\n<link rel=\"canonical\" href=\"https:\/\/dana.com.br\/canaldana\/2024\/04\/15\/preco-medio-dos-carros-usados-atinge-maior-patamar-desde-junho-de-2023\/\" \/>\n<meta property=\"og:locale\" content=\"pt_BR\" \/>\n<meta property=\"og:type\" content=\"article\" \/>\n<meta property=\"og:title\" content=\"Pre\u00e7o m\u00e9dio dos carros usados atinge maior patamar desde junho de 2023 - Canal Dana\" \/>\n<meta property=\"og:description\" content=\"Motor Mais &nbsp; O ticket m\u00e9dio de vendas dos carros usados atingiu R\uff04 81.596 no m\u00eas de mar\u00e7o deste ano, o maior valor desde junho de 2023. Em rela\u00e7\u00e3o ao m\u00eas anterior, o valor m\u00e9dio cresceu 3,37%, comprovando o bom momento vivido pelo mercado. No per\u00edodo, a margem bruta se manteve acima dos 11% e\u2026 Leia mais \u00bb\" \/>\n<meta property=\"og:url\" content=\"https:\/\/dana.com.br\/canaldana\/2024\/04\/15\/preco-medio-dos-carros-usados-atinge-maior-patamar-desde-junho-de-2023\/\" \/>\n<meta property=\"og:site_name\" content=\"Canal Dana\" \/>\n<meta property=\"article:published_time\" content=\"2024-04-15T11:30:52+00:00\" \/>\n<meta name=\"author\" content=\"Canal Dana\" \/>\n<meta name=\"twitter:card\" content=\"summary_large_image\" \/>\n<meta name=\"twitter:label1\" content=\"Escrito por\" \/>\n\t<meta name=\"twitter:data1\" content=\"Canal Dana\" \/>\n\t<meta name=\"twitter:label2\" content=\"Est. tempo de leitura\" \/>\n\t<meta name=\"twitter:data2\" content=\"3 minutos\" \/>\n<script type=\"application\/ld+json\" class=\"yoast-schema-graph\">{\"@context\":\"https:\\\/\\\/schema.org\",\"@graph\":[{\"@type\":\"Article\",\"@id\":\"https:\\\/\\\/dana.com.br\\\/canaldana\\\/2024\\\/04\\\/15\\\/preco-medio-dos-carros-usados-atinge-maior-patamar-desde-junho-de-2023\\\/#article\",\"isPartOf\":{\"@id\":\"https:\\\/\\\/dana.com.br\\\/canaldana\\\/2024\\\/04\\\/15\\\/preco-medio-dos-carros-usados-atinge-maior-patamar-desde-junho-de-2023\\\/\"},\"author\":{\"name\":\"Canal Dana\",\"@id\":\"https:\\\/\\\/dana.com.br\\\/canaldana\\\/#\\\/schema\\\/person\\\/3c21f22f56fcf3bc46b94bc60ea4fef6\"},\"headline\":\"Pre\u00e7o m\u00e9dio dos carros usados atinge maior patamar desde junho de 2023\",\"datePublished\":\"2024-04-15T11:30:52+00:00\",\"mainEntityOfPage\":{\"@id\":\"https:\\\/\\\/dana.com.br\\\/canaldana\\\/2024\\\/04\\\/15\\\/preco-medio-dos-carros-usados-atinge-maior-patamar-desde-junho-de-2023\\\/\"},\"wordCount\":470,\"articleSection\":[\"Mercado\"],\"inLanguage\":\"pt-BR\"},{\"@type\":\"WebPage\",\"@id\":\"https:\\\/\\\/dana.com.br\\\/canaldana\\\/2024\\\/04\\\/15\\\/preco-medio-dos-carros-usados-atinge-maior-patamar-desde-junho-de-2023\\\/\",\"url\":\"https:\\\/\\\/dana.com.br\\\/canaldana\\\/2024\\\/04\\\/15\\\/preco-medio-dos-carros-usados-atinge-maior-patamar-desde-junho-de-2023\\\/\",\"name\":\"Pre\u00e7o m\u00e9dio dos carros usados atinge maior patamar desde junho de 2023 - Canal Dana\",\"isPartOf\":{\"@id\":\"https:\\\/\\\/dana.com.br\\\/canaldana\\\/#website\"},\"datePublished\":\"2024-04-15T11:30:52+00:00\",\"author\":{\"@id\":\"https:\\\/\\\/dana.com.br\\\/canaldana\\\/#\\\/schema\\\/person\\\/3c21f22f56fcf3bc46b94bc60ea4fef6\"},\"breadcrumb\":{\"@id\":\"https:\\\/\\\/dana.com.br\\\/canaldana\\\/2024\\\/04\\\/15\\\/preco-medio-dos-carros-usados-atinge-maior-patamar-desde-junho-de-2023\\\/#breadcrumb\"},\"inLanguage\":\"pt-BR\",\"potentialAction\":[{\"@type\":\"ReadAction\",\"target\":[\"https:\\\/\\\/dana.com.br\\\/canaldana\\\/2024\\\/04\\\/15\\\/preco-medio-dos-carros-usados-atinge-maior-patamar-desde-junho-de-2023\\\/\"]}]},{\"@type\":\"BreadcrumbList\",\"@id\":\"https:\\\/\\\/dana.com.br\\\/canaldana\\\/2024\\\/04\\\/15\\\/preco-medio-dos-carros-usados-atinge-maior-patamar-desde-junho-de-2023\\\/#breadcrumb\",\"itemListElement\":[{\"@type\":\"ListItem\",\"position\":1,\"name\":\"Home\",\"item\":\"https:\\\/\\\/dana.com.br\\\/canaldana\\\/\"},{\"@type\":\"ListItem\",\"position\":2,\"name\":\"Mercado\",\"item\":\"https:\\\/\\\/dana.com.br\\\/canaldana\\\/mercado\\\/\"},{\"@type\":\"ListItem\",\"position\":3,\"name\":\"Pre\u00e7o m\u00e9dio dos carros usados atinge maior patamar desde junho de 2023\"}]},{\"@type\":\"WebSite\",\"@id\":\"https:\\\/\\\/dana.com.br\\\/canaldana\\\/#website\",\"url\":\"https:\\\/\\\/dana.com.br\\\/canaldana\\\/\",\"name\":\"Canal Dana\",\"description\":\"Informativo com as principais not\u00edcias da ind\u00fastria automotiva\",\"potentialAction\":[{\"@type\":\"SearchAction\",\"target\":{\"@type\":\"EntryPoint\",\"urlTemplate\":\"https:\\\/\\\/dana.com.br\\\/canaldana\\\/?s={search_term_string}\"},\"query-input\":{\"@type\":\"PropertyValueSpecification\",\"valueRequired\":true,\"valueName\":\"search_term_string\"}}],\"inLanguage\":\"pt-BR\"},{\"@type\":\"Person\",\"@id\":\"https:\\\/\\\/dana.com.br\\\/canaldana\\\/#\\\/schema\\\/person\\\/3c21f22f56fcf3bc46b94bc60ea4fef6\",\"name\":\"Canal Dana\",\"image\":{\"@type\":\"ImageObject\",\"inLanguage\":\"pt-BR\",\"@id\":\"https:\\\/\\\/secure.gravatar.com\\\/avatar\\\/420aaf9278582877d9018637c6817617705899d2858d7572ef0fe59a6b6454b4?s=96&d=mm&r=g\",\"url\":\"https:\\\/\\\/secure.gravatar.com\\\/avatar\\\/420aaf9278582877d9018637c6817617705899d2858d7572ef0fe59a6b6454b4?s=96&d=mm&r=g\",\"contentUrl\":\"https:\\\/\\\/secure.gravatar.com\\\/avatar\\\/420aaf9278582877d9018637c6817617705899d2858d7572ef0fe59a6b6454b4?s=96&d=mm&r=g\",\"caption\":\"Canal Dana\"},\"url\":\"https:\\\/\\\/dana.com.br\\\/canaldana\\\/author\\\/cdeditor\\\/\"}]}<\/script>\n<!-- \/ Yoast SEO plugin. -->","yoast_head_json":{"title":"Pre\u00e7o m\u00e9dio dos carros usados atinge maior patamar desde junho de 2023 - Canal Dana","robots":{"index":"index","follow":"follow","max-snippet":"max-snippet:-1","max-image-preview":"max-image-preview:large","max-video-preview":"max-video-preview:-1"},"canonical":"https:\/\/dana.com.br\/canaldana\/2024\/04\/15\/preco-medio-dos-carros-usados-atinge-maior-patamar-desde-junho-de-2023\/","og_locale":"pt_BR","og_type":"article","og_title":"Pre\u00e7o m\u00e9dio dos carros usados atinge maior patamar desde junho de 2023 - Canal Dana","og_description":"Motor Mais &nbsp; O ticket m\u00e9dio de vendas dos carros usados atingiu R\uff04 81.596 no m\u00eas de mar\u00e7o deste ano, o maior valor desde junho de 2023. Em rela\u00e7\u00e3o ao m\u00eas anterior, o valor m\u00e9dio cresceu 3,37%, comprovando o bom momento vivido pelo mercado. No per\u00edodo, a margem bruta se manteve acima dos 11% e\u2026 Leia mais \u00bb","og_url":"https:\/\/dana.com.br\/canaldana\/2024\/04\/15\/preco-medio-dos-carros-usados-atinge-maior-patamar-desde-junho-de-2023\/","og_site_name":"Canal Dana","article_published_time":"2024-04-15T11:30:52+00:00","author":"Canal Dana","twitter_card":"summary_large_image","twitter_misc":{"Escrito por":"Canal Dana","Est. tempo de leitura":"3 minutos"},"schema":{"@context":"https:\/\/schema.org","@graph":[{"@type":"Article","@id":"https:\/\/dana.com.br\/canaldana\/2024\/04\/15\/preco-medio-dos-carros-usados-atinge-maior-patamar-desde-junho-de-2023\/#article","isPartOf":{"@id":"https:\/\/dana.com.br\/canaldana\/2024\/04\/15\/preco-medio-dos-carros-usados-atinge-maior-patamar-desde-junho-de-2023\/"},"author":{"name":"Canal Dana","@id":"https:\/\/dana.com.br\/canaldana\/#\/schema\/person\/3c21f22f56fcf3bc46b94bc60ea4fef6"},"headline":"Pre\u00e7o m\u00e9dio dos carros usados atinge maior patamar desde junho de 2023","datePublished":"2024-04-15T11:30:52+00:00","mainEntityOfPage":{"@id":"https:\/\/dana.com.br\/canaldana\/2024\/04\/15\/preco-medio-dos-carros-usados-atinge-maior-patamar-desde-junho-de-2023\/"},"wordCount":470,"articleSection":["Mercado"],"inLanguage":"pt-BR"},{"@type":"WebPage","@id":"https:\/\/dana.com.br\/canaldana\/2024\/04\/15\/preco-medio-dos-carros-usados-atinge-maior-patamar-desde-junho-de-2023\/","url":"https:\/\/dana.com.br\/canaldana\/2024\/04\/15\/preco-medio-dos-carros-usados-atinge-maior-patamar-desde-junho-de-2023\/","name":"Pre\u00e7o m\u00e9dio dos carros usados atinge maior patamar desde junho de 2023 - Canal Dana","isPartOf":{"@id":"https:\/\/dana.com.br\/canaldana\/#website"},"datePublished":"2024-04-15T11:30:52+00:00","author":{"@id":"https:\/\/dana.com.br\/canaldana\/#\/schema\/person\/3c21f22f56fcf3bc46b94bc60ea4fef6"},"breadcrumb":{"@id":"https:\/\/dana.com.br\/canaldana\/2024\/04\/15\/preco-medio-dos-carros-usados-atinge-maior-patamar-desde-junho-de-2023\/#breadcrumb"},"inLanguage":"pt-BR","potentialAction":[{"@type":"ReadAction","target":["https:\/\/dana.com.br\/canaldana\/2024\/04\/15\/preco-medio-dos-carros-usados-atinge-maior-patamar-desde-junho-de-2023\/"]}]},{"@type":"BreadcrumbList","@id":"https:\/\/dana.com.br\/canaldana\/2024\/04\/15\/preco-medio-dos-carros-usados-atinge-maior-patamar-desde-junho-de-2023\/#breadcrumb","itemListElement":[{"@type":"ListItem","position":1,"name":"Home","item":"https:\/\/dana.com.br\/canaldana\/"},{"@type":"ListItem","position":2,"name":"Mercado","item":"https:\/\/dana.com.br\/canaldana\/mercado\/"},{"@type":"ListItem","position":3,"name":"Pre\u00e7o m\u00e9dio dos carros usados atinge maior patamar desde junho de 2023"}]},{"@type":"WebSite","@id":"https:\/\/dana.com.br\/canaldana\/#website","url":"https:\/\/dana.com.br\/canaldana\/","name":"Canal Dana","description":"Informativo com as principais not\u00edcias da ind\u00fastria automotiva","potentialAction":[{"@type":"SearchAction","target":{"@type":"EntryPoint","urlTemplate":"https:\/\/dana.com.br\/canaldana\/?s={search_term_string}"},"query-input":{"@type":"PropertyValueSpecification","valueRequired":true,"valueName":"search_term_string"}}],"inLanguage":"pt-BR"},{"@type":"Person","@id":"https:\/\/dana.com.br\/canaldana\/#\/schema\/person\/3c21f22f56fcf3bc46b94bc60ea4fef6","name":"Canal Dana","image":{"@type":"ImageObject","inLanguage":"pt-BR","@id":"https:\/\/secure.gravatar.com\/avatar\/420aaf9278582877d9018637c6817617705899d2858d7572ef0fe59a6b6454b4?s=96&d=mm&r=g","url":"https:\/\/secure.gravatar.com\/avatar\/420aaf9278582877d9018637c6817617705899d2858d7572ef0fe59a6b6454b4?s=96&d=mm&r=g","contentUrl":"https:\/\/secure.gravatar.com\/avatar\/420aaf9278582877d9018637c6817617705899d2858d7572ef0fe59a6b6454b4?s=96&d=mm&r=g","caption":"Canal Dana"},"url":"https:\/\/dana.com.br\/canaldana\/author\/cdeditor\/"}]}},"_links":{"self":[{"href":"https:\/\/dana.com.br\/canaldana\/wp-json\/wp\/v2\/posts\/72845","targetHints":{"allow":["GET"]}}],"collection":[{"href":"https:\/\/dana.com.br\/canaldana\/wp-json\/wp\/v2\/posts"}],"about":[{"href":"https:\/\/dana.com.br\/canaldana\/wp-json\/wp\/v2\/types\/post"}],"author":[{"embeddable":true,"href":"https:\/\/dana.com.br\/canaldana\/wp-json\/wp\/v2\/users\/3"}],"replies":[{"embeddable":true,"href":"https:\/\/dana.com.br\/canaldana\/wp-json\/wp\/v2\/comments?post=72845"}],"version-history":[{"count":1,"href":"https:\/\/dana.com.br\/canaldana\/wp-json\/wp\/v2\/posts\/72845\/revisions"}],"predecessor-version":[{"id":72846,"href":"https:\/\/dana.com.br\/canaldana\/wp-json\/wp\/v2\/posts\/72845\/revisions\/72846"}],"wp:attachment":[{"href":"https:\/\/dana.com.br\/canaldana\/wp-json\/wp\/v2\/media?parent=72845"}],"wp:term":[{"taxonomy":"category","embeddable":true,"href":"https:\/\/dana.com.br\/canaldana\/wp-json\/wp\/v2\/categories?post=72845"},{"taxonomy":"post_tag","embeddable":true,"href":"https:\/\/dana.com.br\/canaldana\/wp-json\/wp\/v2\/tags?post=72845"}],"curies":[{"name":"wp","href":"https:\/\/api.w.org\/{rel}","templated":true}]}}