{"id":72841,"date":"2024-04-15T08:29:29","date_gmt":"2024-04-15T11:29:29","guid":{"rendered":"https:\/\/dana.com.br\/canaldana\/?p=72841"},"modified":"2024-04-15T08:29:29","modified_gmt":"2024-04-15T11:29:29","slug":"entenda-o-dpvat-seguro-obrigatorio-cuja-volta-foi-aprovada-pela-camara","status":"publish","type":"post","link":"https:\/\/dana.com.br\/canaldana\/2024\/04\/15\/entenda-o-dpvat-seguro-obrigatorio-cuja-volta-foi-aprovada-pela-camara\/","title":{"rendered":"Entenda o DPVAT, seguro obrigat\u00f3rio cuja volta foi aprovada pela C\u00e2mara"},"content":{"rendered":"<p><em>CNN Brasil<\/em><\/p>\n<p>&nbsp;<\/p>\n<p>O governo prop\u00f4s e a C\u00e2mara aprovou a volta de cobran\u00e7a do seguro obrigat\u00f3rio para indenizar pessoas que sofrem acidentes com ve\u00edculos \u2014 chamado anteriormente de DPVAT.<\/p>\n<p>&nbsp;<\/p>\n<p>O DPVAT parou de ser cobrado em 2020, durante a gest\u00e3o do ex-presidente Jair Bolsonaro (PL). Desde ent\u00e3o, a gest\u00e3o do fundo que indeniza acidentados passou para a Caixa Econ\u00f4mica Federal, que ficou sem recursos para indenizar acidentados.<\/p>\n<p>&nbsp;<\/p>\n<p>O banco informou no ano passado que s\u00f3 haveria recursos para atender pedidos referentes a acidentes ocorridos at\u00e9 14 de novembro de 2023. Da\u00ed surge impulso pol\u00edtico para a recria\u00e7\u00e3o do seguro.<\/p>\n<p>&nbsp;<\/p>\n<p>O nome agora \u00e9 Seguro Obrigat\u00f3rio para Prote\u00e7\u00e3o de V\u00edtimas de Acidente de Tr\u00e2nsito (SPVAT), e h\u00e1 novas regras.<\/p>\n<p>&nbsp;<\/p>\n<p><strong>O novo DPVAT<\/strong><\/p>\n<p>&nbsp;<\/p>\n<p>O projeto mant\u00e9m a Caixa na opera\u00e7\u00e3o do seguro e amplia o rol de despesas cobertas.<\/p>\n<p>&nbsp;<\/p>\n<p>Foram inclu\u00eddos reembolsos para assist\u00eancias m\u00e9dicas e suplementares \u2014 como fisioterapia, medicamentos, equipamentos ortop\u00e9dicos \u2014 desde que n\u00e3o estejam dispon\u00edveis pelo Sistema \u00danico de Sa\u00fade (SUS) no munic\u00edpio de resid\u00eancia da v\u00edtima.<\/p>\n<p>&nbsp;<\/p>\n<p>Tamb\u00e9m foram acrescentadas despesas com servi\u00e7os funer\u00e1rios e com a reabilita\u00e7\u00e3o profissional para v\u00edtimas de acidentes que resultem em invalidez parcial. Os valores da indeniza\u00e7\u00e3o ser\u00e3o definidos pelo Conselho Nacional de Seguros Privados (CNSP).<\/p>\n<p>&nbsp;<\/p>\n<p>No modelo anterior, a indeniza\u00e7\u00e3o para morte era de R$ 13,5 mil; para invalidez permanente, at\u00e9 R$ 13,5 mil; e o reembolso para despesas m\u00e9dicas era de at\u00e9 R$ 2,7 mil.<\/p>\n<p>&nbsp;<\/p>\n<p>As adi\u00e7\u00f5es feitas pelos parlamentares devem aumentar a necessidade de arrecada\u00e7\u00e3o. Com o texto original enviado pelo governo, os motoristas ao redor do pa\u00eds teriam de pagar em torno de R$ 3,5 bilh\u00f5es em 2024, segundo c\u00e1lculo preliminar da Superintend\u00eancia de Seguros Privados (Susep).<\/p>\n<p>&nbsp;<\/p>\n<p>O texto aprovado determina ainda o repasse aos munic\u00edpios e estados, onde houver servi\u00e7o municipal ou metropolitano de transporte p\u00fablico coletivo, de 35% a 40% do montante do valor arrecadado do pr\u00eamio do SPVAT.<\/p>\n<p>&nbsp;<\/p>\n<p>Ainda h\u00e1 previs\u00e3o de seja estendida a cobertura do seguro para as v\u00edtimas de acidentes de tr\u00e2nsito ocorridos entre 1\u00ba de janeiro de 2024 e a data de in\u00edcio de vig\u00eancia da nova lei, depois da sua san\u00e7\u00e3o.<\/p>\n<p>&nbsp;<\/p>\n<p>Segundo informa\u00e7\u00f5es preliminares, n\u00e3o h\u00e1 dimens\u00e3o exata sobre o n\u00famero de indeniza\u00e7\u00f5es que deixaram de ser pagas por falta de recursos.<\/p>\n<p>&nbsp;<\/p>\n<p><strong>Jabuti<\/strong><\/p>\n<p>&nbsp;<\/p>\n<p>Durante a vota\u00e7\u00e3o dessa proposta, os parlamentares acabaram incluindo uma emenda, chamada de jabuti, porque \u00e9 de um assunto n\u00e3o relacionado ao projeto.<\/p>\n<p>&nbsp;<\/p>\n<p>Ela altera o arcabou\u00e7o fiscal e permite a antecipa\u00e7\u00e3o da abertura de cr\u00e9dito suplementar de cerca de R$ 15 bilh\u00f5es. Isso em raz\u00e3o do crescimento adicional da receita deste ano em compara\u00e7\u00e3o com o mesmo per\u00edodo do ano passado. (CNN Brasil\/Danilo Moliterno)<\/p>\n","protected":false},"excerpt":{"rendered":"<p>CNN Brasil &nbsp; O governo prop\u00f4s e a C\u00e2mara aprovou a volta de cobran\u00e7a do seguro obrigat\u00f3rio para indenizar pessoas que sofrem acidentes com ve\u00edculos \u2014 chamado anteriormente de DPVAT. &nbsp; O DPVAT parou de ser cobrado em 2020, durante a gest\u00e3o do ex-presidente Jair Bolsonaro (PL). Desde ent\u00e3o, a gest\u00e3o do fundo que indeniza\u2026 <a class=\"readmore\" href=\"https:\/\/dana.com.br\/canaldana\/2024\/04\/15\/entenda-o-dpvat-seguro-obrigatorio-cuja-volta-foi-aprovada-pela-camara\/\">Leia mais \u00bb<\/a><\/p>\n","protected":false},"author":3,"featured_media":0,"comment_status":"closed","ping_status":"closed","sticky":false,"template":"","format":"standard","meta":{"_acf_changed":false,"footnotes":""},"categories":[79],"tags":[],"class_list":["post-72841","post","type-post","status-publish","format-standard","hentry","category-mercado"],"acf":[],"yoast_head":"<!-- This site is optimized with the Yoast SEO plugin v27.3 - https:\/\/yoast.com\/product\/yoast-seo-wordpress\/ -->\n<title>Entenda o DPVAT, seguro obrigat\u00f3rio cuja volta foi aprovada pela C\u00e2mara - Canal Dana<\/title>\n<meta name=\"robots\" content=\"index, follow, max-snippet:-1, max-image-preview:large, max-video-preview:-1\" \/>\n<link rel=\"canonical\" href=\"https:\/\/dana.com.br\/canaldana\/2024\/04\/15\/entenda-o-dpvat-seguro-obrigatorio-cuja-volta-foi-aprovada-pela-camara\/\" \/>\n<meta property=\"og:locale\" content=\"pt_BR\" \/>\n<meta property=\"og:type\" content=\"article\" \/>\n<meta property=\"og:title\" content=\"Entenda o DPVAT, seguro obrigat\u00f3rio cuja volta foi aprovada pela C\u00e2mara - Canal Dana\" \/>\n<meta property=\"og:description\" content=\"CNN Brasil &nbsp; O governo prop\u00f4s e a C\u00e2mara aprovou a volta de cobran\u00e7a do seguro obrigat\u00f3rio para indenizar pessoas que sofrem acidentes com ve\u00edculos \u2014 chamado anteriormente de DPVAT. &nbsp; O DPVAT parou de ser cobrado em 2020, durante a gest\u00e3o do ex-presidente Jair Bolsonaro (PL). Desde ent\u00e3o, a gest\u00e3o do fundo que indeniza\u2026 Leia mais \u00bb\" \/>\n<meta property=\"og:url\" content=\"https:\/\/dana.com.br\/canaldana\/2024\/04\/15\/entenda-o-dpvat-seguro-obrigatorio-cuja-volta-foi-aprovada-pela-camara\/\" \/>\n<meta property=\"og:site_name\" content=\"Canal Dana\" \/>\n<meta property=\"article:published_time\" content=\"2024-04-15T11:29:29+00:00\" \/>\n<meta name=\"author\" content=\"Canal Dana\" \/>\n<meta name=\"twitter:card\" content=\"summary_large_image\" \/>\n<meta name=\"twitter:label1\" content=\"Escrito por\" \/>\n\t<meta name=\"twitter:data1\" content=\"Canal Dana\" \/>\n\t<meta name=\"twitter:label2\" content=\"Est. tempo de leitura\" \/>\n\t<meta name=\"twitter:data2\" content=\"3 minutos\" \/>\n<script type=\"application\/ld+json\" class=\"yoast-schema-graph\">{\"@context\":\"https:\\\/\\\/schema.org\",\"@graph\":[{\"@type\":\"Article\",\"@id\":\"https:\\\/\\\/dana.com.br\\\/canaldana\\\/2024\\\/04\\\/15\\\/entenda-o-dpvat-seguro-obrigatorio-cuja-volta-foi-aprovada-pela-camara\\\/#article\",\"isPartOf\":{\"@id\":\"https:\\\/\\\/dana.com.br\\\/canaldana\\\/2024\\\/04\\\/15\\\/entenda-o-dpvat-seguro-obrigatorio-cuja-volta-foi-aprovada-pela-camara\\\/\"},\"author\":{\"name\":\"Canal Dana\",\"@id\":\"https:\\\/\\\/dana.com.br\\\/canaldana\\\/#\\\/schema\\\/person\\\/3c21f22f56fcf3bc46b94bc60ea4fef6\"},\"headline\":\"Entenda o DPVAT, seguro obrigat\u00f3rio cuja volta foi aprovada pela C\u00e2mara\",\"datePublished\":\"2024-04-15T11:29:29+00:00\",\"mainEntityOfPage\":{\"@id\":\"https:\\\/\\\/dana.com.br\\\/canaldana\\\/2024\\\/04\\\/15\\\/entenda-o-dpvat-seguro-obrigatorio-cuja-volta-foi-aprovada-pela-camara\\\/\"},\"wordCount\":515,\"articleSection\":[\"Mercado\"],\"inLanguage\":\"pt-BR\"},{\"@type\":\"WebPage\",\"@id\":\"https:\\\/\\\/dana.com.br\\\/canaldana\\\/2024\\\/04\\\/15\\\/entenda-o-dpvat-seguro-obrigatorio-cuja-volta-foi-aprovada-pela-camara\\\/\",\"url\":\"https:\\\/\\\/dana.com.br\\\/canaldana\\\/2024\\\/04\\\/15\\\/entenda-o-dpvat-seguro-obrigatorio-cuja-volta-foi-aprovada-pela-camara\\\/\",\"name\":\"Entenda o DPVAT, seguro obrigat\u00f3rio cuja volta foi aprovada pela C\u00e2mara - Canal Dana\",\"isPartOf\":{\"@id\":\"https:\\\/\\\/dana.com.br\\\/canaldana\\\/#website\"},\"datePublished\":\"2024-04-15T11:29:29+00:00\",\"author\":{\"@id\":\"https:\\\/\\\/dana.com.br\\\/canaldana\\\/#\\\/schema\\\/person\\\/3c21f22f56fcf3bc46b94bc60ea4fef6\"},\"breadcrumb\":{\"@id\":\"https:\\\/\\\/dana.com.br\\\/canaldana\\\/2024\\\/04\\\/15\\\/entenda-o-dpvat-seguro-obrigatorio-cuja-volta-foi-aprovada-pela-camara\\\/#breadcrumb\"},\"inLanguage\":\"pt-BR\",\"potentialAction\":[{\"@type\":\"ReadAction\",\"target\":[\"https:\\\/\\\/dana.com.br\\\/canaldana\\\/2024\\\/04\\\/15\\\/entenda-o-dpvat-seguro-obrigatorio-cuja-volta-foi-aprovada-pela-camara\\\/\"]}]},{\"@type\":\"BreadcrumbList\",\"@id\":\"https:\\\/\\\/dana.com.br\\\/canaldana\\\/2024\\\/04\\\/15\\\/entenda-o-dpvat-seguro-obrigatorio-cuja-volta-foi-aprovada-pela-camara\\\/#breadcrumb\",\"itemListElement\":[{\"@type\":\"ListItem\",\"position\":1,\"name\":\"Home\",\"item\":\"https:\\\/\\\/dana.com.br\\\/canaldana\\\/\"},{\"@type\":\"ListItem\",\"position\":2,\"name\":\"Mercado\",\"item\":\"https:\\\/\\\/dana.com.br\\\/canaldana\\\/mercado\\\/\"},{\"@type\":\"ListItem\",\"position\":3,\"name\":\"Entenda o DPVAT, seguro obrigat\u00f3rio cuja volta foi aprovada pela C\u00e2mara\"}]},{\"@type\":\"WebSite\",\"@id\":\"https:\\\/\\\/dana.com.br\\\/canaldana\\\/#website\",\"url\":\"https:\\\/\\\/dana.com.br\\\/canaldana\\\/\",\"name\":\"Canal Dana\",\"description\":\"Informativo com as principais not\u00edcias da ind\u00fastria automotiva\",\"potentialAction\":[{\"@type\":\"SearchAction\",\"target\":{\"@type\":\"EntryPoint\",\"urlTemplate\":\"https:\\\/\\\/dana.com.br\\\/canaldana\\\/?s={search_term_string}\"},\"query-input\":{\"@type\":\"PropertyValueSpecification\",\"valueRequired\":true,\"valueName\":\"search_term_string\"}}],\"inLanguage\":\"pt-BR\"},{\"@type\":\"Person\",\"@id\":\"https:\\\/\\\/dana.com.br\\\/canaldana\\\/#\\\/schema\\\/person\\\/3c21f22f56fcf3bc46b94bc60ea4fef6\",\"name\":\"Canal Dana\",\"image\":{\"@type\":\"ImageObject\",\"inLanguage\":\"pt-BR\",\"@id\":\"https:\\\/\\\/secure.gravatar.com\\\/avatar\\\/420aaf9278582877d9018637c6817617705899d2858d7572ef0fe59a6b6454b4?s=96&d=mm&r=g\",\"url\":\"https:\\\/\\\/secure.gravatar.com\\\/avatar\\\/420aaf9278582877d9018637c6817617705899d2858d7572ef0fe59a6b6454b4?s=96&d=mm&r=g\",\"contentUrl\":\"https:\\\/\\\/secure.gravatar.com\\\/avatar\\\/420aaf9278582877d9018637c6817617705899d2858d7572ef0fe59a6b6454b4?s=96&d=mm&r=g\",\"caption\":\"Canal Dana\"},\"url\":\"https:\\\/\\\/dana.com.br\\\/canaldana\\\/author\\\/cdeditor\\\/\"}]}<\/script>\n<!-- \/ Yoast SEO plugin. -->","yoast_head_json":{"title":"Entenda o DPVAT, seguro obrigat\u00f3rio cuja volta foi aprovada pela C\u00e2mara - Canal Dana","robots":{"index":"index","follow":"follow","max-snippet":"max-snippet:-1","max-image-preview":"max-image-preview:large","max-video-preview":"max-video-preview:-1"},"canonical":"https:\/\/dana.com.br\/canaldana\/2024\/04\/15\/entenda-o-dpvat-seguro-obrigatorio-cuja-volta-foi-aprovada-pela-camara\/","og_locale":"pt_BR","og_type":"article","og_title":"Entenda o DPVAT, seguro obrigat\u00f3rio cuja volta foi aprovada pela C\u00e2mara - Canal Dana","og_description":"CNN Brasil &nbsp; O governo prop\u00f4s e a C\u00e2mara aprovou a volta de cobran\u00e7a do seguro obrigat\u00f3rio para indenizar pessoas que sofrem acidentes com ve\u00edculos \u2014 chamado anteriormente de DPVAT. &nbsp; O DPVAT parou de ser cobrado em 2020, durante a gest\u00e3o do ex-presidente Jair Bolsonaro (PL). Desde ent\u00e3o, a gest\u00e3o do fundo que indeniza\u2026 Leia mais \u00bb","og_url":"https:\/\/dana.com.br\/canaldana\/2024\/04\/15\/entenda-o-dpvat-seguro-obrigatorio-cuja-volta-foi-aprovada-pela-camara\/","og_site_name":"Canal Dana","article_published_time":"2024-04-15T11:29:29+00:00","author":"Canal Dana","twitter_card":"summary_large_image","twitter_misc":{"Escrito por":"Canal Dana","Est. tempo de leitura":"3 minutos"},"schema":{"@context":"https:\/\/schema.org","@graph":[{"@type":"Article","@id":"https:\/\/dana.com.br\/canaldana\/2024\/04\/15\/entenda-o-dpvat-seguro-obrigatorio-cuja-volta-foi-aprovada-pela-camara\/#article","isPartOf":{"@id":"https:\/\/dana.com.br\/canaldana\/2024\/04\/15\/entenda-o-dpvat-seguro-obrigatorio-cuja-volta-foi-aprovada-pela-camara\/"},"author":{"name":"Canal Dana","@id":"https:\/\/dana.com.br\/canaldana\/#\/schema\/person\/3c21f22f56fcf3bc46b94bc60ea4fef6"},"headline":"Entenda o DPVAT, seguro obrigat\u00f3rio cuja volta foi aprovada pela C\u00e2mara","datePublished":"2024-04-15T11:29:29+00:00","mainEntityOfPage":{"@id":"https:\/\/dana.com.br\/canaldana\/2024\/04\/15\/entenda-o-dpvat-seguro-obrigatorio-cuja-volta-foi-aprovada-pela-camara\/"},"wordCount":515,"articleSection":["Mercado"],"inLanguage":"pt-BR"},{"@type":"WebPage","@id":"https:\/\/dana.com.br\/canaldana\/2024\/04\/15\/entenda-o-dpvat-seguro-obrigatorio-cuja-volta-foi-aprovada-pela-camara\/","url":"https:\/\/dana.com.br\/canaldana\/2024\/04\/15\/entenda-o-dpvat-seguro-obrigatorio-cuja-volta-foi-aprovada-pela-camara\/","name":"Entenda o DPVAT, seguro obrigat\u00f3rio cuja volta foi aprovada pela C\u00e2mara - Canal Dana","isPartOf":{"@id":"https:\/\/dana.com.br\/canaldana\/#website"},"datePublished":"2024-04-15T11:29:29+00:00","author":{"@id":"https:\/\/dana.com.br\/canaldana\/#\/schema\/person\/3c21f22f56fcf3bc46b94bc60ea4fef6"},"breadcrumb":{"@id":"https:\/\/dana.com.br\/canaldana\/2024\/04\/15\/entenda-o-dpvat-seguro-obrigatorio-cuja-volta-foi-aprovada-pela-camara\/#breadcrumb"},"inLanguage":"pt-BR","potentialAction":[{"@type":"ReadAction","target":["https:\/\/dana.com.br\/canaldana\/2024\/04\/15\/entenda-o-dpvat-seguro-obrigatorio-cuja-volta-foi-aprovada-pela-camara\/"]}]},{"@type":"BreadcrumbList","@id":"https:\/\/dana.com.br\/canaldana\/2024\/04\/15\/entenda-o-dpvat-seguro-obrigatorio-cuja-volta-foi-aprovada-pela-camara\/#breadcrumb","itemListElement":[{"@type":"ListItem","position":1,"name":"Home","item":"https:\/\/dana.com.br\/canaldana\/"},{"@type":"ListItem","position":2,"name":"Mercado","item":"https:\/\/dana.com.br\/canaldana\/mercado\/"},{"@type":"ListItem","position":3,"name":"Entenda o DPVAT, seguro obrigat\u00f3rio cuja volta foi aprovada pela C\u00e2mara"}]},{"@type":"WebSite","@id":"https:\/\/dana.com.br\/canaldana\/#website","url":"https:\/\/dana.com.br\/canaldana\/","name":"Canal Dana","description":"Informativo com as principais not\u00edcias da ind\u00fastria automotiva","potentialAction":[{"@type":"SearchAction","target":{"@type":"EntryPoint","urlTemplate":"https:\/\/dana.com.br\/canaldana\/?s={search_term_string}"},"query-input":{"@type":"PropertyValueSpecification","valueRequired":true,"valueName":"search_term_string"}}],"inLanguage":"pt-BR"},{"@type":"Person","@id":"https:\/\/dana.com.br\/canaldana\/#\/schema\/person\/3c21f22f56fcf3bc46b94bc60ea4fef6","name":"Canal Dana","image":{"@type":"ImageObject","inLanguage":"pt-BR","@id":"https:\/\/secure.gravatar.com\/avatar\/420aaf9278582877d9018637c6817617705899d2858d7572ef0fe59a6b6454b4?s=96&d=mm&r=g","url":"https:\/\/secure.gravatar.com\/avatar\/420aaf9278582877d9018637c6817617705899d2858d7572ef0fe59a6b6454b4?s=96&d=mm&r=g","contentUrl":"https:\/\/secure.gravatar.com\/avatar\/420aaf9278582877d9018637c6817617705899d2858d7572ef0fe59a6b6454b4?s=96&d=mm&r=g","caption":"Canal Dana"},"url":"https:\/\/dana.com.br\/canaldana\/author\/cdeditor\/"}]}},"_links":{"self":[{"href":"https:\/\/dana.com.br\/canaldana\/wp-json\/wp\/v2\/posts\/72841","targetHints":{"allow":["GET"]}}],"collection":[{"href":"https:\/\/dana.com.br\/canaldana\/wp-json\/wp\/v2\/posts"}],"about":[{"href":"https:\/\/dana.com.br\/canaldana\/wp-json\/wp\/v2\/types\/post"}],"author":[{"embeddable":true,"href":"https:\/\/dana.com.br\/canaldana\/wp-json\/wp\/v2\/users\/3"}],"replies":[{"embeddable":true,"href":"https:\/\/dana.com.br\/canaldana\/wp-json\/wp\/v2\/comments?post=72841"}],"version-history":[{"count":1,"href":"https:\/\/dana.com.br\/canaldana\/wp-json\/wp\/v2\/posts\/72841\/revisions"}],"predecessor-version":[{"id":72842,"href":"https:\/\/dana.com.br\/canaldana\/wp-json\/wp\/v2\/posts\/72841\/revisions\/72842"}],"wp:attachment":[{"href":"https:\/\/dana.com.br\/canaldana\/wp-json\/wp\/v2\/media?parent=72841"}],"wp:term":[{"taxonomy":"category","embeddable":true,"href":"https:\/\/dana.com.br\/canaldana\/wp-json\/wp\/v2\/categories?post=72841"},{"taxonomy":"post_tag","embeddable":true,"href":"https:\/\/dana.com.br\/canaldana\/wp-json\/wp\/v2\/tags?post=72841"}],"curies":[{"name":"wp","href":"https:\/\/api.w.org\/{rel}","templated":true}]}}