{"id":72812,"date":"2024-04-12T08:48:33","date_gmt":"2024-04-12T11:48:33","guid":{"rendered":"https:\/\/dana.com.br\/canaldana\/?p=72812"},"modified":"2024-04-12T08:48:33","modified_gmt":"2024-04-12T11:48:33","slug":"ford-prepara-lancamento-de-edicao-unica-do-mustang-no-brasil","status":"publish","type":"post","link":"https:\/\/dana.com.br\/canaldana\/2024\/04\/12\/ford-prepara-lancamento-de-edicao-unica-do-mustang-no-brasil\/","title":{"rendered":"Ford prepara lan\u00e7amento de edi\u00e7\u00e3o \u00fanica do Mustang no Brasil"},"content":{"rendered":"<p><em>Jornal do Carro <\/em><\/p>\n<p>&nbsp;<\/p>\n<p>A Ford anunciou novidades para celebrar os 60 anos do Mustang. A montadora lan\u00e7ou o ic\u00f4nico carro norte-americano em 1964 e, assim, prepara uma s\u00e9rie de atividades em comemora\u00e7\u00e3o ao anivers\u00e1rio do modelo neste ano. Ap\u00f3s a estreia da 7\u00aa gera\u00e7\u00e3o do Mustang, a marca apresentou uma unidade do modelo, chamada de Mustang \u00danico no Mundo.<\/p>\n<p>&nbsp;<\/p>\n<p>O muscle car traz a cor prata orvalho, que ainda n\u00e3o existe no Brasil, e ganhar\u00e1 uma estiliza\u00e7\u00e3o de Alan Mosca. O artista \u00e9 filho de Sid Mosca, que ficou conhecido por ter customizado capacetes da F\u00f3rmula 1, incluindo os de Ayrton Senna.<\/p>\n<p>&nbsp;<\/p>\n<p>Vale destacar que, al\u00e9m de ser o primeiro GT Performance a desembarcar no Brasil, o exemplar ser\u00e1 doado posteriormente para uma ONG, que deve leiloar o modelo. Portanto, um prato cheio para colecionadores de carros que desejarem adquirir o Mustang personalizado.<\/p>\n<p>&nbsp;<\/p>\n<p>A Ford tamb\u00e9m est\u00e1 preparando um desfile de colecionadores que ocorrer\u00e1 no dia 13 de abril, pr\u00f3ximo s\u00e1bado, no Aut\u00f3dromo de Interlagos. Desta forma, os donos poder\u00e3o curtir a pista livremente com seus modelos durante o evento.<\/p>\n<p>&nbsp;<\/p>\n<p><strong>Novo Ford Mustang esgotou em menos de uma hora<\/strong><\/p>\n<p>&nbsp;<\/p>\n<p>A Ford abriu a pr\u00e9-venda do Mustang GT Performance em mar\u00e7o com um primeiro lote de 150 unidades ao pre\u00e7o de R$ 529 mil cada, ou seja, cerca de R$ 50 mil mais barato que o antecessor Mach 1. Contudo, a marca vendeu todos os modelos em menos de uma hora.<\/p>\n<p>&nbsp;<\/p>\n<p>O cup\u00ea continua com o motor Coyote 5.0 V8, que ganhou corpo de borboleta eletr\u00f4nico duplo e agora rende 488 cv &#8211; s\u00e3o 5 cv a mais que antes. J\u00e1 o torque passou de 56,7 mkgf para 58 mkgf. Al\u00e9m disso, mesmo com o lan\u00e7amento desta nova gera\u00e7\u00e3o, a Ford preservou as caracter\u00edsticas b\u00e1sicas do Mustang, como as linhas tradicionais, o cap\u00f4 longo e o teto baixo.<\/p>\n<p>&nbsp;<\/p>\n<p>O modelo ganhou novos para-choques, enquanto a disposi\u00e7\u00e3o das luzes dos far\u00f3is agora \u00e9 formada por tr\u00eas barras iluminadas com LEDs. Al\u00e9m disso, as lanternas agora contam com setas com luzes din\u00e2micas. J\u00e1 a paleta de cores disponibiliza oito op\u00e7\u00f5es divididas entre preta, cinza, branca, azul e vermelha.<\/p>\n<p>&nbsp;<\/p>\n<p>A previs\u00e3o \u00e9 de que as primeiras unidades sejam entregues at\u00e9 junho. Em seguida, a Ford deve importar um novo lote do esportivo para quem n\u00e3o conseguiu adquirir o modelo. (Jornal do Carro\/Adrielle Farias)<\/p>\n","protected":false},"excerpt":{"rendered":"<p>Jornal do Carro &nbsp; A Ford anunciou novidades para celebrar os 60 anos do Mustang. A montadora lan\u00e7ou o ic\u00f4nico carro norte-americano em 1964 e, assim, prepara uma s\u00e9rie de atividades em comemora\u00e7\u00e3o ao anivers\u00e1rio do modelo neste ano. Ap\u00f3s a estreia da 7\u00aa gera\u00e7\u00e3o do Mustang, a marca apresentou uma unidade do modelo, chamada\u2026 <a class=\"readmore\" href=\"https:\/\/dana.com.br\/canaldana\/2024\/04\/12\/ford-prepara-lancamento-de-edicao-unica-do-mustang-no-brasil\/\">Leia mais \u00bb<\/a><\/p>\n","protected":false},"author":3,"featured_media":0,"comment_status":"closed","ping_status":"closed","sticky":false,"template":"","format":"standard","meta":{"_acf_changed":false,"footnotes":""},"categories":[79],"tags":[],"class_list":["post-72812","post","type-post","status-publish","format-standard","hentry","category-mercado"],"acf":[],"yoast_head":"<!-- This site is optimized with the Yoast SEO plugin v27.3 - https:\/\/yoast.com\/product\/yoast-seo-wordpress\/ -->\n<title>Ford prepara lan\u00e7amento de edi\u00e7\u00e3o \u00fanica do Mustang no Brasil - Canal Dana<\/title>\n<meta name=\"robots\" content=\"index, follow, max-snippet:-1, max-image-preview:large, max-video-preview:-1\" \/>\n<link rel=\"canonical\" href=\"https:\/\/dana.com.br\/canaldana\/2024\/04\/12\/ford-prepara-lancamento-de-edicao-unica-do-mustang-no-brasil\/\" \/>\n<meta property=\"og:locale\" content=\"pt_BR\" \/>\n<meta property=\"og:type\" content=\"article\" \/>\n<meta property=\"og:title\" content=\"Ford prepara lan\u00e7amento de edi\u00e7\u00e3o \u00fanica do Mustang no Brasil - Canal Dana\" \/>\n<meta property=\"og:description\" content=\"Jornal do Carro &nbsp; A Ford anunciou novidades para celebrar os 60 anos do Mustang. A montadora lan\u00e7ou o ic\u00f4nico carro norte-americano em 1964 e, assim, prepara uma s\u00e9rie de atividades em comemora\u00e7\u00e3o ao anivers\u00e1rio do modelo neste ano. Ap\u00f3s a estreia da 7\u00aa gera\u00e7\u00e3o do Mustang, a marca apresentou uma unidade do modelo, chamada\u2026 Leia mais \u00bb\" \/>\n<meta property=\"og:url\" content=\"https:\/\/dana.com.br\/canaldana\/2024\/04\/12\/ford-prepara-lancamento-de-edicao-unica-do-mustang-no-brasil\/\" \/>\n<meta property=\"og:site_name\" content=\"Canal Dana\" \/>\n<meta property=\"article:published_time\" content=\"2024-04-12T11:48:33+00:00\" \/>\n<meta name=\"author\" content=\"Canal Dana\" \/>\n<meta name=\"twitter:card\" content=\"summary_large_image\" \/>\n<meta name=\"twitter:label1\" content=\"Escrito por\" \/>\n\t<meta name=\"twitter:data1\" content=\"Canal Dana\" \/>\n\t<meta name=\"twitter:label2\" content=\"Est. tempo de leitura\" \/>\n\t<meta name=\"twitter:data2\" content=\"3 minutos\" \/>\n<script type=\"application\/ld+json\" class=\"yoast-schema-graph\">{\"@context\":\"https:\\\/\\\/schema.org\",\"@graph\":[{\"@type\":\"Article\",\"@id\":\"https:\\\/\\\/dana.com.br\\\/canaldana\\\/2024\\\/04\\\/12\\\/ford-prepara-lancamento-de-edicao-unica-do-mustang-no-brasil\\\/#article\",\"isPartOf\":{\"@id\":\"https:\\\/\\\/dana.com.br\\\/canaldana\\\/2024\\\/04\\\/12\\\/ford-prepara-lancamento-de-edicao-unica-do-mustang-no-brasil\\\/\"},\"author\":{\"name\":\"Canal Dana\",\"@id\":\"https:\\\/\\\/dana.com.br\\\/canaldana\\\/#\\\/schema\\\/person\\\/3c21f22f56fcf3bc46b94bc60ea4fef6\"},\"headline\":\"Ford prepara lan\u00e7amento de edi\u00e7\u00e3o \u00fanica do Mustang no Brasil\",\"datePublished\":\"2024-04-12T11:48:33+00:00\",\"mainEntityOfPage\":{\"@id\":\"https:\\\/\\\/dana.com.br\\\/canaldana\\\/2024\\\/04\\\/12\\\/ford-prepara-lancamento-de-edicao-unica-do-mustang-no-brasil\\\/\"},\"wordCount\":428,\"articleSection\":[\"Mercado\"],\"inLanguage\":\"pt-BR\"},{\"@type\":\"WebPage\",\"@id\":\"https:\\\/\\\/dana.com.br\\\/canaldana\\\/2024\\\/04\\\/12\\\/ford-prepara-lancamento-de-edicao-unica-do-mustang-no-brasil\\\/\",\"url\":\"https:\\\/\\\/dana.com.br\\\/canaldana\\\/2024\\\/04\\\/12\\\/ford-prepara-lancamento-de-edicao-unica-do-mustang-no-brasil\\\/\",\"name\":\"Ford prepara lan\u00e7amento de edi\u00e7\u00e3o \u00fanica do Mustang no Brasil - Canal Dana\",\"isPartOf\":{\"@id\":\"https:\\\/\\\/dana.com.br\\\/canaldana\\\/#website\"},\"datePublished\":\"2024-04-12T11:48:33+00:00\",\"author\":{\"@id\":\"https:\\\/\\\/dana.com.br\\\/canaldana\\\/#\\\/schema\\\/person\\\/3c21f22f56fcf3bc46b94bc60ea4fef6\"},\"breadcrumb\":{\"@id\":\"https:\\\/\\\/dana.com.br\\\/canaldana\\\/2024\\\/04\\\/12\\\/ford-prepara-lancamento-de-edicao-unica-do-mustang-no-brasil\\\/#breadcrumb\"},\"inLanguage\":\"pt-BR\",\"potentialAction\":[{\"@type\":\"ReadAction\",\"target\":[\"https:\\\/\\\/dana.com.br\\\/canaldana\\\/2024\\\/04\\\/12\\\/ford-prepara-lancamento-de-edicao-unica-do-mustang-no-brasil\\\/\"]}]},{\"@type\":\"BreadcrumbList\",\"@id\":\"https:\\\/\\\/dana.com.br\\\/canaldana\\\/2024\\\/04\\\/12\\\/ford-prepara-lancamento-de-edicao-unica-do-mustang-no-brasil\\\/#breadcrumb\",\"itemListElement\":[{\"@type\":\"ListItem\",\"position\":1,\"name\":\"Home\",\"item\":\"https:\\\/\\\/dana.com.br\\\/canaldana\\\/\"},{\"@type\":\"ListItem\",\"position\":2,\"name\":\"Mercado\",\"item\":\"https:\\\/\\\/dana.com.br\\\/canaldana\\\/mercado\\\/\"},{\"@type\":\"ListItem\",\"position\":3,\"name\":\"Ford prepara lan\u00e7amento de edi\u00e7\u00e3o \u00fanica do Mustang no Brasil\"}]},{\"@type\":\"WebSite\",\"@id\":\"https:\\\/\\\/dana.com.br\\\/canaldana\\\/#website\",\"url\":\"https:\\\/\\\/dana.com.br\\\/canaldana\\\/\",\"name\":\"Canal Dana\",\"description\":\"Informativo com as principais not\u00edcias da ind\u00fastria automotiva\",\"potentialAction\":[{\"@type\":\"SearchAction\",\"target\":{\"@type\":\"EntryPoint\",\"urlTemplate\":\"https:\\\/\\\/dana.com.br\\\/canaldana\\\/?s={search_term_string}\"},\"query-input\":{\"@type\":\"PropertyValueSpecification\",\"valueRequired\":true,\"valueName\":\"search_term_string\"}}],\"inLanguage\":\"pt-BR\"},{\"@type\":\"Person\",\"@id\":\"https:\\\/\\\/dana.com.br\\\/canaldana\\\/#\\\/schema\\\/person\\\/3c21f22f56fcf3bc46b94bc60ea4fef6\",\"name\":\"Canal Dana\",\"image\":{\"@type\":\"ImageObject\",\"inLanguage\":\"pt-BR\",\"@id\":\"https:\\\/\\\/secure.gravatar.com\\\/avatar\\\/420aaf9278582877d9018637c6817617705899d2858d7572ef0fe59a6b6454b4?s=96&d=mm&r=g\",\"url\":\"https:\\\/\\\/secure.gravatar.com\\\/avatar\\\/420aaf9278582877d9018637c6817617705899d2858d7572ef0fe59a6b6454b4?s=96&d=mm&r=g\",\"contentUrl\":\"https:\\\/\\\/secure.gravatar.com\\\/avatar\\\/420aaf9278582877d9018637c6817617705899d2858d7572ef0fe59a6b6454b4?s=96&d=mm&r=g\",\"caption\":\"Canal Dana\"},\"url\":\"https:\\\/\\\/dana.com.br\\\/canaldana\\\/author\\\/cdeditor\\\/\"}]}<\/script>\n<!-- \/ Yoast SEO plugin. -->","yoast_head_json":{"title":"Ford prepara lan\u00e7amento de edi\u00e7\u00e3o \u00fanica do Mustang no Brasil - Canal Dana","robots":{"index":"index","follow":"follow","max-snippet":"max-snippet:-1","max-image-preview":"max-image-preview:large","max-video-preview":"max-video-preview:-1"},"canonical":"https:\/\/dana.com.br\/canaldana\/2024\/04\/12\/ford-prepara-lancamento-de-edicao-unica-do-mustang-no-brasil\/","og_locale":"pt_BR","og_type":"article","og_title":"Ford prepara lan\u00e7amento de edi\u00e7\u00e3o \u00fanica do Mustang no Brasil - Canal Dana","og_description":"Jornal do Carro &nbsp; A Ford anunciou novidades para celebrar os 60 anos do Mustang. A montadora lan\u00e7ou o ic\u00f4nico carro norte-americano em 1964 e, assim, prepara uma s\u00e9rie de atividades em comemora\u00e7\u00e3o ao anivers\u00e1rio do modelo neste ano. Ap\u00f3s a estreia da 7\u00aa gera\u00e7\u00e3o do Mustang, a marca apresentou uma unidade do modelo, chamada\u2026 Leia mais \u00bb","og_url":"https:\/\/dana.com.br\/canaldana\/2024\/04\/12\/ford-prepara-lancamento-de-edicao-unica-do-mustang-no-brasil\/","og_site_name":"Canal Dana","article_published_time":"2024-04-12T11:48:33+00:00","author":"Canal Dana","twitter_card":"summary_large_image","twitter_misc":{"Escrito por":"Canal Dana","Est. tempo de leitura":"3 minutos"},"schema":{"@context":"https:\/\/schema.org","@graph":[{"@type":"Article","@id":"https:\/\/dana.com.br\/canaldana\/2024\/04\/12\/ford-prepara-lancamento-de-edicao-unica-do-mustang-no-brasil\/#article","isPartOf":{"@id":"https:\/\/dana.com.br\/canaldana\/2024\/04\/12\/ford-prepara-lancamento-de-edicao-unica-do-mustang-no-brasil\/"},"author":{"name":"Canal Dana","@id":"https:\/\/dana.com.br\/canaldana\/#\/schema\/person\/3c21f22f56fcf3bc46b94bc60ea4fef6"},"headline":"Ford prepara lan\u00e7amento de edi\u00e7\u00e3o \u00fanica do Mustang no Brasil","datePublished":"2024-04-12T11:48:33+00:00","mainEntityOfPage":{"@id":"https:\/\/dana.com.br\/canaldana\/2024\/04\/12\/ford-prepara-lancamento-de-edicao-unica-do-mustang-no-brasil\/"},"wordCount":428,"articleSection":["Mercado"],"inLanguage":"pt-BR"},{"@type":"WebPage","@id":"https:\/\/dana.com.br\/canaldana\/2024\/04\/12\/ford-prepara-lancamento-de-edicao-unica-do-mustang-no-brasil\/","url":"https:\/\/dana.com.br\/canaldana\/2024\/04\/12\/ford-prepara-lancamento-de-edicao-unica-do-mustang-no-brasil\/","name":"Ford prepara lan\u00e7amento de edi\u00e7\u00e3o \u00fanica do Mustang no Brasil - Canal Dana","isPartOf":{"@id":"https:\/\/dana.com.br\/canaldana\/#website"},"datePublished":"2024-04-12T11:48:33+00:00","author":{"@id":"https:\/\/dana.com.br\/canaldana\/#\/schema\/person\/3c21f22f56fcf3bc46b94bc60ea4fef6"},"breadcrumb":{"@id":"https:\/\/dana.com.br\/canaldana\/2024\/04\/12\/ford-prepara-lancamento-de-edicao-unica-do-mustang-no-brasil\/#breadcrumb"},"inLanguage":"pt-BR","potentialAction":[{"@type":"ReadAction","target":["https:\/\/dana.com.br\/canaldana\/2024\/04\/12\/ford-prepara-lancamento-de-edicao-unica-do-mustang-no-brasil\/"]}]},{"@type":"BreadcrumbList","@id":"https:\/\/dana.com.br\/canaldana\/2024\/04\/12\/ford-prepara-lancamento-de-edicao-unica-do-mustang-no-brasil\/#breadcrumb","itemListElement":[{"@type":"ListItem","position":1,"name":"Home","item":"https:\/\/dana.com.br\/canaldana\/"},{"@type":"ListItem","position":2,"name":"Mercado","item":"https:\/\/dana.com.br\/canaldana\/mercado\/"},{"@type":"ListItem","position":3,"name":"Ford prepara lan\u00e7amento de edi\u00e7\u00e3o \u00fanica do Mustang no Brasil"}]},{"@type":"WebSite","@id":"https:\/\/dana.com.br\/canaldana\/#website","url":"https:\/\/dana.com.br\/canaldana\/","name":"Canal Dana","description":"Informativo com as principais not\u00edcias da ind\u00fastria automotiva","potentialAction":[{"@type":"SearchAction","target":{"@type":"EntryPoint","urlTemplate":"https:\/\/dana.com.br\/canaldana\/?s={search_term_string}"},"query-input":{"@type":"PropertyValueSpecification","valueRequired":true,"valueName":"search_term_string"}}],"inLanguage":"pt-BR"},{"@type":"Person","@id":"https:\/\/dana.com.br\/canaldana\/#\/schema\/person\/3c21f22f56fcf3bc46b94bc60ea4fef6","name":"Canal Dana","image":{"@type":"ImageObject","inLanguage":"pt-BR","@id":"https:\/\/secure.gravatar.com\/avatar\/420aaf9278582877d9018637c6817617705899d2858d7572ef0fe59a6b6454b4?s=96&d=mm&r=g","url":"https:\/\/secure.gravatar.com\/avatar\/420aaf9278582877d9018637c6817617705899d2858d7572ef0fe59a6b6454b4?s=96&d=mm&r=g","contentUrl":"https:\/\/secure.gravatar.com\/avatar\/420aaf9278582877d9018637c6817617705899d2858d7572ef0fe59a6b6454b4?s=96&d=mm&r=g","caption":"Canal Dana"},"url":"https:\/\/dana.com.br\/canaldana\/author\/cdeditor\/"}]}},"_links":{"self":[{"href":"https:\/\/dana.com.br\/canaldana\/wp-json\/wp\/v2\/posts\/72812","targetHints":{"allow":["GET"]}}],"collection":[{"href":"https:\/\/dana.com.br\/canaldana\/wp-json\/wp\/v2\/posts"}],"about":[{"href":"https:\/\/dana.com.br\/canaldana\/wp-json\/wp\/v2\/types\/post"}],"author":[{"embeddable":true,"href":"https:\/\/dana.com.br\/canaldana\/wp-json\/wp\/v2\/users\/3"}],"replies":[{"embeddable":true,"href":"https:\/\/dana.com.br\/canaldana\/wp-json\/wp\/v2\/comments?post=72812"}],"version-history":[{"count":1,"href":"https:\/\/dana.com.br\/canaldana\/wp-json\/wp\/v2\/posts\/72812\/revisions"}],"predecessor-version":[{"id":72813,"href":"https:\/\/dana.com.br\/canaldana\/wp-json\/wp\/v2\/posts\/72812\/revisions\/72813"}],"wp:attachment":[{"href":"https:\/\/dana.com.br\/canaldana\/wp-json\/wp\/v2\/media?parent=72812"}],"wp:term":[{"taxonomy":"category","embeddable":true,"href":"https:\/\/dana.com.br\/canaldana\/wp-json\/wp\/v2\/categories?post=72812"},{"taxonomy":"post_tag","embeddable":true,"href":"https:\/\/dana.com.br\/canaldana\/wp-json\/wp\/v2\/tags?post=72812"}],"curies":[{"name":"wp","href":"https:\/\/api.w.org\/{rel}","templated":true}]}}