{"id":72810,"date":"2024-04-12T08:47:51","date_gmt":"2024-04-12T11:47:51","guid":{"rendered":"https:\/\/dana.com.br\/canaldana\/?p=72810"},"modified":"2024-04-12T08:47:51","modified_gmt":"2024-04-12T11:47:51","slug":"vwco-comeca-projeto-piloto-usando-iot-em-seu-patio","status":"publish","type":"post","link":"https:\/\/dana.com.br\/canaldana\/2024\/04\/12\/vwco-comeca-projeto-piloto-usando-iot-em-seu-patio\/","title":{"rendered":"VWCO come\u00e7a projeto-piloto usando IoT em seu p\u00e1tio"},"content":{"rendered":"<p><em>Frota &amp; Cia\u00a0 <\/em><\/p>\n<p>&nbsp;<\/p>\n<p>A Volkswagen Caminh\u00f5es e \u00d4nibus (VWCO), em parceria com a Taggen Industries &amp; Services, d\u00e1 in\u00edcio a um projeto-piloto na sua f\u00e1brica, em Resende (RJ), utilizando a tecnologia de Internet das Coisas (IoT) para uma gest\u00e3o mais eficiente do p\u00e1tio de ve\u00edculos.<\/p>\n<p>&nbsp;<\/p>\n<p>A ideia \u00e9 incorporar avan\u00e7os tecnol\u00f3gicos para facilitar a geolocaliza\u00e7\u00e3o de caminh\u00f5es e \u00f4nibus entre a linha de produ\u00e7\u00e3o e os p\u00e1tios externos, o que trar\u00e1 otimiza\u00e7\u00f5es dos processos atuais log\u00edsticos e melhora no fluxo da produ\u00e7\u00e3o.<\/p>\n<p>&nbsp;<\/p>\n<p>\u201cNossa estrat\u00e9gia de manufatura est\u00e1 focada na digitaliza\u00e7\u00e3o de nossa f\u00e1brica. J\u00e1 evolu\u00edmos bastante e temos diversas frentes de trabalho para fortalecer ainda mais esse progresso. Nesse sentido, esse projeto-piloto vem para consolidarmos estudos de iniciativas que podem gerar ainda mais agilidade na produ\u00e7\u00e3o dos caminh\u00f5es e \u00f4nibus Volkswagen, aumentando nossa produtividade\u201d, afirma Hugo Souza, diretor de Produ\u00e7\u00e3o e Log\u00edstica da VWCO.<\/p>\n<p>&nbsp;<\/p>\n<p><strong>Tecnologia que proporciona efici\u00eancia<\/strong><\/p>\n<p>&nbsp;<\/p>\n<p>O projeto-piloto contempla a implementa\u00e7\u00e3o de um exclusivo sistema de identifica\u00e7\u00e3o, monitoramento e rastreabilidade dos caminh\u00f5es e \u00f4nibus em produ\u00e7\u00e3o, em tempo real, entre a linha de produ\u00e7\u00e3o e p\u00e1tios.<\/p>\n<p>&nbsp;<\/p>\n<p>Com mais de 1 milh\u00e3o de metros quadrados, a f\u00e1brica da VWCO requer uma otimiza\u00e7\u00e3o da solu\u00e7\u00e3o da Taggen justamente para atender \u00e0 dimens\u00e3o de sua opera\u00e7\u00e3o. O alcance em rela\u00e7\u00e3o \u00e0 tecnologia anterior ser\u00e1 quatro vezes superior, com uma demanda de infraestrutura reduzida a menos de 10% do que ser\u00e1 necess\u00e1rio originalmente.<\/p>\n<p>&nbsp;<\/p>\n<p>A parceria com a Volkswagen Caminh\u00f5es e \u00d4nibus foi facilitada pelos pesquisadores do Instituto Nacional de Telecomunica\u00e7\u00f5es (Inatel), que tamb\u00e9m s\u00e3o parceiros da startup no desenvolvimento de toda a solu\u00e7\u00e3o do sistema. Parte dos recursos envolvidos neste projeto-piloto adv\u00e9m do conv\u00eanio com a Empresa Brasileira de Pesquisa e Inova\u00e7\u00e3o (Embrapii) por meio de sua linha Rota2030.<\/p>\n<p>&nbsp;<\/p>\n<p><strong>Como funciona<\/strong><\/p>\n<p>&nbsp;<\/p>\n<p>Dispositivos com tecnologia 100% nacional \u2013 os chamados TaggenBeacons \u2013 s\u00e3o monitorados por antenas (Taggengateways) parametrizadas com a tecnologia para opera\u00e7\u00e3o 24 horas por dia, nos sete dias da semana.<\/p>\n<p>&nbsp;<\/p>\n<p>Tudo conectado a uma rede independente e com autonomia de opera\u00e7\u00e3o via bateria e altamente resistente \u00e0s intemp\u00e9ries para criar a estrutura do Sistema de Localiza\u00e7\u00e3o em Tempo Real (RTLS \u2013 Real Time Location System, em ingl\u00eas).<\/p>\n<p>&nbsp;<\/p>\n<p>Esses dados s\u00e3o acompanhados por uma plataforma em nuvem da Taggen e disponibilizadas para que os profissionais da montadora possam rapidamente mapear a posi\u00e7\u00e3o de seus ve\u00edculos. A qualquer tempo, de qualquer celular.<\/p>\n<p>&nbsp;<\/p>\n<p>\u201cEstamos muito felizes com essa parceria com Volkswagen Caminh\u00f5es e \u00d4nibus que \u00e9 l\u00edder de mercado, uma empresa sempre atenta \u00e0s inova\u00e7\u00f5es que otimizam seus processos e investindo nos avan\u00e7os da Ind\u00fastria 4.0 e da IoT. Este \u00e9 um projeto estrat\u00e9gico que vai proporcionar agilidade, maximiza\u00e7\u00e3o da efici\u00eancia e redu\u00e7\u00e3o de tempo \u00e0 VWCO. Nossa solu\u00e7\u00e3o que envolve sistemas em cloud, smartphones e dispositivos IoT j\u00e1 est\u00e1 em est\u00e1gio de \u2018go to market\u2019 e esta primeira etapa com a VWCO \u00e9 um passo relevante para comprovarmos os ganhos e retornos esperados\u201d, destaca Werter Padilha, CEO da Taggen. (Frota &amp; Cia\/Victor Fagarassi)<\/p>\n","protected":false},"excerpt":{"rendered":"<p>Frota &amp; Cia\u00a0 &nbsp; A Volkswagen Caminh\u00f5es e \u00d4nibus (VWCO), em parceria com a Taggen Industries &amp; Services, d\u00e1 in\u00edcio a um projeto-piloto na sua f\u00e1brica, em Resende (RJ), utilizando a tecnologia de Internet das Coisas (IoT) para uma gest\u00e3o mais eficiente do p\u00e1tio de ve\u00edculos. &nbsp; A ideia \u00e9 incorporar avan\u00e7os tecnol\u00f3gicos para facilitar\u2026 <a class=\"readmore\" href=\"https:\/\/dana.com.br\/canaldana\/2024\/04\/12\/vwco-comeca-projeto-piloto-usando-iot-em-seu-patio\/\">Leia mais \u00bb<\/a><\/p>\n","protected":false},"author":3,"featured_media":0,"comment_status":"closed","ping_status":"closed","sticky":false,"template":"","format":"standard","meta":{"_acf_changed":false,"footnotes":""},"categories":[79],"tags":[],"class_list":["post-72810","post","type-post","status-publish","format-standard","hentry","category-mercado"],"acf":[],"yoast_head":"<!-- This site is optimized with the Yoast SEO plugin v27.3 - https:\/\/yoast.com\/product\/yoast-seo-wordpress\/ -->\n<title>VWCO come\u00e7a projeto-piloto usando IoT em seu p\u00e1tio - Canal Dana<\/title>\n<meta name=\"robots\" content=\"index, follow, max-snippet:-1, max-image-preview:large, max-video-preview:-1\" \/>\n<link rel=\"canonical\" href=\"https:\/\/dana.com.br\/canaldana\/2024\/04\/12\/vwco-comeca-projeto-piloto-usando-iot-em-seu-patio\/\" \/>\n<meta property=\"og:locale\" content=\"pt_BR\" \/>\n<meta property=\"og:type\" content=\"article\" \/>\n<meta property=\"og:title\" content=\"VWCO come\u00e7a projeto-piloto usando IoT em seu p\u00e1tio - Canal Dana\" \/>\n<meta property=\"og:description\" content=\"Frota &amp; Cia\u00a0 &nbsp; A Volkswagen Caminh\u00f5es e \u00d4nibus (VWCO), em parceria com a Taggen Industries &amp; Services, d\u00e1 in\u00edcio a um projeto-piloto na sua f\u00e1brica, em Resende (RJ), utilizando a tecnologia de Internet das Coisas (IoT) para uma gest\u00e3o mais eficiente do p\u00e1tio de ve\u00edculos. &nbsp; A ideia \u00e9 incorporar avan\u00e7os tecnol\u00f3gicos para facilitar\u2026 Leia mais \u00bb\" \/>\n<meta property=\"og:url\" content=\"https:\/\/dana.com.br\/canaldana\/2024\/04\/12\/vwco-comeca-projeto-piloto-usando-iot-em-seu-patio\/\" \/>\n<meta property=\"og:site_name\" content=\"Canal Dana\" \/>\n<meta property=\"article:published_time\" content=\"2024-04-12T11:47:51+00:00\" \/>\n<meta name=\"author\" content=\"Canal Dana\" \/>\n<meta name=\"twitter:card\" content=\"summary_large_image\" \/>\n<meta name=\"twitter:label1\" content=\"Escrito por\" \/>\n\t<meta name=\"twitter:data1\" content=\"Canal Dana\" \/>\n\t<meta name=\"twitter:label2\" content=\"Est. tempo de leitura\" \/>\n\t<meta name=\"twitter:data2\" content=\"3 minutos\" \/>\n<script type=\"application\/ld+json\" class=\"yoast-schema-graph\">{\"@context\":\"https:\\\/\\\/schema.org\",\"@graph\":[{\"@type\":\"Article\",\"@id\":\"https:\\\/\\\/dana.com.br\\\/canaldana\\\/2024\\\/04\\\/12\\\/vwco-comeca-projeto-piloto-usando-iot-em-seu-patio\\\/#article\",\"isPartOf\":{\"@id\":\"https:\\\/\\\/dana.com.br\\\/canaldana\\\/2024\\\/04\\\/12\\\/vwco-comeca-projeto-piloto-usando-iot-em-seu-patio\\\/\"},\"author\":{\"name\":\"Canal Dana\",\"@id\":\"https:\\\/\\\/dana.com.br\\\/canaldana\\\/#\\\/schema\\\/person\\\/3c21f22f56fcf3bc46b94bc60ea4fef6\"},\"headline\":\"VWCO come\u00e7a projeto-piloto usando IoT em seu p\u00e1tio\",\"datePublished\":\"2024-04-12T11:47:51+00:00\",\"mainEntityOfPage\":{\"@id\":\"https:\\\/\\\/dana.com.br\\\/canaldana\\\/2024\\\/04\\\/12\\\/vwco-comeca-projeto-piloto-usando-iot-em-seu-patio\\\/\"},\"wordCount\":564,\"articleSection\":[\"Mercado\"],\"inLanguage\":\"pt-BR\"},{\"@type\":\"WebPage\",\"@id\":\"https:\\\/\\\/dana.com.br\\\/canaldana\\\/2024\\\/04\\\/12\\\/vwco-comeca-projeto-piloto-usando-iot-em-seu-patio\\\/\",\"url\":\"https:\\\/\\\/dana.com.br\\\/canaldana\\\/2024\\\/04\\\/12\\\/vwco-comeca-projeto-piloto-usando-iot-em-seu-patio\\\/\",\"name\":\"VWCO come\u00e7a projeto-piloto usando IoT em seu p\u00e1tio - Canal Dana\",\"isPartOf\":{\"@id\":\"https:\\\/\\\/dana.com.br\\\/canaldana\\\/#website\"},\"datePublished\":\"2024-04-12T11:47:51+00:00\",\"author\":{\"@id\":\"https:\\\/\\\/dana.com.br\\\/canaldana\\\/#\\\/schema\\\/person\\\/3c21f22f56fcf3bc46b94bc60ea4fef6\"},\"breadcrumb\":{\"@id\":\"https:\\\/\\\/dana.com.br\\\/canaldana\\\/2024\\\/04\\\/12\\\/vwco-comeca-projeto-piloto-usando-iot-em-seu-patio\\\/#breadcrumb\"},\"inLanguage\":\"pt-BR\",\"potentialAction\":[{\"@type\":\"ReadAction\",\"target\":[\"https:\\\/\\\/dana.com.br\\\/canaldana\\\/2024\\\/04\\\/12\\\/vwco-comeca-projeto-piloto-usando-iot-em-seu-patio\\\/\"]}]},{\"@type\":\"BreadcrumbList\",\"@id\":\"https:\\\/\\\/dana.com.br\\\/canaldana\\\/2024\\\/04\\\/12\\\/vwco-comeca-projeto-piloto-usando-iot-em-seu-patio\\\/#breadcrumb\",\"itemListElement\":[{\"@type\":\"ListItem\",\"position\":1,\"name\":\"Home\",\"item\":\"https:\\\/\\\/dana.com.br\\\/canaldana\\\/\"},{\"@type\":\"ListItem\",\"position\":2,\"name\":\"Mercado\",\"item\":\"https:\\\/\\\/dana.com.br\\\/canaldana\\\/mercado\\\/\"},{\"@type\":\"ListItem\",\"position\":3,\"name\":\"VWCO come\u00e7a projeto-piloto usando IoT em seu p\u00e1tio\"}]},{\"@type\":\"WebSite\",\"@id\":\"https:\\\/\\\/dana.com.br\\\/canaldana\\\/#website\",\"url\":\"https:\\\/\\\/dana.com.br\\\/canaldana\\\/\",\"name\":\"Canal Dana\",\"description\":\"Informativo com as principais not\u00edcias da ind\u00fastria automotiva\",\"potentialAction\":[{\"@type\":\"SearchAction\",\"target\":{\"@type\":\"EntryPoint\",\"urlTemplate\":\"https:\\\/\\\/dana.com.br\\\/canaldana\\\/?s={search_term_string}\"},\"query-input\":{\"@type\":\"PropertyValueSpecification\",\"valueRequired\":true,\"valueName\":\"search_term_string\"}}],\"inLanguage\":\"pt-BR\"},{\"@type\":\"Person\",\"@id\":\"https:\\\/\\\/dana.com.br\\\/canaldana\\\/#\\\/schema\\\/person\\\/3c21f22f56fcf3bc46b94bc60ea4fef6\",\"name\":\"Canal Dana\",\"image\":{\"@type\":\"ImageObject\",\"inLanguage\":\"pt-BR\",\"@id\":\"https:\\\/\\\/secure.gravatar.com\\\/avatar\\\/420aaf9278582877d9018637c6817617705899d2858d7572ef0fe59a6b6454b4?s=96&d=mm&r=g\",\"url\":\"https:\\\/\\\/secure.gravatar.com\\\/avatar\\\/420aaf9278582877d9018637c6817617705899d2858d7572ef0fe59a6b6454b4?s=96&d=mm&r=g\",\"contentUrl\":\"https:\\\/\\\/secure.gravatar.com\\\/avatar\\\/420aaf9278582877d9018637c6817617705899d2858d7572ef0fe59a6b6454b4?s=96&d=mm&r=g\",\"caption\":\"Canal Dana\"},\"url\":\"https:\\\/\\\/dana.com.br\\\/canaldana\\\/author\\\/cdeditor\\\/\"}]}<\/script>\n<!-- \/ Yoast SEO plugin. -->","yoast_head_json":{"title":"VWCO come\u00e7a projeto-piloto usando IoT em seu p\u00e1tio - Canal Dana","robots":{"index":"index","follow":"follow","max-snippet":"max-snippet:-1","max-image-preview":"max-image-preview:large","max-video-preview":"max-video-preview:-1"},"canonical":"https:\/\/dana.com.br\/canaldana\/2024\/04\/12\/vwco-comeca-projeto-piloto-usando-iot-em-seu-patio\/","og_locale":"pt_BR","og_type":"article","og_title":"VWCO come\u00e7a projeto-piloto usando IoT em seu p\u00e1tio - Canal Dana","og_description":"Frota &amp; Cia\u00a0 &nbsp; A Volkswagen Caminh\u00f5es e \u00d4nibus (VWCO), em parceria com a Taggen Industries &amp; Services, d\u00e1 in\u00edcio a um projeto-piloto na sua f\u00e1brica, em Resende (RJ), utilizando a tecnologia de Internet das Coisas (IoT) para uma gest\u00e3o mais eficiente do p\u00e1tio de ve\u00edculos. &nbsp; A ideia \u00e9 incorporar avan\u00e7os tecnol\u00f3gicos para facilitar\u2026 Leia mais \u00bb","og_url":"https:\/\/dana.com.br\/canaldana\/2024\/04\/12\/vwco-comeca-projeto-piloto-usando-iot-em-seu-patio\/","og_site_name":"Canal Dana","article_published_time":"2024-04-12T11:47:51+00:00","author":"Canal Dana","twitter_card":"summary_large_image","twitter_misc":{"Escrito por":"Canal Dana","Est. tempo de leitura":"3 minutos"},"schema":{"@context":"https:\/\/schema.org","@graph":[{"@type":"Article","@id":"https:\/\/dana.com.br\/canaldana\/2024\/04\/12\/vwco-comeca-projeto-piloto-usando-iot-em-seu-patio\/#article","isPartOf":{"@id":"https:\/\/dana.com.br\/canaldana\/2024\/04\/12\/vwco-comeca-projeto-piloto-usando-iot-em-seu-patio\/"},"author":{"name":"Canal Dana","@id":"https:\/\/dana.com.br\/canaldana\/#\/schema\/person\/3c21f22f56fcf3bc46b94bc60ea4fef6"},"headline":"VWCO come\u00e7a projeto-piloto usando IoT em seu p\u00e1tio","datePublished":"2024-04-12T11:47:51+00:00","mainEntityOfPage":{"@id":"https:\/\/dana.com.br\/canaldana\/2024\/04\/12\/vwco-comeca-projeto-piloto-usando-iot-em-seu-patio\/"},"wordCount":564,"articleSection":["Mercado"],"inLanguage":"pt-BR"},{"@type":"WebPage","@id":"https:\/\/dana.com.br\/canaldana\/2024\/04\/12\/vwco-comeca-projeto-piloto-usando-iot-em-seu-patio\/","url":"https:\/\/dana.com.br\/canaldana\/2024\/04\/12\/vwco-comeca-projeto-piloto-usando-iot-em-seu-patio\/","name":"VWCO come\u00e7a projeto-piloto usando IoT em seu p\u00e1tio - Canal Dana","isPartOf":{"@id":"https:\/\/dana.com.br\/canaldana\/#website"},"datePublished":"2024-04-12T11:47:51+00:00","author":{"@id":"https:\/\/dana.com.br\/canaldana\/#\/schema\/person\/3c21f22f56fcf3bc46b94bc60ea4fef6"},"breadcrumb":{"@id":"https:\/\/dana.com.br\/canaldana\/2024\/04\/12\/vwco-comeca-projeto-piloto-usando-iot-em-seu-patio\/#breadcrumb"},"inLanguage":"pt-BR","potentialAction":[{"@type":"ReadAction","target":["https:\/\/dana.com.br\/canaldana\/2024\/04\/12\/vwco-comeca-projeto-piloto-usando-iot-em-seu-patio\/"]}]},{"@type":"BreadcrumbList","@id":"https:\/\/dana.com.br\/canaldana\/2024\/04\/12\/vwco-comeca-projeto-piloto-usando-iot-em-seu-patio\/#breadcrumb","itemListElement":[{"@type":"ListItem","position":1,"name":"Home","item":"https:\/\/dana.com.br\/canaldana\/"},{"@type":"ListItem","position":2,"name":"Mercado","item":"https:\/\/dana.com.br\/canaldana\/mercado\/"},{"@type":"ListItem","position":3,"name":"VWCO come\u00e7a projeto-piloto usando IoT em seu p\u00e1tio"}]},{"@type":"WebSite","@id":"https:\/\/dana.com.br\/canaldana\/#website","url":"https:\/\/dana.com.br\/canaldana\/","name":"Canal Dana","description":"Informativo com as principais not\u00edcias da ind\u00fastria automotiva","potentialAction":[{"@type":"SearchAction","target":{"@type":"EntryPoint","urlTemplate":"https:\/\/dana.com.br\/canaldana\/?s={search_term_string}"},"query-input":{"@type":"PropertyValueSpecification","valueRequired":true,"valueName":"search_term_string"}}],"inLanguage":"pt-BR"},{"@type":"Person","@id":"https:\/\/dana.com.br\/canaldana\/#\/schema\/person\/3c21f22f56fcf3bc46b94bc60ea4fef6","name":"Canal Dana","image":{"@type":"ImageObject","inLanguage":"pt-BR","@id":"https:\/\/secure.gravatar.com\/avatar\/420aaf9278582877d9018637c6817617705899d2858d7572ef0fe59a6b6454b4?s=96&d=mm&r=g","url":"https:\/\/secure.gravatar.com\/avatar\/420aaf9278582877d9018637c6817617705899d2858d7572ef0fe59a6b6454b4?s=96&d=mm&r=g","contentUrl":"https:\/\/secure.gravatar.com\/avatar\/420aaf9278582877d9018637c6817617705899d2858d7572ef0fe59a6b6454b4?s=96&d=mm&r=g","caption":"Canal Dana"},"url":"https:\/\/dana.com.br\/canaldana\/author\/cdeditor\/"}]}},"_links":{"self":[{"href":"https:\/\/dana.com.br\/canaldana\/wp-json\/wp\/v2\/posts\/72810","targetHints":{"allow":["GET"]}}],"collection":[{"href":"https:\/\/dana.com.br\/canaldana\/wp-json\/wp\/v2\/posts"}],"about":[{"href":"https:\/\/dana.com.br\/canaldana\/wp-json\/wp\/v2\/types\/post"}],"author":[{"embeddable":true,"href":"https:\/\/dana.com.br\/canaldana\/wp-json\/wp\/v2\/users\/3"}],"replies":[{"embeddable":true,"href":"https:\/\/dana.com.br\/canaldana\/wp-json\/wp\/v2\/comments?post=72810"}],"version-history":[{"count":1,"href":"https:\/\/dana.com.br\/canaldana\/wp-json\/wp\/v2\/posts\/72810\/revisions"}],"predecessor-version":[{"id":72811,"href":"https:\/\/dana.com.br\/canaldana\/wp-json\/wp\/v2\/posts\/72810\/revisions\/72811"}],"wp:attachment":[{"href":"https:\/\/dana.com.br\/canaldana\/wp-json\/wp\/v2\/media?parent=72810"}],"wp:term":[{"taxonomy":"category","embeddable":true,"href":"https:\/\/dana.com.br\/canaldana\/wp-json\/wp\/v2\/categories?post=72810"},{"taxonomy":"post_tag","embeddable":true,"href":"https:\/\/dana.com.br\/canaldana\/wp-json\/wp\/v2\/tags?post=72810"}],"curies":[{"name":"wp","href":"https:\/\/api.w.org\/{rel}","templated":true}]}}