{"id":7278,"date":"2016-03-31T08:38:17","date_gmt":"2016-03-31T11:38:17","guid":{"rendered":"http:\/\/dana.com.br\/canaldana\/?p=7278"},"modified":"2016-03-31T08:38:17","modified_gmt":"2016-03-31T11:38:17","slug":"zotye-quer-investir-r-200-milhoes-para-fabricar-carros-no-ceara","status":"publish","type":"post","link":"https:\/\/dana.com.br\/canaldana\/2016\/03\/31\/zotye-quer-investir-r-200-milhoes-para-fabricar-carros-no-ceara\/","title":{"rendered":"Zotye quer investir R$ 200 milh\u00f5es para fabricar carros no Cear\u00e1"},"content":{"rendered":"<p><em>O Povo<\/em><\/p>\n<p>&nbsp;<\/p>\n<p>A montadora chinesa de autom\u00f3veis Zotye Motors tem interesse em investir R$ 200 milh\u00f5es em uma f\u00e1brica no Cear\u00e1. A unidade ficaria localizada na Zona de Processamento de Exporta\u00e7\u00e3o (ZPE), no Complexo Industrial e Portu\u00e1rio do Pec\u00e9m (CIPP), em S\u00e3o Gon\u00e7alo do Amarante (CE).<\/p>\n<p>&nbsp;<\/p>\n<p>O diretor geral da Zotye no Brasil, Cadu Barbosa, diz que aguarda uma proposta do Governo do Estado para dar seguimento ao neg\u00f3cio. \u201cAguardamos uma proposta que trate das potencialidades e dos incentivos para ver se justifica o investimento no Estado\u201d, explica o executivo. A planta da f\u00e1brica tem 200 mil metros quadrados. A produ\u00e7\u00e3o \u00e9 estimada em 20 mil unidades ao ano.<\/p>\n<p>&nbsp;<\/p>\n<p>No primeiro momento, a f\u00e1brica responderia pela montagem dos ve\u00edculos importados para o Cear\u00e1, sem a necessidade de pe\u00e7as nacionais &#8211; formato CKD. Contudo, em cinco anos de opera\u00e7\u00e3o, o percentual de participa\u00e7\u00e3o deve atingir 60%. \u201cPriorizamos a regi\u00e3o onde estivermos instalados. Se conseguirmos levar empresas de autope\u00e7as para atender nossa demanda, o neg\u00f3cio ser\u00e1 de primeira linha\u201d, avalia Cadu Barbosa.<\/p>\n<p>&nbsp;<\/p>\n<p>Na primeira etapa (apenas montagem dos ve\u00edculos), entre 500 e 600 empregos diretos seriam gerados. A produ\u00e7\u00e3o ocorreria no primeiro semestre de 2017. Na etapa mais avan\u00e7ada (linha de produ\u00e7\u00e3o), o n\u00famero de funcion\u00e1rios saltaria para at\u00e9 2.500. Os autom\u00f3veis seriam produzidos no primeiro semestre de 2018.<\/p>\n<p>&nbsp;<\/p>\n<p>Os modelos que entrariam na linha de fabrica\u00e7\u00e3o no Cear\u00e1 s\u00e3o minicompacto Z100 (R$ 35 mil), dotado de motor 1.0L tr\u00eas cilindros e o SUV T200 (R$ 50 mil), equipado com motor 1.5L. A motoriza\u00e7\u00e3o, segundo ele, \u00e9 de origem Mitsubishi. O carro el\u00e9trico Zotye E200 dever\u00e1 ser comercializado entre R$ 40 mil e R$ 45 mil. O modelo apresenta 200 km de autonomia.<\/p>\n<p>&nbsp;<\/p>\n<p>A empresa tamb\u00e9m estuda, em caso de instala\u00e7\u00e3o da f\u00e1brica no Cear\u00e1, a formata\u00e7\u00e3o de corredores de recarga dos autom\u00f3veis el\u00e9tricos. \u201cTemos um projeto em andamento para que o motorista possa recarregar o carro em postos, restaurantes e lanchonetes. Pensamos em fazer um corredor de recarga. Cada ponto ficaria a 5 km de dist\u00e2ncia do outro. Assim, conseguir\u00edamos interligar uma grande malha vi\u00e1ria\u201d.<\/p>\n<p>&nbsp;<\/p>\n<p><strong>Diferencial<\/strong><\/p>\n<p>&nbsp;<\/p>\n<p>Cadu diz que o diferencial do Cear\u00e1 est\u00e1 na posi\u00e7\u00e3o geogr\u00e1fica do Porto do Pec\u00e9m, que beneficia as exporta\u00e7\u00f5es para os mercados consumidores do Chile, Uruguai e Venezuela e outros pa\u00edses da Am\u00e9rica Latina. \u201cA situa\u00e7\u00e3o \u00e9 positiva, j\u00e1 que temos facilidade em exportar para esses mercados\u201d, adianta. Ano passado a Zotye adquiriu a TAC Motors, com ind\u00fastria em Sobral. A companhia dar\u00e1 continuidade \u00e0s opera\u00e7\u00f5es de produ\u00e7\u00e3o do jipe Stark 4&#215;4.<\/p>\n<p>&nbsp;<\/p>\n<p>Na pr\u00f3xima semana haver\u00e1 uma reuni\u00e3o com a Zotye para apresenta\u00e7\u00e3o da proposta ao Estado. \u00c9 o que adianta Antonio Balhmann, assessor para Assuntos Internacionais do Cear\u00e1. \u201cA ideia \u00e9 que os chineses fa\u00e7am a ZPE do Cear\u00e1 como plataforma de exporta\u00e7\u00e3o para a Am\u00e9rica Latina, com produ\u00e7\u00e3o de 100 mil ve\u00edculos\/ano, e unidades de motores. Mas isso vai depender da estrat\u00e9gia da Zotye\u201d, explica. (O Povo\/\u00c1tila Varela)<\/p>\n","protected":false},"excerpt":{"rendered":"<p>O Povo &nbsp; A montadora chinesa de autom\u00f3veis Zotye Motors tem interesse em investir R$ 200 milh\u00f5es em uma f\u00e1brica no Cear\u00e1. A unidade ficaria localizada na Zona de Processamento de Exporta\u00e7\u00e3o (ZPE), no Complexo Industrial e Portu\u00e1rio do Pec\u00e9m (CIPP), em S\u00e3o Gon\u00e7alo do Amarante (CE). &nbsp; O diretor geral da Zotye no Brasil,\u2026 <a class=\"readmore\" href=\"https:\/\/dana.com.br\/canaldana\/2016\/03\/31\/zotye-quer-investir-r-200-milhoes-para-fabricar-carros-no-ceara\/\">Leia mais \u00bb<\/a><\/p>\n","protected":false},"author":3,"featured_media":0,"comment_status":"closed","ping_status":"closed","sticky":false,"template":"","format":"standard","meta":{"_acf_changed":false,"footnotes":""},"categories":[61],"tags":[],"class_list":["post-7278","post","type-post","status-publish","format-standard","hentry","category-destaques"],"acf":[],"yoast_head":"<!-- This site is optimized with the Yoast SEO plugin v27.3 - https:\/\/yoast.com\/product\/yoast-seo-wordpress\/ -->\n<title>Zotye quer investir R$ 200 milh\u00f5es para fabricar carros no Cear\u00e1 - Canal Dana<\/title>\n<meta name=\"robots\" content=\"index, follow, max-snippet:-1, max-image-preview:large, max-video-preview:-1\" \/>\n<link rel=\"canonical\" href=\"https:\/\/dana.com.br\/canaldana\/2016\/03\/31\/zotye-quer-investir-r-200-milhoes-para-fabricar-carros-no-ceara\/\" \/>\n<meta property=\"og:locale\" content=\"pt_BR\" \/>\n<meta property=\"og:type\" content=\"article\" \/>\n<meta property=\"og:title\" content=\"Zotye quer investir R$ 200 milh\u00f5es para fabricar carros no Cear\u00e1 - Canal Dana\" \/>\n<meta property=\"og:description\" content=\"O Povo &nbsp; A montadora chinesa de autom\u00f3veis Zotye Motors tem interesse em investir R$ 200 milh\u00f5es em uma f\u00e1brica no Cear\u00e1. A unidade ficaria localizada na Zona de Processamento de Exporta\u00e7\u00e3o (ZPE), no Complexo Industrial e Portu\u00e1rio do Pec\u00e9m (CIPP), em S\u00e3o Gon\u00e7alo do Amarante (CE). &nbsp; O diretor geral da Zotye no Brasil,\u2026 Leia mais \u00bb\" \/>\n<meta property=\"og:url\" content=\"https:\/\/dana.com.br\/canaldana\/2016\/03\/31\/zotye-quer-investir-r-200-milhoes-para-fabricar-carros-no-ceara\/\" \/>\n<meta property=\"og:site_name\" content=\"Canal Dana\" \/>\n<meta property=\"article:published_time\" content=\"2016-03-31T11:38:17+00:00\" \/>\n<meta name=\"author\" content=\"Canal Dana\" \/>\n<meta name=\"twitter:card\" content=\"summary_large_image\" \/>\n<meta name=\"twitter:label1\" content=\"Escrito por\" \/>\n\t<meta name=\"twitter:data1\" content=\"Canal Dana\" \/>\n\t<meta name=\"twitter:label2\" content=\"Est. tempo de leitura\" \/>\n\t<meta name=\"twitter:data2\" content=\"3 minutos\" \/>\n<script type=\"application\/ld+json\" class=\"yoast-schema-graph\">{\"@context\":\"https:\\\/\\\/schema.org\",\"@graph\":[{\"@type\":\"Article\",\"@id\":\"https:\\\/\\\/dana.com.br\\\/canaldana\\\/2016\\\/03\\\/31\\\/zotye-quer-investir-r-200-milhoes-para-fabricar-carros-no-ceara\\\/#article\",\"isPartOf\":{\"@id\":\"https:\\\/\\\/dana.com.br\\\/canaldana\\\/2016\\\/03\\\/31\\\/zotye-quer-investir-r-200-milhoes-para-fabricar-carros-no-ceara\\\/\"},\"author\":{\"name\":\"Canal Dana\",\"@id\":\"https:\\\/\\\/dana.com.br\\\/canaldana\\\/#\\\/schema\\\/person\\\/3c21f22f56fcf3bc46b94bc60ea4fef6\"},\"headline\":\"Zotye quer investir R$ 200 milh\u00f5es para fabricar carros no Cear\u00e1\",\"datePublished\":\"2016-03-31T11:38:17+00:00\",\"mainEntityOfPage\":{\"@id\":\"https:\\\/\\\/dana.com.br\\\/canaldana\\\/2016\\\/03\\\/31\\\/zotye-quer-investir-r-200-milhoes-para-fabricar-carros-no-ceara\\\/\"},\"wordCount\":545,\"articleSection\":[\"Destaques\"],\"inLanguage\":\"pt-BR\"},{\"@type\":\"WebPage\",\"@id\":\"https:\\\/\\\/dana.com.br\\\/canaldana\\\/2016\\\/03\\\/31\\\/zotye-quer-investir-r-200-milhoes-para-fabricar-carros-no-ceara\\\/\",\"url\":\"https:\\\/\\\/dana.com.br\\\/canaldana\\\/2016\\\/03\\\/31\\\/zotye-quer-investir-r-200-milhoes-para-fabricar-carros-no-ceara\\\/\",\"name\":\"Zotye quer investir R$ 200 milh\u00f5es para fabricar carros no Cear\u00e1 - Canal Dana\",\"isPartOf\":{\"@id\":\"https:\\\/\\\/dana.com.br\\\/canaldana\\\/#website\"},\"datePublished\":\"2016-03-31T11:38:17+00:00\",\"author\":{\"@id\":\"https:\\\/\\\/dana.com.br\\\/canaldana\\\/#\\\/schema\\\/person\\\/3c21f22f56fcf3bc46b94bc60ea4fef6\"},\"breadcrumb\":{\"@id\":\"https:\\\/\\\/dana.com.br\\\/canaldana\\\/2016\\\/03\\\/31\\\/zotye-quer-investir-r-200-milhoes-para-fabricar-carros-no-ceara\\\/#breadcrumb\"},\"inLanguage\":\"pt-BR\",\"potentialAction\":[{\"@type\":\"ReadAction\",\"target\":[\"https:\\\/\\\/dana.com.br\\\/canaldana\\\/2016\\\/03\\\/31\\\/zotye-quer-investir-r-200-milhoes-para-fabricar-carros-no-ceara\\\/\"]}]},{\"@type\":\"BreadcrumbList\",\"@id\":\"https:\\\/\\\/dana.com.br\\\/canaldana\\\/2016\\\/03\\\/31\\\/zotye-quer-investir-r-200-milhoes-para-fabricar-carros-no-ceara\\\/#breadcrumb\",\"itemListElement\":[{\"@type\":\"ListItem\",\"position\":1,\"name\":\"Home\",\"item\":\"https:\\\/\\\/dana.com.br\\\/canaldana\\\/\"},{\"@type\":\"ListItem\",\"position\":2,\"name\":\"Destaques\",\"item\":\"https:\\\/\\\/dana.com.br\\\/canaldana\\\/destaques\\\/\"},{\"@type\":\"ListItem\",\"position\":3,\"name\":\"Zotye quer investir R$ 200 milh\u00f5es para fabricar carros no Cear\u00e1\"}]},{\"@type\":\"WebSite\",\"@id\":\"https:\\\/\\\/dana.com.br\\\/canaldana\\\/#website\",\"url\":\"https:\\\/\\\/dana.com.br\\\/canaldana\\\/\",\"name\":\"Canal Dana\",\"description\":\"Informativo com as principais not\u00edcias da ind\u00fastria automotiva\",\"potentialAction\":[{\"@type\":\"SearchAction\",\"target\":{\"@type\":\"EntryPoint\",\"urlTemplate\":\"https:\\\/\\\/dana.com.br\\\/canaldana\\\/?s={search_term_string}\"},\"query-input\":{\"@type\":\"PropertyValueSpecification\",\"valueRequired\":true,\"valueName\":\"search_term_string\"}}],\"inLanguage\":\"pt-BR\"},{\"@type\":\"Person\",\"@id\":\"https:\\\/\\\/dana.com.br\\\/canaldana\\\/#\\\/schema\\\/person\\\/3c21f22f56fcf3bc46b94bc60ea4fef6\",\"name\":\"Canal Dana\",\"image\":{\"@type\":\"ImageObject\",\"inLanguage\":\"pt-BR\",\"@id\":\"https:\\\/\\\/secure.gravatar.com\\\/avatar\\\/420aaf9278582877d9018637c6817617705899d2858d7572ef0fe59a6b6454b4?s=96&d=mm&r=g\",\"url\":\"https:\\\/\\\/secure.gravatar.com\\\/avatar\\\/420aaf9278582877d9018637c6817617705899d2858d7572ef0fe59a6b6454b4?s=96&d=mm&r=g\",\"contentUrl\":\"https:\\\/\\\/secure.gravatar.com\\\/avatar\\\/420aaf9278582877d9018637c6817617705899d2858d7572ef0fe59a6b6454b4?s=96&d=mm&r=g\",\"caption\":\"Canal Dana\"},\"url\":\"https:\\\/\\\/dana.com.br\\\/canaldana\\\/author\\\/cdeditor\\\/\"}]}<\/script>\n<!-- \/ Yoast SEO plugin. -->","yoast_head_json":{"title":"Zotye quer investir R$ 200 milh\u00f5es para fabricar carros no Cear\u00e1 - Canal Dana","robots":{"index":"index","follow":"follow","max-snippet":"max-snippet:-1","max-image-preview":"max-image-preview:large","max-video-preview":"max-video-preview:-1"},"canonical":"https:\/\/dana.com.br\/canaldana\/2016\/03\/31\/zotye-quer-investir-r-200-milhoes-para-fabricar-carros-no-ceara\/","og_locale":"pt_BR","og_type":"article","og_title":"Zotye quer investir R$ 200 milh\u00f5es para fabricar carros no Cear\u00e1 - Canal Dana","og_description":"O Povo &nbsp; A montadora chinesa de autom\u00f3veis Zotye Motors tem interesse em investir R$ 200 milh\u00f5es em uma f\u00e1brica no Cear\u00e1. A unidade ficaria localizada na Zona de Processamento de Exporta\u00e7\u00e3o (ZPE), no Complexo Industrial e Portu\u00e1rio do Pec\u00e9m (CIPP), em S\u00e3o Gon\u00e7alo do Amarante (CE). &nbsp; O diretor geral da Zotye no Brasil,\u2026 Leia mais \u00bb","og_url":"https:\/\/dana.com.br\/canaldana\/2016\/03\/31\/zotye-quer-investir-r-200-milhoes-para-fabricar-carros-no-ceara\/","og_site_name":"Canal Dana","article_published_time":"2016-03-31T11:38:17+00:00","author":"Canal Dana","twitter_card":"summary_large_image","twitter_misc":{"Escrito por":"Canal Dana","Est. tempo de leitura":"3 minutos"},"schema":{"@context":"https:\/\/schema.org","@graph":[{"@type":"Article","@id":"https:\/\/dana.com.br\/canaldana\/2016\/03\/31\/zotye-quer-investir-r-200-milhoes-para-fabricar-carros-no-ceara\/#article","isPartOf":{"@id":"https:\/\/dana.com.br\/canaldana\/2016\/03\/31\/zotye-quer-investir-r-200-milhoes-para-fabricar-carros-no-ceara\/"},"author":{"name":"Canal Dana","@id":"https:\/\/dana.com.br\/canaldana\/#\/schema\/person\/3c21f22f56fcf3bc46b94bc60ea4fef6"},"headline":"Zotye quer investir R$ 200 milh\u00f5es para fabricar carros no Cear\u00e1","datePublished":"2016-03-31T11:38:17+00:00","mainEntityOfPage":{"@id":"https:\/\/dana.com.br\/canaldana\/2016\/03\/31\/zotye-quer-investir-r-200-milhoes-para-fabricar-carros-no-ceara\/"},"wordCount":545,"articleSection":["Destaques"],"inLanguage":"pt-BR"},{"@type":"WebPage","@id":"https:\/\/dana.com.br\/canaldana\/2016\/03\/31\/zotye-quer-investir-r-200-milhoes-para-fabricar-carros-no-ceara\/","url":"https:\/\/dana.com.br\/canaldana\/2016\/03\/31\/zotye-quer-investir-r-200-milhoes-para-fabricar-carros-no-ceara\/","name":"Zotye quer investir R$ 200 milh\u00f5es para fabricar carros no Cear\u00e1 - Canal Dana","isPartOf":{"@id":"https:\/\/dana.com.br\/canaldana\/#website"},"datePublished":"2016-03-31T11:38:17+00:00","author":{"@id":"https:\/\/dana.com.br\/canaldana\/#\/schema\/person\/3c21f22f56fcf3bc46b94bc60ea4fef6"},"breadcrumb":{"@id":"https:\/\/dana.com.br\/canaldana\/2016\/03\/31\/zotye-quer-investir-r-200-milhoes-para-fabricar-carros-no-ceara\/#breadcrumb"},"inLanguage":"pt-BR","potentialAction":[{"@type":"ReadAction","target":["https:\/\/dana.com.br\/canaldana\/2016\/03\/31\/zotye-quer-investir-r-200-milhoes-para-fabricar-carros-no-ceara\/"]}]},{"@type":"BreadcrumbList","@id":"https:\/\/dana.com.br\/canaldana\/2016\/03\/31\/zotye-quer-investir-r-200-milhoes-para-fabricar-carros-no-ceara\/#breadcrumb","itemListElement":[{"@type":"ListItem","position":1,"name":"Home","item":"https:\/\/dana.com.br\/canaldana\/"},{"@type":"ListItem","position":2,"name":"Destaques","item":"https:\/\/dana.com.br\/canaldana\/destaques\/"},{"@type":"ListItem","position":3,"name":"Zotye quer investir R$ 200 milh\u00f5es para fabricar carros no Cear\u00e1"}]},{"@type":"WebSite","@id":"https:\/\/dana.com.br\/canaldana\/#website","url":"https:\/\/dana.com.br\/canaldana\/","name":"Canal Dana","description":"Informativo com as principais not\u00edcias da ind\u00fastria automotiva","potentialAction":[{"@type":"SearchAction","target":{"@type":"EntryPoint","urlTemplate":"https:\/\/dana.com.br\/canaldana\/?s={search_term_string}"},"query-input":{"@type":"PropertyValueSpecification","valueRequired":true,"valueName":"search_term_string"}}],"inLanguage":"pt-BR"},{"@type":"Person","@id":"https:\/\/dana.com.br\/canaldana\/#\/schema\/person\/3c21f22f56fcf3bc46b94bc60ea4fef6","name":"Canal Dana","image":{"@type":"ImageObject","inLanguage":"pt-BR","@id":"https:\/\/secure.gravatar.com\/avatar\/420aaf9278582877d9018637c6817617705899d2858d7572ef0fe59a6b6454b4?s=96&d=mm&r=g","url":"https:\/\/secure.gravatar.com\/avatar\/420aaf9278582877d9018637c6817617705899d2858d7572ef0fe59a6b6454b4?s=96&d=mm&r=g","contentUrl":"https:\/\/secure.gravatar.com\/avatar\/420aaf9278582877d9018637c6817617705899d2858d7572ef0fe59a6b6454b4?s=96&d=mm&r=g","caption":"Canal Dana"},"url":"https:\/\/dana.com.br\/canaldana\/author\/cdeditor\/"}]}},"_links":{"self":[{"href":"https:\/\/dana.com.br\/canaldana\/wp-json\/wp\/v2\/posts\/7278","targetHints":{"allow":["GET"]}}],"collection":[{"href":"https:\/\/dana.com.br\/canaldana\/wp-json\/wp\/v2\/posts"}],"about":[{"href":"https:\/\/dana.com.br\/canaldana\/wp-json\/wp\/v2\/types\/post"}],"author":[{"embeddable":true,"href":"https:\/\/dana.com.br\/canaldana\/wp-json\/wp\/v2\/users\/3"}],"replies":[{"embeddable":true,"href":"https:\/\/dana.com.br\/canaldana\/wp-json\/wp\/v2\/comments?post=7278"}],"version-history":[{"count":0,"href":"https:\/\/dana.com.br\/canaldana\/wp-json\/wp\/v2\/posts\/7278\/revisions"}],"wp:attachment":[{"href":"https:\/\/dana.com.br\/canaldana\/wp-json\/wp\/v2\/media?parent=7278"}],"wp:term":[{"taxonomy":"category","embeddable":true,"href":"https:\/\/dana.com.br\/canaldana\/wp-json\/wp\/v2\/categories?post=7278"},{"taxonomy":"post_tag","embeddable":true,"href":"https:\/\/dana.com.br\/canaldana\/wp-json\/wp\/v2\/tags?post=7278"}],"curies":[{"name":"wp","href":"https:\/\/api.w.org\/{rel}","templated":true}]}}