{"id":72716,"date":"2024-04-09T08:36:41","date_gmt":"2024-04-09T11:36:41","guid":{"rendered":"https:\/\/dana.com.br\/canaldana\/?p=72716"},"modified":"2024-04-09T08:36:41","modified_gmt":"2024-04-09T11:36:41","slug":"emplacamentos-diarios-aceleram-em-abril","status":"publish","type":"post","link":"https:\/\/dana.com.br\/canaldana\/2024\/04\/09\/emplacamentos-diarios-aceleram-em-abril\/","title":{"rendered":"Emplacamentos di\u00e1rios aceleram em abril"},"content":{"rendered":"<p><em>AutoInd\u00fastria <\/em><\/p>\n<p>&nbsp;<\/p>\n<p>O presidente da Anfavea, M\u00e1rcio de Lima Leite, aproveitou a divulga\u00e7\u00e3o do balan\u00e7o do primeiro trimestre para comemorar os n\u00fameros parciais de abril, pr\u00f3ximos aos registrados antes da pandemia da Covid 19.<\/p>\n<p>&nbsp;<\/p>\n<p>\u201cCome\u00e7amos o m\u00eas com m\u00e9dia di\u00e1ria de venda da ordem de 10,6 mil unidades, a melhor desde 2014. \u00c9 uma m\u00e9dia muito boa, at\u00e9 porque o normal \u00e9 um movimento mais fraco nos primeiros dias do m\u00eas, com acelera\u00e7\u00e3o da demanda na segunda qhinzena\u201d, comentou o executivo.<\/p>\n<p>&nbsp;<\/p>\n<p>Em mar\u00e7o, o melhor m\u00eas deste ano, a m\u00e9dia di\u00e1ria do acumulado dos 23 dias \u00fateis foi de 9,4 mil unidades, o que representou alta de 7,9% em rela\u00e7\u00e3o a fevereiro e de 8,5% sobre id\u00eantico m\u00eas de 2023.<\/p>\n<p>&nbsp;<\/p>\n<p>No ano, informa a Anfavea, a m\u00e9dia di\u00e1ria de emplacamentos \u00e9 12,6% superior \u00e0 do primeiro trimestre do ano passado. Incluindo leves e pesados, o mercado interno absorveu 515 mil ve\u00edculos de janeiro a mar\u00e7o, 9,1% a mais que no ano passado.<\/p>\n<p>&nbsp;<\/p>\n<p>Tanto o presidente da Anfavea como o da Renault do Brasil, Ricardo Gondo, atribu\u00edram a melhoria do mercado interno \u00e0 maior oferta de financiamento. \u201cNo nosso caso, 60% das vendas do m\u00eas passado foram financiadas\u201d, comemorou Gondo, lembrando que historicamente esse \u00edndice gira em torno de 70%<\/p>\n<p>&nbsp;<\/p>\n<p>No ano passado, segundo a Fenabrave, as vendas a vista variaram entre 60% e 70%, justamente o inverso do comportamento tradicional do setor. (AutoInd\u00fastria\/Alzira Rodrigues)<\/p>\n","protected":false},"excerpt":{"rendered":"<p>AutoInd\u00fastria &nbsp; O presidente da Anfavea, M\u00e1rcio de Lima Leite, aproveitou a divulga\u00e7\u00e3o do balan\u00e7o do primeiro trimestre para comemorar os n\u00fameros parciais de abril, pr\u00f3ximos aos registrados antes da pandemia da Covid 19. &nbsp; \u201cCome\u00e7amos o m\u00eas com m\u00e9dia di\u00e1ria de venda da ordem de 10,6 mil unidades, a melhor desde 2014. \u00c9 uma\u2026 <a class=\"readmore\" href=\"https:\/\/dana.com.br\/canaldana\/2024\/04\/09\/emplacamentos-diarios-aceleram-em-abril\/\">Leia mais \u00bb<\/a><\/p>\n","protected":false},"author":3,"featured_media":0,"comment_status":"closed","ping_status":"closed","sticky":false,"template":"","format":"standard","meta":{"_acf_changed":false,"footnotes":""},"categories":[61],"tags":[],"class_list":["post-72716","post","type-post","status-publish","format-standard","hentry","category-destaques"],"acf":[],"yoast_head":"<!-- This site is optimized with the Yoast SEO plugin v27.3 - https:\/\/yoast.com\/product\/yoast-seo-wordpress\/ -->\n<title>Emplacamentos di\u00e1rios aceleram em abril - Canal Dana<\/title>\n<meta name=\"robots\" content=\"index, follow, max-snippet:-1, max-image-preview:large, max-video-preview:-1\" \/>\n<link rel=\"canonical\" href=\"https:\/\/dana.com.br\/canaldana\/2024\/04\/09\/emplacamentos-diarios-aceleram-em-abril\/\" \/>\n<meta property=\"og:locale\" content=\"pt_BR\" \/>\n<meta property=\"og:type\" content=\"article\" \/>\n<meta property=\"og:title\" content=\"Emplacamentos di\u00e1rios aceleram em abril - Canal Dana\" \/>\n<meta property=\"og:description\" content=\"AutoInd\u00fastria &nbsp; O presidente da Anfavea, M\u00e1rcio de Lima Leite, aproveitou a divulga\u00e7\u00e3o do balan\u00e7o do primeiro trimestre para comemorar os n\u00fameros parciais de abril, pr\u00f3ximos aos registrados antes da pandemia da Covid 19. &nbsp; \u201cCome\u00e7amos o m\u00eas com m\u00e9dia di\u00e1ria de venda da ordem de 10,6 mil unidades, a melhor desde 2014. \u00c9 uma\u2026 Leia mais \u00bb\" \/>\n<meta property=\"og:url\" content=\"https:\/\/dana.com.br\/canaldana\/2024\/04\/09\/emplacamentos-diarios-aceleram-em-abril\/\" \/>\n<meta property=\"og:site_name\" content=\"Canal Dana\" \/>\n<meta property=\"article:published_time\" content=\"2024-04-09T11:36:41+00:00\" \/>\n<meta name=\"author\" content=\"Canal Dana\" \/>\n<meta name=\"twitter:card\" content=\"summary_large_image\" \/>\n<meta name=\"twitter:label1\" content=\"Escrito por\" \/>\n\t<meta name=\"twitter:data1\" content=\"Canal Dana\" \/>\n\t<meta name=\"twitter:label2\" content=\"Est. tempo de leitura\" \/>\n\t<meta name=\"twitter:data2\" content=\"2 minutos\" \/>\n<script type=\"application\/ld+json\" class=\"yoast-schema-graph\">{\"@context\":\"https:\\\/\\\/schema.org\",\"@graph\":[{\"@type\":\"Article\",\"@id\":\"https:\\\/\\\/dana.com.br\\\/canaldana\\\/2024\\\/04\\\/09\\\/emplacamentos-diarios-aceleram-em-abril\\\/#article\",\"isPartOf\":{\"@id\":\"https:\\\/\\\/dana.com.br\\\/canaldana\\\/2024\\\/04\\\/09\\\/emplacamentos-diarios-aceleram-em-abril\\\/\"},\"author\":{\"name\":\"Canal Dana\",\"@id\":\"https:\\\/\\\/dana.com.br\\\/canaldana\\\/#\\\/schema\\\/person\\\/3c21f22f56fcf3bc46b94bc60ea4fef6\"},\"headline\":\"Emplacamentos di\u00e1rios aceleram em abril\",\"datePublished\":\"2024-04-09T11:36:41+00:00\",\"mainEntityOfPage\":{\"@id\":\"https:\\\/\\\/dana.com.br\\\/canaldana\\\/2024\\\/04\\\/09\\\/emplacamentos-diarios-aceleram-em-abril\\\/\"},\"wordCount\":253,\"articleSection\":[\"Destaques\"],\"inLanguage\":\"pt-BR\"},{\"@type\":\"WebPage\",\"@id\":\"https:\\\/\\\/dana.com.br\\\/canaldana\\\/2024\\\/04\\\/09\\\/emplacamentos-diarios-aceleram-em-abril\\\/\",\"url\":\"https:\\\/\\\/dana.com.br\\\/canaldana\\\/2024\\\/04\\\/09\\\/emplacamentos-diarios-aceleram-em-abril\\\/\",\"name\":\"Emplacamentos di\u00e1rios aceleram em abril - Canal Dana\",\"isPartOf\":{\"@id\":\"https:\\\/\\\/dana.com.br\\\/canaldana\\\/#website\"},\"datePublished\":\"2024-04-09T11:36:41+00:00\",\"author\":{\"@id\":\"https:\\\/\\\/dana.com.br\\\/canaldana\\\/#\\\/schema\\\/person\\\/3c21f22f56fcf3bc46b94bc60ea4fef6\"},\"breadcrumb\":{\"@id\":\"https:\\\/\\\/dana.com.br\\\/canaldana\\\/2024\\\/04\\\/09\\\/emplacamentos-diarios-aceleram-em-abril\\\/#breadcrumb\"},\"inLanguage\":\"pt-BR\",\"potentialAction\":[{\"@type\":\"ReadAction\",\"target\":[\"https:\\\/\\\/dana.com.br\\\/canaldana\\\/2024\\\/04\\\/09\\\/emplacamentos-diarios-aceleram-em-abril\\\/\"]}]},{\"@type\":\"BreadcrumbList\",\"@id\":\"https:\\\/\\\/dana.com.br\\\/canaldana\\\/2024\\\/04\\\/09\\\/emplacamentos-diarios-aceleram-em-abril\\\/#breadcrumb\",\"itemListElement\":[{\"@type\":\"ListItem\",\"position\":1,\"name\":\"Home\",\"item\":\"https:\\\/\\\/dana.com.br\\\/canaldana\\\/\"},{\"@type\":\"ListItem\",\"position\":2,\"name\":\"Destaques\",\"item\":\"https:\\\/\\\/dana.com.br\\\/canaldana\\\/destaques\\\/\"},{\"@type\":\"ListItem\",\"position\":3,\"name\":\"Emplacamentos di\u00e1rios aceleram em abril\"}]},{\"@type\":\"WebSite\",\"@id\":\"https:\\\/\\\/dana.com.br\\\/canaldana\\\/#website\",\"url\":\"https:\\\/\\\/dana.com.br\\\/canaldana\\\/\",\"name\":\"Canal Dana\",\"description\":\"Informativo com as principais not\u00edcias da ind\u00fastria automotiva\",\"potentialAction\":[{\"@type\":\"SearchAction\",\"target\":{\"@type\":\"EntryPoint\",\"urlTemplate\":\"https:\\\/\\\/dana.com.br\\\/canaldana\\\/?s={search_term_string}\"},\"query-input\":{\"@type\":\"PropertyValueSpecification\",\"valueRequired\":true,\"valueName\":\"search_term_string\"}}],\"inLanguage\":\"pt-BR\"},{\"@type\":\"Person\",\"@id\":\"https:\\\/\\\/dana.com.br\\\/canaldana\\\/#\\\/schema\\\/person\\\/3c21f22f56fcf3bc46b94bc60ea4fef6\",\"name\":\"Canal Dana\",\"image\":{\"@type\":\"ImageObject\",\"inLanguage\":\"pt-BR\",\"@id\":\"https:\\\/\\\/secure.gravatar.com\\\/avatar\\\/420aaf9278582877d9018637c6817617705899d2858d7572ef0fe59a6b6454b4?s=96&d=mm&r=g\",\"url\":\"https:\\\/\\\/secure.gravatar.com\\\/avatar\\\/420aaf9278582877d9018637c6817617705899d2858d7572ef0fe59a6b6454b4?s=96&d=mm&r=g\",\"contentUrl\":\"https:\\\/\\\/secure.gravatar.com\\\/avatar\\\/420aaf9278582877d9018637c6817617705899d2858d7572ef0fe59a6b6454b4?s=96&d=mm&r=g\",\"caption\":\"Canal Dana\"},\"url\":\"https:\\\/\\\/dana.com.br\\\/canaldana\\\/author\\\/cdeditor\\\/\"}]}<\/script>\n<!-- \/ Yoast SEO plugin. -->","yoast_head_json":{"title":"Emplacamentos di\u00e1rios aceleram em abril - Canal Dana","robots":{"index":"index","follow":"follow","max-snippet":"max-snippet:-1","max-image-preview":"max-image-preview:large","max-video-preview":"max-video-preview:-1"},"canonical":"https:\/\/dana.com.br\/canaldana\/2024\/04\/09\/emplacamentos-diarios-aceleram-em-abril\/","og_locale":"pt_BR","og_type":"article","og_title":"Emplacamentos di\u00e1rios aceleram em abril - Canal Dana","og_description":"AutoInd\u00fastria &nbsp; O presidente da Anfavea, M\u00e1rcio de Lima Leite, aproveitou a divulga\u00e7\u00e3o do balan\u00e7o do primeiro trimestre para comemorar os n\u00fameros parciais de abril, pr\u00f3ximos aos registrados antes da pandemia da Covid 19. &nbsp; \u201cCome\u00e7amos o m\u00eas com m\u00e9dia di\u00e1ria de venda da ordem de 10,6 mil unidades, a melhor desde 2014. \u00c9 uma\u2026 Leia mais \u00bb","og_url":"https:\/\/dana.com.br\/canaldana\/2024\/04\/09\/emplacamentos-diarios-aceleram-em-abril\/","og_site_name":"Canal Dana","article_published_time":"2024-04-09T11:36:41+00:00","author":"Canal Dana","twitter_card":"summary_large_image","twitter_misc":{"Escrito por":"Canal Dana","Est. tempo de leitura":"2 minutos"},"schema":{"@context":"https:\/\/schema.org","@graph":[{"@type":"Article","@id":"https:\/\/dana.com.br\/canaldana\/2024\/04\/09\/emplacamentos-diarios-aceleram-em-abril\/#article","isPartOf":{"@id":"https:\/\/dana.com.br\/canaldana\/2024\/04\/09\/emplacamentos-diarios-aceleram-em-abril\/"},"author":{"name":"Canal Dana","@id":"https:\/\/dana.com.br\/canaldana\/#\/schema\/person\/3c21f22f56fcf3bc46b94bc60ea4fef6"},"headline":"Emplacamentos di\u00e1rios aceleram em abril","datePublished":"2024-04-09T11:36:41+00:00","mainEntityOfPage":{"@id":"https:\/\/dana.com.br\/canaldana\/2024\/04\/09\/emplacamentos-diarios-aceleram-em-abril\/"},"wordCount":253,"articleSection":["Destaques"],"inLanguage":"pt-BR"},{"@type":"WebPage","@id":"https:\/\/dana.com.br\/canaldana\/2024\/04\/09\/emplacamentos-diarios-aceleram-em-abril\/","url":"https:\/\/dana.com.br\/canaldana\/2024\/04\/09\/emplacamentos-diarios-aceleram-em-abril\/","name":"Emplacamentos di\u00e1rios aceleram em abril - Canal Dana","isPartOf":{"@id":"https:\/\/dana.com.br\/canaldana\/#website"},"datePublished":"2024-04-09T11:36:41+00:00","author":{"@id":"https:\/\/dana.com.br\/canaldana\/#\/schema\/person\/3c21f22f56fcf3bc46b94bc60ea4fef6"},"breadcrumb":{"@id":"https:\/\/dana.com.br\/canaldana\/2024\/04\/09\/emplacamentos-diarios-aceleram-em-abril\/#breadcrumb"},"inLanguage":"pt-BR","potentialAction":[{"@type":"ReadAction","target":["https:\/\/dana.com.br\/canaldana\/2024\/04\/09\/emplacamentos-diarios-aceleram-em-abril\/"]}]},{"@type":"BreadcrumbList","@id":"https:\/\/dana.com.br\/canaldana\/2024\/04\/09\/emplacamentos-diarios-aceleram-em-abril\/#breadcrumb","itemListElement":[{"@type":"ListItem","position":1,"name":"Home","item":"https:\/\/dana.com.br\/canaldana\/"},{"@type":"ListItem","position":2,"name":"Destaques","item":"https:\/\/dana.com.br\/canaldana\/destaques\/"},{"@type":"ListItem","position":3,"name":"Emplacamentos di\u00e1rios aceleram em abril"}]},{"@type":"WebSite","@id":"https:\/\/dana.com.br\/canaldana\/#website","url":"https:\/\/dana.com.br\/canaldana\/","name":"Canal Dana","description":"Informativo com as principais not\u00edcias da ind\u00fastria automotiva","potentialAction":[{"@type":"SearchAction","target":{"@type":"EntryPoint","urlTemplate":"https:\/\/dana.com.br\/canaldana\/?s={search_term_string}"},"query-input":{"@type":"PropertyValueSpecification","valueRequired":true,"valueName":"search_term_string"}}],"inLanguage":"pt-BR"},{"@type":"Person","@id":"https:\/\/dana.com.br\/canaldana\/#\/schema\/person\/3c21f22f56fcf3bc46b94bc60ea4fef6","name":"Canal Dana","image":{"@type":"ImageObject","inLanguage":"pt-BR","@id":"https:\/\/secure.gravatar.com\/avatar\/420aaf9278582877d9018637c6817617705899d2858d7572ef0fe59a6b6454b4?s=96&d=mm&r=g","url":"https:\/\/secure.gravatar.com\/avatar\/420aaf9278582877d9018637c6817617705899d2858d7572ef0fe59a6b6454b4?s=96&d=mm&r=g","contentUrl":"https:\/\/secure.gravatar.com\/avatar\/420aaf9278582877d9018637c6817617705899d2858d7572ef0fe59a6b6454b4?s=96&d=mm&r=g","caption":"Canal Dana"},"url":"https:\/\/dana.com.br\/canaldana\/author\/cdeditor\/"}]}},"_links":{"self":[{"href":"https:\/\/dana.com.br\/canaldana\/wp-json\/wp\/v2\/posts\/72716","targetHints":{"allow":["GET"]}}],"collection":[{"href":"https:\/\/dana.com.br\/canaldana\/wp-json\/wp\/v2\/posts"}],"about":[{"href":"https:\/\/dana.com.br\/canaldana\/wp-json\/wp\/v2\/types\/post"}],"author":[{"embeddable":true,"href":"https:\/\/dana.com.br\/canaldana\/wp-json\/wp\/v2\/users\/3"}],"replies":[{"embeddable":true,"href":"https:\/\/dana.com.br\/canaldana\/wp-json\/wp\/v2\/comments?post=72716"}],"version-history":[{"count":1,"href":"https:\/\/dana.com.br\/canaldana\/wp-json\/wp\/v2\/posts\/72716\/revisions"}],"predecessor-version":[{"id":72717,"href":"https:\/\/dana.com.br\/canaldana\/wp-json\/wp\/v2\/posts\/72716\/revisions\/72717"}],"wp:attachment":[{"href":"https:\/\/dana.com.br\/canaldana\/wp-json\/wp\/v2\/media?parent=72716"}],"wp:term":[{"taxonomy":"category","embeddable":true,"href":"https:\/\/dana.com.br\/canaldana\/wp-json\/wp\/v2\/categories?post=72716"},{"taxonomy":"post_tag","embeddable":true,"href":"https:\/\/dana.com.br\/canaldana\/wp-json\/wp\/v2\/tags?post=72716"}],"curies":[{"name":"wp","href":"https:\/\/api.w.org\/{rel}","templated":true}]}}