{"id":72668,"date":"2024-04-08T08:46:05","date_gmt":"2024-04-08T11:46:05","guid":{"rendered":"https:\/\/dana.com.br\/canaldana\/?p=72668"},"modified":"2024-04-08T08:46:05","modified_gmt":"2024-04-08T11:46:05","slug":"hyundai-apresenta-nexo-pela-primeira-vez-no-brasil","status":"publish","type":"post","link":"https:\/\/dana.com.br\/canaldana\/2024\/04\/08\/hyundai-apresenta-nexo-pela-primeira-vez-no-brasil\/","title":{"rendered":"Hyundai apresenta Nexo pela primeira vez no Brasil"},"content":{"rendered":"<p><em>Tribuna do Paran\u00e1\/Automania <\/em><\/p>\n<p>&nbsp;<\/p>\n<p>A Hyundai apresentar\u00e1 suas principais solu\u00e7\u00f5es voltadas ao hidrog\u00eanio renov\u00e1vel durante o \u201cSemin\u00e1rio Internacional de Hidrog\u00eanio Renov\u00e1vel e Baixo Carbono\u201d, que ser\u00e1 realizado nos dias 8 e 9 de abril, no Engenho Central, em Piracicaba (SP). Esse movimento refor\u00e7a o compromisso global da marca em impulsionar a transi\u00e7\u00e3o para uma economia de energia limpa e sustent\u00e1vel, promovendo solu\u00e7\u00f5es inovadoras de hidrog\u00eanio em toda a cadeia de valor.<\/p>\n<p>&nbsp;<\/p>\n<p>Um dos principais destaques da Hyundai no evento ser\u00e1 o Nexo, ve\u00edculo movido a hidrog\u00eanio, que estar\u00e1 em exposi\u00e7\u00e3o no Brasil pela primeira vez. SUV de porte m\u00e9dio, o Hyundai Nexo tem pot\u00eancia combinada de 183 cv entre a propuls\u00e3o de c\u00e9lula de combust\u00edvel e o motor el\u00e9trico, e oferece uma autonomia de 666 quil\u00f4metros (ciclo WLTP). O ve\u00edculo incorpora ainda tecnologias inovadoras, como a purifica\u00e7\u00e3o de ar durante a rodagem, o que garante uma experi\u00eancia de condu\u00e7\u00e3o ainda mais limpa e saud\u00e1vel.<\/p>\n<p>&nbsp;<\/p>\n<p>A Hyundai tamb\u00e9m est\u00e1 expandindo suas solu\u00e7\u00f5es em hidrog\u00eanio para al\u00e9m dos ve\u00edculos de passeio, incluindo caminh\u00f5es, \u00f4nibus, bondes, equipamentos especiais, embarca\u00e7\u00f5es, geradores de energia e mobilidade a\u00e9rea avan\u00e7ada. Essa abordagem integrada visa acelerar a transi\u00e7\u00e3o energ\u00e9tica e estabelecer uma sociedade baseada no hidrog\u00eanio.<\/p>\n<p>&nbsp;<\/p>\n<p>\u201cSempre estivemos na vanguarda do desenvolvimento do uso do hidrog\u00eanio, alcan\u00e7ando in\u00fameras conquistas pioneiras, como a produ\u00e7\u00e3o em massa dos primeiros ve\u00edculos com c\u00e9lula de combust\u00edvel do mundo. O ix35, lan\u00e7ado em 2013, \u00e9 um exemplo dessa inova\u00e7\u00e3o no mercado global e o Nexo, que poder\u00e1 ser visto durante o semin\u00e1rio, \u00e9 o modelo com protagonismo mundial atualmente\u201d, afirma Airton Cousseau, presidente e CEO da Hyundai Motor para as Am\u00e9ricas Central e do Sul.<\/p>\n<p>&nbsp;<\/p>\n<p>Durante a Consumer Electronics Show (CES) 2024, realizada em janeiro deste ano, em Las Vegas, Jaehoon Chang, Presidente e CEO da Hyundai Motor Company, destacou a vis\u00e3o da empresa em seu discurso de abertura. \u201cO hidrog\u00eanio limpo deve ser para todos, impulsionando tudo, e dispon\u00edvel em todos os lugares\u201d. Essa percep\u00e7\u00e3o vision\u00e1ria reflete o compromisso da marca em criar um futuro mais sustent\u00e1vel para a mobilidade, com foco na neutralidade de carbono at\u00e9 2045.<\/p>\n<p>&nbsp;<\/p>\n<p>Sob esta diretriz, a marca investe em solu\u00e7\u00f5es de hidrog\u00eanio em toda a sua cadeia de valor, desde a produ\u00e7\u00e3o at\u00e9 o consumo final, acreditando que o hidrog\u00eanio \u00e9 a chave para a energia limpa do futuro. De acordo com esse direcionamento corporativo, a empresa se compromete em promover o uso de 100% de energia renov\u00e1vel em suas f\u00e1bricas, globalmente, at\u00e9 2045, e estende esse desafio \u00e0s subsidi\u00e1rias at\u00e9 2050.<\/p>\n<p>&nbsp;<\/p>\n<p>A Hyundai Motor Brasil est\u00e1 alinhada com essa vis\u00e3o global e tem o potencial de adotar essas inova\u00e7\u00f5es n\u00e3o apenas nos futuros ve\u00edculos a serem produzidos, mas tamb\u00e9m na produ\u00e7\u00e3o do combust\u00edvel limpo. Com isso, a Hyundai reafirma seu compromisso em impulsionar a mobilidade sustent\u00e1vel no Brasil e em todo o mundo.<\/p>\n<p>&nbsp;<\/p>\n<p><strong>Servi\u00e7o<\/strong><\/p>\n<p>&nbsp;<\/p>\n<p>Semin\u00e1rio Internacional de Hidrog\u00eanio Renov\u00e1vel e Baixo Carbono:<\/p>\n<p>&nbsp;<\/p>\n<p><strong>Data:<\/strong> 08\/04, das\u00a09\u00a0\u00e0s\u00a018 horas,\u00a0e 09\/04, das 9 \u00e0s 17 horas;<\/p>\n<p><strong>Local:<\/strong> Teatro Erotides de Campos \u2013 Engenho Central de Piracicaba;<\/p>\n<p><strong>Endere\u00e7o:<\/strong> Avenida Maurice Alain, 454, Nova Piracicaba \u2013 Piracicaba (SP).<\/p>\n<p>(Tribuna do Paran\u00e1\/Automania\/Bispo Neto)<\/p>\n","protected":false},"excerpt":{"rendered":"<p>Tribuna do Paran\u00e1\/Automania &nbsp; A Hyundai apresentar\u00e1 suas principais solu\u00e7\u00f5es voltadas ao hidrog\u00eanio renov\u00e1vel durante o \u201cSemin\u00e1rio Internacional de Hidrog\u00eanio Renov\u00e1vel e Baixo Carbono\u201d, que ser\u00e1 realizado nos dias 8 e 9 de abril, no Engenho Central, em Piracicaba (SP). Esse movimento refor\u00e7a o compromisso global da marca em impulsionar a transi\u00e7\u00e3o para uma economia\u2026 <a class=\"readmore\" href=\"https:\/\/dana.com.br\/canaldana\/2024\/04\/08\/hyundai-apresenta-nexo-pela-primeira-vez-no-brasil\/\">Leia mais \u00bb<\/a><\/p>\n","protected":false},"author":3,"featured_media":0,"comment_status":"closed","ping_status":"closed","sticky":false,"template":"","format":"standard","meta":{"_acf_changed":false,"footnotes":""},"categories":[79],"tags":[],"class_list":["post-72668","post","type-post","status-publish","format-standard","hentry","category-mercado"],"acf":[],"yoast_head":"<!-- This site is optimized with the Yoast SEO plugin v27.3 - https:\/\/yoast.com\/product\/yoast-seo-wordpress\/ -->\n<title>Hyundai apresenta Nexo pela primeira vez no Brasil - Canal Dana<\/title>\n<meta name=\"robots\" content=\"index, follow, max-snippet:-1, max-image-preview:large, max-video-preview:-1\" \/>\n<link rel=\"canonical\" href=\"https:\/\/dana.com.br\/canaldana\/2024\/04\/08\/hyundai-apresenta-nexo-pela-primeira-vez-no-brasil\/\" \/>\n<meta property=\"og:locale\" content=\"pt_BR\" \/>\n<meta property=\"og:type\" content=\"article\" \/>\n<meta property=\"og:title\" content=\"Hyundai apresenta Nexo pela primeira vez no Brasil - Canal Dana\" \/>\n<meta property=\"og:description\" content=\"Tribuna do Paran\u00e1\/Automania &nbsp; A Hyundai apresentar\u00e1 suas principais solu\u00e7\u00f5es voltadas ao hidrog\u00eanio renov\u00e1vel durante o \u201cSemin\u00e1rio Internacional de Hidrog\u00eanio Renov\u00e1vel e Baixo Carbono\u201d, que ser\u00e1 realizado nos dias 8 e 9 de abril, no Engenho Central, em Piracicaba (SP). Esse movimento refor\u00e7a o compromisso global da marca em impulsionar a transi\u00e7\u00e3o para uma economia\u2026 Leia mais \u00bb\" \/>\n<meta property=\"og:url\" content=\"https:\/\/dana.com.br\/canaldana\/2024\/04\/08\/hyundai-apresenta-nexo-pela-primeira-vez-no-brasil\/\" \/>\n<meta property=\"og:site_name\" content=\"Canal Dana\" \/>\n<meta property=\"article:published_time\" content=\"2024-04-08T11:46:05+00:00\" \/>\n<meta name=\"author\" content=\"Canal Dana\" \/>\n<meta name=\"twitter:card\" content=\"summary_large_image\" \/>\n<meta name=\"twitter:label1\" content=\"Escrito por\" \/>\n\t<meta name=\"twitter:data1\" content=\"Canal Dana\" \/>\n\t<meta name=\"twitter:label2\" content=\"Est. tempo de leitura\" \/>\n\t<meta name=\"twitter:data2\" content=\"3 minutos\" \/>\n<script type=\"application\/ld+json\" class=\"yoast-schema-graph\">{\"@context\":\"https:\\\/\\\/schema.org\",\"@graph\":[{\"@type\":\"Article\",\"@id\":\"https:\\\/\\\/dana.com.br\\\/canaldana\\\/2024\\\/04\\\/08\\\/hyundai-apresenta-nexo-pela-primeira-vez-no-brasil\\\/#article\",\"isPartOf\":{\"@id\":\"https:\\\/\\\/dana.com.br\\\/canaldana\\\/2024\\\/04\\\/08\\\/hyundai-apresenta-nexo-pela-primeira-vez-no-brasil\\\/\"},\"author\":{\"name\":\"Canal Dana\",\"@id\":\"https:\\\/\\\/dana.com.br\\\/canaldana\\\/#\\\/schema\\\/person\\\/3c21f22f56fcf3bc46b94bc60ea4fef6\"},\"headline\":\"Hyundai apresenta Nexo pela primeira vez no Brasil\",\"datePublished\":\"2024-04-08T11:46:05+00:00\",\"mainEntityOfPage\":{\"@id\":\"https:\\\/\\\/dana.com.br\\\/canaldana\\\/2024\\\/04\\\/08\\\/hyundai-apresenta-nexo-pela-primeira-vez-no-brasil\\\/\"},\"wordCount\":588,\"articleSection\":[\"Mercado\"],\"inLanguage\":\"pt-BR\"},{\"@type\":\"WebPage\",\"@id\":\"https:\\\/\\\/dana.com.br\\\/canaldana\\\/2024\\\/04\\\/08\\\/hyundai-apresenta-nexo-pela-primeira-vez-no-brasil\\\/\",\"url\":\"https:\\\/\\\/dana.com.br\\\/canaldana\\\/2024\\\/04\\\/08\\\/hyundai-apresenta-nexo-pela-primeira-vez-no-brasil\\\/\",\"name\":\"Hyundai apresenta Nexo pela primeira vez no Brasil - Canal Dana\",\"isPartOf\":{\"@id\":\"https:\\\/\\\/dana.com.br\\\/canaldana\\\/#website\"},\"datePublished\":\"2024-04-08T11:46:05+00:00\",\"author\":{\"@id\":\"https:\\\/\\\/dana.com.br\\\/canaldana\\\/#\\\/schema\\\/person\\\/3c21f22f56fcf3bc46b94bc60ea4fef6\"},\"breadcrumb\":{\"@id\":\"https:\\\/\\\/dana.com.br\\\/canaldana\\\/2024\\\/04\\\/08\\\/hyundai-apresenta-nexo-pela-primeira-vez-no-brasil\\\/#breadcrumb\"},\"inLanguage\":\"pt-BR\",\"potentialAction\":[{\"@type\":\"ReadAction\",\"target\":[\"https:\\\/\\\/dana.com.br\\\/canaldana\\\/2024\\\/04\\\/08\\\/hyundai-apresenta-nexo-pela-primeira-vez-no-brasil\\\/\"]}]},{\"@type\":\"BreadcrumbList\",\"@id\":\"https:\\\/\\\/dana.com.br\\\/canaldana\\\/2024\\\/04\\\/08\\\/hyundai-apresenta-nexo-pela-primeira-vez-no-brasil\\\/#breadcrumb\",\"itemListElement\":[{\"@type\":\"ListItem\",\"position\":1,\"name\":\"Home\",\"item\":\"https:\\\/\\\/dana.com.br\\\/canaldana\\\/\"},{\"@type\":\"ListItem\",\"position\":2,\"name\":\"Mercado\",\"item\":\"https:\\\/\\\/dana.com.br\\\/canaldana\\\/mercado\\\/\"},{\"@type\":\"ListItem\",\"position\":3,\"name\":\"Hyundai apresenta Nexo pela primeira vez no Brasil\"}]},{\"@type\":\"WebSite\",\"@id\":\"https:\\\/\\\/dana.com.br\\\/canaldana\\\/#website\",\"url\":\"https:\\\/\\\/dana.com.br\\\/canaldana\\\/\",\"name\":\"Canal Dana\",\"description\":\"Informativo com as principais not\u00edcias da ind\u00fastria automotiva\",\"potentialAction\":[{\"@type\":\"SearchAction\",\"target\":{\"@type\":\"EntryPoint\",\"urlTemplate\":\"https:\\\/\\\/dana.com.br\\\/canaldana\\\/?s={search_term_string}\"},\"query-input\":{\"@type\":\"PropertyValueSpecification\",\"valueRequired\":true,\"valueName\":\"search_term_string\"}}],\"inLanguage\":\"pt-BR\"},{\"@type\":\"Person\",\"@id\":\"https:\\\/\\\/dana.com.br\\\/canaldana\\\/#\\\/schema\\\/person\\\/3c21f22f56fcf3bc46b94bc60ea4fef6\",\"name\":\"Canal Dana\",\"image\":{\"@type\":\"ImageObject\",\"inLanguage\":\"pt-BR\",\"@id\":\"https:\\\/\\\/secure.gravatar.com\\\/avatar\\\/420aaf9278582877d9018637c6817617705899d2858d7572ef0fe59a6b6454b4?s=96&d=mm&r=g\",\"url\":\"https:\\\/\\\/secure.gravatar.com\\\/avatar\\\/420aaf9278582877d9018637c6817617705899d2858d7572ef0fe59a6b6454b4?s=96&d=mm&r=g\",\"contentUrl\":\"https:\\\/\\\/secure.gravatar.com\\\/avatar\\\/420aaf9278582877d9018637c6817617705899d2858d7572ef0fe59a6b6454b4?s=96&d=mm&r=g\",\"caption\":\"Canal Dana\"},\"url\":\"https:\\\/\\\/dana.com.br\\\/canaldana\\\/author\\\/cdeditor\\\/\"}]}<\/script>\n<!-- \/ Yoast SEO plugin. -->","yoast_head_json":{"title":"Hyundai apresenta Nexo pela primeira vez no Brasil - Canal Dana","robots":{"index":"index","follow":"follow","max-snippet":"max-snippet:-1","max-image-preview":"max-image-preview:large","max-video-preview":"max-video-preview:-1"},"canonical":"https:\/\/dana.com.br\/canaldana\/2024\/04\/08\/hyundai-apresenta-nexo-pela-primeira-vez-no-brasil\/","og_locale":"pt_BR","og_type":"article","og_title":"Hyundai apresenta Nexo pela primeira vez no Brasil - Canal Dana","og_description":"Tribuna do Paran\u00e1\/Automania &nbsp; A Hyundai apresentar\u00e1 suas principais solu\u00e7\u00f5es voltadas ao hidrog\u00eanio renov\u00e1vel durante o \u201cSemin\u00e1rio Internacional de Hidrog\u00eanio Renov\u00e1vel e Baixo Carbono\u201d, que ser\u00e1 realizado nos dias 8 e 9 de abril, no Engenho Central, em Piracicaba (SP). Esse movimento refor\u00e7a o compromisso global da marca em impulsionar a transi\u00e7\u00e3o para uma economia\u2026 Leia mais \u00bb","og_url":"https:\/\/dana.com.br\/canaldana\/2024\/04\/08\/hyundai-apresenta-nexo-pela-primeira-vez-no-brasil\/","og_site_name":"Canal Dana","article_published_time":"2024-04-08T11:46:05+00:00","author":"Canal Dana","twitter_card":"summary_large_image","twitter_misc":{"Escrito por":"Canal Dana","Est. tempo de leitura":"3 minutos"},"schema":{"@context":"https:\/\/schema.org","@graph":[{"@type":"Article","@id":"https:\/\/dana.com.br\/canaldana\/2024\/04\/08\/hyundai-apresenta-nexo-pela-primeira-vez-no-brasil\/#article","isPartOf":{"@id":"https:\/\/dana.com.br\/canaldana\/2024\/04\/08\/hyundai-apresenta-nexo-pela-primeira-vez-no-brasil\/"},"author":{"name":"Canal Dana","@id":"https:\/\/dana.com.br\/canaldana\/#\/schema\/person\/3c21f22f56fcf3bc46b94bc60ea4fef6"},"headline":"Hyundai apresenta Nexo pela primeira vez no Brasil","datePublished":"2024-04-08T11:46:05+00:00","mainEntityOfPage":{"@id":"https:\/\/dana.com.br\/canaldana\/2024\/04\/08\/hyundai-apresenta-nexo-pela-primeira-vez-no-brasil\/"},"wordCount":588,"articleSection":["Mercado"],"inLanguage":"pt-BR"},{"@type":"WebPage","@id":"https:\/\/dana.com.br\/canaldana\/2024\/04\/08\/hyundai-apresenta-nexo-pela-primeira-vez-no-brasil\/","url":"https:\/\/dana.com.br\/canaldana\/2024\/04\/08\/hyundai-apresenta-nexo-pela-primeira-vez-no-brasil\/","name":"Hyundai apresenta Nexo pela primeira vez no Brasil - Canal Dana","isPartOf":{"@id":"https:\/\/dana.com.br\/canaldana\/#website"},"datePublished":"2024-04-08T11:46:05+00:00","author":{"@id":"https:\/\/dana.com.br\/canaldana\/#\/schema\/person\/3c21f22f56fcf3bc46b94bc60ea4fef6"},"breadcrumb":{"@id":"https:\/\/dana.com.br\/canaldana\/2024\/04\/08\/hyundai-apresenta-nexo-pela-primeira-vez-no-brasil\/#breadcrumb"},"inLanguage":"pt-BR","potentialAction":[{"@type":"ReadAction","target":["https:\/\/dana.com.br\/canaldana\/2024\/04\/08\/hyundai-apresenta-nexo-pela-primeira-vez-no-brasil\/"]}]},{"@type":"BreadcrumbList","@id":"https:\/\/dana.com.br\/canaldana\/2024\/04\/08\/hyundai-apresenta-nexo-pela-primeira-vez-no-brasil\/#breadcrumb","itemListElement":[{"@type":"ListItem","position":1,"name":"Home","item":"https:\/\/dana.com.br\/canaldana\/"},{"@type":"ListItem","position":2,"name":"Mercado","item":"https:\/\/dana.com.br\/canaldana\/mercado\/"},{"@type":"ListItem","position":3,"name":"Hyundai apresenta Nexo pela primeira vez no Brasil"}]},{"@type":"WebSite","@id":"https:\/\/dana.com.br\/canaldana\/#website","url":"https:\/\/dana.com.br\/canaldana\/","name":"Canal Dana","description":"Informativo com as principais not\u00edcias da ind\u00fastria automotiva","potentialAction":[{"@type":"SearchAction","target":{"@type":"EntryPoint","urlTemplate":"https:\/\/dana.com.br\/canaldana\/?s={search_term_string}"},"query-input":{"@type":"PropertyValueSpecification","valueRequired":true,"valueName":"search_term_string"}}],"inLanguage":"pt-BR"},{"@type":"Person","@id":"https:\/\/dana.com.br\/canaldana\/#\/schema\/person\/3c21f22f56fcf3bc46b94bc60ea4fef6","name":"Canal Dana","image":{"@type":"ImageObject","inLanguage":"pt-BR","@id":"https:\/\/secure.gravatar.com\/avatar\/420aaf9278582877d9018637c6817617705899d2858d7572ef0fe59a6b6454b4?s=96&d=mm&r=g","url":"https:\/\/secure.gravatar.com\/avatar\/420aaf9278582877d9018637c6817617705899d2858d7572ef0fe59a6b6454b4?s=96&d=mm&r=g","contentUrl":"https:\/\/secure.gravatar.com\/avatar\/420aaf9278582877d9018637c6817617705899d2858d7572ef0fe59a6b6454b4?s=96&d=mm&r=g","caption":"Canal Dana"},"url":"https:\/\/dana.com.br\/canaldana\/author\/cdeditor\/"}]}},"_links":{"self":[{"href":"https:\/\/dana.com.br\/canaldana\/wp-json\/wp\/v2\/posts\/72668","targetHints":{"allow":["GET"]}}],"collection":[{"href":"https:\/\/dana.com.br\/canaldana\/wp-json\/wp\/v2\/posts"}],"about":[{"href":"https:\/\/dana.com.br\/canaldana\/wp-json\/wp\/v2\/types\/post"}],"author":[{"embeddable":true,"href":"https:\/\/dana.com.br\/canaldana\/wp-json\/wp\/v2\/users\/3"}],"replies":[{"embeddable":true,"href":"https:\/\/dana.com.br\/canaldana\/wp-json\/wp\/v2\/comments?post=72668"}],"version-history":[{"count":1,"href":"https:\/\/dana.com.br\/canaldana\/wp-json\/wp\/v2\/posts\/72668\/revisions"}],"predecessor-version":[{"id":72669,"href":"https:\/\/dana.com.br\/canaldana\/wp-json\/wp\/v2\/posts\/72668\/revisions\/72669"}],"wp:attachment":[{"href":"https:\/\/dana.com.br\/canaldana\/wp-json\/wp\/v2\/media?parent=72668"}],"wp:term":[{"taxonomy":"category","embeddable":true,"href":"https:\/\/dana.com.br\/canaldana\/wp-json\/wp\/v2\/categories?post=72668"},{"taxonomy":"post_tag","embeddable":true,"href":"https:\/\/dana.com.br\/canaldana\/wp-json\/wp\/v2\/tags?post=72668"}],"curies":[{"name":"wp","href":"https:\/\/api.w.org\/{rel}","templated":true}]}}