{"id":72662,"date":"2024-04-08T08:44:14","date_gmt":"2024-04-08T11:44:14","guid":{"rendered":"https:\/\/dana.com.br\/canaldana\/?p=72662"},"modified":"2024-04-08T08:44:14","modified_gmt":"2024-04-08T11:44:14","slug":"mercedes-benz-argentina-tera-novo-polo-industrial-a-partir-2026-em-zarate","status":"publish","type":"post","link":"https:\/\/dana.com.br\/canaldana\/2024\/04\/08\/mercedes-benz-argentina-tera-novo-polo-industrial-a-partir-2026-em-zarate\/","title":{"rendered":"Mercedes-Benz Argentina ter\u00e1 novo polo industrial a partir 2026 em Z\u00e1rate"},"content":{"rendered":"<p><em>Truck &amp; Bus Builder Am\u00e9rica do Sul<\/em><\/p>\n<p>&nbsp;<\/p>\n<p>A Mercedes-Benz Caminh\u00f5es e \u00d4nibus Argentina anunciou a constru\u00e7\u00e3o de uma nova unidade produtiva para a fabrica\u00e7\u00e3o dos caminh\u00f5es Accelo e Atego, e os chassis de \u00f4nibus OH e OF que entrar\u00e1 em opera\u00e7\u00e3o no primeiro trimestre de 2026. O an\u00fancio faz parte do ciclo de 110 milh\u00f5es de d\u00f3lares investidos no pa\u00eds pela fabricante desde a cria\u00e7\u00e3o da empresa em dezembro de 2021.<\/p>\n<p>&nbsp;<\/p>\n<p>A nova f\u00e1brica completar\u00e1 o Polo Industrial que a empresa est\u00e1 desenvolvendo na cidade de Z\u00e1rate, em Buenos Aires. No local, j\u00e1 est\u00e1 sendo constru\u00eddo um novo centro de autope\u00e7as e pe\u00e7as de reposi\u00e7\u00e3o que entrar\u00e1 em opera\u00e7\u00e3o no segundo semestre deste ano.<\/p>\n<p>&nbsp;<\/p>\n<p>\u201cEsta nova f\u00e1brica \u00e9 o marco fundador do futuro da Mercedes-Benz Caminh\u00f5es e \u00d4nibus na Argentina e, ao mesmo tempo, uma prova concreta do compromisso que temos com o pa\u00eds. Coroamos um ciclo de investimentos para moldar o futuro da nossa empresa operando de forma independente, com melhores oportunidades em termos de produtividade e maior flexibilidade para incorporar novos potenciais projetos\u201d, explicou Ra\u00fal Barcesat, CEO da Mercedes-Benz Trucks and Buses Argentina.<\/p>\n<p>&nbsp;<\/p>\n<p>A constru\u00e7\u00e3o da nova planta culmina a etapa de desenvolvimento de uma opera\u00e7\u00e3o exclusiva e totalmente independente para a Mercedes-Benz Caminh\u00f5es e \u00d4nibus. Todo o Polo Industrial funcionar\u00e1 a partir do primeiro trimestre de 2026 e abrigar\u00e1 todas as opera\u00e7\u00f5es e tarefas atualmente realizadas nas instala\u00e7\u00f5es do Centro Industrial Juan Manual Fangio, localizada em Virrey del Pino, prov\u00edncia de Buenos Aires.<\/p>\n<p>&nbsp;<\/p>\n<p>A abordagem das novas instala\u00e7\u00f5es inclui, desde o in\u00edcio, todas as medidas relativas ao desenvolvimento de uma opera\u00e7\u00e3o que mitigue os impactos ambientais de qualquer processo produtivo. Isso significa que eles se enquadram nas exigentes normas da Daimler Truck vigentes nas diversas plantas de produ\u00e7\u00e3o que a empresa possui no mundo.<\/p>\n<p>&nbsp;<\/p>\n<p>O projeto do novo Centro Industrial contempla a relocaliza\u00e7\u00e3o das linhas de produ\u00e7\u00e3o de caminh\u00f5es e chassis de \u00f4nibus, e tamb\u00e9m da f\u00e1brica REMAN de componentes remanufaturados.<\/p>\n<p>&nbsp;<\/p>\n<p>Segundo Ra\u00fal Barcesat, CEO da Mercedes-Benz Caminh\u00f5es e \u00d4nibus Argentina, os escrit\u00f3rios administrativos da empresa, o Centro de Treinamento e a SelecTrucks continuar\u00e3o operando em suas atuais instala\u00e7\u00f5es localizadas em Munro, Tortuguitas e Pilar, respectivamente, da prov\u00edncia de Buenos Aires.<\/p>\n<p>&nbsp;<\/p>\n<p>Atualmente, a Mercedes-Benz Caminh\u00f5es e \u00d4nibus da Argentina emprega diretamentea mais de 500 colaboradores e indiretamente a outros 2.000 distribu\u00eddos pelos seus 24 Revendedores Oficiais e mais de 45 pontos de venda e p\u00f3s-venda em todo o pa\u00eds.<\/p>\n<p>&nbsp;<\/p>\n<p>Embora opere sob o nome Mercedes-Benz Camiones y Buses Argentina desde dezembro de 2021, ap\u00f3s conclus\u00e3o da separa\u00e7\u00e3o da Mercedes Benz Argentina, resultado do desmembramento da divis\u00e3o global da Daimler AG em dois grupos independentes (Mercedes-Benz Group e Daimler Truck Group), a fabricante possui uma longa hist\u00f3ria no pa\u00eds de mais de 70 anos produzindo ve\u00edculos nos segmentos de cargas e transporte de passageiros. (Truck &amp; Bus Builder Am\u00e9rica do Sul)<\/p>\n","protected":false},"excerpt":{"rendered":"<p>Truck &amp; Bus Builder Am\u00e9rica do Sul &nbsp; A Mercedes-Benz Caminh\u00f5es e \u00d4nibus Argentina anunciou a constru\u00e7\u00e3o de uma nova unidade produtiva para a fabrica\u00e7\u00e3o dos caminh\u00f5es Accelo e Atego, e os chassis de \u00f4nibus OH e OF que entrar\u00e1 em opera\u00e7\u00e3o no primeiro trimestre de 2026. O an\u00fancio faz parte do ciclo de 110\u2026 <a class=\"readmore\" href=\"https:\/\/dana.com.br\/canaldana\/2024\/04\/08\/mercedes-benz-argentina-tera-novo-polo-industrial-a-partir-2026-em-zarate\/\">Leia mais \u00bb<\/a><\/p>\n","protected":false},"author":3,"featured_media":0,"comment_status":"closed","ping_status":"closed","sticky":false,"template":"","format":"standard","meta":{"_acf_changed":false,"footnotes":""},"categories":[79],"tags":[],"class_list":["post-72662","post","type-post","status-publish","format-standard","hentry","category-mercado"],"acf":[],"yoast_head":"<!-- This site is optimized with the Yoast SEO plugin v27.3 - https:\/\/yoast.com\/product\/yoast-seo-wordpress\/ -->\n<title>Mercedes-Benz Argentina ter\u00e1 novo polo industrial a partir 2026 em Z\u00e1rate - Canal Dana<\/title>\n<meta name=\"robots\" content=\"index, follow, max-snippet:-1, max-image-preview:large, max-video-preview:-1\" \/>\n<link rel=\"canonical\" href=\"https:\/\/dana.com.br\/canaldana\/2024\/04\/08\/mercedes-benz-argentina-tera-novo-polo-industrial-a-partir-2026-em-zarate\/\" \/>\n<meta property=\"og:locale\" content=\"pt_BR\" \/>\n<meta property=\"og:type\" content=\"article\" \/>\n<meta property=\"og:title\" content=\"Mercedes-Benz Argentina ter\u00e1 novo polo industrial a partir 2026 em Z\u00e1rate - Canal Dana\" \/>\n<meta property=\"og:description\" content=\"Truck &amp; Bus Builder Am\u00e9rica do Sul &nbsp; A Mercedes-Benz Caminh\u00f5es e \u00d4nibus Argentina anunciou a constru\u00e7\u00e3o de uma nova unidade produtiva para a fabrica\u00e7\u00e3o dos caminh\u00f5es Accelo e Atego, e os chassis de \u00f4nibus OH e OF que entrar\u00e1 em opera\u00e7\u00e3o no primeiro trimestre de 2026. O an\u00fancio faz parte do ciclo de 110\u2026 Leia mais \u00bb\" \/>\n<meta property=\"og:url\" content=\"https:\/\/dana.com.br\/canaldana\/2024\/04\/08\/mercedes-benz-argentina-tera-novo-polo-industrial-a-partir-2026-em-zarate\/\" \/>\n<meta property=\"og:site_name\" content=\"Canal Dana\" \/>\n<meta property=\"article:published_time\" content=\"2024-04-08T11:44:14+00:00\" \/>\n<meta name=\"author\" content=\"Canal Dana\" \/>\n<meta name=\"twitter:card\" content=\"summary_large_image\" \/>\n<meta name=\"twitter:label1\" content=\"Escrito por\" \/>\n\t<meta name=\"twitter:data1\" content=\"Canal Dana\" \/>\n\t<meta name=\"twitter:label2\" content=\"Est. tempo de leitura\" \/>\n\t<meta name=\"twitter:data2\" content=\"3 minutos\" \/>\n<script type=\"application\/ld+json\" class=\"yoast-schema-graph\">{\"@context\":\"https:\\\/\\\/schema.org\",\"@graph\":[{\"@type\":\"Article\",\"@id\":\"https:\\\/\\\/dana.com.br\\\/canaldana\\\/2024\\\/04\\\/08\\\/mercedes-benz-argentina-tera-novo-polo-industrial-a-partir-2026-em-zarate\\\/#article\",\"isPartOf\":{\"@id\":\"https:\\\/\\\/dana.com.br\\\/canaldana\\\/2024\\\/04\\\/08\\\/mercedes-benz-argentina-tera-novo-polo-industrial-a-partir-2026-em-zarate\\\/\"},\"author\":{\"name\":\"Canal Dana\",\"@id\":\"https:\\\/\\\/dana.com.br\\\/canaldana\\\/#\\\/schema\\\/person\\\/3c21f22f56fcf3bc46b94bc60ea4fef6\"},\"headline\":\"Mercedes-Benz Argentina ter\u00e1 novo polo industrial a partir 2026 em Z\u00e1rate\",\"datePublished\":\"2024-04-08T11:44:14+00:00\",\"mainEntityOfPage\":{\"@id\":\"https:\\\/\\\/dana.com.br\\\/canaldana\\\/2024\\\/04\\\/08\\\/mercedes-benz-argentina-tera-novo-polo-industrial-a-partir-2026-em-zarate\\\/\"},\"wordCount\":537,\"articleSection\":[\"Mercado\"],\"inLanguage\":\"pt-BR\"},{\"@type\":\"WebPage\",\"@id\":\"https:\\\/\\\/dana.com.br\\\/canaldana\\\/2024\\\/04\\\/08\\\/mercedes-benz-argentina-tera-novo-polo-industrial-a-partir-2026-em-zarate\\\/\",\"url\":\"https:\\\/\\\/dana.com.br\\\/canaldana\\\/2024\\\/04\\\/08\\\/mercedes-benz-argentina-tera-novo-polo-industrial-a-partir-2026-em-zarate\\\/\",\"name\":\"Mercedes-Benz Argentina ter\u00e1 novo polo industrial a partir 2026 em Z\u00e1rate - Canal Dana\",\"isPartOf\":{\"@id\":\"https:\\\/\\\/dana.com.br\\\/canaldana\\\/#website\"},\"datePublished\":\"2024-04-08T11:44:14+00:00\",\"author\":{\"@id\":\"https:\\\/\\\/dana.com.br\\\/canaldana\\\/#\\\/schema\\\/person\\\/3c21f22f56fcf3bc46b94bc60ea4fef6\"},\"breadcrumb\":{\"@id\":\"https:\\\/\\\/dana.com.br\\\/canaldana\\\/2024\\\/04\\\/08\\\/mercedes-benz-argentina-tera-novo-polo-industrial-a-partir-2026-em-zarate\\\/#breadcrumb\"},\"inLanguage\":\"pt-BR\",\"potentialAction\":[{\"@type\":\"ReadAction\",\"target\":[\"https:\\\/\\\/dana.com.br\\\/canaldana\\\/2024\\\/04\\\/08\\\/mercedes-benz-argentina-tera-novo-polo-industrial-a-partir-2026-em-zarate\\\/\"]}]},{\"@type\":\"BreadcrumbList\",\"@id\":\"https:\\\/\\\/dana.com.br\\\/canaldana\\\/2024\\\/04\\\/08\\\/mercedes-benz-argentina-tera-novo-polo-industrial-a-partir-2026-em-zarate\\\/#breadcrumb\",\"itemListElement\":[{\"@type\":\"ListItem\",\"position\":1,\"name\":\"Home\",\"item\":\"https:\\\/\\\/dana.com.br\\\/canaldana\\\/\"},{\"@type\":\"ListItem\",\"position\":2,\"name\":\"Mercado\",\"item\":\"https:\\\/\\\/dana.com.br\\\/canaldana\\\/mercado\\\/\"},{\"@type\":\"ListItem\",\"position\":3,\"name\":\"Mercedes-Benz Argentina ter\u00e1 novo polo industrial a partir 2026 em Z\u00e1rate\"}]},{\"@type\":\"WebSite\",\"@id\":\"https:\\\/\\\/dana.com.br\\\/canaldana\\\/#website\",\"url\":\"https:\\\/\\\/dana.com.br\\\/canaldana\\\/\",\"name\":\"Canal Dana\",\"description\":\"Informativo com as principais not\u00edcias da ind\u00fastria automotiva\",\"potentialAction\":[{\"@type\":\"SearchAction\",\"target\":{\"@type\":\"EntryPoint\",\"urlTemplate\":\"https:\\\/\\\/dana.com.br\\\/canaldana\\\/?s={search_term_string}\"},\"query-input\":{\"@type\":\"PropertyValueSpecification\",\"valueRequired\":true,\"valueName\":\"search_term_string\"}}],\"inLanguage\":\"pt-BR\"},{\"@type\":\"Person\",\"@id\":\"https:\\\/\\\/dana.com.br\\\/canaldana\\\/#\\\/schema\\\/person\\\/3c21f22f56fcf3bc46b94bc60ea4fef6\",\"name\":\"Canal Dana\",\"image\":{\"@type\":\"ImageObject\",\"inLanguage\":\"pt-BR\",\"@id\":\"https:\\\/\\\/secure.gravatar.com\\\/avatar\\\/420aaf9278582877d9018637c6817617705899d2858d7572ef0fe59a6b6454b4?s=96&d=mm&r=g\",\"url\":\"https:\\\/\\\/secure.gravatar.com\\\/avatar\\\/420aaf9278582877d9018637c6817617705899d2858d7572ef0fe59a6b6454b4?s=96&d=mm&r=g\",\"contentUrl\":\"https:\\\/\\\/secure.gravatar.com\\\/avatar\\\/420aaf9278582877d9018637c6817617705899d2858d7572ef0fe59a6b6454b4?s=96&d=mm&r=g\",\"caption\":\"Canal Dana\"},\"url\":\"https:\\\/\\\/dana.com.br\\\/canaldana\\\/author\\\/cdeditor\\\/\"}]}<\/script>\n<!-- \/ Yoast SEO plugin. -->","yoast_head_json":{"title":"Mercedes-Benz Argentina ter\u00e1 novo polo industrial a partir 2026 em Z\u00e1rate - Canal Dana","robots":{"index":"index","follow":"follow","max-snippet":"max-snippet:-1","max-image-preview":"max-image-preview:large","max-video-preview":"max-video-preview:-1"},"canonical":"https:\/\/dana.com.br\/canaldana\/2024\/04\/08\/mercedes-benz-argentina-tera-novo-polo-industrial-a-partir-2026-em-zarate\/","og_locale":"pt_BR","og_type":"article","og_title":"Mercedes-Benz Argentina ter\u00e1 novo polo industrial a partir 2026 em Z\u00e1rate - Canal Dana","og_description":"Truck &amp; Bus Builder Am\u00e9rica do Sul &nbsp; A Mercedes-Benz Caminh\u00f5es e \u00d4nibus Argentina anunciou a constru\u00e7\u00e3o de uma nova unidade produtiva para a fabrica\u00e7\u00e3o dos caminh\u00f5es Accelo e Atego, e os chassis de \u00f4nibus OH e OF que entrar\u00e1 em opera\u00e7\u00e3o no primeiro trimestre de 2026. O an\u00fancio faz parte do ciclo de 110\u2026 Leia mais \u00bb","og_url":"https:\/\/dana.com.br\/canaldana\/2024\/04\/08\/mercedes-benz-argentina-tera-novo-polo-industrial-a-partir-2026-em-zarate\/","og_site_name":"Canal Dana","article_published_time":"2024-04-08T11:44:14+00:00","author":"Canal Dana","twitter_card":"summary_large_image","twitter_misc":{"Escrito por":"Canal Dana","Est. tempo de leitura":"3 minutos"},"schema":{"@context":"https:\/\/schema.org","@graph":[{"@type":"Article","@id":"https:\/\/dana.com.br\/canaldana\/2024\/04\/08\/mercedes-benz-argentina-tera-novo-polo-industrial-a-partir-2026-em-zarate\/#article","isPartOf":{"@id":"https:\/\/dana.com.br\/canaldana\/2024\/04\/08\/mercedes-benz-argentina-tera-novo-polo-industrial-a-partir-2026-em-zarate\/"},"author":{"name":"Canal Dana","@id":"https:\/\/dana.com.br\/canaldana\/#\/schema\/person\/3c21f22f56fcf3bc46b94bc60ea4fef6"},"headline":"Mercedes-Benz Argentina ter\u00e1 novo polo industrial a partir 2026 em Z\u00e1rate","datePublished":"2024-04-08T11:44:14+00:00","mainEntityOfPage":{"@id":"https:\/\/dana.com.br\/canaldana\/2024\/04\/08\/mercedes-benz-argentina-tera-novo-polo-industrial-a-partir-2026-em-zarate\/"},"wordCount":537,"articleSection":["Mercado"],"inLanguage":"pt-BR"},{"@type":"WebPage","@id":"https:\/\/dana.com.br\/canaldana\/2024\/04\/08\/mercedes-benz-argentina-tera-novo-polo-industrial-a-partir-2026-em-zarate\/","url":"https:\/\/dana.com.br\/canaldana\/2024\/04\/08\/mercedes-benz-argentina-tera-novo-polo-industrial-a-partir-2026-em-zarate\/","name":"Mercedes-Benz Argentina ter\u00e1 novo polo industrial a partir 2026 em Z\u00e1rate - Canal Dana","isPartOf":{"@id":"https:\/\/dana.com.br\/canaldana\/#website"},"datePublished":"2024-04-08T11:44:14+00:00","author":{"@id":"https:\/\/dana.com.br\/canaldana\/#\/schema\/person\/3c21f22f56fcf3bc46b94bc60ea4fef6"},"breadcrumb":{"@id":"https:\/\/dana.com.br\/canaldana\/2024\/04\/08\/mercedes-benz-argentina-tera-novo-polo-industrial-a-partir-2026-em-zarate\/#breadcrumb"},"inLanguage":"pt-BR","potentialAction":[{"@type":"ReadAction","target":["https:\/\/dana.com.br\/canaldana\/2024\/04\/08\/mercedes-benz-argentina-tera-novo-polo-industrial-a-partir-2026-em-zarate\/"]}]},{"@type":"BreadcrumbList","@id":"https:\/\/dana.com.br\/canaldana\/2024\/04\/08\/mercedes-benz-argentina-tera-novo-polo-industrial-a-partir-2026-em-zarate\/#breadcrumb","itemListElement":[{"@type":"ListItem","position":1,"name":"Home","item":"https:\/\/dana.com.br\/canaldana\/"},{"@type":"ListItem","position":2,"name":"Mercado","item":"https:\/\/dana.com.br\/canaldana\/mercado\/"},{"@type":"ListItem","position":3,"name":"Mercedes-Benz Argentina ter\u00e1 novo polo industrial a partir 2026 em Z\u00e1rate"}]},{"@type":"WebSite","@id":"https:\/\/dana.com.br\/canaldana\/#website","url":"https:\/\/dana.com.br\/canaldana\/","name":"Canal Dana","description":"Informativo com as principais not\u00edcias da ind\u00fastria automotiva","potentialAction":[{"@type":"SearchAction","target":{"@type":"EntryPoint","urlTemplate":"https:\/\/dana.com.br\/canaldana\/?s={search_term_string}"},"query-input":{"@type":"PropertyValueSpecification","valueRequired":true,"valueName":"search_term_string"}}],"inLanguage":"pt-BR"},{"@type":"Person","@id":"https:\/\/dana.com.br\/canaldana\/#\/schema\/person\/3c21f22f56fcf3bc46b94bc60ea4fef6","name":"Canal Dana","image":{"@type":"ImageObject","inLanguage":"pt-BR","@id":"https:\/\/secure.gravatar.com\/avatar\/420aaf9278582877d9018637c6817617705899d2858d7572ef0fe59a6b6454b4?s=96&d=mm&r=g","url":"https:\/\/secure.gravatar.com\/avatar\/420aaf9278582877d9018637c6817617705899d2858d7572ef0fe59a6b6454b4?s=96&d=mm&r=g","contentUrl":"https:\/\/secure.gravatar.com\/avatar\/420aaf9278582877d9018637c6817617705899d2858d7572ef0fe59a6b6454b4?s=96&d=mm&r=g","caption":"Canal Dana"},"url":"https:\/\/dana.com.br\/canaldana\/author\/cdeditor\/"}]}},"_links":{"self":[{"href":"https:\/\/dana.com.br\/canaldana\/wp-json\/wp\/v2\/posts\/72662","targetHints":{"allow":["GET"]}}],"collection":[{"href":"https:\/\/dana.com.br\/canaldana\/wp-json\/wp\/v2\/posts"}],"about":[{"href":"https:\/\/dana.com.br\/canaldana\/wp-json\/wp\/v2\/types\/post"}],"author":[{"embeddable":true,"href":"https:\/\/dana.com.br\/canaldana\/wp-json\/wp\/v2\/users\/3"}],"replies":[{"embeddable":true,"href":"https:\/\/dana.com.br\/canaldana\/wp-json\/wp\/v2\/comments?post=72662"}],"version-history":[{"count":1,"href":"https:\/\/dana.com.br\/canaldana\/wp-json\/wp\/v2\/posts\/72662\/revisions"}],"predecessor-version":[{"id":72663,"href":"https:\/\/dana.com.br\/canaldana\/wp-json\/wp\/v2\/posts\/72662\/revisions\/72663"}],"wp:attachment":[{"href":"https:\/\/dana.com.br\/canaldana\/wp-json\/wp\/v2\/media?parent=72662"}],"wp:term":[{"taxonomy":"category","embeddable":true,"href":"https:\/\/dana.com.br\/canaldana\/wp-json\/wp\/v2\/categories?post=72662"},{"taxonomy":"post_tag","embeddable":true,"href":"https:\/\/dana.com.br\/canaldana\/wp-json\/wp\/v2\/tags?post=72662"}],"curies":[{"name":"wp","href":"https:\/\/api.w.org\/{rel}","templated":true}]}}