{"id":72596,"date":"2024-04-04T08:30:10","date_gmt":"2024-04-04T11:30:10","guid":{"rendered":"https:\/\/dana.com.br\/canaldana\/?p=72596"},"modified":"2024-04-04T08:30:10","modified_gmt":"2024-04-04T11:30:10","slug":"marcelo-de-godoy-novo-presidente-da-abeifa-celebra-desempenho-em-vendas-das-associadas-a-entidade","status":"publish","type":"post","link":"https:\/\/dana.com.br\/canaldana\/2024\/04\/04\/marcelo-de-godoy-novo-presidente-da-abeifa-celebra-desempenho-em-vendas-das-associadas-a-entidade\/","title":{"rendered":"Marcelo de Godoy, novo presidente da Abeifa, celebra desempenho em vendas das associadas \u00e0 entidade"},"content":{"rendered":"<p><em>Blog Coisas de Agora<\/em><\/p>\n<p>&nbsp;<\/p>\n<p>As dez marcas filiadas \u00e0 Abeifa \u2013 Associa\u00e7\u00e3o Brasileira das Empresas Importadoras e Fabricantes de Ve\u00edculos Automotores, com licenciamento de 8.465 unidades, das quais 8.334 importadas e 131 ve\u00edculos de produ\u00e7\u00e3o nacional, anotaram em mar\u00e7o \u00faltimo aumento em suas vendas de 37,7% ante fevereiro, quando foram comercializadas 6.147 unidades. Comparado a mar\u00e7o do ano passado,\u00a0 o aumento \u00e9 de 185,3%: 8.465 unidades contra 2.967 ve\u00edculos.<\/p>\n<p>&nbsp;<\/p>\n<p>Na importa\u00e7\u00e3o, as 8.334 unidades vendidas significaram aumento de 38,6% ante as 6.012 unidades de fevereiro \u00faltimo e alta de 198% ante mar\u00e7o de 2023; enquanto na produ\u00e7\u00e3o nacional \u2013 com 131 unidades \u2013 a queda de vendas foi de 3% ante fevereiro \u00faltimo e tamb\u00e9m retra\u00e7\u00e3o de 22,9% ante mar\u00e7o de 2023.<\/p>\n<p>&nbsp;<\/p>\n<p>No acumulado do primeiro trimestre, importados mais as unidades aqui produzidas, a Abeifa soma 20.892 unidades, 205,2% mais em rela\u00e7\u00e3o ao primeiro trimestre de 2023, quando foram emplacadas 6.846 unidades.<\/p>\n<p>&nbsp;<\/p>\n<p>Destaque especial para ao dados de emplacamento de ve\u00edculos eletrificados em mar\u00e7o. Com 13.613 ve\u00edculos eletrificados licenciados no Pa\u00eds, as associadas \u00e0 Abeifa j\u00e1 responderam por 55,9% (7.606 unidades). No acumulado do trimestre, do total de 20.892 unidades, os ve\u00edculos eletrificados da entidade significam 89,6%. E respondem por 51,9% do mercado interno total de eletrificados.<\/p>\n<p>&nbsp;<\/p>\n<p>\u201cTratam-se de dados muito relevantes. Nossas associadas respondem por mais da metade dos ve\u00edculos eletrificados no Brasil, o que mostra a nossa verdadeira voca\u00e7\u00e3o, a de trazer tecnologia. Al\u00e9m disso, das dez marcas associadas, nove obtiveram desempenho de vendas positivo em mar\u00e7o, m\u00eas de muito alento para o setor\u201d, argumenta Marcelo de Godoy (imagem de abertura), novo presidente da Abeifa, eleito no dia 13 de mar\u00e7o \u00faltimo, ao lado de Juliana Lauro (vice-presidente) e Rodrigo Soares (diretor financeiro).<\/p>\n<p>&nbsp;<\/p>\n<p><strong>Participa\u00e7\u00f5es<\/strong><\/p>\n<p>&nbsp;<\/p>\n<p>Em mar\u00e7o \u00faltimo, com 8.465 unidades licenciadas (importados + produ\u00e7\u00e3o nacional), a participa\u00e7\u00e3o das associadas \u00e0 Abeifa foi de 4,81% do mercado total de autos e comerciais leves (175.982 unidades). Se consideradas somente as 8.334 unidades importadas, as associadas \u00e0 entidade responderam por apenas 4,73% do mercado interno brasileiro, enquanto as unidades nacionais, com 131 ve\u00edculos, significaram marketshare de 0,07%.<\/p>\n<p>&nbsp;<\/p>\n<p>As 20.892 unidades emplacadas no primeiro trimestre representam marketshare de 4,32% do total de 483.313 unidades do mercado interno brasileiro. (Blog Coisas de Agora)<\/p>\n","protected":false},"excerpt":{"rendered":"<p>Blog Coisas de Agora &nbsp; As dez marcas filiadas \u00e0 Abeifa \u2013 Associa\u00e7\u00e3o Brasileira das Empresas Importadoras e Fabricantes de Ve\u00edculos Automotores, com licenciamento de 8.465 unidades, das quais 8.334 importadas e 131 ve\u00edculos de produ\u00e7\u00e3o nacional, anotaram em mar\u00e7o \u00faltimo aumento em suas vendas de 37,7% ante fevereiro, quando foram comercializadas 6.147 unidades. Comparado\u2026 <a class=\"readmore\" href=\"https:\/\/dana.com.br\/canaldana\/2024\/04\/04\/marcelo-de-godoy-novo-presidente-da-abeifa-celebra-desempenho-em-vendas-das-associadas-a-entidade\/\">Leia mais \u00bb<\/a><\/p>\n","protected":false},"author":3,"featured_media":0,"comment_status":"closed","ping_status":"closed","sticky":false,"template":"","format":"standard","meta":{"_acf_changed":false,"footnotes":""},"categories":[79],"tags":[],"class_list":["post-72596","post","type-post","status-publish","format-standard","hentry","category-mercado"],"acf":[],"yoast_head":"<!-- This site is optimized with the Yoast SEO plugin v27.5 - https:\/\/yoast.com\/product\/yoast-seo-wordpress\/ -->\n<title>Marcelo de Godoy, novo presidente da Abeifa, celebra desempenho em vendas das associadas \u00e0 entidade - Canal Dana<\/title>\n<meta name=\"robots\" content=\"index, follow, max-snippet:-1, max-image-preview:large, max-video-preview:-1\" \/>\n<link rel=\"canonical\" href=\"https:\/\/dana.com.br\/canaldana\/2024\/04\/04\/marcelo-de-godoy-novo-presidente-da-abeifa-celebra-desempenho-em-vendas-das-associadas-a-entidade\/\" \/>\n<meta property=\"og:locale\" content=\"pt_BR\" \/>\n<meta property=\"og:type\" content=\"article\" \/>\n<meta property=\"og:title\" content=\"Marcelo de Godoy, novo presidente da Abeifa, celebra desempenho em vendas das associadas \u00e0 entidade - Canal Dana\" \/>\n<meta property=\"og:description\" content=\"Blog Coisas de Agora &nbsp; As dez marcas filiadas \u00e0 Abeifa \u2013 Associa\u00e7\u00e3o Brasileira das Empresas Importadoras e Fabricantes de Ve\u00edculos Automotores, com licenciamento de 8.465 unidades, das quais 8.334 importadas e 131 ve\u00edculos de produ\u00e7\u00e3o nacional, anotaram em mar\u00e7o \u00faltimo aumento em suas vendas de 37,7% ante fevereiro, quando foram comercializadas 6.147 unidades. Comparado\u2026 Leia mais \u00bb\" \/>\n<meta property=\"og:url\" content=\"https:\/\/dana.com.br\/canaldana\/2024\/04\/04\/marcelo-de-godoy-novo-presidente-da-abeifa-celebra-desempenho-em-vendas-das-associadas-a-entidade\/\" \/>\n<meta property=\"og:site_name\" content=\"Canal Dana\" \/>\n<meta property=\"article:published_time\" content=\"2024-04-04T11:30:10+00:00\" \/>\n<meta name=\"author\" content=\"Canal Dana\" \/>\n<meta name=\"twitter:card\" content=\"summary_large_image\" \/>\n<meta name=\"twitter:label1\" content=\"Escrito por\" \/>\n\t<meta name=\"twitter:data1\" content=\"Canal Dana\" \/>\n\t<meta name=\"twitter:label2\" content=\"Est. tempo de leitura\" \/>\n\t<meta name=\"twitter:data2\" content=\"3 minutos\" \/>\n<script type=\"application\/ld+json\" class=\"yoast-schema-graph\">{\"@context\":\"https:\\\/\\\/schema.org\",\"@graph\":[{\"@type\":\"Article\",\"@id\":\"https:\\\/\\\/dana.com.br\\\/canaldana\\\/2024\\\/04\\\/04\\\/marcelo-de-godoy-novo-presidente-da-abeifa-celebra-desempenho-em-vendas-das-associadas-a-entidade\\\/#article\",\"isPartOf\":{\"@id\":\"https:\\\/\\\/dana.com.br\\\/canaldana\\\/2024\\\/04\\\/04\\\/marcelo-de-godoy-novo-presidente-da-abeifa-celebra-desempenho-em-vendas-das-associadas-a-entidade\\\/\"},\"author\":{\"name\":\"Canal Dana\",\"@id\":\"https:\\\/\\\/dana.com.br\\\/canaldana\\\/#\\\/schema\\\/person\\\/3c21f22f56fcf3bc46b94bc60ea4fef6\"},\"headline\":\"Marcelo de Godoy, novo presidente da Abeifa, celebra desempenho em vendas das associadas \u00e0 entidade\",\"datePublished\":\"2024-04-04T11:30:10+00:00\",\"mainEntityOfPage\":{\"@id\":\"https:\\\/\\\/dana.com.br\\\/canaldana\\\/2024\\\/04\\\/04\\\/marcelo-de-godoy-novo-presidente-da-abeifa-celebra-desempenho-em-vendas-das-associadas-a-entidade\\\/\"},\"wordCount\":375,\"articleSection\":[\"Mercado\"],\"inLanguage\":\"pt-BR\"},{\"@type\":\"WebPage\",\"@id\":\"https:\\\/\\\/dana.com.br\\\/canaldana\\\/2024\\\/04\\\/04\\\/marcelo-de-godoy-novo-presidente-da-abeifa-celebra-desempenho-em-vendas-das-associadas-a-entidade\\\/\",\"url\":\"https:\\\/\\\/dana.com.br\\\/canaldana\\\/2024\\\/04\\\/04\\\/marcelo-de-godoy-novo-presidente-da-abeifa-celebra-desempenho-em-vendas-das-associadas-a-entidade\\\/\",\"name\":\"Marcelo de Godoy, novo presidente da Abeifa, celebra desempenho em vendas das associadas \u00e0 entidade - Canal Dana\",\"isPartOf\":{\"@id\":\"https:\\\/\\\/dana.com.br\\\/canaldana\\\/#website\"},\"datePublished\":\"2024-04-04T11:30:10+00:00\",\"author\":{\"@id\":\"https:\\\/\\\/dana.com.br\\\/canaldana\\\/#\\\/schema\\\/person\\\/3c21f22f56fcf3bc46b94bc60ea4fef6\"},\"breadcrumb\":{\"@id\":\"https:\\\/\\\/dana.com.br\\\/canaldana\\\/2024\\\/04\\\/04\\\/marcelo-de-godoy-novo-presidente-da-abeifa-celebra-desempenho-em-vendas-das-associadas-a-entidade\\\/#breadcrumb\"},\"inLanguage\":\"pt-BR\",\"potentialAction\":[{\"@type\":\"ReadAction\",\"target\":[\"https:\\\/\\\/dana.com.br\\\/canaldana\\\/2024\\\/04\\\/04\\\/marcelo-de-godoy-novo-presidente-da-abeifa-celebra-desempenho-em-vendas-das-associadas-a-entidade\\\/\"]}]},{\"@type\":\"BreadcrumbList\",\"@id\":\"https:\\\/\\\/dana.com.br\\\/canaldana\\\/2024\\\/04\\\/04\\\/marcelo-de-godoy-novo-presidente-da-abeifa-celebra-desempenho-em-vendas-das-associadas-a-entidade\\\/#breadcrumb\",\"itemListElement\":[{\"@type\":\"ListItem\",\"position\":1,\"name\":\"Home\",\"item\":\"https:\\\/\\\/dana.com.br\\\/canaldana\\\/\"},{\"@type\":\"ListItem\",\"position\":2,\"name\":\"Mercado\",\"item\":\"https:\\\/\\\/dana.com.br\\\/canaldana\\\/mercado\\\/\"},{\"@type\":\"ListItem\",\"position\":3,\"name\":\"Marcelo de Godoy, novo presidente da Abeifa, celebra desempenho em vendas das associadas \u00e0 entidade\"}]},{\"@type\":\"WebSite\",\"@id\":\"https:\\\/\\\/dana.com.br\\\/canaldana\\\/#website\",\"url\":\"https:\\\/\\\/dana.com.br\\\/canaldana\\\/\",\"name\":\"Canal Dana\",\"description\":\"Informativo com as principais not\u00edcias da ind\u00fastria automotiva\",\"potentialAction\":[{\"@type\":\"SearchAction\",\"target\":{\"@type\":\"EntryPoint\",\"urlTemplate\":\"https:\\\/\\\/dana.com.br\\\/canaldana\\\/?s={search_term_string}\"},\"query-input\":{\"@type\":\"PropertyValueSpecification\",\"valueRequired\":true,\"valueName\":\"search_term_string\"}}],\"inLanguage\":\"pt-BR\"},{\"@type\":\"Person\",\"@id\":\"https:\\\/\\\/dana.com.br\\\/canaldana\\\/#\\\/schema\\\/person\\\/3c21f22f56fcf3bc46b94bc60ea4fef6\",\"name\":\"Canal Dana\",\"image\":{\"@type\":\"ImageObject\",\"inLanguage\":\"pt-BR\",\"@id\":\"https:\\\/\\\/secure.gravatar.com\\\/avatar\\\/420aaf9278582877d9018637c6817617705899d2858d7572ef0fe59a6b6454b4?s=96&d=mm&r=g\",\"url\":\"https:\\\/\\\/secure.gravatar.com\\\/avatar\\\/420aaf9278582877d9018637c6817617705899d2858d7572ef0fe59a6b6454b4?s=96&d=mm&r=g\",\"contentUrl\":\"https:\\\/\\\/secure.gravatar.com\\\/avatar\\\/420aaf9278582877d9018637c6817617705899d2858d7572ef0fe59a6b6454b4?s=96&d=mm&r=g\",\"caption\":\"Canal Dana\"},\"url\":\"https:\\\/\\\/dana.com.br\\\/canaldana\\\/author\\\/cdeditor\\\/\"}]}<\/script>\n<!-- \/ Yoast SEO plugin. -->","yoast_head_json":{"title":"Marcelo de Godoy, novo presidente da Abeifa, celebra desempenho em vendas das associadas \u00e0 entidade - Canal Dana","robots":{"index":"index","follow":"follow","max-snippet":"max-snippet:-1","max-image-preview":"max-image-preview:large","max-video-preview":"max-video-preview:-1"},"canonical":"https:\/\/dana.com.br\/canaldana\/2024\/04\/04\/marcelo-de-godoy-novo-presidente-da-abeifa-celebra-desempenho-em-vendas-das-associadas-a-entidade\/","og_locale":"pt_BR","og_type":"article","og_title":"Marcelo de Godoy, novo presidente da Abeifa, celebra desempenho em vendas das associadas \u00e0 entidade - Canal Dana","og_description":"Blog Coisas de Agora &nbsp; As dez marcas filiadas \u00e0 Abeifa \u2013 Associa\u00e7\u00e3o Brasileira das Empresas Importadoras e Fabricantes de Ve\u00edculos Automotores, com licenciamento de 8.465 unidades, das quais 8.334 importadas e 131 ve\u00edculos de produ\u00e7\u00e3o nacional, anotaram em mar\u00e7o \u00faltimo aumento em suas vendas de 37,7% ante fevereiro, quando foram comercializadas 6.147 unidades. Comparado\u2026 Leia mais \u00bb","og_url":"https:\/\/dana.com.br\/canaldana\/2024\/04\/04\/marcelo-de-godoy-novo-presidente-da-abeifa-celebra-desempenho-em-vendas-das-associadas-a-entidade\/","og_site_name":"Canal Dana","article_published_time":"2024-04-04T11:30:10+00:00","author":"Canal Dana","twitter_card":"summary_large_image","twitter_misc":{"Escrito por":"Canal Dana","Est. tempo de leitura":"3 minutos"},"schema":{"@context":"https:\/\/schema.org","@graph":[{"@type":"Article","@id":"https:\/\/dana.com.br\/canaldana\/2024\/04\/04\/marcelo-de-godoy-novo-presidente-da-abeifa-celebra-desempenho-em-vendas-das-associadas-a-entidade\/#article","isPartOf":{"@id":"https:\/\/dana.com.br\/canaldana\/2024\/04\/04\/marcelo-de-godoy-novo-presidente-da-abeifa-celebra-desempenho-em-vendas-das-associadas-a-entidade\/"},"author":{"name":"Canal Dana","@id":"https:\/\/dana.com.br\/canaldana\/#\/schema\/person\/3c21f22f56fcf3bc46b94bc60ea4fef6"},"headline":"Marcelo de Godoy, novo presidente da Abeifa, celebra desempenho em vendas das associadas \u00e0 entidade","datePublished":"2024-04-04T11:30:10+00:00","mainEntityOfPage":{"@id":"https:\/\/dana.com.br\/canaldana\/2024\/04\/04\/marcelo-de-godoy-novo-presidente-da-abeifa-celebra-desempenho-em-vendas-das-associadas-a-entidade\/"},"wordCount":375,"articleSection":["Mercado"],"inLanguage":"pt-BR"},{"@type":"WebPage","@id":"https:\/\/dana.com.br\/canaldana\/2024\/04\/04\/marcelo-de-godoy-novo-presidente-da-abeifa-celebra-desempenho-em-vendas-das-associadas-a-entidade\/","url":"https:\/\/dana.com.br\/canaldana\/2024\/04\/04\/marcelo-de-godoy-novo-presidente-da-abeifa-celebra-desempenho-em-vendas-das-associadas-a-entidade\/","name":"Marcelo de Godoy, novo presidente da Abeifa, celebra desempenho em vendas das associadas \u00e0 entidade - Canal Dana","isPartOf":{"@id":"https:\/\/dana.com.br\/canaldana\/#website"},"datePublished":"2024-04-04T11:30:10+00:00","author":{"@id":"https:\/\/dana.com.br\/canaldana\/#\/schema\/person\/3c21f22f56fcf3bc46b94bc60ea4fef6"},"breadcrumb":{"@id":"https:\/\/dana.com.br\/canaldana\/2024\/04\/04\/marcelo-de-godoy-novo-presidente-da-abeifa-celebra-desempenho-em-vendas-das-associadas-a-entidade\/#breadcrumb"},"inLanguage":"pt-BR","potentialAction":[{"@type":"ReadAction","target":["https:\/\/dana.com.br\/canaldana\/2024\/04\/04\/marcelo-de-godoy-novo-presidente-da-abeifa-celebra-desempenho-em-vendas-das-associadas-a-entidade\/"]}]},{"@type":"BreadcrumbList","@id":"https:\/\/dana.com.br\/canaldana\/2024\/04\/04\/marcelo-de-godoy-novo-presidente-da-abeifa-celebra-desempenho-em-vendas-das-associadas-a-entidade\/#breadcrumb","itemListElement":[{"@type":"ListItem","position":1,"name":"Home","item":"https:\/\/dana.com.br\/canaldana\/"},{"@type":"ListItem","position":2,"name":"Mercado","item":"https:\/\/dana.com.br\/canaldana\/mercado\/"},{"@type":"ListItem","position":3,"name":"Marcelo de Godoy, novo presidente da Abeifa, celebra desempenho em vendas das associadas \u00e0 entidade"}]},{"@type":"WebSite","@id":"https:\/\/dana.com.br\/canaldana\/#website","url":"https:\/\/dana.com.br\/canaldana\/","name":"Canal Dana","description":"Informativo com as principais not\u00edcias da ind\u00fastria automotiva","potentialAction":[{"@type":"SearchAction","target":{"@type":"EntryPoint","urlTemplate":"https:\/\/dana.com.br\/canaldana\/?s={search_term_string}"},"query-input":{"@type":"PropertyValueSpecification","valueRequired":true,"valueName":"search_term_string"}}],"inLanguage":"pt-BR"},{"@type":"Person","@id":"https:\/\/dana.com.br\/canaldana\/#\/schema\/person\/3c21f22f56fcf3bc46b94bc60ea4fef6","name":"Canal Dana","image":{"@type":"ImageObject","inLanguage":"pt-BR","@id":"https:\/\/secure.gravatar.com\/avatar\/420aaf9278582877d9018637c6817617705899d2858d7572ef0fe59a6b6454b4?s=96&d=mm&r=g","url":"https:\/\/secure.gravatar.com\/avatar\/420aaf9278582877d9018637c6817617705899d2858d7572ef0fe59a6b6454b4?s=96&d=mm&r=g","contentUrl":"https:\/\/secure.gravatar.com\/avatar\/420aaf9278582877d9018637c6817617705899d2858d7572ef0fe59a6b6454b4?s=96&d=mm&r=g","caption":"Canal Dana"},"url":"https:\/\/dana.com.br\/canaldana\/author\/cdeditor\/"}]}},"_links":{"self":[{"href":"https:\/\/dana.com.br\/canaldana\/wp-json\/wp\/v2\/posts\/72596","targetHints":{"allow":["GET"]}}],"collection":[{"href":"https:\/\/dana.com.br\/canaldana\/wp-json\/wp\/v2\/posts"}],"about":[{"href":"https:\/\/dana.com.br\/canaldana\/wp-json\/wp\/v2\/types\/post"}],"author":[{"embeddable":true,"href":"https:\/\/dana.com.br\/canaldana\/wp-json\/wp\/v2\/users\/3"}],"replies":[{"embeddable":true,"href":"https:\/\/dana.com.br\/canaldana\/wp-json\/wp\/v2\/comments?post=72596"}],"version-history":[{"count":1,"href":"https:\/\/dana.com.br\/canaldana\/wp-json\/wp\/v2\/posts\/72596\/revisions"}],"predecessor-version":[{"id":72597,"href":"https:\/\/dana.com.br\/canaldana\/wp-json\/wp\/v2\/posts\/72596\/revisions\/72597"}],"wp:attachment":[{"href":"https:\/\/dana.com.br\/canaldana\/wp-json\/wp\/v2\/media?parent=72596"}],"wp:term":[{"taxonomy":"category","embeddable":true,"href":"https:\/\/dana.com.br\/canaldana\/wp-json\/wp\/v2\/categories?post=72596"},{"taxonomy":"post_tag","embeddable":true,"href":"https:\/\/dana.com.br\/canaldana\/wp-json\/wp\/v2\/tags?post=72596"}],"curies":[{"name":"wp","href":"https:\/\/api.w.org\/{rel}","templated":true}]}}