{"id":72558,"date":"2024-04-03T08:59:48","date_gmt":"2024-04-03T11:59:48","guid":{"rendered":"https:\/\/dana.com.br\/canaldana\/?p=72558"},"modified":"2024-04-03T08:59:48","modified_gmt":"2024-04-03T11:59:48","slug":"venda-de-comerciais-pesados-cai-307-na-argentina","status":"publish","type":"post","link":"https:\/\/dana.com.br\/canaldana\/2024\/04\/03\/venda-de-comerciais-pesados-cai-307-na-argentina\/","title":{"rendered":"Venda de comerciais pesados cai 30,7% na Argentina"},"content":{"rendered":"<p><em>Truck &amp; Bus Builder Am\u00e9rica do Sul<\/em><\/p>\n<p>&nbsp;<\/p>\n<p>A Argentina fechou o primeiro trimestre deste ano com queda de 30,7% na compara\u00e7\u00e3o com igual per\u00edodo do ano passado, com a venda acumulada de 2.477 ve\u00edculos comerciais pesados, contra 3.574 unidades registradas em igual per\u00edodo de 2023. Em vendas mensais foram faturados 699 ve\u00edculos, 34,6% menos na compara\u00e7\u00e3o com os 1.068 ve\u00edculos faturados em igual m\u00eas de 2023.<\/p>\n<p>&nbsp;<\/p>\n<p>Al\u00e9m das dificuldades que ainda perduram, como a morosidade para a aprova\u00e7\u00e3o de cr\u00e9ditos banc\u00e1rios e conter os juros elevados, o mercado argentino sofre as consequ\u00eancias da nova estrat\u00e9gia do governo do presidente Javier Milei, com uma das maiores infla\u00e7\u00f5es e pre\u00e7os elevados, que comprometem as vendas.<\/p>\n<p>&nbsp;<\/p>\n<p>Com isso, os argentinos d\u00e3o prefer\u00eancia \u00e0 compra de medicamentos e alimentos, o que compromete a aquisi\u00e7\u00e3o de ve\u00edculos, mesmo os utilizados para o transporte de passageiros e de carga.<\/p>\n<p>&nbsp;<\/p>\n<p>Outra caracter\u00edstica do mercado argentino \u00e9 a disputa pelo mercado entre a Mercedes-Benz e a IVECO. Em mar\u00e7o, entre os dez ve\u00edculos pesados mais vendidos na Argentina seis modelos foram Mercedes-Benz e quatro IVECO.\u00a0 E entre as vinte unidades preferidas, onze foram da Mercedes-Benz, oito da IVECO e apenas um da Agrale. Scania e Volvo, duas tradicionais marcas presentes no mercado argentino n\u00e3o tiveram ve\u00edculo classificado entre os 20 mais vendidos.<\/p>\n<p>&nbsp;<\/p>\n<p>Enquanto a Mercedes-Benz dominou as vendas no acumulado com 1.190 unidades e a participa\u00e7\u00e3o de 48,0%, com a queda de 7,1% sobre as 1.281 unidades registradas no mesmo per\u00edodo de 2023, a IVECO faturou 715 ve\u00edculos, com a participa\u00e7\u00e3o de 28,9% e a retra\u00e7\u00e3o de 45,7% na compara\u00e7\u00e3o com as 1.316 unidades do ano passado.\u00a0 Em terceiro ficou a Volkswagen, com 170 ve\u00edculos e 6,9%, \u00fanica marca entre as cinco primeiras a registrar crescimento em rela\u00e7\u00e3o ao primeiro trimestre do ano passado, seguida pela Scania, com 147 e 5,9%, e Agrale, com 90 unidades e 3,68%.<\/p>\n<p>&nbsp;<\/p>\n<p>O reflexo da dificuldade do mercado argentino tamb\u00e9m pode ser exemplificado com os resultados registrados no final do primeiro trimestre com a queda de vendas de sete marcas. As \u00fanicas que registraram ascens\u00e3o foram a Volkswagen, com 170 ve\u00edculos (26,9%) sobre as 134 unidades comercializadas no primeiro trimestre de 2023; a Foton, com a venda de 35 ve\u00edculos, que correspondem ao crescimento de 150,0% sobre as 14 unidades vendidas no primeiro trimestre do ano passado, e a Isuzu, com 17 ve\u00edculos, contra 7 no per\u00edodo anterior e 142,9% de crescimento.<\/p>\n<p>&nbsp;<\/p>\n<p>Entre os modelos, o caminh\u00e3o Mercedes-Benz Atego 1729S, com 185 unidades foi o mais vendido no trimestre, seguido pelo IVECO 170E, com 163, e pelo Mercedes-Benz Accelo 815, com 128, o Mercedes-Benz Atego 1721, com 122, e o chassi de \u00f4nibus Mercedes-Benz BMO 384, com 101 unidades. (Truck &amp; Bus Builder Am\u00e9rica do Sul)<\/p>\n","protected":false},"excerpt":{"rendered":"<p>Truck &amp; Bus Builder Am\u00e9rica do Sul &nbsp; A Argentina fechou o primeiro trimestre deste ano com queda de 30,7% na compara\u00e7\u00e3o com igual per\u00edodo do ano passado, com a venda acumulada de 2.477 ve\u00edculos comerciais pesados, contra 3.574 unidades registradas em igual per\u00edodo de 2023. Em vendas mensais foram faturados 699 ve\u00edculos, 34,6% menos\u2026 <a class=\"readmore\" href=\"https:\/\/dana.com.br\/canaldana\/2024\/04\/03\/venda-de-comerciais-pesados-cai-307-na-argentina\/\">Leia mais \u00bb<\/a><\/p>\n","protected":false},"author":3,"featured_media":0,"comment_status":"closed","ping_status":"closed","sticky":false,"template":"","format":"standard","meta":{"_acf_changed":false,"footnotes":""},"categories":[79],"tags":[],"class_list":["post-72558","post","type-post","status-publish","format-standard","hentry","category-mercado"],"acf":[],"yoast_head":"<!-- This site is optimized with the Yoast SEO plugin v27.3 - https:\/\/yoast.com\/product\/yoast-seo-wordpress\/ -->\n<title>Venda de comerciais pesados cai 30,7% na Argentina - Canal Dana<\/title>\n<meta name=\"robots\" content=\"index, follow, max-snippet:-1, max-image-preview:large, max-video-preview:-1\" \/>\n<link rel=\"canonical\" href=\"https:\/\/dana.com.br\/canaldana\/2024\/04\/03\/venda-de-comerciais-pesados-cai-307-na-argentina\/\" \/>\n<meta property=\"og:locale\" content=\"pt_BR\" \/>\n<meta property=\"og:type\" content=\"article\" \/>\n<meta property=\"og:title\" content=\"Venda de comerciais pesados cai 30,7% na Argentina - Canal Dana\" \/>\n<meta property=\"og:description\" content=\"Truck &amp; Bus Builder Am\u00e9rica do Sul &nbsp; A Argentina fechou o primeiro trimestre deste ano com queda de 30,7% na compara\u00e7\u00e3o com igual per\u00edodo do ano passado, com a venda acumulada de 2.477 ve\u00edculos comerciais pesados, contra 3.574 unidades registradas em igual per\u00edodo de 2023. Em vendas mensais foram faturados 699 ve\u00edculos, 34,6% menos\u2026 Leia mais \u00bb\" \/>\n<meta property=\"og:url\" content=\"https:\/\/dana.com.br\/canaldana\/2024\/04\/03\/venda-de-comerciais-pesados-cai-307-na-argentina\/\" \/>\n<meta property=\"og:site_name\" content=\"Canal Dana\" \/>\n<meta property=\"article:published_time\" content=\"2024-04-03T11:59:48+00:00\" \/>\n<meta name=\"author\" content=\"Canal Dana\" \/>\n<meta name=\"twitter:card\" content=\"summary_large_image\" \/>\n<meta name=\"twitter:label1\" content=\"Escrito por\" \/>\n\t<meta name=\"twitter:data1\" content=\"Canal Dana\" \/>\n\t<meta name=\"twitter:label2\" content=\"Est. tempo de leitura\" \/>\n\t<meta name=\"twitter:data2\" content=\"3 minutos\" \/>\n<script type=\"application\/ld+json\" class=\"yoast-schema-graph\">{\"@context\":\"https:\\\/\\\/schema.org\",\"@graph\":[{\"@type\":\"Article\",\"@id\":\"https:\\\/\\\/dana.com.br\\\/canaldana\\\/2024\\\/04\\\/03\\\/venda-de-comerciais-pesados-cai-307-na-argentina\\\/#article\",\"isPartOf\":{\"@id\":\"https:\\\/\\\/dana.com.br\\\/canaldana\\\/2024\\\/04\\\/03\\\/venda-de-comerciais-pesados-cai-307-na-argentina\\\/\"},\"author\":{\"name\":\"Canal Dana\",\"@id\":\"https:\\\/\\\/dana.com.br\\\/canaldana\\\/#\\\/schema\\\/person\\\/3c21f22f56fcf3bc46b94bc60ea4fef6\"},\"headline\":\"Venda de comerciais pesados cai 30,7% na Argentina\",\"datePublished\":\"2024-04-03T11:59:48+00:00\",\"mainEntityOfPage\":{\"@id\":\"https:\\\/\\\/dana.com.br\\\/canaldana\\\/2024\\\/04\\\/03\\\/venda-de-comerciais-pesados-cai-307-na-argentina\\\/\"},\"wordCount\":466,\"articleSection\":[\"Mercado\"],\"inLanguage\":\"pt-BR\"},{\"@type\":\"WebPage\",\"@id\":\"https:\\\/\\\/dana.com.br\\\/canaldana\\\/2024\\\/04\\\/03\\\/venda-de-comerciais-pesados-cai-307-na-argentina\\\/\",\"url\":\"https:\\\/\\\/dana.com.br\\\/canaldana\\\/2024\\\/04\\\/03\\\/venda-de-comerciais-pesados-cai-307-na-argentina\\\/\",\"name\":\"Venda de comerciais pesados cai 30,7% na Argentina - Canal Dana\",\"isPartOf\":{\"@id\":\"https:\\\/\\\/dana.com.br\\\/canaldana\\\/#website\"},\"datePublished\":\"2024-04-03T11:59:48+00:00\",\"author\":{\"@id\":\"https:\\\/\\\/dana.com.br\\\/canaldana\\\/#\\\/schema\\\/person\\\/3c21f22f56fcf3bc46b94bc60ea4fef6\"},\"breadcrumb\":{\"@id\":\"https:\\\/\\\/dana.com.br\\\/canaldana\\\/2024\\\/04\\\/03\\\/venda-de-comerciais-pesados-cai-307-na-argentina\\\/#breadcrumb\"},\"inLanguage\":\"pt-BR\",\"potentialAction\":[{\"@type\":\"ReadAction\",\"target\":[\"https:\\\/\\\/dana.com.br\\\/canaldana\\\/2024\\\/04\\\/03\\\/venda-de-comerciais-pesados-cai-307-na-argentina\\\/\"]}]},{\"@type\":\"BreadcrumbList\",\"@id\":\"https:\\\/\\\/dana.com.br\\\/canaldana\\\/2024\\\/04\\\/03\\\/venda-de-comerciais-pesados-cai-307-na-argentina\\\/#breadcrumb\",\"itemListElement\":[{\"@type\":\"ListItem\",\"position\":1,\"name\":\"Home\",\"item\":\"https:\\\/\\\/dana.com.br\\\/canaldana\\\/\"},{\"@type\":\"ListItem\",\"position\":2,\"name\":\"Mercado\",\"item\":\"https:\\\/\\\/dana.com.br\\\/canaldana\\\/mercado\\\/\"},{\"@type\":\"ListItem\",\"position\":3,\"name\":\"Venda de comerciais pesados cai 30,7% na Argentina\"}]},{\"@type\":\"WebSite\",\"@id\":\"https:\\\/\\\/dana.com.br\\\/canaldana\\\/#website\",\"url\":\"https:\\\/\\\/dana.com.br\\\/canaldana\\\/\",\"name\":\"Canal Dana\",\"description\":\"Informativo com as principais not\u00edcias da ind\u00fastria automotiva\",\"potentialAction\":[{\"@type\":\"SearchAction\",\"target\":{\"@type\":\"EntryPoint\",\"urlTemplate\":\"https:\\\/\\\/dana.com.br\\\/canaldana\\\/?s={search_term_string}\"},\"query-input\":{\"@type\":\"PropertyValueSpecification\",\"valueRequired\":true,\"valueName\":\"search_term_string\"}}],\"inLanguage\":\"pt-BR\"},{\"@type\":\"Person\",\"@id\":\"https:\\\/\\\/dana.com.br\\\/canaldana\\\/#\\\/schema\\\/person\\\/3c21f22f56fcf3bc46b94bc60ea4fef6\",\"name\":\"Canal Dana\",\"image\":{\"@type\":\"ImageObject\",\"inLanguage\":\"pt-BR\",\"@id\":\"https:\\\/\\\/secure.gravatar.com\\\/avatar\\\/420aaf9278582877d9018637c6817617705899d2858d7572ef0fe59a6b6454b4?s=96&d=mm&r=g\",\"url\":\"https:\\\/\\\/secure.gravatar.com\\\/avatar\\\/420aaf9278582877d9018637c6817617705899d2858d7572ef0fe59a6b6454b4?s=96&d=mm&r=g\",\"contentUrl\":\"https:\\\/\\\/secure.gravatar.com\\\/avatar\\\/420aaf9278582877d9018637c6817617705899d2858d7572ef0fe59a6b6454b4?s=96&d=mm&r=g\",\"caption\":\"Canal Dana\"},\"url\":\"https:\\\/\\\/dana.com.br\\\/canaldana\\\/author\\\/cdeditor\\\/\"}]}<\/script>\n<!-- \/ Yoast SEO plugin. -->","yoast_head_json":{"title":"Venda de comerciais pesados cai 30,7% na Argentina - Canal Dana","robots":{"index":"index","follow":"follow","max-snippet":"max-snippet:-1","max-image-preview":"max-image-preview:large","max-video-preview":"max-video-preview:-1"},"canonical":"https:\/\/dana.com.br\/canaldana\/2024\/04\/03\/venda-de-comerciais-pesados-cai-307-na-argentina\/","og_locale":"pt_BR","og_type":"article","og_title":"Venda de comerciais pesados cai 30,7% na Argentina - Canal Dana","og_description":"Truck &amp; Bus Builder Am\u00e9rica do Sul &nbsp; A Argentina fechou o primeiro trimestre deste ano com queda de 30,7% na compara\u00e7\u00e3o com igual per\u00edodo do ano passado, com a venda acumulada de 2.477 ve\u00edculos comerciais pesados, contra 3.574 unidades registradas em igual per\u00edodo de 2023. Em vendas mensais foram faturados 699 ve\u00edculos, 34,6% menos\u2026 Leia mais \u00bb","og_url":"https:\/\/dana.com.br\/canaldana\/2024\/04\/03\/venda-de-comerciais-pesados-cai-307-na-argentina\/","og_site_name":"Canal Dana","article_published_time":"2024-04-03T11:59:48+00:00","author":"Canal Dana","twitter_card":"summary_large_image","twitter_misc":{"Escrito por":"Canal Dana","Est. tempo de leitura":"3 minutos"},"schema":{"@context":"https:\/\/schema.org","@graph":[{"@type":"Article","@id":"https:\/\/dana.com.br\/canaldana\/2024\/04\/03\/venda-de-comerciais-pesados-cai-307-na-argentina\/#article","isPartOf":{"@id":"https:\/\/dana.com.br\/canaldana\/2024\/04\/03\/venda-de-comerciais-pesados-cai-307-na-argentina\/"},"author":{"name":"Canal Dana","@id":"https:\/\/dana.com.br\/canaldana\/#\/schema\/person\/3c21f22f56fcf3bc46b94bc60ea4fef6"},"headline":"Venda de comerciais pesados cai 30,7% na Argentina","datePublished":"2024-04-03T11:59:48+00:00","mainEntityOfPage":{"@id":"https:\/\/dana.com.br\/canaldana\/2024\/04\/03\/venda-de-comerciais-pesados-cai-307-na-argentina\/"},"wordCount":466,"articleSection":["Mercado"],"inLanguage":"pt-BR"},{"@type":"WebPage","@id":"https:\/\/dana.com.br\/canaldana\/2024\/04\/03\/venda-de-comerciais-pesados-cai-307-na-argentina\/","url":"https:\/\/dana.com.br\/canaldana\/2024\/04\/03\/venda-de-comerciais-pesados-cai-307-na-argentina\/","name":"Venda de comerciais pesados cai 30,7% na Argentina - Canal Dana","isPartOf":{"@id":"https:\/\/dana.com.br\/canaldana\/#website"},"datePublished":"2024-04-03T11:59:48+00:00","author":{"@id":"https:\/\/dana.com.br\/canaldana\/#\/schema\/person\/3c21f22f56fcf3bc46b94bc60ea4fef6"},"breadcrumb":{"@id":"https:\/\/dana.com.br\/canaldana\/2024\/04\/03\/venda-de-comerciais-pesados-cai-307-na-argentina\/#breadcrumb"},"inLanguage":"pt-BR","potentialAction":[{"@type":"ReadAction","target":["https:\/\/dana.com.br\/canaldana\/2024\/04\/03\/venda-de-comerciais-pesados-cai-307-na-argentina\/"]}]},{"@type":"BreadcrumbList","@id":"https:\/\/dana.com.br\/canaldana\/2024\/04\/03\/venda-de-comerciais-pesados-cai-307-na-argentina\/#breadcrumb","itemListElement":[{"@type":"ListItem","position":1,"name":"Home","item":"https:\/\/dana.com.br\/canaldana\/"},{"@type":"ListItem","position":2,"name":"Mercado","item":"https:\/\/dana.com.br\/canaldana\/mercado\/"},{"@type":"ListItem","position":3,"name":"Venda de comerciais pesados cai 30,7% na Argentina"}]},{"@type":"WebSite","@id":"https:\/\/dana.com.br\/canaldana\/#website","url":"https:\/\/dana.com.br\/canaldana\/","name":"Canal Dana","description":"Informativo com as principais not\u00edcias da ind\u00fastria automotiva","potentialAction":[{"@type":"SearchAction","target":{"@type":"EntryPoint","urlTemplate":"https:\/\/dana.com.br\/canaldana\/?s={search_term_string}"},"query-input":{"@type":"PropertyValueSpecification","valueRequired":true,"valueName":"search_term_string"}}],"inLanguage":"pt-BR"},{"@type":"Person","@id":"https:\/\/dana.com.br\/canaldana\/#\/schema\/person\/3c21f22f56fcf3bc46b94bc60ea4fef6","name":"Canal Dana","image":{"@type":"ImageObject","inLanguage":"pt-BR","@id":"https:\/\/secure.gravatar.com\/avatar\/420aaf9278582877d9018637c6817617705899d2858d7572ef0fe59a6b6454b4?s=96&d=mm&r=g","url":"https:\/\/secure.gravatar.com\/avatar\/420aaf9278582877d9018637c6817617705899d2858d7572ef0fe59a6b6454b4?s=96&d=mm&r=g","contentUrl":"https:\/\/secure.gravatar.com\/avatar\/420aaf9278582877d9018637c6817617705899d2858d7572ef0fe59a6b6454b4?s=96&d=mm&r=g","caption":"Canal Dana"},"url":"https:\/\/dana.com.br\/canaldana\/author\/cdeditor\/"}]}},"_links":{"self":[{"href":"https:\/\/dana.com.br\/canaldana\/wp-json\/wp\/v2\/posts\/72558","targetHints":{"allow":["GET"]}}],"collection":[{"href":"https:\/\/dana.com.br\/canaldana\/wp-json\/wp\/v2\/posts"}],"about":[{"href":"https:\/\/dana.com.br\/canaldana\/wp-json\/wp\/v2\/types\/post"}],"author":[{"embeddable":true,"href":"https:\/\/dana.com.br\/canaldana\/wp-json\/wp\/v2\/users\/3"}],"replies":[{"embeddable":true,"href":"https:\/\/dana.com.br\/canaldana\/wp-json\/wp\/v2\/comments?post=72558"}],"version-history":[{"count":1,"href":"https:\/\/dana.com.br\/canaldana\/wp-json\/wp\/v2\/posts\/72558\/revisions"}],"predecessor-version":[{"id":72559,"href":"https:\/\/dana.com.br\/canaldana\/wp-json\/wp\/v2\/posts\/72558\/revisions\/72559"}],"wp:attachment":[{"href":"https:\/\/dana.com.br\/canaldana\/wp-json\/wp\/v2\/media?parent=72558"}],"wp:term":[{"taxonomy":"category","embeddable":true,"href":"https:\/\/dana.com.br\/canaldana\/wp-json\/wp\/v2\/categories?post=72558"},{"taxonomy":"post_tag","embeddable":true,"href":"https:\/\/dana.com.br\/canaldana\/wp-json\/wp\/v2\/tags?post=72558"}],"curies":[{"name":"wp","href":"https:\/\/api.w.org\/{rel}","templated":true}]}}