{"id":72466,"date":"2024-03-28T09:21:43","date_gmt":"2024-03-28T12:21:43","guid":{"rendered":"https:\/\/dana.com.br\/canaldana\/?p=72466"},"modified":"2024-03-28T09:21:43","modified_gmt":"2024-03-28T12:21:43","slug":"volvo-cars-encerra-producao-de-veiculos-a-diesel","status":"publish","type":"post","link":"https:\/\/dana.com.br\/canaldana\/2024\/03\/28\/volvo-cars-encerra-producao-de-veiculos-a-diesel\/","title":{"rendered":"Volvo Cars encerra produ\u00e7\u00e3o de ve\u00edculos a diesel"},"content":{"rendered":"<p><em>AutoInd\u00fastria<\/em><\/p>\n<p>&nbsp;<\/p>\n<p>H\u00e1 bom tempo a Volvo Cars se imp\u00f4s o desafio de produzir e vender somente carros movidos exclusivamente a eletricidade at\u00e9 2030 e se tornar uma empresa neutra em emiss\u00f5es de CO2 no m\u00e1ximo dez anos depois. No ano passado, como prova desse encaminhamento rumo \u00e0 eletrifica\u00e7\u00e3o total, a montadora de origem sueca anunciou que encerraria a produ\u00e7\u00e3o de todos os seus ve\u00edculos movidos a diesel at\u00e9 ao in\u00edcio de 2024.<\/p>\n<p>&nbsp;<\/p>\n<p>Pois a promessa acaba de ser cumprida. O \u00faltimo autom\u00f3vel a diesel da hist\u00f3ria da marca saiu da linha de montagem de Gotemburgo Su\u00e9cia, na noite desta ter\u00e7a-feira, 26, depois de 45 anos. O hist\u00f3rico ve\u00edculo \u00e9 um Volvo XC90 pintado de azul e equipado com motor 2.0 turbo de quatro cilindros.<\/p>\n<p>&nbsp;<\/p>\n<p>Contudo, o fim dos motores diesel n\u00e3o encerra a produ\u00e7\u00e3o de ve\u00edculos Volvo a combust\u00e3o, o que dever\u00e1 acontecer mais para frente, antes, claro, de 2030, quando tamb\u00e9m a empresa abandonar\u00e1 propulsores a gasolina.<\/p>\n<p>&nbsp;<\/p>\n<p>De qualquer maneira, trata-se de um momento hist\u00f3rico e representativo do r\u00e1pido processo de eletrifica\u00e7\u00e3o da produ\u00e7\u00e3o da Volvo, que desde 2010 pertence \u00e0 chinesa Geely, e tamb\u00e9m do mercado europeu, apesar de todas as dificuldades de infraestrutura de carregamento e pre\u00e7os elevados dos ve\u00edculos el\u00e9tricos.<\/p>\n<p>&nbsp;<\/p>\n<p>H\u00e1 apenas cinco anos, a maioria dos autom\u00f3veis da Volvo vendidos na Europa contava com motores diesel e modelos topo de linha, como o XC90, eram quase que exclusivamente movidos pela queima desse combust\u00edvel. Em 2023, por\u00e9m, os carros a diesel responderam por menos de 14% das vendas na regi\u00e3o, enquanto os el\u00e9tricos chegaram a quase 15%, segundo a Acea, a associa\u00e7\u00e3o das montadoras locais.<\/p>\n<p>&nbsp;<\/p>\n<p>\u201cOs motores el\u00e9tricos s\u00e3o o nosso futuro e s\u00e3o superiores aos motores de combust\u00e3o: geram menos ru\u00eddo, menos vibra\u00e7\u00e3o, menos custos de manuten\u00e7\u00e3o para os nossos clientes e zero emiss\u00f5es de escape\u201d, afirmou Jim Rowan, CEO da Volvo Cars, que foi enf\u00e1tico ao dizer que a empresa n\u00e3o gastar\u00e1 mais nenhum centavo do or\u00e7amento de pesquisa e desenvolvimento com motores de combust\u00e3o interna. (AutoInd\u00fastria)<\/p>\n","protected":false},"excerpt":{"rendered":"<p>AutoInd\u00fastria &nbsp; H\u00e1 bom tempo a Volvo Cars se imp\u00f4s o desafio de produzir e vender somente carros movidos exclusivamente a eletricidade at\u00e9 2030 e se tornar uma empresa neutra em emiss\u00f5es de CO2 no m\u00e1ximo dez anos depois. No ano passado, como prova desse encaminhamento rumo \u00e0 eletrifica\u00e7\u00e3o total, a montadora de origem sueca\u2026 <a class=\"readmore\" href=\"https:\/\/dana.com.br\/canaldana\/2024\/03\/28\/volvo-cars-encerra-producao-de-veiculos-a-diesel\/\">Leia mais \u00bb<\/a><\/p>\n","protected":false},"author":3,"featured_media":0,"comment_status":"closed","ping_status":"closed","sticky":false,"template":"","format":"standard","meta":{"_acf_changed":false,"footnotes":""},"categories":[79],"tags":[],"class_list":["post-72466","post","type-post","status-publish","format-standard","hentry","category-mercado"],"acf":[],"yoast_head":"<!-- This site is optimized with the Yoast SEO plugin v27.3 - https:\/\/yoast.com\/product\/yoast-seo-wordpress\/ -->\n<title>Volvo Cars encerra produ\u00e7\u00e3o de ve\u00edculos a diesel - Canal Dana<\/title>\n<meta name=\"robots\" content=\"index, follow, max-snippet:-1, max-image-preview:large, max-video-preview:-1\" \/>\n<link rel=\"canonical\" href=\"https:\/\/dana.com.br\/canaldana\/2024\/03\/28\/volvo-cars-encerra-producao-de-veiculos-a-diesel\/\" \/>\n<meta property=\"og:locale\" content=\"pt_BR\" \/>\n<meta property=\"og:type\" content=\"article\" \/>\n<meta property=\"og:title\" content=\"Volvo Cars encerra produ\u00e7\u00e3o de ve\u00edculos a diesel - Canal Dana\" \/>\n<meta property=\"og:description\" content=\"AutoInd\u00fastria &nbsp; H\u00e1 bom tempo a Volvo Cars se imp\u00f4s o desafio de produzir e vender somente carros movidos exclusivamente a eletricidade at\u00e9 2030 e se tornar uma empresa neutra em emiss\u00f5es de CO2 no m\u00e1ximo dez anos depois. No ano passado, como prova desse encaminhamento rumo \u00e0 eletrifica\u00e7\u00e3o total, a montadora de origem sueca\u2026 Leia mais \u00bb\" \/>\n<meta property=\"og:url\" content=\"https:\/\/dana.com.br\/canaldana\/2024\/03\/28\/volvo-cars-encerra-producao-de-veiculos-a-diesel\/\" \/>\n<meta property=\"og:site_name\" content=\"Canal Dana\" \/>\n<meta property=\"article:published_time\" content=\"2024-03-28T12:21:43+00:00\" \/>\n<meta name=\"author\" content=\"Canal Dana\" \/>\n<meta name=\"twitter:card\" content=\"summary_large_image\" \/>\n<meta name=\"twitter:label1\" content=\"Escrito por\" \/>\n\t<meta name=\"twitter:data1\" content=\"Canal Dana\" \/>\n\t<meta name=\"twitter:label2\" content=\"Est. tempo de leitura\" \/>\n\t<meta name=\"twitter:data2\" content=\"2 minutos\" \/>\n<script type=\"application\/ld+json\" class=\"yoast-schema-graph\">{\"@context\":\"https:\\\/\\\/schema.org\",\"@graph\":[{\"@type\":\"Article\",\"@id\":\"https:\\\/\\\/dana.com.br\\\/canaldana\\\/2024\\\/03\\\/28\\\/volvo-cars-encerra-producao-de-veiculos-a-diesel\\\/#article\",\"isPartOf\":{\"@id\":\"https:\\\/\\\/dana.com.br\\\/canaldana\\\/2024\\\/03\\\/28\\\/volvo-cars-encerra-producao-de-veiculos-a-diesel\\\/\"},\"author\":{\"name\":\"Canal Dana\",\"@id\":\"https:\\\/\\\/dana.com.br\\\/canaldana\\\/#\\\/schema\\\/person\\\/3c21f22f56fcf3bc46b94bc60ea4fef6\"},\"headline\":\"Volvo Cars encerra produ\u00e7\u00e3o de ve\u00edculos a diesel\",\"datePublished\":\"2024-03-28T12:21:43+00:00\",\"mainEntityOfPage\":{\"@id\":\"https:\\\/\\\/dana.com.br\\\/canaldana\\\/2024\\\/03\\\/28\\\/volvo-cars-encerra-producao-de-veiculos-a-diesel\\\/\"},\"wordCount\":382,\"articleSection\":[\"Mercado\"],\"inLanguage\":\"pt-BR\"},{\"@type\":\"WebPage\",\"@id\":\"https:\\\/\\\/dana.com.br\\\/canaldana\\\/2024\\\/03\\\/28\\\/volvo-cars-encerra-producao-de-veiculos-a-diesel\\\/\",\"url\":\"https:\\\/\\\/dana.com.br\\\/canaldana\\\/2024\\\/03\\\/28\\\/volvo-cars-encerra-producao-de-veiculos-a-diesel\\\/\",\"name\":\"Volvo Cars encerra produ\u00e7\u00e3o de ve\u00edculos a diesel - Canal Dana\",\"isPartOf\":{\"@id\":\"https:\\\/\\\/dana.com.br\\\/canaldana\\\/#website\"},\"datePublished\":\"2024-03-28T12:21:43+00:00\",\"author\":{\"@id\":\"https:\\\/\\\/dana.com.br\\\/canaldana\\\/#\\\/schema\\\/person\\\/3c21f22f56fcf3bc46b94bc60ea4fef6\"},\"breadcrumb\":{\"@id\":\"https:\\\/\\\/dana.com.br\\\/canaldana\\\/2024\\\/03\\\/28\\\/volvo-cars-encerra-producao-de-veiculos-a-diesel\\\/#breadcrumb\"},\"inLanguage\":\"pt-BR\",\"potentialAction\":[{\"@type\":\"ReadAction\",\"target\":[\"https:\\\/\\\/dana.com.br\\\/canaldana\\\/2024\\\/03\\\/28\\\/volvo-cars-encerra-producao-de-veiculos-a-diesel\\\/\"]}]},{\"@type\":\"BreadcrumbList\",\"@id\":\"https:\\\/\\\/dana.com.br\\\/canaldana\\\/2024\\\/03\\\/28\\\/volvo-cars-encerra-producao-de-veiculos-a-diesel\\\/#breadcrumb\",\"itemListElement\":[{\"@type\":\"ListItem\",\"position\":1,\"name\":\"Home\",\"item\":\"https:\\\/\\\/dana.com.br\\\/canaldana\\\/\"},{\"@type\":\"ListItem\",\"position\":2,\"name\":\"Mercado\",\"item\":\"https:\\\/\\\/dana.com.br\\\/canaldana\\\/mercado\\\/\"},{\"@type\":\"ListItem\",\"position\":3,\"name\":\"Volvo Cars encerra produ\u00e7\u00e3o de ve\u00edculos a diesel\"}]},{\"@type\":\"WebSite\",\"@id\":\"https:\\\/\\\/dana.com.br\\\/canaldana\\\/#website\",\"url\":\"https:\\\/\\\/dana.com.br\\\/canaldana\\\/\",\"name\":\"Canal Dana\",\"description\":\"Informativo com as principais not\u00edcias da ind\u00fastria automotiva\",\"potentialAction\":[{\"@type\":\"SearchAction\",\"target\":{\"@type\":\"EntryPoint\",\"urlTemplate\":\"https:\\\/\\\/dana.com.br\\\/canaldana\\\/?s={search_term_string}\"},\"query-input\":{\"@type\":\"PropertyValueSpecification\",\"valueRequired\":true,\"valueName\":\"search_term_string\"}}],\"inLanguage\":\"pt-BR\"},{\"@type\":\"Person\",\"@id\":\"https:\\\/\\\/dana.com.br\\\/canaldana\\\/#\\\/schema\\\/person\\\/3c21f22f56fcf3bc46b94bc60ea4fef6\",\"name\":\"Canal Dana\",\"image\":{\"@type\":\"ImageObject\",\"inLanguage\":\"pt-BR\",\"@id\":\"https:\\\/\\\/secure.gravatar.com\\\/avatar\\\/420aaf9278582877d9018637c6817617705899d2858d7572ef0fe59a6b6454b4?s=96&d=mm&r=g\",\"url\":\"https:\\\/\\\/secure.gravatar.com\\\/avatar\\\/420aaf9278582877d9018637c6817617705899d2858d7572ef0fe59a6b6454b4?s=96&d=mm&r=g\",\"contentUrl\":\"https:\\\/\\\/secure.gravatar.com\\\/avatar\\\/420aaf9278582877d9018637c6817617705899d2858d7572ef0fe59a6b6454b4?s=96&d=mm&r=g\",\"caption\":\"Canal Dana\"},\"url\":\"https:\\\/\\\/dana.com.br\\\/canaldana\\\/author\\\/cdeditor\\\/\"}]}<\/script>\n<!-- \/ Yoast SEO plugin. -->","yoast_head_json":{"title":"Volvo Cars encerra produ\u00e7\u00e3o de ve\u00edculos a diesel - Canal Dana","robots":{"index":"index","follow":"follow","max-snippet":"max-snippet:-1","max-image-preview":"max-image-preview:large","max-video-preview":"max-video-preview:-1"},"canonical":"https:\/\/dana.com.br\/canaldana\/2024\/03\/28\/volvo-cars-encerra-producao-de-veiculos-a-diesel\/","og_locale":"pt_BR","og_type":"article","og_title":"Volvo Cars encerra produ\u00e7\u00e3o de ve\u00edculos a diesel - Canal Dana","og_description":"AutoInd\u00fastria &nbsp; H\u00e1 bom tempo a Volvo Cars se imp\u00f4s o desafio de produzir e vender somente carros movidos exclusivamente a eletricidade at\u00e9 2030 e se tornar uma empresa neutra em emiss\u00f5es de CO2 no m\u00e1ximo dez anos depois. No ano passado, como prova desse encaminhamento rumo \u00e0 eletrifica\u00e7\u00e3o total, a montadora de origem sueca\u2026 Leia mais \u00bb","og_url":"https:\/\/dana.com.br\/canaldana\/2024\/03\/28\/volvo-cars-encerra-producao-de-veiculos-a-diesel\/","og_site_name":"Canal Dana","article_published_time":"2024-03-28T12:21:43+00:00","author":"Canal Dana","twitter_card":"summary_large_image","twitter_misc":{"Escrito por":"Canal Dana","Est. tempo de leitura":"2 minutos"},"schema":{"@context":"https:\/\/schema.org","@graph":[{"@type":"Article","@id":"https:\/\/dana.com.br\/canaldana\/2024\/03\/28\/volvo-cars-encerra-producao-de-veiculos-a-diesel\/#article","isPartOf":{"@id":"https:\/\/dana.com.br\/canaldana\/2024\/03\/28\/volvo-cars-encerra-producao-de-veiculos-a-diesel\/"},"author":{"name":"Canal Dana","@id":"https:\/\/dana.com.br\/canaldana\/#\/schema\/person\/3c21f22f56fcf3bc46b94bc60ea4fef6"},"headline":"Volvo Cars encerra produ\u00e7\u00e3o de ve\u00edculos a diesel","datePublished":"2024-03-28T12:21:43+00:00","mainEntityOfPage":{"@id":"https:\/\/dana.com.br\/canaldana\/2024\/03\/28\/volvo-cars-encerra-producao-de-veiculos-a-diesel\/"},"wordCount":382,"articleSection":["Mercado"],"inLanguage":"pt-BR"},{"@type":"WebPage","@id":"https:\/\/dana.com.br\/canaldana\/2024\/03\/28\/volvo-cars-encerra-producao-de-veiculos-a-diesel\/","url":"https:\/\/dana.com.br\/canaldana\/2024\/03\/28\/volvo-cars-encerra-producao-de-veiculos-a-diesel\/","name":"Volvo Cars encerra produ\u00e7\u00e3o de ve\u00edculos a diesel - Canal Dana","isPartOf":{"@id":"https:\/\/dana.com.br\/canaldana\/#website"},"datePublished":"2024-03-28T12:21:43+00:00","author":{"@id":"https:\/\/dana.com.br\/canaldana\/#\/schema\/person\/3c21f22f56fcf3bc46b94bc60ea4fef6"},"breadcrumb":{"@id":"https:\/\/dana.com.br\/canaldana\/2024\/03\/28\/volvo-cars-encerra-producao-de-veiculos-a-diesel\/#breadcrumb"},"inLanguage":"pt-BR","potentialAction":[{"@type":"ReadAction","target":["https:\/\/dana.com.br\/canaldana\/2024\/03\/28\/volvo-cars-encerra-producao-de-veiculos-a-diesel\/"]}]},{"@type":"BreadcrumbList","@id":"https:\/\/dana.com.br\/canaldana\/2024\/03\/28\/volvo-cars-encerra-producao-de-veiculos-a-diesel\/#breadcrumb","itemListElement":[{"@type":"ListItem","position":1,"name":"Home","item":"https:\/\/dana.com.br\/canaldana\/"},{"@type":"ListItem","position":2,"name":"Mercado","item":"https:\/\/dana.com.br\/canaldana\/mercado\/"},{"@type":"ListItem","position":3,"name":"Volvo Cars encerra produ\u00e7\u00e3o de ve\u00edculos a diesel"}]},{"@type":"WebSite","@id":"https:\/\/dana.com.br\/canaldana\/#website","url":"https:\/\/dana.com.br\/canaldana\/","name":"Canal Dana","description":"Informativo com as principais not\u00edcias da ind\u00fastria automotiva","potentialAction":[{"@type":"SearchAction","target":{"@type":"EntryPoint","urlTemplate":"https:\/\/dana.com.br\/canaldana\/?s={search_term_string}"},"query-input":{"@type":"PropertyValueSpecification","valueRequired":true,"valueName":"search_term_string"}}],"inLanguage":"pt-BR"},{"@type":"Person","@id":"https:\/\/dana.com.br\/canaldana\/#\/schema\/person\/3c21f22f56fcf3bc46b94bc60ea4fef6","name":"Canal Dana","image":{"@type":"ImageObject","inLanguage":"pt-BR","@id":"https:\/\/secure.gravatar.com\/avatar\/420aaf9278582877d9018637c6817617705899d2858d7572ef0fe59a6b6454b4?s=96&d=mm&r=g","url":"https:\/\/secure.gravatar.com\/avatar\/420aaf9278582877d9018637c6817617705899d2858d7572ef0fe59a6b6454b4?s=96&d=mm&r=g","contentUrl":"https:\/\/secure.gravatar.com\/avatar\/420aaf9278582877d9018637c6817617705899d2858d7572ef0fe59a6b6454b4?s=96&d=mm&r=g","caption":"Canal Dana"},"url":"https:\/\/dana.com.br\/canaldana\/author\/cdeditor\/"}]}},"_links":{"self":[{"href":"https:\/\/dana.com.br\/canaldana\/wp-json\/wp\/v2\/posts\/72466","targetHints":{"allow":["GET"]}}],"collection":[{"href":"https:\/\/dana.com.br\/canaldana\/wp-json\/wp\/v2\/posts"}],"about":[{"href":"https:\/\/dana.com.br\/canaldana\/wp-json\/wp\/v2\/types\/post"}],"author":[{"embeddable":true,"href":"https:\/\/dana.com.br\/canaldana\/wp-json\/wp\/v2\/users\/3"}],"replies":[{"embeddable":true,"href":"https:\/\/dana.com.br\/canaldana\/wp-json\/wp\/v2\/comments?post=72466"}],"version-history":[{"count":1,"href":"https:\/\/dana.com.br\/canaldana\/wp-json\/wp\/v2\/posts\/72466\/revisions"}],"predecessor-version":[{"id":72467,"href":"https:\/\/dana.com.br\/canaldana\/wp-json\/wp\/v2\/posts\/72466\/revisions\/72467"}],"wp:attachment":[{"href":"https:\/\/dana.com.br\/canaldana\/wp-json\/wp\/v2\/media?parent=72466"}],"wp:term":[{"taxonomy":"category","embeddable":true,"href":"https:\/\/dana.com.br\/canaldana\/wp-json\/wp\/v2\/categories?post=72466"},{"taxonomy":"post_tag","embeddable":true,"href":"https:\/\/dana.com.br\/canaldana\/wp-json\/wp\/v2\/tags?post=72466"}],"curies":[{"name":"wp","href":"https:\/\/api.w.org\/{rel}","templated":true}]}}