{"id":72434,"date":"2024-03-27T08:47:53","date_gmt":"2024-03-27T11:47:53","guid":{"rendered":"https:\/\/dana.com.br\/canaldana\/?p=72434"},"modified":"2024-03-27T08:47:53","modified_gmt":"2024-03-27T11:47:53","slug":"novo-mustang-mantem-motor-v8-ganha-itens-e-baixa-de-preco","status":"publish","type":"post","link":"https:\/\/dana.com.br\/canaldana\/2024\/03\/27\/novo-mustang-mantem-motor-v8-ganha-itens-e-baixa-de-preco\/","title":{"rendered":"Novo Mustang mant\u00e9m motor V8, ganha itens e baixa de pre\u00e7o"},"content":{"rendered":"<p><em>O Estado de S. Paulo\/Jornal do Carro <\/em><\/p>\n<p>&nbsp;<\/p>\n<p>Com o Chevrolet Camaro fora de combate, a Ford v\u00ea o caminho livre para o Mustang. A 7\u00aa gera\u00e7\u00e3o do muscle car acaba de chegar ao Pa\u00eds. Basicamente, a plataforma \u00e9 a mesma do modelo anterior, na vers\u00e3o Mach 1. Entretanto, de acordo com a marca, todas as chapas da carroceria s\u00e3o novas.<\/p>\n<p>&nbsp;<\/p>\n<p>Por aqui, o novo Mustang vem na vers\u00e3o GT Performance, com pre\u00e7o de R$ 529 mil. Ou seja, custa cerca de R$ 50 mil a menos que antes. As entregas come\u00e7am em junho.<\/p>\n<p>&nbsp;<\/p>\n<p>O esportivo tamb\u00e9m preserva a mec\u00e2nica e traz sob o seu longo cap\u00f4 o motor Coyote 5.0 V8 a gasolina. Este ganhou corpo de borboleta eletr\u00f4nico duplo. Com isso, coleta mais ar e gera 5 cv a mais de pot\u00eancia, com 488 cv. O torque m\u00e1ximo tamb\u00e9m cresceu: s\u00e3o 58 mkgf a 5.000 rpm ante os 56,7 mkgf a 4.900 rpm do Mach 1.<\/p>\n<p>&nbsp;<\/p>\n<p>Al\u00e9m disso, o c\u00e2mbio autom\u00e1tico de 10 marchas foi recalibrado. Assim, o Mustang tem vigor de sobra. Conforme a Ford, acelera de 0 e 100 km\/h em 4,3 segundos e alcan\u00e7a 250 km\/h de velocidade m\u00e1xima, limitada eletronicamente.<\/p>\n<p>&nbsp;<\/p>\n<p>Outra melhoria est\u00e1 nos freios: o Mustang tem discos e pin\u00e7as de alto desempenho da marca Brembo nas quatro rodas (antes, era apenas na dianteira). O peso \u00e9 de 1.836 kg, ou seja, 22 kg a mais.<\/p>\n<p>&nbsp;<\/p>\n<p>Do lado de dentro, o esportivo tem couro e materiais emborrachados. O acabamento \u00e9 excelente e o painel traz uma pe\u00e7a curva que une o quadro de instrumentos, com tela de 12,4\u201d, e o multim\u00eddia, com display maior de 13,2\u201d e espelhamento sem fio com celulares Android e Apple.<\/p>\n<p>&nbsp;<\/p>\n<p><strong>Tecnologias in\u00e9ditas<\/strong><\/p>\n<p>&nbsp;<\/p>\n<p>O cup\u00ea oferece cinco modos de condu\u00e7\u00e3o, quatro de suspens\u00e3o, tr\u00eas de dire\u00e7\u00e3o e mais quatro para o escapamento. Tudo muda, desde o comportamento do c\u00e2mbio at\u00e9 o ronco do motor. O carro tamb\u00e9m pode detectar buracos na via e preparar para um impacto. Ademais, o Remote REV permite ligar o motor \u00e0 dist\u00e2ncia pela chave.<\/p>\n<p>&nbsp;<\/p>\n<p>Neste primeiro lote, o novo Mustang ter\u00e1 cerca de 200 unidades dispon\u00edveis no Brasil. A paleta de cores tem oito op\u00e7\u00f5es, divididas entre preta, cinza, branca, azul e vermelha. (O Estado de S. Paulo\/Jornal do Carro\/Vagner Aquino)<\/p>\n","protected":false},"excerpt":{"rendered":"<p>O Estado de S. Paulo\/Jornal do Carro &nbsp; Com o Chevrolet Camaro fora de combate, a Ford v\u00ea o caminho livre para o Mustang. A 7\u00aa gera\u00e7\u00e3o do muscle car acaba de chegar ao Pa\u00eds. Basicamente, a plataforma \u00e9 a mesma do modelo anterior, na vers\u00e3o Mach 1. Entretanto, de acordo com a marca, todas\u2026 <a class=\"readmore\" href=\"https:\/\/dana.com.br\/canaldana\/2024\/03\/27\/novo-mustang-mantem-motor-v8-ganha-itens-e-baixa-de-preco\/\">Leia mais \u00bb<\/a><\/p>\n","protected":false},"author":3,"featured_media":0,"comment_status":"closed","ping_status":"closed","sticky":false,"template":"","format":"standard","meta":{"_acf_changed":false,"footnotes":""},"categories":[79],"tags":[],"class_list":["post-72434","post","type-post","status-publish","format-standard","hentry","category-mercado"],"acf":[],"yoast_head":"<!-- This site is optimized with the Yoast SEO plugin v27.3 - https:\/\/yoast.com\/product\/yoast-seo-wordpress\/ -->\n<title>Novo Mustang mant\u00e9m motor V8, ganha itens e baixa de pre\u00e7o - Canal Dana<\/title>\n<meta name=\"robots\" content=\"index, follow, max-snippet:-1, max-image-preview:large, max-video-preview:-1\" \/>\n<link rel=\"canonical\" href=\"https:\/\/dana.com.br\/canaldana\/2024\/03\/27\/novo-mustang-mantem-motor-v8-ganha-itens-e-baixa-de-preco\/\" \/>\n<meta property=\"og:locale\" content=\"pt_BR\" \/>\n<meta property=\"og:type\" content=\"article\" \/>\n<meta property=\"og:title\" content=\"Novo Mustang mant\u00e9m motor V8, ganha itens e baixa de pre\u00e7o - Canal Dana\" \/>\n<meta property=\"og:description\" content=\"O Estado de S. Paulo\/Jornal do Carro &nbsp; Com o Chevrolet Camaro fora de combate, a Ford v\u00ea o caminho livre para o Mustang. A 7\u00aa gera\u00e7\u00e3o do muscle car acaba de chegar ao Pa\u00eds. Basicamente, a plataforma \u00e9 a mesma do modelo anterior, na vers\u00e3o Mach 1. Entretanto, de acordo com a marca, todas\u2026 Leia mais \u00bb\" \/>\n<meta property=\"og:url\" content=\"https:\/\/dana.com.br\/canaldana\/2024\/03\/27\/novo-mustang-mantem-motor-v8-ganha-itens-e-baixa-de-preco\/\" \/>\n<meta property=\"og:site_name\" content=\"Canal Dana\" \/>\n<meta property=\"article:published_time\" content=\"2024-03-27T11:47:53+00:00\" \/>\n<meta name=\"author\" content=\"Canal Dana\" \/>\n<meta name=\"twitter:card\" content=\"summary_large_image\" \/>\n<meta name=\"twitter:label1\" content=\"Escrito por\" \/>\n\t<meta name=\"twitter:data1\" content=\"Canal Dana\" \/>\n\t<meta name=\"twitter:label2\" content=\"Est. tempo de leitura\" \/>\n\t<meta name=\"twitter:data2\" content=\"3 minutos\" \/>\n<script type=\"application\/ld+json\" class=\"yoast-schema-graph\">{\"@context\":\"https:\\\/\\\/schema.org\",\"@graph\":[{\"@type\":\"Article\",\"@id\":\"https:\\\/\\\/dana.com.br\\\/canaldana\\\/2024\\\/03\\\/27\\\/novo-mustang-mantem-motor-v8-ganha-itens-e-baixa-de-preco\\\/#article\",\"isPartOf\":{\"@id\":\"https:\\\/\\\/dana.com.br\\\/canaldana\\\/2024\\\/03\\\/27\\\/novo-mustang-mantem-motor-v8-ganha-itens-e-baixa-de-preco\\\/\"},\"author\":{\"name\":\"Canal Dana\",\"@id\":\"https:\\\/\\\/dana.com.br\\\/canaldana\\\/#\\\/schema\\\/person\\\/3c21f22f56fcf3bc46b94bc60ea4fef6\"},\"headline\":\"Novo Mustang mant\u00e9m motor V8, ganha itens e baixa de pre\u00e7o\",\"datePublished\":\"2024-03-27T11:47:53+00:00\",\"mainEntityOfPage\":{\"@id\":\"https:\\\/\\\/dana.com.br\\\/canaldana\\\/2024\\\/03\\\/27\\\/novo-mustang-mantem-motor-v8-ganha-itens-e-baixa-de-preco\\\/\"},\"wordCount\":409,\"articleSection\":[\"Mercado\"],\"inLanguage\":\"pt-BR\"},{\"@type\":\"WebPage\",\"@id\":\"https:\\\/\\\/dana.com.br\\\/canaldana\\\/2024\\\/03\\\/27\\\/novo-mustang-mantem-motor-v8-ganha-itens-e-baixa-de-preco\\\/\",\"url\":\"https:\\\/\\\/dana.com.br\\\/canaldana\\\/2024\\\/03\\\/27\\\/novo-mustang-mantem-motor-v8-ganha-itens-e-baixa-de-preco\\\/\",\"name\":\"Novo Mustang mant\u00e9m motor V8, ganha itens e baixa de pre\u00e7o - Canal Dana\",\"isPartOf\":{\"@id\":\"https:\\\/\\\/dana.com.br\\\/canaldana\\\/#website\"},\"datePublished\":\"2024-03-27T11:47:53+00:00\",\"author\":{\"@id\":\"https:\\\/\\\/dana.com.br\\\/canaldana\\\/#\\\/schema\\\/person\\\/3c21f22f56fcf3bc46b94bc60ea4fef6\"},\"breadcrumb\":{\"@id\":\"https:\\\/\\\/dana.com.br\\\/canaldana\\\/2024\\\/03\\\/27\\\/novo-mustang-mantem-motor-v8-ganha-itens-e-baixa-de-preco\\\/#breadcrumb\"},\"inLanguage\":\"pt-BR\",\"potentialAction\":[{\"@type\":\"ReadAction\",\"target\":[\"https:\\\/\\\/dana.com.br\\\/canaldana\\\/2024\\\/03\\\/27\\\/novo-mustang-mantem-motor-v8-ganha-itens-e-baixa-de-preco\\\/\"]}]},{\"@type\":\"BreadcrumbList\",\"@id\":\"https:\\\/\\\/dana.com.br\\\/canaldana\\\/2024\\\/03\\\/27\\\/novo-mustang-mantem-motor-v8-ganha-itens-e-baixa-de-preco\\\/#breadcrumb\",\"itemListElement\":[{\"@type\":\"ListItem\",\"position\":1,\"name\":\"Home\",\"item\":\"https:\\\/\\\/dana.com.br\\\/canaldana\\\/\"},{\"@type\":\"ListItem\",\"position\":2,\"name\":\"Mercado\",\"item\":\"https:\\\/\\\/dana.com.br\\\/canaldana\\\/mercado\\\/\"},{\"@type\":\"ListItem\",\"position\":3,\"name\":\"Novo Mustang mant\u00e9m motor V8, ganha itens e baixa de pre\u00e7o\"}]},{\"@type\":\"WebSite\",\"@id\":\"https:\\\/\\\/dana.com.br\\\/canaldana\\\/#website\",\"url\":\"https:\\\/\\\/dana.com.br\\\/canaldana\\\/\",\"name\":\"Canal Dana\",\"description\":\"Informativo com as principais not\u00edcias da ind\u00fastria automotiva\",\"potentialAction\":[{\"@type\":\"SearchAction\",\"target\":{\"@type\":\"EntryPoint\",\"urlTemplate\":\"https:\\\/\\\/dana.com.br\\\/canaldana\\\/?s={search_term_string}\"},\"query-input\":{\"@type\":\"PropertyValueSpecification\",\"valueRequired\":true,\"valueName\":\"search_term_string\"}}],\"inLanguage\":\"pt-BR\"},{\"@type\":\"Person\",\"@id\":\"https:\\\/\\\/dana.com.br\\\/canaldana\\\/#\\\/schema\\\/person\\\/3c21f22f56fcf3bc46b94bc60ea4fef6\",\"name\":\"Canal Dana\",\"image\":{\"@type\":\"ImageObject\",\"inLanguage\":\"pt-BR\",\"@id\":\"https:\\\/\\\/secure.gravatar.com\\\/avatar\\\/420aaf9278582877d9018637c6817617705899d2858d7572ef0fe59a6b6454b4?s=96&d=mm&r=g\",\"url\":\"https:\\\/\\\/secure.gravatar.com\\\/avatar\\\/420aaf9278582877d9018637c6817617705899d2858d7572ef0fe59a6b6454b4?s=96&d=mm&r=g\",\"contentUrl\":\"https:\\\/\\\/secure.gravatar.com\\\/avatar\\\/420aaf9278582877d9018637c6817617705899d2858d7572ef0fe59a6b6454b4?s=96&d=mm&r=g\",\"caption\":\"Canal Dana\"},\"url\":\"https:\\\/\\\/dana.com.br\\\/canaldana\\\/author\\\/cdeditor\\\/\"}]}<\/script>\n<!-- \/ Yoast SEO plugin. -->","yoast_head_json":{"title":"Novo Mustang mant\u00e9m motor V8, ganha itens e baixa de pre\u00e7o - Canal Dana","robots":{"index":"index","follow":"follow","max-snippet":"max-snippet:-1","max-image-preview":"max-image-preview:large","max-video-preview":"max-video-preview:-1"},"canonical":"https:\/\/dana.com.br\/canaldana\/2024\/03\/27\/novo-mustang-mantem-motor-v8-ganha-itens-e-baixa-de-preco\/","og_locale":"pt_BR","og_type":"article","og_title":"Novo Mustang mant\u00e9m motor V8, ganha itens e baixa de pre\u00e7o - Canal Dana","og_description":"O Estado de S. Paulo\/Jornal do Carro &nbsp; Com o Chevrolet Camaro fora de combate, a Ford v\u00ea o caminho livre para o Mustang. A 7\u00aa gera\u00e7\u00e3o do muscle car acaba de chegar ao Pa\u00eds. Basicamente, a plataforma \u00e9 a mesma do modelo anterior, na vers\u00e3o Mach 1. Entretanto, de acordo com a marca, todas\u2026 Leia mais \u00bb","og_url":"https:\/\/dana.com.br\/canaldana\/2024\/03\/27\/novo-mustang-mantem-motor-v8-ganha-itens-e-baixa-de-preco\/","og_site_name":"Canal Dana","article_published_time":"2024-03-27T11:47:53+00:00","author":"Canal Dana","twitter_card":"summary_large_image","twitter_misc":{"Escrito por":"Canal Dana","Est. tempo de leitura":"3 minutos"},"schema":{"@context":"https:\/\/schema.org","@graph":[{"@type":"Article","@id":"https:\/\/dana.com.br\/canaldana\/2024\/03\/27\/novo-mustang-mantem-motor-v8-ganha-itens-e-baixa-de-preco\/#article","isPartOf":{"@id":"https:\/\/dana.com.br\/canaldana\/2024\/03\/27\/novo-mustang-mantem-motor-v8-ganha-itens-e-baixa-de-preco\/"},"author":{"name":"Canal Dana","@id":"https:\/\/dana.com.br\/canaldana\/#\/schema\/person\/3c21f22f56fcf3bc46b94bc60ea4fef6"},"headline":"Novo Mustang mant\u00e9m motor V8, ganha itens e baixa de pre\u00e7o","datePublished":"2024-03-27T11:47:53+00:00","mainEntityOfPage":{"@id":"https:\/\/dana.com.br\/canaldana\/2024\/03\/27\/novo-mustang-mantem-motor-v8-ganha-itens-e-baixa-de-preco\/"},"wordCount":409,"articleSection":["Mercado"],"inLanguage":"pt-BR"},{"@type":"WebPage","@id":"https:\/\/dana.com.br\/canaldana\/2024\/03\/27\/novo-mustang-mantem-motor-v8-ganha-itens-e-baixa-de-preco\/","url":"https:\/\/dana.com.br\/canaldana\/2024\/03\/27\/novo-mustang-mantem-motor-v8-ganha-itens-e-baixa-de-preco\/","name":"Novo Mustang mant\u00e9m motor V8, ganha itens e baixa de pre\u00e7o - Canal Dana","isPartOf":{"@id":"https:\/\/dana.com.br\/canaldana\/#website"},"datePublished":"2024-03-27T11:47:53+00:00","author":{"@id":"https:\/\/dana.com.br\/canaldana\/#\/schema\/person\/3c21f22f56fcf3bc46b94bc60ea4fef6"},"breadcrumb":{"@id":"https:\/\/dana.com.br\/canaldana\/2024\/03\/27\/novo-mustang-mantem-motor-v8-ganha-itens-e-baixa-de-preco\/#breadcrumb"},"inLanguage":"pt-BR","potentialAction":[{"@type":"ReadAction","target":["https:\/\/dana.com.br\/canaldana\/2024\/03\/27\/novo-mustang-mantem-motor-v8-ganha-itens-e-baixa-de-preco\/"]}]},{"@type":"BreadcrumbList","@id":"https:\/\/dana.com.br\/canaldana\/2024\/03\/27\/novo-mustang-mantem-motor-v8-ganha-itens-e-baixa-de-preco\/#breadcrumb","itemListElement":[{"@type":"ListItem","position":1,"name":"Home","item":"https:\/\/dana.com.br\/canaldana\/"},{"@type":"ListItem","position":2,"name":"Mercado","item":"https:\/\/dana.com.br\/canaldana\/mercado\/"},{"@type":"ListItem","position":3,"name":"Novo Mustang mant\u00e9m motor V8, ganha itens e baixa de pre\u00e7o"}]},{"@type":"WebSite","@id":"https:\/\/dana.com.br\/canaldana\/#website","url":"https:\/\/dana.com.br\/canaldana\/","name":"Canal Dana","description":"Informativo com as principais not\u00edcias da ind\u00fastria automotiva","potentialAction":[{"@type":"SearchAction","target":{"@type":"EntryPoint","urlTemplate":"https:\/\/dana.com.br\/canaldana\/?s={search_term_string}"},"query-input":{"@type":"PropertyValueSpecification","valueRequired":true,"valueName":"search_term_string"}}],"inLanguage":"pt-BR"},{"@type":"Person","@id":"https:\/\/dana.com.br\/canaldana\/#\/schema\/person\/3c21f22f56fcf3bc46b94bc60ea4fef6","name":"Canal Dana","image":{"@type":"ImageObject","inLanguage":"pt-BR","@id":"https:\/\/secure.gravatar.com\/avatar\/420aaf9278582877d9018637c6817617705899d2858d7572ef0fe59a6b6454b4?s=96&d=mm&r=g","url":"https:\/\/secure.gravatar.com\/avatar\/420aaf9278582877d9018637c6817617705899d2858d7572ef0fe59a6b6454b4?s=96&d=mm&r=g","contentUrl":"https:\/\/secure.gravatar.com\/avatar\/420aaf9278582877d9018637c6817617705899d2858d7572ef0fe59a6b6454b4?s=96&d=mm&r=g","caption":"Canal Dana"},"url":"https:\/\/dana.com.br\/canaldana\/author\/cdeditor\/"}]}},"_links":{"self":[{"href":"https:\/\/dana.com.br\/canaldana\/wp-json\/wp\/v2\/posts\/72434","targetHints":{"allow":["GET"]}}],"collection":[{"href":"https:\/\/dana.com.br\/canaldana\/wp-json\/wp\/v2\/posts"}],"about":[{"href":"https:\/\/dana.com.br\/canaldana\/wp-json\/wp\/v2\/types\/post"}],"author":[{"embeddable":true,"href":"https:\/\/dana.com.br\/canaldana\/wp-json\/wp\/v2\/users\/3"}],"replies":[{"embeddable":true,"href":"https:\/\/dana.com.br\/canaldana\/wp-json\/wp\/v2\/comments?post=72434"}],"version-history":[{"count":1,"href":"https:\/\/dana.com.br\/canaldana\/wp-json\/wp\/v2\/posts\/72434\/revisions"}],"predecessor-version":[{"id":72435,"href":"https:\/\/dana.com.br\/canaldana\/wp-json\/wp\/v2\/posts\/72434\/revisions\/72435"}],"wp:attachment":[{"href":"https:\/\/dana.com.br\/canaldana\/wp-json\/wp\/v2\/media?parent=72434"}],"wp:term":[{"taxonomy":"category","embeddable":true,"href":"https:\/\/dana.com.br\/canaldana\/wp-json\/wp\/v2\/categories?post=72434"},{"taxonomy":"post_tag","embeddable":true,"href":"https:\/\/dana.com.br\/canaldana\/wp-json\/wp\/v2\/tags?post=72434"}],"curies":[{"name":"wp","href":"https:\/\/api.w.org\/{rel}","templated":true}]}}