{"id":72316,"date":"2024-03-21T08:49:14","date_gmt":"2024-03-21T11:49:14","guid":{"rendered":"https:\/\/dana.com.br\/canaldana\/?p=72316"},"modified":"2024-03-21T08:49:14","modified_gmt":"2024-03-21T11:49:14","slug":"peugeot-mostra-prototipo-de-partner-retrofit-100-eletrica","status":"publish","type":"post","link":"https:\/\/dana.com.br\/canaldana\/2024\/03\/21\/peugeot-mostra-prototipo-de-partner-retrofit-100-eletrica\/","title":{"rendered":"Peugeot mostra prot\u00f3tipo de Partner Retrofit 100% El\u00e9trica"},"content":{"rendered":"<p><em>AutoInd\u00fastria <\/em><\/p>\n<p>&nbsp;<\/p>\n<p>A Peugeot reservou algumas novidades para apresentar no Smart City Expo Curitiba, evento que acontece em Curitiba, PR, entre esta \u00faltima ter\u00e7a-feira, 20, e quinta-feira, 22. Dentre elas, o inovador projeto Partner Retrofit 100% El\u00e9trica, o primeiro prot\u00f3tipo de uma montadora que transforma um ve\u00edculo a combust\u00e3o em el\u00e9trico.<\/p>\n<p>&nbsp;<\/p>\n<p>Al\u00e9m desse modelo, tamb\u00e9m em exposi\u00e7\u00e3o no evento que re\u00fane especialistas de todas as \u00e1reas para compartilhar ideias e solu\u00e7\u00f5es sobre como criar um futuro melhor e mais sustent\u00e1vel para as cidades e seus cidad\u00e3os, tamb\u00e9m em exposi\u00e7\u00e3o o Boxer com Conectividade \u201cMyPeugeot PRO\u201d e uma vers\u00e3o 7+1 da van E-Expert.<\/p>\n<p>&nbsp;<\/p>\n<p>Lucas Lins, gerente de produto Peugeot Brasil, lembrou que a marca est\u00e1 no Top 4 dos comerciais leves mais comercializados no Pa\u00eds e det\u00e9m 20% de market share no segmento de vans el\u00e9tricas.<\/p>\n<p>&nbsp;<\/p>\n<p>Com rela\u00e7\u00e3o \u00e0 Partner Retrofit, Lins destacou ser um projeto totalmente inovador, desenvolvido a partir de parceria da Stellantis com o Senai no \u00e2mbito do programa Rota 2030.<\/p>\n<p>&nbsp;<\/p>\n<p>Seu objetivo \u00e9 a convers\u00e3o de ve\u00edculos comerciais leves a combust\u00e3o para propuls\u00e3o 100% el\u00e9trica e a partir dos testes em andamento, que numa primeira fase envolveram dois prot\u00f3tipos, a ideia \u00e9 estend\u00ea-lo para outros modelos do grupo Stellantis.<\/p>\n<p>&nbsp;<\/p>\n<p>Fl\u00e1via Marsengo, respons\u00e1vel pelo ecossistema de mobilidade el\u00e9trica da Stellantis na Am\u00e9rica do Sul, informou que a segunda fase de testes envolver\u00e1 dez modelos a serem distribu\u00eddos entre pequenos, m\u00e9dios e grande frotistas. Al\u00e9m do Partner Retrofit, tamb\u00e9m haver\u00e1 unidades do Fiat Fiorino Retrofit, ainda n\u00e3o revelado publicamente.<\/p>\n<p>&nbsp;<\/p>\n<p>Ainda n\u00e3o h\u00e1 uma estimativa do valor a ser cobrado pela transforma\u00e7\u00e3o, mas a ideia \u00e9 que o investimento ser\u00e1 amortizado a partir de uma expressiva redu\u00e7\u00e3o de custos operacionais para os frotistas.<\/p>\n<p>&nbsp;<\/p>\n<p>O processo de convers\u00e3o do motor a combust\u00e3o para el\u00e9trico abrange v\u00e1rias etapas, dentre as quais o estudo do produto, a remo\u00e7\u00e3o do powertrain a combust\u00e3o, a instala\u00e7\u00e3o do kit de convers\u00e3o e do conjunto de baterias no compartimento de carga (para evitar adapta\u00e7\u00e3o da estrutura) e a realiza\u00e7\u00e3o de testes para identificar os principais fatores t\u00e9cnicos e econ\u00f4micos envolvendo os componentes dos ve\u00edculos.<\/p>\n<p>&nbsp;<\/p>\n<p>Al\u00e9m do Senai, a iniciativa conta com parceria das empresas WEG e FuelTech. No prot\u00f3tipo apresentado no Smart City, houve perda de capacidade de 250 kg por conta da coloca\u00e7\u00e3o da bateria no compartimento de carga \u2013 de 650 kg para 400 kg.<\/p>\n<p>&nbsp;<\/p>\n<p>Como o projeto ainda est\u00e1 em andamento, essa perda pode ser reduzida at\u00e9 o in\u00edcio das vendas do kit. Ainda n\u00e3o n\u00e3o h\u00e1 data para o lan\u00e7amento comercial do Retrofit.<\/p>\n<p>&nbsp;<\/p>\n<p><strong>MyPeugeot PRO \u2013 o controle de frotas na palma da m\u00e3o<\/strong><\/p>\n<p>&nbsp;<\/p>\n<p>Com a apresenta\u00e7\u00e3o do MayPeugeot PRO, a marca d\u00e1 um passo adiante nas suas opera\u00e7\u00f5es de ve\u00edculos comerciais, ipassando a oferecer servi\u00e7os al\u00e9m dos produtos.<\/p>\n<p>&nbsp;<\/p>\n<p>\u201c\u00c9 uma ferramenta digital de gest\u00e3o de frotas que traz diversas funcionalidades e benef\u00edcios, a fim de facilitar a vida de quem est\u00e1 \u00e0 frente da frota\u201d, comenta Lucas Lins.<\/p>\n<p>&nbsp;<\/p>\n<p>De f\u00e1cil acesso e simples utiliza\u00e7\u00e3o, a plataforma, segundo o executivo,\u00a0 entrega um grande n\u00famero de dados em tempo real, possibilitando melhor tomada de decis\u00f5es, maior controle de fluxo, otimiza\u00e7\u00e3o de atividades, aumento de produtividade e, por consequ\u00eancia, mais rentabilidade para o neg\u00f3cio \u2013 independentemente do porte. (AutoInd\u00fastria\/Alzira Rodrigues)<\/p>\n","protected":false},"excerpt":{"rendered":"<p>AutoInd\u00fastria &nbsp; A Peugeot reservou algumas novidades para apresentar no Smart City Expo Curitiba, evento que acontece em Curitiba, PR, entre esta \u00faltima ter\u00e7a-feira, 20, e quinta-feira, 22. Dentre elas, o inovador projeto Partner Retrofit 100% El\u00e9trica, o primeiro prot\u00f3tipo de uma montadora que transforma um ve\u00edculo a combust\u00e3o em el\u00e9trico. &nbsp; Al\u00e9m desse modelo,\u2026 <a class=\"readmore\" href=\"https:\/\/dana.com.br\/canaldana\/2024\/03\/21\/peugeot-mostra-prototipo-de-partner-retrofit-100-eletrica\/\">Leia mais \u00bb<\/a><\/p>\n","protected":false},"author":3,"featured_media":0,"comment_status":"closed","ping_status":"closed","sticky":false,"template":"","format":"standard","meta":{"_acf_changed":false,"footnotes":""},"categories":[61],"tags":[],"class_list":["post-72316","post","type-post","status-publish","format-standard","hentry","category-destaques"],"acf":[],"yoast_head":"<!-- This site is optimized with the Yoast SEO plugin v27.3 - https:\/\/yoast.com\/product\/yoast-seo-wordpress\/ -->\n<title>Peugeot mostra prot\u00f3tipo de Partner Retrofit 100% El\u00e9trica - Canal Dana<\/title>\n<meta name=\"robots\" content=\"index, follow, max-snippet:-1, max-image-preview:large, max-video-preview:-1\" \/>\n<link rel=\"canonical\" href=\"https:\/\/dana.com.br\/canaldana\/2024\/03\/21\/peugeot-mostra-prototipo-de-partner-retrofit-100-eletrica\/\" \/>\n<meta property=\"og:locale\" content=\"pt_BR\" \/>\n<meta property=\"og:type\" content=\"article\" \/>\n<meta property=\"og:title\" content=\"Peugeot mostra prot\u00f3tipo de Partner Retrofit 100% El\u00e9trica - Canal Dana\" \/>\n<meta property=\"og:description\" content=\"AutoInd\u00fastria &nbsp; A Peugeot reservou algumas novidades para apresentar no Smart City Expo Curitiba, evento que acontece em Curitiba, PR, entre esta \u00faltima ter\u00e7a-feira, 20, e quinta-feira, 22. Dentre elas, o inovador projeto Partner Retrofit 100% El\u00e9trica, o primeiro prot\u00f3tipo de uma montadora que transforma um ve\u00edculo a combust\u00e3o em el\u00e9trico. &nbsp; Al\u00e9m desse modelo,\u2026 Leia mais \u00bb\" \/>\n<meta property=\"og:url\" content=\"https:\/\/dana.com.br\/canaldana\/2024\/03\/21\/peugeot-mostra-prototipo-de-partner-retrofit-100-eletrica\/\" \/>\n<meta property=\"og:site_name\" content=\"Canal Dana\" \/>\n<meta property=\"article:published_time\" content=\"2024-03-21T11:49:14+00:00\" \/>\n<meta name=\"author\" content=\"Canal Dana\" \/>\n<meta name=\"twitter:card\" content=\"summary_large_image\" \/>\n<meta name=\"twitter:label1\" content=\"Escrito por\" \/>\n\t<meta name=\"twitter:data1\" content=\"Canal Dana\" \/>\n\t<meta name=\"twitter:label2\" content=\"Est. tempo de leitura\" \/>\n\t<meta name=\"twitter:data2\" content=\"3 minutos\" \/>\n<script type=\"application\/ld+json\" class=\"yoast-schema-graph\">{\"@context\":\"https:\\\/\\\/schema.org\",\"@graph\":[{\"@type\":\"Article\",\"@id\":\"https:\\\/\\\/dana.com.br\\\/canaldana\\\/2024\\\/03\\\/21\\\/peugeot-mostra-prototipo-de-partner-retrofit-100-eletrica\\\/#article\",\"isPartOf\":{\"@id\":\"https:\\\/\\\/dana.com.br\\\/canaldana\\\/2024\\\/03\\\/21\\\/peugeot-mostra-prototipo-de-partner-retrofit-100-eletrica\\\/\"},\"author\":{\"name\":\"Canal Dana\",\"@id\":\"https:\\\/\\\/dana.com.br\\\/canaldana\\\/#\\\/schema\\\/person\\\/3c21f22f56fcf3bc46b94bc60ea4fef6\"},\"headline\":\"Peugeot mostra prot\u00f3tipo de Partner Retrofit 100% El\u00e9trica\",\"datePublished\":\"2024-03-21T11:49:14+00:00\",\"mainEntityOfPage\":{\"@id\":\"https:\\\/\\\/dana.com.br\\\/canaldana\\\/2024\\\/03\\\/21\\\/peugeot-mostra-prototipo-de-partner-retrofit-100-eletrica\\\/\"},\"wordCount\":614,\"articleSection\":[\"Destaques\"],\"inLanguage\":\"pt-BR\"},{\"@type\":\"WebPage\",\"@id\":\"https:\\\/\\\/dana.com.br\\\/canaldana\\\/2024\\\/03\\\/21\\\/peugeot-mostra-prototipo-de-partner-retrofit-100-eletrica\\\/\",\"url\":\"https:\\\/\\\/dana.com.br\\\/canaldana\\\/2024\\\/03\\\/21\\\/peugeot-mostra-prototipo-de-partner-retrofit-100-eletrica\\\/\",\"name\":\"Peugeot mostra prot\u00f3tipo de Partner Retrofit 100% El\u00e9trica - Canal Dana\",\"isPartOf\":{\"@id\":\"https:\\\/\\\/dana.com.br\\\/canaldana\\\/#website\"},\"datePublished\":\"2024-03-21T11:49:14+00:00\",\"author\":{\"@id\":\"https:\\\/\\\/dana.com.br\\\/canaldana\\\/#\\\/schema\\\/person\\\/3c21f22f56fcf3bc46b94bc60ea4fef6\"},\"breadcrumb\":{\"@id\":\"https:\\\/\\\/dana.com.br\\\/canaldana\\\/2024\\\/03\\\/21\\\/peugeot-mostra-prototipo-de-partner-retrofit-100-eletrica\\\/#breadcrumb\"},\"inLanguage\":\"pt-BR\",\"potentialAction\":[{\"@type\":\"ReadAction\",\"target\":[\"https:\\\/\\\/dana.com.br\\\/canaldana\\\/2024\\\/03\\\/21\\\/peugeot-mostra-prototipo-de-partner-retrofit-100-eletrica\\\/\"]}]},{\"@type\":\"BreadcrumbList\",\"@id\":\"https:\\\/\\\/dana.com.br\\\/canaldana\\\/2024\\\/03\\\/21\\\/peugeot-mostra-prototipo-de-partner-retrofit-100-eletrica\\\/#breadcrumb\",\"itemListElement\":[{\"@type\":\"ListItem\",\"position\":1,\"name\":\"Home\",\"item\":\"https:\\\/\\\/dana.com.br\\\/canaldana\\\/\"},{\"@type\":\"ListItem\",\"position\":2,\"name\":\"Destaques\",\"item\":\"https:\\\/\\\/dana.com.br\\\/canaldana\\\/destaques\\\/\"},{\"@type\":\"ListItem\",\"position\":3,\"name\":\"Peugeot mostra prot\u00f3tipo de Partner Retrofit 100% El\u00e9trica\"}]},{\"@type\":\"WebSite\",\"@id\":\"https:\\\/\\\/dana.com.br\\\/canaldana\\\/#website\",\"url\":\"https:\\\/\\\/dana.com.br\\\/canaldana\\\/\",\"name\":\"Canal Dana\",\"description\":\"Informativo com as principais not\u00edcias da ind\u00fastria automotiva\",\"potentialAction\":[{\"@type\":\"SearchAction\",\"target\":{\"@type\":\"EntryPoint\",\"urlTemplate\":\"https:\\\/\\\/dana.com.br\\\/canaldana\\\/?s={search_term_string}\"},\"query-input\":{\"@type\":\"PropertyValueSpecification\",\"valueRequired\":true,\"valueName\":\"search_term_string\"}}],\"inLanguage\":\"pt-BR\"},{\"@type\":\"Person\",\"@id\":\"https:\\\/\\\/dana.com.br\\\/canaldana\\\/#\\\/schema\\\/person\\\/3c21f22f56fcf3bc46b94bc60ea4fef6\",\"name\":\"Canal Dana\",\"image\":{\"@type\":\"ImageObject\",\"inLanguage\":\"pt-BR\",\"@id\":\"https:\\\/\\\/secure.gravatar.com\\\/avatar\\\/420aaf9278582877d9018637c6817617705899d2858d7572ef0fe59a6b6454b4?s=96&d=mm&r=g\",\"url\":\"https:\\\/\\\/secure.gravatar.com\\\/avatar\\\/420aaf9278582877d9018637c6817617705899d2858d7572ef0fe59a6b6454b4?s=96&d=mm&r=g\",\"contentUrl\":\"https:\\\/\\\/secure.gravatar.com\\\/avatar\\\/420aaf9278582877d9018637c6817617705899d2858d7572ef0fe59a6b6454b4?s=96&d=mm&r=g\",\"caption\":\"Canal Dana\"},\"url\":\"https:\\\/\\\/dana.com.br\\\/canaldana\\\/author\\\/cdeditor\\\/\"}]}<\/script>\n<!-- \/ Yoast SEO plugin. -->","yoast_head_json":{"title":"Peugeot mostra prot\u00f3tipo de Partner Retrofit 100% El\u00e9trica - Canal Dana","robots":{"index":"index","follow":"follow","max-snippet":"max-snippet:-1","max-image-preview":"max-image-preview:large","max-video-preview":"max-video-preview:-1"},"canonical":"https:\/\/dana.com.br\/canaldana\/2024\/03\/21\/peugeot-mostra-prototipo-de-partner-retrofit-100-eletrica\/","og_locale":"pt_BR","og_type":"article","og_title":"Peugeot mostra prot\u00f3tipo de Partner Retrofit 100% El\u00e9trica - Canal Dana","og_description":"AutoInd\u00fastria &nbsp; A Peugeot reservou algumas novidades para apresentar no Smart City Expo Curitiba, evento que acontece em Curitiba, PR, entre esta \u00faltima ter\u00e7a-feira, 20, e quinta-feira, 22. Dentre elas, o inovador projeto Partner Retrofit 100% El\u00e9trica, o primeiro prot\u00f3tipo de uma montadora que transforma um ve\u00edculo a combust\u00e3o em el\u00e9trico. &nbsp; Al\u00e9m desse modelo,\u2026 Leia mais \u00bb","og_url":"https:\/\/dana.com.br\/canaldana\/2024\/03\/21\/peugeot-mostra-prototipo-de-partner-retrofit-100-eletrica\/","og_site_name":"Canal Dana","article_published_time":"2024-03-21T11:49:14+00:00","author":"Canal Dana","twitter_card":"summary_large_image","twitter_misc":{"Escrito por":"Canal Dana","Est. tempo de leitura":"3 minutos"},"schema":{"@context":"https:\/\/schema.org","@graph":[{"@type":"Article","@id":"https:\/\/dana.com.br\/canaldana\/2024\/03\/21\/peugeot-mostra-prototipo-de-partner-retrofit-100-eletrica\/#article","isPartOf":{"@id":"https:\/\/dana.com.br\/canaldana\/2024\/03\/21\/peugeot-mostra-prototipo-de-partner-retrofit-100-eletrica\/"},"author":{"name":"Canal Dana","@id":"https:\/\/dana.com.br\/canaldana\/#\/schema\/person\/3c21f22f56fcf3bc46b94bc60ea4fef6"},"headline":"Peugeot mostra prot\u00f3tipo de Partner Retrofit 100% El\u00e9trica","datePublished":"2024-03-21T11:49:14+00:00","mainEntityOfPage":{"@id":"https:\/\/dana.com.br\/canaldana\/2024\/03\/21\/peugeot-mostra-prototipo-de-partner-retrofit-100-eletrica\/"},"wordCount":614,"articleSection":["Destaques"],"inLanguage":"pt-BR"},{"@type":"WebPage","@id":"https:\/\/dana.com.br\/canaldana\/2024\/03\/21\/peugeot-mostra-prototipo-de-partner-retrofit-100-eletrica\/","url":"https:\/\/dana.com.br\/canaldana\/2024\/03\/21\/peugeot-mostra-prototipo-de-partner-retrofit-100-eletrica\/","name":"Peugeot mostra prot\u00f3tipo de Partner Retrofit 100% El\u00e9trica - Canal Dana","isPartOf":{"@id":"https:\/\/dana.com.br\/canaldana\/#website"},"datePublished":"2024-03-21T11:49:14+00:00","author":{"@id":"https:\/\/dana.com.br\/canaldana\/#\/schema\/person\/3c21f22f56fcf3bc46b94bc60ea4fef6"},"breadcrumb":{"@id":"https:\/\/dana.com.br\/canaldana\/2024\/03\/21\/peugeot-mostra-prototipo-de-partner-retrofit-100-eletrica\/#breadcrumb"},"inLanguage":"pt-BR","potentialAction":[{"@type":"ReadAction","target":["https:\/\/dana.com.br\/canaldana\/2024\/03\/21\/peugeot-mostra-prototipo-de-partner-retrofit-100-eletrica\/"]}]},{"@type":"BreadcrumbList","@id":"https:\/\/dana.com.br\/canaldana\/2024\/03\/21\/peugeot-mostra-prototipo-de-partner-retrofit-100-eletrica\/#breadcrumb","itemListElement":[{"@type":"ListItem","position":1,"name":"Home","item":"https:\/\/dana.com.br\/canaldana\/"},{"@type":"ListItem","position":2,"name":"Destaques","item":"https:\/\/dana.com.br\/canaldana\/destaques\/"},{"@type":"ListItem","position":3,"name":"Peugeot mostra prot\u00f3tipo de Partner Retrofit 100% El\u00e9trica"}]},{"@type":"WebSite","@id":"https:\/\/dana.com.br\/canaldana\/#website","url":"https:\/\/dana.com.br\/canaldana\/","name":"Canal Dana","description":"Informativo com as principais not\u00edcias da ind\u00fastria automotiva","potentialAction":[{"@type":"SearchAction","target":{"@type":"EntryPoint","urlTemplate":"https:\/\/dana.com.br\/canaldana\/?s={search_term_string}"},"query-input":{"@type":"PropertyValueSpecification","valueRequired":true,"valueName":"search_term_string"}}],"inLanguage":"pt-BR"},{"@type":"Person","@id":"https:\/\/dana.com.br\/canaldana\/#\/schema\/person\/3c21f22f56fcf3bc46b94bc60ea4fef6","name":"Canal Dana","image":{"@type":"ImageObject","inLanguage":"pt-BR","@id":"https:\/\/secure.gravatar.com\/avatar\/420aaf9278582877d9018637c6817617705899d2858d7572ef0fe59a6b6454b4?s=96&d=mm&r=g","url":"https:\/\/secure.gravatar.com\/avatar\/420aaf9278582877d9018637c6817617705899d2858d7572ef0fe59a6b6454b4?s=96&d=mm&r=g","contentUrl":"https:\/\/secure.gravatar.com\/avatar\/420aaf9278582877d9018637c6817617705899d2858d7572ef0fe59a6b6454b4?s=96&d=mm&r=g","caption":"Canal Dana"},"url":"https:\/\/dana.com.br\/canaldana\/author\/cdeditor\/"}]}},"_links":{"self":[{"href":"https:\/\/dana.com.br\/canaldana\/wp-json\/wp\/v2\/posts\/72316","targetHints":{"allow":["GET"]}}],"collection":[{"href":"https:\/\/dana.com.br\/canaldana\/wp-json\/wp\/v2\/posts"}],"about":[{"href":"https:\/\/dana.com.br\/canaldana\/wp-json\/wp\/v2\/types\/post"}],"author":[{"embeddable":true,"href":"https:\/\/dana.com.br\/canaldana\/wp-json\/wp\/v2\/users\/3"}],"replies":[{"embeddable":true,"href":"https:\/\/dana.com.br\/canaldana\/wp-json\/wp\/v2\/comments?post=72316"}],"version-history":[{"count":1,"href":"https:\/\/dana.com.br\/canaldana\/wp-json\/wp\/v2\/posts\/72316\/revisions"}],"predecessor-version":[{"id":72317,"href":"https:\/\/dana.com.br\/canaldana\/wp-json\/wp\/v2\/posts\/72316\/revisions\/72317"}],"wp:attachment":[{"href":"https:\/\/dana.com.br\/canaldana\/wp-json\/wp\/v2\/media?parent=72316"}],"wp:term":[{"taxonomy":"category","embeddable":true,"href":"https:\/\/dana.com.br\/canaldana\/wp-json\/wp\/v2\/categories?post=72316"},{"taxonomy":"post_tag","embeddable":true,"href":"https:\/\/dana.com.br\/canaldana\/wp-json\/wp\/v2\/tags?post=72316"}],"curies":[{"name":"wp","href":"https:\/\/api.w.org\/{rel}","templated":true}]}}