{"id":72283,"date":"2024-03-20T08:29:23","date_gmt":"2024-03-20T11:29:23","guid":{"rendered":"https:\/\/dana.com.br\/canaldana\/?p=72283"},"modified":"2024-03-20T08:29:23","modified_gmt":"2024-03-20T11:29:23","slug":"transicao-para-veiculos-eletricos-pode-resultar-em-perdas-de-r-75-trilhoes-para-a-economia-brasileira-segundo-estudo","status":"publish","type":"post","link":"https:\/\/dana.com.br\/canaldana\/2024\/03\/20\/transicao-para-veiculos-eletricos-pode-resultar-em-perdas-de-r-75-trilhoes-para-a-economia-brasileira-segundo-estudo\/","title":{"rendered":"Transi\u00e7\u00e3o para ve\u00edculos el\u00e9tricos pode resultar em perdas de R$ 7,5 trilh\u00f5es para a economia brasileira, segundo estudo"},"content":{"rendered":"<p><em>Jornal Op\u00e7\u00e3o <\/em><\/p>\n<p>&nbsp;<\/p>\n<p>Luciano Coutinho, ex-presidente do BNDES e s\u00f3cio da MTempo Capital, apresentou um estudo durante um evento da Esfera Brasil em Bras\u00edlia. Entrentanto, de acordo com o relat\u00f3rio, se houver converg\u00eancia global para a eletrifica\u00e7\u00e3o de ve\u00edculos, o Brasil poder\u00e1 enfrentar uma perda estimada em R$ 7,5 trilh\u00f5es at\u00e9 2050.<\/p>\n<p>&nbsp;<\/p>\n<p>Essas informa\u00e7\u00f5es s\u00e3o do estudo \u201cTrajet\u00f3rias tecnol\u00f3gicas mais eficiente para a descarboniza\u00e7\u00e3o da mobilidade\u201d, realizado pela LCA Consultoria e MTempo Capital. Essa perda afetaria a produ\u00e7\u00e3o, a arrecada\u00e7\u00e3o e o emprego.<\/p>\n<p>&nbsp;<\/p>\n<p>A ind\u00fastria automobil\u00edstica global tem colocado esse debate em destaque em sua corrida para reduzir as emiss\u00f5es de carbono. O estudo sugere que o Brasil tem mais capacidade para lidar com a populariza\u00e7\u00e3o de ve\u00edculos bioel\u00e9tricos (h\u00edbridos el\u00e9tricos a etanol) do que com a eletrifica\u00e7\u00e3o total da frota.<\/p>\n<p>&nbsp;<\/p>\n<p>O relat\u00f3rio indica que os ve\u00edculos bioel\u00e9tricos n\u00e3o s\u00f3 beneficiam mais a economia brasileira, mas tamb\u00e9m s\u00e3o mais eficazes na redu\u00e7\u00e3o das emiss\u00f5es de carbono em compara\u00e7\u00e3o com os ve\u00edculos totalmente el\u00e9tricos.<\/p>\n<p>&nbsp;<\/p>\n<p>Quando se considera toda a cadeia de produ\u00e7\u00e3o, os ve\u00edculos h\u00edbridos levam a melhor. Isso ocorre porque a montagem de placas maiores em ve\u00edculos 100% el\u00e9tricos, e a gera\u00e7\u00e3o de energia que alimenta esses ve\u00edculos, resultam em mais polui\u00e7\u00e3o do que a cadeia produtiva dos bioel\u00e9tricos.<\/p>\n<p>&nbsp;<\/p>\n<p>Isso \u00e9 particularmente relevante para pa\u00edses na Europa e na \u00c1sia, onde as usinas termel\u00e9tricas a carv\u00e3o representam uma grande parte da matriz el\u00e9trica. O estudo ressalta que a din\u00e2mica atual pode mudar ao longo do tempo \u00e0 medida que a tecnologia avan\u00e7a, isso poderia diminuir os impactos ambientais relacionados \u00e0s matrizes energ\u00e9ticas.<\/p>\n<p>&nbsp;<\/p>\n<p>O estudo tamb\u00e9m sugere que o Brasil pode n\u00e3o atrair investimentos para a produ\u00e7\u00e3o local de baterias. Isso deixaria o pa\u00eds dependente da importa\u00e7\u00e3o do componente mais valioso dessa cadeia. At\u00e9 porque, a eletrifica\u00e7\u00e3o pode levar a perdas, devido ao menor n\u00famero de pe\u00e7as necess\u00e1rias nos ve\u00edculos el\u00e9tricos.<\/p>\n<p>&nbsp;<\/p>\n<p>Se o mundo se inclinar para favorecer os ve\u00edculos bioel\u00e9tricos, o Brasil experimentar\u00e1 um efeito contr\u00e1rio. De acordo com o estudo, o pa\u00eds poderia ver um aumento de R$ 3,5 trilh\u00f5es na produ\u00e7\u00e3o, na coleta de impostos e no impacto no PIB (Produto Interno Bruto).<\/p>\n<p>&nbsp;<\/p>\n<p>Coutinho afirmou que os resultados do estudo sugerem que um cen\u00e1rio dominado por ve\u00edculos h\u00edbridos n\u00e3o s\u00f3 reduz significativamente as emiss\u00f5es de gases de efeito estufa, mas tamb\u00e9m tende a estimular a economia brasileira e a cria\u00e7\u00e3o de empregos de maneira mais eficaz em compara\u00e7\u00e3o com outros cen\u00e1rios. Isso ocorre porque mant\u00e9m os v\u00ednculos da cadeia produtiva e incorpora novas tecnologias. (Jornal Op\u00e7\u00e3o\/Barbara Noleto)<\/p>\n","protected":false},"excerpt":{"rendered":"<p>Jornal Op\u00e7\u00e3o &nbsp; Luciano Coutinho, ex-presidente do BNDES e s\u00f3cio da MTempo Capital, apresentou um estudo durante um evento da Esfera Brasil em Bras\u00edlia. Entrentanto, de acordo com o relat\u00f3rio, se houver converg\u00eancia global para a eletrifica\u00e7\u00e3o de ve\u00edculos, o Brasil poder\u00e1 enfrentar uma perda estimada em R$ 7,5 trilh\u00f5es at\u00e9 2050. &nbsp; Essas informa\u00e7\u00f5es\u2026 <a class=\"readmore\" href=\"https:\/\/dana.com.br\/canaldana\/2024\/03\/20\/transicao-para-veiculos-eletricos-pode-resultar-em-perdas-de-r-75-trilhoes-para-a-economia-brasileira-segundo-estudo\/\">Leia mais \u00bb<\/a><\/p>\n","protected":false},"author":3,"featured_media":0,"comment_status":"closed","ping_status":"closed","sticky":false,"template":"","format":"standard","meta":{"_acf_changed":false,"footnotes":""},"categories":[61],"tags":[],"class_list":["post-72283","post","type-post","status-publish","format-standard","hentry","category-destaques"],"acf":[],"yoast_head":"<!-- This site is optimized with the Yoast SEO plugin v27.3 - https:\/\/yoast.com\/product\/yoast-seo-wordpress\/ -->\n<title>Transi\u00e7\u00e3o para ve\u00edculos el\u00e9tricos pode resultar em perdas de R$ 7,5 trilh\u00f5es para a economia brasileira, segundo estudo - Canal Dana<\/title>\n<meta name=\"robots\" content=\"index, follow, max-snippet:-1, max-image-preview:large, max-video-preview:-1\" \/>\n<link rel=\"canonical\" href=\"https:\/\/dana.com.br\/canaldana\/2024\/03\/20\/transicao-para-veiculos-eletricos-pode-resultar-em-perdas-de-r-75-trilhoes-para-a-economia-brasileira-segundo-estudo\/\" \/>\n<meta property=\"og:locale\" content=\"pt_BR\" \/>\n<meta property=\"og:type\" content=\"article\" \/>\n<meta property=\"og:title\" content=\"Transi\u00e7\u00e3o para ve\u00edculos el\u00e9tricos pode resultar em perdas de R$ 7,5 trilh\u00f5es para a economia brasileira, segundo estudo - Canal Dana\" \/>\n<meta property=\"og:description\" content=\"Jornal Op\u00e7\u00e3o &nbsp; Luciano Coutinho, ex-presidente do BNDES e s\u00f3cio da MTempo Capital, apresentou um estudo durante um evento da Esfera Brasil em Bras\u00edlia. Entrentanto, de acordo com o relat\u00f3rio, se houver converg\u00eancia global para a eletrifica\u00e7\u00e3o de ve\u00edculos, o Brasil poder\u00e1 enfrentar uma perda estimada em R$ 7,5 trilh\u00f5es at\u00e9 2050. &nbsp; Essas informa\u00e7\u00f5es\u2026 Leia mais \u00bb\" \/>\n<meta property=\"og:url\" content=\"https:\/\/dana.com.br\/canaldana\/2024\/03\/20\/transicao-para-veiculos-eletricos-pode-resultar-em-perdas-de-r-75-trilhoes-para-a-economia-brasileira-segundo-estudo\/\" \/>\n<meta property=\"og:site_name\" content=\"Canal Dana\" \/>\n<meta property=\"article:published_time\" content=\"2024-03-20T11:29:23+00:00\" \/>\n<meta name=\"author\" content=\"Canal Dana\" \/>\n<meta name=\"twitter:card\" content=\"summary_large_image\" \/>\n<meta name=\"twitter:label1\" content=\"Escrito por\" \/>\n\t<meta name=\"twitter:data1\" content=\"Canal Dana\" \/>\n\t<meta name=\"twitter:label2\" content=\"Est. tempo de leitura\" \/>\n\t<meta name=\"twitter:data2\" content=\"3 minutos\" \/>\n<script type=\"application\/ld+json\" class=\"yoast-schema-graph\">{\"@context\":\"https:\\\/\\\/schema.org\",\"@graph\":[{\"@type\":\"Article\",\"@id\":\"https:\\\/\\\/dana.com.br\\\/canaldana\\\/2024\\\/03\\\/20\\\/transicao-para-veiculos-eletricos-pode-resultar-em-perdas-de-r-75-trilhoes-para-a-economia-brasileira-segundo-estudo\\\/#article\",\"isPartOf\":{\"@id\":\"https:\\\/\\\/dana.com.br\\\/canaldana\\\/2024\\\/03\\\/20\\\/transicao-para-veiculos-eletricos-pode-resultar-em-perdas-de-r-75-trilhoes-para-a-economia-brasileira-segundo-estudo\\\/\"},\"author\":{\"name\":\"Canal Dana\",\"@id\":\"https:\\\/\\\/dana.com.br\\\/canaldana\\\/#\\\/schema\\\/person\\\/3c21f22f56fcf3bc46b94bc60ea4fef6\"},\"headline\":\"Transi\u00e7\u00e3o para ve\u00edculos el\u00e9tricos pode resultar em perdas de R$ 7,5 trilh\u00f5es para a economia brasileira, segundo estudo\",\"datePublished\":\"2024-03-20T11:29:23+00:00\",\"mainEntityOfPage\":{\"@id\":\"https:\\\/\\\/dana.com.br\\\/canaldana\\\/2024\\\/03\\\/20\\\/transicao-para-veiculos-eletricos-pode-resultar-em-perdas-de-r-75-trilhoes-para-a-economia-brasileira-segundo-estudo\\\/\"},\"wordCount\":523,\"articleSection\":[\"Destaques\"],\"inLanguage\":\"pt-BR\"},{\"@type\":\"WebPage\",\"@id\":\"https:\\\/\\\/dana.com.br\\\/canaldana\\\/2024\\\/03\\\/20\\\/transicao-para-veiculos-eletricos-pode-resultar-em-perdas-de-r-75-trilhoes-para-a-economia-brasileira-segundo-estudo\\\/\",\"url\":\"https:\\\/\\\/dana.com.br\\\/canaldana\\\/2024\\\/03\\\/20\\\/transicao-para-veiculos-eletricos-pode-resultar-em-perdas-de-r-75-trilhoes-para-a-economia-brasileira-segundo-estudo\\\/\",\"name\":\"Transi\u00e7\u00e3o para ve\u00edculos el\u00e9tricos pode resultar em perdas de R$ 7,5 trilh\u00f5es para a economia brasileira, segundo estudo - Canal Dana\",\"isPartOf\":{\"@id\":\"https:\\\/\\\/dana.com.br\\\/canaldana\\\/#website\"},\"datePublished\":\"2024-03-20T11:29:23+00:00\",\"author\":{\"@id\":\"https:\\\/\\\/dana.com.br\\\/canaldana\\\/#\\\/schema\\\/person\\\/3c21f22f56fcf3bc46b94bc60ea4fef6\"},\"breadcrumb\":{\"@id\":\"https:\\\/\\\/dana.com.br\\\/canaldana\\\/2024\\\/03\\\/20\\\/transicao-para-veiculos-eletricos-pode-resultar-em-perdas-de-r-75-trilhoes-para-a-economia-brasileira-segundo-estudo\\\/#breadcrumb\"},\"inLanguage\":\"pt-BR\",\"potentialAction\":[{\"@type\":\"ReadAction\",\"target\":[\"https:\\\/\\\/dana.com.br\\\/canaldana\\\/2024\\\/03\\\/20\\\/transicao-para-veiculos-eletricos-pode-resultar-em-perdas-de-r-75-trilhoes-para-a-economia-brasileira-segundo-estudo\\\/\"]}]},{\"@type\":\"BreadcrumbList\",\"@id\":\"https:\\\/\\\/dana.com.br\\\/canaldana\\\/2024\\\/03\\\/20\\\/transicao-para-veiculos-eletricos-pode-resultar-em-perdas-de-r-75-trilhoes-para-a-economia-brasileira-segundo-estudo\\\/#breadcrumb\",\"itemListElement\":[{\"@type\":\"ListItem\",\"position\":1,\"name\":\"Home\",\"item\":\"https:\\\/\\\/dana.com.br\\\/canaldana\\\/\"},{\"@type\":\"ListItem\",\"position\":2,\"name\":\"Destaques\",\"item\":\"https:\\\/\\\/dana.com.br\\\/canaldana\\\/destaques\\\/\"},{\"@type\":\"ListItem\",\"position\":3,\"name\":\"Transi\u00e7\u00e3o para ve\u00edculos el\u00e9tricos pode resultar em perdas de R$ 7,5 trilh\u00f5es para a economia brasileira, segundo estudo\"}]},{\"@type\":\"WebSite\",\"@id\":\"https:\\\/\\\/dana.com.br\\\/canaldana\\\/#website\",\"url\":\"https:\\\/\\\/dana.com.br\\\/canaldana\\\/\",\"name\":\"Canal Dana\",\"description\":\"Informativo com as principais not\u00edcias da ind\u00fastria automotiva\",\"potentialAction\":[{\"@type\":\"SearchAction\",\"target\":{\"@type\":\"EntryPoint\",\"urlTemplate\":\"https:\\\/\\\/dana.com.br\\\/canaldana\\\/?s={search_term_string}\"},\"query-input\":{\"@type\":\"PropertyValueSpecification\",\"valueRequired\":true,\"valueName\":\"search_term_string\"}}],\"inLanguage\":\"pt-BR\"},{\"@type\":\"Person\",\"@id\":\"https:\\\/\\\/dana.com.br\\\/canaldana\\\/#\\\/schema\\\/person\\\/3c21f22f56fcf3bc46b94bc60ea4fef6\",\"name\":\"Canal Dana\",\"image\":{\"@type\":\"ImageObject\",\"inLanguage\":\"pt-BR\",\"@id\":\"https:\\\/\\\/secure.gravatar.com\\\/avatar\\\/420aaf9278582877d9018637c6817617705899d2858d7572ef0fe59a6b6454b4?s=96&d=mm&r=g\",\"url\":\"https:\\\/\\\/secure.gravatar.com\\\/avatar\\\/420aaf9278582877d9018637c6817617705899d2858d7572ef0fe59a6b6454b4?s=96&d=mm&r=g\",\"contentUrl\":\"https:\\\/\\\/secure.gravatar.com\\\/avatar\\\/420aaf9278582877d9018637c6817617705899d2858d7572ef0fe59a6b6454b4?s=96&d=mm&r=g\",\"caption\":\"Canal Dana\"},\"url\":\"https:\\\/\\\/dana.com.br\\\/canaldana\\\/author\\\/cdeditor\\\/\"}]}<\/script>\n<!-- \/ Yoast SEO plugin. -->","yoast_head_json":{"title":"Transi\u00e7\u00e3o para ve\u00edculos el\u00e9tricos pode resultar em perdas de R$ 7,5 trilh\u00f5es para a economia brasileira, segundo estudo - Canal Dana","robots":{"index":"index","follow":"follow","max-snippet":"max-snippet:-1","max-image-preview":"max-image-preview:large","max-video-preview":"max-video-preview:-1"},"canonical":"https:\/\/dana.com.br\/canaldana\/2024\/03\/20\/transicao-para-veiculos-eletricos-pode-resultar-em-perdas-de-r-75-trilhoes-para-a-economia-brasileira-segundo-estudo\/","og_locale":"pt_BR","og_type":"article","og_title":"Transi\u00e7\u00e3o para ve\u00edculos el\u00e9tricos pode resultar em perdas de R$ 7,5 trilh\u00f5es para a economia brasileira, segundo estudo - Canal Dana","og_description":"Jornal Op\u00e7\u00e3o &nbsp; Luciano Coutinho, ex-presidente do BNDES e s\u00f3cio da MTempo Capital, apresentou um estudo durante um evento da Esfera Brasil em Bras\u00edlia. Entrentanto, de acordo com o relat\u00f3rio, se houver converg\u00eancia global para a eletrifica\u00e7\u00e3o de ve\u00edculos, o Brasil poder\u00e1 enfrentar uma perda estimada em R$ 7,5 trilh\u00f5es at\u00e9 2050. &nbsp; Essas informa\u00e7\u00f5es\u2026 Leia mais \u00bb","og_url":"https:\/\/dana.com.br\/canaldana\/2024\/03\/20\/transicao-para-veiculos-eletricos-pode-resultar-em-perdas-de-r-75-trilhoes-para-a-economia-brasileira-segundo-estudo\/","og_site_name":"Canal Dana","article_published_time":"2024-03-20T11:29:23+00:00","author":"Canal Dana","twitter_card":"summary_large_image","twitter_misc":{"Escrito por":"Canal Dana","Est. tempo de leitura":"3 minutos"},"schema":{"@context":"https:\/\/schema.org","@graph":[{"@type":"Article","@id":"https:\/\/dana.com.br\/canaldana\/2024\/03\/20\/transicao-para-veiculos-eletricos-pode-resultar-em-perdas-de-r-75-trilhoes-para-a-economia-brasileira-segundo-estudo\/#article","isPartOf":{"@id":"https:\/\/dana.com.br\/canaldana\/2024\/03\/20\/transicao-para-veiculos-eletricos-pode-resultar-em-perdas-de-r-75-trilhoes-para-a-economia-brasileira-segundo-estudo\/"},"author":{"name":"Canal Dana","@id":"https:\/\/dana.com.br\/canaldana\/#\/schema\/person\/3c21f22f56fcf3bc46b94bc60ea4fef6"},"headline":"Transi\u00e7\u00e3o para ve\u00edculos el\u00e9tricos pode resultar em perdas de R$ 7,5 trilh\u00f5es para a economia brasileira, segundo estudo","datePublished":"2024-03-20T11:29:23+00:00","mainEntityOfPage":{"@id":"https:\/\/dana.com.br\/canaldana\/2024\/03\/20\/transicao-para-veiculos-eletricos-pode-resultar-em-perdas-de-r-75-trilhoes-para-a-economia-brasileira-segundo-estudo\/"},"wordCount":523,"articleSection":["Destaques"],"inLanguage":"pt-BR"},{"@type":"WebPage","@id":"https:\/\/dana.com.br\/canaldana\/2024\/03\/20\/transicao-para-veiculos-eletricos-pode-resultar-em-perdas-de-r-75-trilhoes-para-a-economia-brasileira-segundo-estudo\/","url":"https:\/\/dana.com.br\/canaldana\/2024\/03\/20\/transicao-para-veiculos-eletricos-pode-resultar-em-perdas-de-r-75-trilhoes-para-a-economia-brasileira-segundo-estudo\/","name":"Transi\u00e7\u00e3o para ve\u00edculos el\u00e9tricos pode resultar em perdas de R$ 7,5 trilh\u00f5es para a economia brasileira, segundo estudo - Canal Dana","isPartOf":{"@id":"https:\/\/dana.com.br\/canaldana\/#website"},"datePublished":"2024-03-20T11:29:23+00:00","author":{"@id":"https:\/\/dana.com.br\/canaldana\/#\/schema\/person\/3c21f22f56fcf3bc46b94bc60ea4fef6"},"breadcrumb":{"@id":"https:\/\/dana.com.br\/canaldana\/2024\/03\/20\/transicao-para-veiculos-eletricos-pode-resultar-em-perdas-de-r-75-trilhoes-para-a-economia-brasileira-segundo-estudo\/#breadcrumb"},"inLanguage":"pt-BR","potentialAction":[{"@type":"ReadAction","target":["https:\/\/dana.com.br\/canaldana\/2024\/03\/20\/transicao-para-veiculos-eletricos-pode-resultar-em-perdas-de-r-75-trilhoes-para-a-economia-brasileira-segundo-estudo\/"]}]},{"@type":"BreadcrumbList","@id":"https:\/\/dana.com.br\/canaldana\/2024\/03\/20\/transicao-para-veiculos-eletricos-pode-resultar-em-perdas-de-r-75-trilhoes-para-a-economia-brasileira-segundo-estudo\/#breadcrumb","itemListElement":[{"@type":"ListItem","position":1,"name":"Home","item":"https:\/\/dana.com.br\/canaldana\/"},{"@type":"ListItem","position":2,"name":"Destaques","item":"https:\/\/dana.com.br\/canaldana\/destaques\/"},{"@type":"ListItem","position":3,"name":"Transi\u00e7\u00e3o para ve\u00edculos el\u00e9tricos pode resultar em perdas de R$ 7,5 trilh\u00f5es para a economia brasileira, segundo estudo"}]},{"@type":"WebSite","@id":"https:\/\/dana.com.br\/canaldana\/#website","url":"https:\/\/dana.com.br\/canaldana\/","name":"Canal Dana","description":"Informativo com as principais not\u00edcias da ind\u00fastria automotiva","potentialAction":[{"@type":"SearchAction","target":{"@type":"EntryPoint","urlTemplate":"https:\/\/dana.com.br\/canaldana\/?s={search_term_string}"},"query-input":{"@type":"PropertyValueSpecification","valueRequired":true,"valueName":"search_term_string"}}],"inLanguage":"pt-BR"},{"@type":"Person","@id":"https:\/\/dana.com.br\/canaldana\/#\/schema\/person\/3c21f22f56fcf3bc46b94bc60ea4fef6","name":"Canal Dana","image":{"@type":"ImageObject","inLanguage":"pt-BR","@id":"https:\/\/secure.gravatar.com\/avatar\/420aaf9278582877d9018637c6817617705899d2858d7572ef0fe59a6b6454b4?s=96&d=mm&r=g","url":"https:\/\/secure.gravatar.com\/avatar\/420aaf9278582877d9018637c6817617705899d2858d7572ef0fe59a6b6454b4?s=96&d=mm&r=g","contentUrl":"https:\/\/secure.gravatar.com\/avatar\/420aaf9278582877d9018637c6817617705899d2858d7572ef0fe59a6b6454b4?s=96&d=mm&r=g","caption":"Canal Dana"},"url":"https:\/\/dana.com.br\/canaldana\/author\/cdeditor\/"}]}},"_links":{"self":[{"href":"https:\/\/dana.com.br\/canaldana\/wp-json\/wp\/v2\/posts\/72283","targetHints":{"allow":["GET"]}}],"collection":[{"href":"https:\/\/dana.com.br\/canaldana\/wp-json\/wp\/v2\/posts"}],"about":[{"href":"https:\/\/dana.com.br\/canaldana\/wp-json\/wp\/v2\/types\/post"}],"author":[{"embeddable":true,"href":"https:\/\/dana.com.br\/canaldana\/wp-json\/wp\/v2\/users\/3"}],"replies":[{"embeddable":true,"href":"https:\/\/dana.com.br\/canaldana\/wp-json\/wp\/v2\/comments?post=72283"}],"version-history":[{"count":1,"href":"https:\/\/dana.com.br\/canaldana\/wp-json\/wp\/v2\/posts\/72283\/revisions"}],"predecessor-version":[{"id":72284,"href":"https:\/\/dana.com.br\/canaldana\/wp-json\/wp\/v2\/posts\/72283\/revisions\/72284"}],"wp:attachment":[{"href":"https:\/\/dana.com.br\/canaldana\/wp-json\/wp\/v2\/media?parent=72283"}],"wp:term":[{"taxonomy":"category","embeddable":true,"href":"https:\/\/dana.com.br\/canaldana\/wp-json\/wp\/v2\/categories?post=72283"},{"taxonomy":"post_tag","embeddable":true,"href":"https:\/\/dana.com.br\/canaldana\/wp-json\/wp\/v2\/tags?post=72283"}],"curies":[{"name":"wp","href":"https:\/\/api.w.org\/{rel}","templated":true}]}}