{"id":72230,"date":"2024-03-19T08:36:07","date_gmt":"2024-03-19T11:36:07","guid":{"rendered":"https:\/\/dana.com.br\/canaldana\/?p=72230"},"modified":"2024-03-19T08:36:07","modified_gmt":"2024-03-19T11:36:07","slug":"audi-e-porsche-iniciam-projeto-pescar-2024-para-capacitacao-gratuita-de-15-jovens-da-rede-publica","status":"publish","type":"post","link":"https:\/\/dana.com.br\/canaldana\/2024\/03\/19\/audi-e-porsche-iniciam-projeto-pescar-2024-para-capacitacao-gratuita-de-15-jovens-da-rede-publica\/","title":{"rendered":"Audi e Porsche iniciam Projeto Pescar 2024 para capacita\u00e7\u00e3o gratuita de 15 jovens da rede p\u00fablica"},"content":{"rendered":"<p><em>Motor Mais<\/em><\/p>\n<p>&nbsp;<\/p>\n<p>A Audi do Brasil e a Porsche Brasil anunciam o in\u00edcio do ano letivo para a nova turma de 15 alunos do Projeto Pescar, um curso de capacita\u00e7\u00e3o automotiva para jovens da rede p\u00fablica de ensino que atendam aos requisitos de pr\u00e9-sele\u00e7\u00e3o dispon\u00edveis no site da Funda\u00e7\u00e3o Projeto Pescar. O programa \u00e9 organizado pela Funda\u00e7\u00e3o Projeto Pescar e, na edi\u00e7\u00e3o de 2024, ter\u00e1 o apoio da Universidade S\u00e3o Judas, que ceder\u00e1 salas de aula em sua unidade de Santo Amaro, em S\u00e3o Paulo, para receber os participantes e proporcionar a viv\u00eancia de um ambiente universit\u00e1rio. Os grupos de concession\u00e1rios BEXP, Eurobike e Stuttgart tamb\u00e9m s\u00e3o parceiros e apoiadores da iniciativa.<\/p>\n<p>&nbsp;<\/p>\n<p>A turma de quinze jovens selecionados inicia nesta semana as atividades di\u00e1rias, que ocorrem das 13h \u00e0s 17h, de mar\u00e7o a dezembro de 2024. A aula inaugural contou com a presen\u00e7a e boas-vindas de Daniel Rojas, presidente e CEO da Audi do Brasil, e Peter Vogel, CEO da Porsche Brasil, al\u00e9m de colaboradores e convidados que contaram as suas hist\u00f3rias profissionais e o papel da educa\u00e7\u00e3o e constru\u00e7\u00e3o da carreira na ind\u00fastria automotiva.<\/p>\n<p>&nbsp;<\/p>\n<p>O conte\u00fado do curso ser\u00e1 ministrado por uma educadora social da Funda\u00e7\u00e3o Projeto Pescar e por funcion\u00e1rios volunt\u00e1rios das marcas. O programa do curso inclui disciplinas b\u00e1sicas como Portugu\u00eas, Matem\u00e1tica e Ingl\u00eas, passando por conte\u00fados t\u00e9cnicos como Mec\u00e2nica, Comunica\u00e7\u00e3o Empresarial, Atendimento ao Cliente, e inclusive abordando quest\u00f5es contempor\u00e2neas e sociais pertinentes neste momento de trabalho remoto e h\u00edbrido, como Gest\u00e3o de Tempo e Aprendizagem Aut\u00f4noma. O curso tem a dura\u00e7\u00e3o de 960 horas, com inicia\u00e7\u00e3o profissional em Mec\u00e2nica Veicular.<\/p>\n<p>&nbsp;<\/p>\n<p>Al\u00e9m das aulas te\u00f3ricas a serem realizadas no Centro T\u00e9cnico das marcas em S\u00e3o Paulo, o curso oferece gratuitamente alimenta\u00e7\u00e3o, transporte e uniforme. O cronograma contar\u00e1 ainda com atividades culturais em museus e teatros, al\u00e9m de visitas \u00e0s concession\u00e1rias e eventos espec\u00edficos promovidos pelos fabricantes.<\/p>\n<p>&nbsp;<\/p>\n<p>O Projeto Pescar dentro da Audi teve in\u00edcio em 2017 e, ap\u00f3s cinco edi\u00e7\u00f5es (2017 a 2021), capacitou 75 jovens, sendo quinze por turma, dos quais 23 est\u00e3o trabalhando atualmente na rede de concession\u00e1rias da Audi do Brasil. O programa teve uma breve pausa nos anos de 2022 e 2023 para reorganiza\u00e7\u00e3o do projeto, no entanto, com o retorno em 2024, far\u00e1 a sele\u00e7\u00e3o com base em equidade de g\u00eanero, para fomentar o acesso das mulheres ao universo automotivo, historicamente ocupado pelos homens. (Motor Mais)<\/p>\n","protected":false},"excerpt":{"rendered":"<p>Motor Mais &nbsp; A Audi do Brasil e a Porsche Brasil anunciam o in\u00edcio do ano letivo para a nova turma de 15 alunos do Projeto Pescar, um curso de capacita\u00e7\u00e3o automotiva para jovens da rede p\u00fablica de ensino que atendam aos requisitos de pr\u00e9-sele\u00e7\u00e3o dispon\u00edveis no site da Funda\u00e7\u00e3o Projeto Pescar. O programa \u00e9\u2026 <a class=\"readmore\" href=\"https:\/\/dana.com.br\/canaldana\/2024\/03\/19\/audi-e-porsche-iniciam-projeto-pescar-2024-para-capacitacao-gratuita-de-15-jovens-da-rede-publica\/\">Leia mais \u00bb<\/a><\/p>\n","protected":false},"author":3,"featured_media":0,"comment_status":"closed","ping_status":"closed","sticky":false,"template":"","format":"standard","meta":{"_acf_changed":false,"footnotes":""},"categories":[58],"tags":[],"class_list":["post-72230","post","type-post","status-publish","format-standard","hentry","category-oportunidade"],"acf":[],"yoast_head":"<!-- This site is optimized with the Yoast SEO plugin v27.5 - https:\/\/yoast.com\/product\/yoast-seo-wordpress\/ -->\n<title>Audi e Porsche iniciam Projeto Pescar 2024 para capacita\u00e7\u00e3o gratuita de 15 jovens da rede p\u00fablica - Canal Dana<\/title>\n<meta name=\"robots\" content=\"index, follow, max-snippet:-1, max-image-preview:large, max-video-preview:-1\" \/>\n<link rel=\"canonical\" href=\"https:\/\/dana.com.br\/canaldana\/2024\/03\/19\/audi-e-porsche-iniciam-projeto-pescar-2024-para-capacitacao-gratuita-de-15-jovens-da-rede-publica\/\" \/>\n<meta property=\"og:locale\" content=\"pt_BR\" \/>\n<meta property=\"og:type\" content=\"article\" \/>\n<meta property=\"og:title\" content=\"Audi e Porsche iniciam Projeto Pescar 2024 para capacita\u00e7\u00e3o gratuita de 15 jovens da rede p\u00fablica - Canal Dana\" \/>\n<meta property=\"og:description\" content=\"Motor Mais &nbsp; A Audi do Brasil e a Porsche Brasil anunciam o in\u00edcio do ano letivo para a nova turma de 15 alunos do Projeto Pescar, um curso de capacita\u00e7\u00e3o automotiva para jovens da rede p\u00fablica de ensino que atendam aos requisitos de pr\u00e9-sele\u00e7\u00e3o dispon\u00edveis no site da Funda\u00e7\u00e3o Projeto Pescar. O programa \u00e9\u2026 Leia mais \u00bb\" \/>\n<meta property=\"og:url\" content=\"https:\/\/dana.com.br\/canaldana\/2024\/03\/19\/audi-e-porsche-iniciam-projeto-pescar-2024-para-capacitacao-gratuita-de-15-jovens-da-rede-publica\/\" \/>\n<meta property=\"og:site_name\" content=\"Canal Dana\" \/>\n<meta property=\"article:published_time\" content=\"2024-03-19T11:36:07+00:00\" \/>\n<meta name=\"author\" content=\"Canal Dana\" \/>\n<meta name=\"twitter:card\" content=\"summary_large_image\" \/>\n<meta name=\"twitter:label1\" content=\"Escrito por\" \/>\n\t<meta name=\"twitter:data1\" content=\"Canal Dana\" \/>\n\t<meta name=\"twitter:label2\" content=\"Est. tempo de leitura\" \/>\n\t<meta name=\"twitter:data2\" content=\"3 minutos\" \/>\n<script type=\"application\/ld+json\" class=\"yoast-schema-graph\">{\"@context\":\"https:\\\/\\\/schema.org\",\"@graph\":[{\"@type\":\"Article\",\"@id\":\"https:\\\/\\\/dana.com.br\\\/canaldana\\\/2024\\\/03\\\/19\\\/audi-e-porsche-iniciam-projeto-pescar-2024-para-capacitacao-gratuita-de-15-jovens-da-rede-publica\\\/#article\",\"isPartOf\":{\"@id\":\"https:\\\/\\\/dana.com.br\\\/canaldana\\\/2024\\\/03\\\/19\\\/audi-e-porsche-iniciam-projeto-pescar-2024-para-capacitacao-gratuita-de-15-jovens-da-rede-publica\\\/\"},\"author\":{\"name\":\"Canal Dana\",\"@id\":\"https:\\\/\\\/dana.com.br\\\/canaldana\\\/#\\\/schema\\\/person\\\/3c21f22f56fcf3bc46b94bc60ea4fef6\"},\"headline\":\"Audi e Porsche iniciam Projeto Pescar 2024 para capacita\u00e7\u00e3o gratuita de 15 jovens da rede p\u00fablica\",\"datePublished\":\"2024-03-19T11:36:07+00:00\",\"mainEntityOfPage\":{\"@id\":\"https:\\\/\\\/dana.com.br\\\/canaldana\\\/2024\\\/03\\\/19\\\/audi-e-porsche-iniciam-projeto-pescar-2024-para-capacitacao-gratuita-de-15-jovens-da-rede-publica\\\/\"},\"wordCount\":462,\"articleSection\":[\"Oportunidade\"],\"inLanguage\":\"pt-BR\"},{\"@type\":\"WebPage\",\"@id\":\"https:\\\/\\\/dana.com.br\\\/canaldana\\\/2024\\\/03\\\/19\\\/audi-e-porsche-iniciam-projeto-pescar-2024-para-capacitacao-gratuita-de-15-jovens-da-rede-publica\\\/\",\"url\":\"https:\\\/\\\/dana.com.br\\\/canaldana\\\/2024\\\/03\\\/19\\\/audi-e-porsche-iniciam-projeto-pescar-2024-para-capacitacao-gratuita-de-15-jovens-da-rede-publica\\\/\",\"name\":\"Audi e Porsche iniciam Projeto Pescar 2024 para capacita\u00e7\u00e3o gratuita de 15 jovens da rede p\u00fablica - Canal Dana\",\"isPartOf\":{\"@id\":\"https:\\\/\\\/dana.com.br\\\/canaldana\\\/#website\"},\"datePublished\":\"2024-03-19T11:36:07+00:00\",\"author\":{\"@id\":\"https:\\\/\\\/dana.com.br\\\/canaldana\\\/#\\\/schema\\\/person\\\/3c21f22f56fcf3bc46b94bc60ea4fef6\"},\"breadcrumb\":{\"@id\":\"https:\\\/\\\/dana.com.br\\\/canaldana\\\/2024\\\/03\\\/19\\\/audi-e-porsche-iniciam-projeto-pescar-2024-para-capacitacao-gratuita-de-15-jovens-da-rede-publica\\\/#breadcrumb\"},\"inLanguage\":\"pt-BR\",\"potentialAction\":[{\"@type\":\"ReadAction\",\"target\":[\"https:\\\/\\\/dana.com.br\\\/canaldana\\\/2024\\\/03\\\/19\\\/audi-e-porsche-iniciam-projeto-pescar-2024-para-capacitacao-gratuita-de-15-jovens-da-rede-publica\\\/\"]}]},{\"@type\":\"BreadcrumbList\",\"@id\":\"https:\\\/\\\/dana.com.br\\\/canaldana\\\/2024\\\/03\\\/19\\\/audi-e-porsche-iniciam-projeto-pescar-2024-para-capacitacao-gratuita-de-15-jovens-da-rede-publica\\\/#breadcrumb\",\"itemListElement\":[{\"@type\":\"ListItem\",\"position\":1,\"name\":\"Home\",\"item\":\"https:\\\/\\\/dana.com.br\\\/canaldana\\\/\"},{\"@type\":\"ListItem\",\"position\":2,\"name\":\"Oportunidade\",\"item\":\"https:\\\/\\\/dana.com.br\\\/canaldana\\\/oportunidade\\\/\"},{\"@type\":\"ListItem\",\"position\":3,\"name\":\"Audi e Porsche iniciam Projeto Pescar 2024 para capacita\u00e7\u00e3o gratuita de 15 jovens da rede p\u00fablica\"}]},{\"@type\":\"WebSite\",\"@id\":\"https:\\\/\\\/dana.com.br\\\/canaldana\\\/#website\",\"url\":\"https:\\\/\\\/dana.com.br\\\/canaldana\\\/\",\"name\":\"Canal Dana\",\"description\":\"Informativo com as principais not\u00edcias da ind\u00fastria automotiva\",\"potentialAction\":[{\"@type\":\"SearchAction\",\"target\":{\"@type\":\"EntryPoint\",\"urlTemplate\":\"https:\\\/\\\/dana.com.br\\\/canaldana\\\/?s={search_term_string}\"},\"query-input\":{\"@type\":\"PropertyValueSpecification\",\"valueRequired\":true,\"valueName\":\"search_term_string\"}}],\"inLanguage\":\"pt-BR\"},{\"@type\":\"Person\",\"@id\":\"https:\\\/\\\/dana.com.br\\\/canaldana\\\/#\\\/schema\\\/person\\\/3c21f22f56fcf3bc46b94bc60ea4fef6\",\"name\":\"Canal Dana\",\"image\":{\"@type\":\"ImageObject\",\"inLanguage\":\"pt-BR\",\"@id\":\"https:\\\/\\\/secure.gravatar.com\\\/avatar\\\/420aaf9278582877d9018637c6817617705899d2858d7572ef0fe59a6b6454b4?s=96&d=mm&r=g\",\"url\":\"https:\\\/\\\/secure.gravatar.com\\\/avatar\\\/420aaf9278582877d9018637c6817617705899d2858d7572ef0fe59a6b6454b4?s=96&d=mm&r=g\",\"contentUrl\":\"https:\\\/\\\/secure.gravatar.com\\\/avatar\\\/420aaf9278582877d9018637c6817617705899d2858d7572ef0fe59a6b6454b4?s=96&d=mm&r=g\",\"caption\":\"Canal Dana\"},\"url\":\"https:\\\/\\\/dana.com.br\\\/canaldana\\\/author\\\/cdeditor\\\/\"}]}<\/script>\n<!-- \/ Yoast SEO plugin. -->","yoast_head_json":{"title":"Audi e Porsche iniciam Projeto Pescar 2024 para capacita\u00e7\u00e3o gratuita de 15 jovens da rede p\u00fablica - Canal Dana","robots":{"index":"index","follow":"follow","max-snippet":"max-snippet:-1","max-image-preview":"max-image-preview:large","max-video-preview":"max-video-preview:-1"},"canonical":"https:\/\/dana.com.br\/canaldana\/2024\/03\/19\/audi-e-porsche-iniciam-projeto-pescar-2024-para-capacitacao-gratuita-de-15-jovens-da-rede-publica\/","og_locale":"pt_BR","og_type":"article","og_title":"Audi e Porsche iniciam Projeto Pescar 2024 para capacita\u00e7\u00e3o gratuita de 15 jovens da rede p\u00fablica - Canal Dana","og_description":"Motor Mais &nbsp; A Audi do Brasil e a Porsche Brasil anunciam o in\u00edcio do ano letivo para a nova turma de 15 alunos do Projeto Pescar, um curso de capacita\u00e7\u00e3o automotiva para jovens da rede p\u00fablica de ensino que atendam aos requisitos de pr\u00e9-sele\u00e7\u00e3o dispon\u00edveis no site da Funda\u00e7\u00e3o Projeto Pescar. O programa \u00e9\u2026 Leia mais \u00bb","og_url":"https:\/\/dana.com.br\/canaldana\/2024\/03\/19\/audi-e-porsche-iniciam-projeto-pescar-2024-para-capacitacao-gratuita-de-15-jovens-da-rede-publica\/","og_site_name":"Canal Dana","article_published_time":"2024-03-19T11:36:07+00:00","author":"Canal Dana","twitter_card":"summary_large_image","twitter_misc":{"Escrito por":"Canal Dana","Est. tempo de leitura":"3 minutos"},"schema":{"@context":"https:\/\/schema.org","@graph":[{"@type":"Article","@id":"https:\/\/dana.com.br\/canaldana\/2024\/03\/19\/audi-e-porsche-iniciam-projeto-pescar-2024-para-capacitacao-gratuita-de-15-jovens-da-rede-publica\/#article","isPartOf":{"@id":"https:\/\/dana.com.br\/canaldana\/2024\/03\/19\/audi-e-porsche-iniciam-projeto-pescar-2024-para-capacitacao-gratuita-de-15-jovens-da-rede-publica\/"},"author":{"name":"Canal Dana","@id":"https:\/\/dana.com.br\/canaldana\/#\/schema\/person\/3c21f22f56fcf3bc46b94bc60ea4fef6"},"headline":"Audi e Porsche iniciam Projeto Pescar 2024 para capacita\u00e7\u00e3o gratuita de 15 jovens da rede p\u00fablica","datePublished":"2024-03-19T11:36:07+00:00","mainEntityOfPage":{"@id":"https:\/\/dana.com.br\/canaldana\/2024\/03\/19\/audi-e-porsche-iniciam-projeto-pescar-2024-para-capacitacao-gratuita-de-15-jovens-da-rede-publica\/"},"wordCount":462,"articleSection":["Oportunidade"],"inLanguage":"pt-BR"},{"@type":"WebPage","@id":"https:\/\/dana.com.br\/canaldana\/2024\/03\/19\/audi-e-porsche-iniciam-projeto-pescar-2024-para-capacitacao-gratuita-de-15-jovens-da-rede-publica\/","url":"https:\/\/dana.com.br\/canaldana\/2024\/03\/19\/audi-e-porsche-iniciam-projeto-pescar-2024-para-capacitacao-gratuita-de-15-jovens-da-rede-publica\/","name":"Audi e Porsche iniciam Projeto Pescar 2024 para capacita\u00e7\u00e3o gratuita de 15 jovens da rede p\u00fablica - Canal Dana","isPartOf":{"@id":"https:\/\/dana.com.br\/canaldana\/#website"},"datePublished":"2024-03-19T11:36:07+00:00","author":{"@id":"https:\/\/dana.com.br\/canaldana\/#\/schema\/person\/3c21f22f56fcf3bc46b94bc60ea4fef6"},"breadcrumb":{"@id":"https:\/\/dana.com.br\/canaldana\/2024\/03\/19\/audi-e-porsche-iniciam-projeto-pescar-2024-para-capacitacao-gratuita-de-15-jovens-da-rede-publica\/#breadcrumb"},"inLanguage":"pt-BR","potentialAction":[{"@type":"ReadAction","target":["https:\/\/dana.com.br\/canaldana\/2024\/03\/19\/audi-e-porsche-iniciam-projeto-pescar-2024-para-capacitacao-gratuita-de-15-jovens-da-rede-publica\/"]}]},{"@type":"BreadcrumbList","@id":"https:\/\/dana.com.br\/canaldana\/2024\/03\/19\/audi-e-porsche-iniciam-projeto-pescar-2024-para-capacitacao-gratuita-de-15-jovens-da-rede-publica\/#breadcrumb","itemListElement":[{"@type":"ListItem","position":1,"name":"Home","item":"https:\/\/dana.com.br\/canaldana\/"},{"@type":"ListItem","position":2,"name":"Oportunidade","item":"https:\/\/dana.com.br\/canaldana\/oportunidade\/"},{"@type":"ListItem","position":3,"name":"Audi e Porsche iniciam Projeto Pescar 2024 para capacita\u00e7\u00e3o gratuita de 15 jovens da rede p\u00fablica"}]},{"@type":"WebSite","@id":"https:\/\/dana.com.br\/canaldana\/#website","url":"https:\/\/dana.com.br\/canaldana\/","name":"Canal Dana","description":"Informativo com as principais not\u00edcias da ind\u00fastria automotiva","potentialAction":[{"@type":"SearchAction","target":{"@type":"EntryPoint","urlTemplate":"https:\/\/dana.com.br\/canaldana\/?s={search_term_string}"},"query-input":{"@type":"PropertyValueSpecification","valueRequired":true,"valueName":"search_term_string"}}],"inLanguage":"pt-BR"},{"@type":"Person","@id":"https:\/\/dana.com.br\/canaldana\/#\/schema\/person\/3c21f22f56fcf3bc46b94bc60ea4fef6","name":"Canal Dana","image":{"@type":"ImageObject","inLanguage":"pt-BR","@id":"https:\/\/secure.gravatar.com\/avatar\/420aaf9278582877d9018637c6817617705899d2858d7572ef0fe59a6b6454b4?s=96&d=mm&r=g","url":"https:\/\/secure.gravatar.com\/avatar\/420aaf9278582877d9018637c6817617705899d2858d7572ef0fe59a6b6454b4?s=96&d=mm&r=g","contentUrl":"https:\/\/secure.gravatar.com\/avatar\/420aaf9278582877d9018637c6817617705899d2858d7572ef0fe59a6b6454b4?s=96&d=mm&r=g","caption":"Canal Dana"},"url":"https:\/\/dana.com.br\/canaldana\/author\/cdeditor\/"}]}},"_links":{"self":[{"href":"https:\/\/dana.com.br\/canaldana\/wp-json\/wp\/v2\/posts\/72230","targetHints":{"allow":["GET"]}}],"collection":[{"href":"https:\/\/dana.com.br\/canaldana\/wp-json\/wp\/v2\/posts"}],"about":[{"href":"https:\/\/dana.com.br\/canaldana\/wp-json\/wp\/v2\/types\/post"}],"author":[{"embeddable":true,"href":"https:\/\/dana.com.br\/canaldana\/wp-json\/wp\/v2\/users\/3"}],"replies":[{"embeddable":true,"href":"https:\/\/dana.com.br\/canaldana\/wp-json\/wp\/v2\/comments?post=72230"}],"version-history":[{"count":1,"href":"https:\/\/dana.com.br\/canaldana\/wp-json\/wp\/v2\/posts\/72230\/revisions"}],"predecessor-version":[{"id":72231,"href":"https:\/\/dana.com.br\/canaldana\/wp-json\/wp\/v2\/posts\/72230\/revisions\/72231"}],"wp:attachment":[{"href":"https:\/\/dana.com.br\/canaldana\/wp-json\/wp\/v2\/media?parent=72230"}],"wp:term":[{"taxonomy":"category","embeddable":true,"href":"https:\/\/dana.com.br\/canaldana\/wp-json\/wp\/v2\/categories?post=72230"},{"taxonomy":"post_tag","embeddable":true,"href":"https:\/\/dana.com.br\/canaldana\/wp-json\/wp\/v2\/tags?post=72230"}],"curies":[{"name":"wp","href":"https:\/\/api.w.org\/{rel}","templated":true}]}}