{"id":72056,"date":"2024-03-11T08:36:48","date_gmt":"2024-03-11T11:36:48","guid":{"rendered":"https:\/\/dana.com.br\/canaldana\/?p=72056"},"modified":"2024-03-11T08:36:48","modified_gmt":"2024-03-11T11:36:48","slug":"no-brasil-volkswagen-e-mercedes-benz-lutam-pela-lideranca-do-mercado-de-comerciais-pesados","status":"publish","type":"post","link":"https:\/\/dana.com.br\/canaldana\/2024\/03\/11\/no-brasil-volkswagen-e-mercedes-benz-lutam-pela-lideranca-do-mercado-de-comerciais-pesados\/","title":{"rendered":"No Brasil, Volkswagen e Mercedes-Benz lutam pela lideran\u00e7a do mercado de comerciais pesados"},"content":{"rendered":"<p><em>Truck &amp; Bus Builder Am\u00e9rica do Sul<\/em><\/p>\n<p>&nbsp;<\/p>\n<p>O mercado brasileiro atingiu a venda de 9.923 ve\u00edculos comerciais pesados em fevereiro de 2024, com queda de 2,04% sobre o total de 10.130 unidades do mesmo m\u00eas do ano passado. Foram 8.200 caminh\u00f5es, com evolu\u00e7\u00e3o de 4,57% em rela\u00e7\u00e3o \u00e0s 7.842 unidades, e 1.723 \u00f4nibus, com retra\u00e7\u00e3o de 24,69% em compara\u00e7\u00e3o com as 2.288 unidades faturadas em fevereiro de 2023.<\/p>\n<p>&nbsp;<\/p>\n<p>As vendas acumuladas no bimestre somaram 19.462 unidades, contra as 22.492 dos dois primeiros meses de 2023. Foram 16.193 caminh\u00f5es, em queda de 10,29% em rela\u00e7\u00e3o \u00e0s 18.051 unidades vendidas em igual per\u00edodo de 2023. Em \u00f4nibus, o total acumulado foi de 3.269 ve\u00edculos, que corresponderam a uma retra\u00e7\u00e3o de 26,39% na compara\u00e7\u00e3o com as 4.441 unidades registradas do primeiro bimestre de 2023.<\/p>\n<p>&nbsp;<\/p>\n<p>O presidente da Fenabrave, Andretta J\u00fanior, informou que o m\u00eas de fevereiro foi prejudicado pelos feriados de carnaval que reduziram os dias de compra do m\u00eas. Mas que, assim mesmo, o mercado comportou-se de forma positiva.<\/p>\n<p>&nbsp;<\/p>\n<p>Andretta deu \u00eanfase para a melhoria da economia do Pa\u00eds, pela evolu\u00e7\u00e3o do cr\u00e9dito. Em rela\u00e7\u00e3o ao mercado de \u00f4nibus, ponderou que, com as licita\u00e7\u00f5es do governo para o programa Caminho da Escola, o segmento dever\u00e1 apresentar bons resultados neste ano.<\/p>\n<p>&nbsp;<\/p>\n<p>O mercado de ve\u00edculos comerciais pesados manteve rigoroso equil\u00edbrio entre a Volkswagen Caminh\u00f5es e \u00d4nibus e a Mercedes-Benz. Em fevereiro, a Volkswagen voltou a comandar as vendas de caminh\u00f5es e a Mercedes-Benz o dom\u00ednio da categoria de \u00f4nibus.<\/p>\n<p>&nbsp;<\/p>\n<p>Em vendas acumuladas, a Volkswagen manteve a lideran\u00e7a no segmento de caminh\u00f5es, com o total de 4.075 ve\u00edculos e 25,17% do mercado brasileiro. A Mercedes-Benz manteve a vice-lideran\u00e7a, com 3.817 ve\u00edculos e 23,57% do mercado, com diferen\u00e7a inferior a 2% de participa\u00e7\u00e3o. A Volvo e a Scania disputam a terceira posi\u00e7\u00e3o, com diferen\u00e7a ligeiramente superior a 3 pontos percentuais.<\/p>\n<p>&nbsp;<\/p>\n<p>No segmento de \u00f4nibus a Mercedes-Benz \u00e9 absoluta e fechou o bimestre inicial do ano com 2.050 ve\u00edculos vendidos e 62,3% de participa\u00e7\u00e3o do mercado. A Volkswagen Caminh\u00f5es e \u00d4nibus, em segundo lugar, registrou 480 ve\u00edculos e 14,68% do mercado, seguida pela Marcopolo, com 463 unidades e participa\u00e7\u00e3o correspondente a 14,16%.<\/p>\n<p>&nbsp;<\/p>\n<p><strong>Caminh\u00f5es mais vendidos<\/strong><\/p>\n<p>&nbsp;<\/p>\n<p>1 \u2013 Volvo FH 540 \u2013 pesado \u2013 1.211 unidades<\/p>\n<p>2 \u2013 Volkswagen Truck 11.180 \u2013 m\u00e9dio \u2013 816<\/p>\n<p>3 \u2013 Scania R450 \u2013 pesado \u2013 799<\/p>\n<p>4 \u2013 DAF XF 530 \u2013 pesado \u2013 784<\/p>\n<p>5 \u2013 Volvo FH 460 \u2013 pesado \u2013 573<\/p>\n<p>6 \u2013 DF XF 480 \u2013 pesado \u2013 540<\/p>\n<p>7 \u2013 Volvo VM 290 \u2013 semipesado \u2013 498<\/p>\n<p>8 \u2013 Scania R540 \u2013\u00a0\u00a0 pesado \u2013 463<\/p>\n<p>9 \u2013 Mercedes-Benz Accelo 1017 \u2013 m\u00e9dio \u2013 454<\/p>\n<p>10 \u2013 Mercedes-Benz Actros 2548 \u2013 pesado \u2013 443 unidades<\/p>\n<p>(Truck &amp; Bus Builder Am\u00e9rica do Sul)<\/p>\n","protected":false},"excerpt":{"rendered":"<p>Truck &amp; Bus Builder Am\u00e9rica do Sul &nbsp; O mercado brasileiro atingiu a venda de 9.923 ve\u00edculos comerciais pesados em fevereiro de 2024, com queda de 2,04% sobre o total de 10.130 unidades do mesmo m\u00eas do ano passado. Foram 8.200 caminh\u00f5es, com evolu\u00e7\u00e3o de 4,57% em rela\u00e7\u00e3o \u00e0s 7.842 unidades, e 1.723 \u00f4nibus, com\u2026 <a class=\"readmore\" href=\"https:\/\/dana.com.br\/canaldana\/2024\/03\/11\/no-brasil-volkswagen-e-mercedes-benz-lutam-pela-lideranca-do-mercado-de-comerciais-pesados\/\">Leia mais \u00bb<\/a><\/p>\n","protected":false},"author":3,"featured_media":0,"comment_status":"closed","ping_status":"closed","sticky":false,"template":"","format":"standard","meta":{"_acf_changed":false,"footnotes":""},"categories":[61],"tags":[],"class_list":["post-72056","post","type-post","status-publish","format-standard","hentry","category-destaques"],"acf":[],"yoast_head":"<!-- This site is optimized with the Yoast SEO plugin v27.3 - https:\/\/yoast.com\/product\/yoast-seo-wordpress\/ -->\n<title>No Brasil, Volkswagen e Mercedes-Benz lutam pela lideran\u00e7a do mercado de comerciais pesados - Canal Dana<\/title>\n<meta name=\"robots\" content=\"index, follow, max-snippet:-1, max-image-preview:large, max-video-preview:-1\" \/>\n<link rel=\"canonical\" href=\"https:\/\/dana.com.br\/canaldana\/2024\/03\/11\/no-brasil-volkswagen-e-mercedes-benz-lutam-pela-lideranca-do-mercado-de-comerciais-pesados\/\" \/>\n<meta property=\"og:locale\" content=\"pt_BR\" \/>\n<meta property=\"og:type\" content=\"article\" \/>\n<meta property=\"og:title\" content=\"No Brasil, Volkswagen e Mercedes-Benz lutam pela lideran\u00e7a do mercado de comerciais pesados - Canal Dana\" \/>\n<meta property=\"og:description\" content=\"Truck &amp; Bus Builder Am\u00e9rica do Sul &nbsp; O mercado brasileiro atingiu a venda de 9.923 ve\u00edculos comerciais pesados em fevereiro de 2024, com queda de 2,04% sobre o total de 10.130 unidades do mesmo m\u00eas do ano passado. Foram 8.200 caminh\u00f5es, com evolu\u00e7\u00e3o de 4,57% em rela\u00e7\u00e3o \u00e0s 7.842 unidades, e 1.723 \u00f4nibus, com\u2026 Leia mais \u00bb\" \/>\n<meta property=\"og:url\" content=\"https:\/\/dana.com.br\/canaldana\/2024\/03\/11\/no-brasil-volkswagen-e-mercedes-benz-lutam-pela-lideranca-do-mercado-de-comerciais-pesados\/\" \/>\n<meta property=\"og:site_name\" content=\"Canal Dana\" \/>\n<meta property=\"article:published_time\" content=\"2024-03-11T11:36:48+00:00\" \/>\n<meta name=\"author\" content=\"Canal Dana\" \/>\n<meta name=\"twitter:card\" content=\"summary_large_image\" \/>\n<meta name=\"twitter:label1\" content=\"Escrito por\" \/>\n\t<meta name=\"twitter:data1\" content=\"Canal Dana\" \/>\n\t<meta name=\"twitter:label2\" content=\"Est. tempo de leitura\" \/>\n\t<meta name=\"twitter:data2\" content=\"3 minutos\" \/>\n<script type=\"application\/ld+json\" class=\"yoast-schema-graph\">{\"@context\":\"https:\\\/\\\/schema.org\",\"@graph\":[{\"@type\":\"Article\",\"@id\":\"https:\\\/\\\/dana.com.br\\\/canaldana\\\/2024\\\/03\\\/11\\\/no-brasil-volkswagen-e-mercedes-benz-lutam-pela-lideranca-do-mercado-de-comerciais-pesados\\\/#article\",\"isPartOf\":{\"@id\":\"https:\\\/\\\/dana.com.br\\\/canaldana\\\/2024\\\/03\\\/11\\\/no-brasil-volkswagen-e-mercedes-benz-lutam-pela-lideranca-do-mercado-de-comerciais-pesados\\\/\"},\"author\":{\"name\":\"Canal Dana\",\"@id\":\"https:\\\/\\\/dana.com.br\\\/canaldana\\\/#\\\/schema\\\/person\\\/3c21f22f56fcf3bc46b94bc60ea4fef6\"},\"headline\":\"No Brasil, Volkswagen e Mercedes-Benz lutam pela lideran\u00e7a do mercado de comerciais pesados\",\"datePublished\":\"2024-03-11T11:36:48+00:00\",\"mainEntityOfPage\":{\"@id\":\"https:\\\/\\\/dana.com.br\\\/canaldana\\\/2024\\\/03\\\/11\\\/no-brasil-volkswagen-e-mercedes-benz-lutam-pela-lideranca-do-mercado-de-comerciais-pesados\\\/\"},\"wordCount\":431,\"articleSection\":[\"Destaques\"],\"inLanguage\":\"pt-BR\"},{\"@type\":\"WebPage\",\"@id\":\"https:\\\/\\\/dana.com.br\\\/canaldana\\\/2024\\\/03\\\/11\\\/no-brasil-volkswagen-e-mercedes-benz-lutam-pela-lideranca-do-mercado-de-comerciais-pesados\\\/\",\"url\":\"https:\\\/\\\/dana.com.br\\\/canaldana\\\/2024\\\/03\\\/11\\\/no-brasil-volkswagen-e-mercedes-benz-lutam-pela-lideranca-do-mercado-de-comerciais-pesados\\\/\",\"name\":\"No Brasil, Volkswagen e Mercedes-Benz lutam pela lideran\u00e7a do mercado de comerciais pesados - Canal Dana\",\"isPartOf\":{\"@id\":\"https:\\\/\\\/dana.com.br\\\/canaldana\\\/#website\"},\"datePublished\":\"2024-03-11T11:36:48+00:00\",\"author\":{\"@id\":\"https:\\\/\\\/dana.com.br\\\/canaldana\\\/#\\\/schema\\\/person\\\/3c21f22f56fcf3bc46b94bc60ea4fef6\"},\"breadcrumb\":{\"@id\":\"https:\\\/\\\/dana.com.br\\\/canaldana\\\/2024\\\/03\\\/11\\\/no-brasil-volkswagen-e-mercedes-benz-lutam-pela-lideranca-do-mercado-de-comerciais-pesados\\\/#breadcrumb\"},\"inLanguage\":\"pt-BR\",\"potentialAction\":[{\"@type\":\"ReadAction\",\"target\":[\"https:\\\/\\\/dana.com.br\\\/canaldana\\\/2024\\\/03\\\/11\\\/no-brasil-volkswagen-e-mercedes-benz-lutam-pela-lideranca-do-mercado-de-comerciais-pesados\\\/\"]}]},{\"@type\":\"BreadcrumbList\",\"@id\":\"https:\\\/\\\/dana.com.br\\\/canaldana\\\/2024\\\/03\\\/11\\\/no-brasil-volkswagen-e-mercedes-benz-lutam-pela-lideranca-do-mercado-de-comerciais-pesados\\\/#breadcrumb\",\"itemListElement\":[{\"@type\":\"ListItem\",\"position\":1,\"name\":\"Home\",\"item\":\"https:\\\/\\\/dana.com.br\\\/canaldana\\\/\"},{\"@type\":\"ListItem\",\"position\":2,\"name\":\"Destaques\",\"item\":\"https:\\\/\\\/dana.com.br\\\/canaldana\\\/destaques\\\/\"},{\"@type\":\"ListItem\",\"position\":3,\"name\":\"No Brasil, Volkswagen e Mercedes-Benz lutam pela lideran\u00e7a do mercado de comerciais pesados\"}]},{\"@type\":\"WebSite\",\"@id\":\"https:\\\/\\\/dana.com.br\\\/canaldana\\\/#website\",\"url\":\"https:\\\/\\\/dana.com.br\\\/canaldana\\\/\",\"name\":\"Canal Dana\",\"description\":\"Informativo com as principais not\u00edcias da ind\u00fastria automotiva\",\"potentialAction\":[{\"@type\":\"SearchAction\",\"target\":{\"@type\":\"EntryPoint\",\"urlTemplate\":\"https:\\\/\\\/dana.com.br\\\/canaldana\\\/?s={search_term_string}\"},\"query-input\":{\"@type\":\"PropertyValueSpecification\",\"valueRequired\":true,\"valueName\":\"search_term_string\"}}],\"inLanguage\":\"pt-BR\"},{\"@type\":\"Person\",\"@id\":\"https:\\\/\\\/dana.com.br\\\/canaldana\\\/#\\\/schema\\\/person\\\/3c21f22f56fcf3bc46b94bc60ea4fef6\",\"name\":\"Canal Dana\",\"image\":{\"@type\":\"ImageObject\",\"inLanguage\":\"pt-BR\",\"@id\":\"https:\\\/\\\/secure.gravatar.com\\\/avatar\\\/420aaf9278582877d9018637c6817617705899d2858d7572ef0fe59a6b6454b4?s=96&d=mm&r=g\",\"url\":\"https:\\\/\\\/secure.gravatar.com\\\/avatar\\\/420aaf9278582877d9018637c6817617705899d2858d7572ef0fe59a6b6454b4?s=96&d=mm&r=g\",\"contentUrl\":\"https:\\\/\\\/secure.gravatar.com\\\/avatar\\\/420aaf9278582877d9018637c6817617705899d2858d7572ef0fe59a6b6454b4?s=96&d=mm&r=g\",\"caption\":\"Canal Dana\"},\"url\":\"https:\\\/\\\/dana.com.br\\\/canaldana\\\/author\\\/cdeditor\\\/\"}]}<\/script>\n<!-- \/ Yoast SEO plugin. -->","yoast_head_json":{"title":"No Brasil, Volkswagen e Mercedes-Benz lutam pela lideran\u00e7a do mercado de comerciais pesados - Canal Dana","robots":{"index":"index","follow":"follow","max-snippet":"max-snippet:-1","max-image-preview":"max-image-preview:large","max-video-preview":"max-video-preview:-1"},"canonical":"https:\/\/dana.com.br\/canaldana\/2024\/03\/11\/no-brasil-volkswagen-e-mercedes-benz-lutam-pela-lideranca-do-mercado-de-comerciais-pesados\/","og_locale":"pt_BR","og_type":"article","og_title":"No Brasil, Volkswagen e Mercedes-Benz lutam pela lideran\u00e7a do mercado de comerciais pesados - Canal Dana","og_description":"Truck &amp; Bus Builder Am\u00e9rica do Sul &nbsp; O mercado brasileiro atingiu a venda de 9.923 ve\u00edculos comerciais pesados em fevereiro de 2024, com queda de 2,04% sobre o total de 10.130 unidades do mesmo m\u00eas do ano passado. Foram 8.200 caminh\u00f5es, com evolu\u00e7\u00e3o de 4,57% em rela\u00e7\u00e3o \u00e0s 7.842 unidades, e 1.723 \u00f4nibus, com\u2026 Leia mais \u00bb","og_url":"https:\/\/dana.com.br\/canaldana\/2024\/03\/11\/no-brasil-volkswagen-e-mercedes-benz-lutam-pela-lideranca-do-mercado-de-comerciais-pesados\/","og_site_name":"Canal Dana","article_published_time":"2024-03-11T11:36:48+00:00","author":"Canal Dana","twitter_card":"summary_large_image","twitter_misc":{"Escrito por":"Canal Dana","Est. tempo de leitura":"3 minutos"},"schema":{"@context":"https:\/\/schema.org","@graph":[{"@type":"Article","@id":"https:\/\/dana.com.br\/canaldana\/2024\/03\/11\/no-brasil-volkswagen-e-mercedes-benz-lutam-pela-lideranca-do-mercado-de-comerciais-pesados\/#article","isPartOf":{"@id":"https:\/\/dana.com.br\/canaldana\/2024\/03\/11\/no-brasil-volkswagen-e-mercedes-benz-lutam-pela-lideranca-do-mercado-de-comerciais-pesados\/"},"author":{"name":"Canal Dana","@id":"https:\/\/dana.com.br\/canaldana\/#\/schema\/person\/3c21f22f56fcf3bc46b94bc60ea4fef6"},"headline":"No Brasil, Volkswagen e Mercedes-Benz lutam pela lideran\u00e7a do mercado de comerciais pesados","datePublished":"2024-03-11T11:36:48+00:00","mainEntityOfPage":{"@id":"https:\/\/dana.com.br\/canaldana\/2024\/03\/11\/no-brasil-volkswagen-e-mercedes-benz-lutam-pela-lideranca-do-mercado-de-comerciais-pesados\/"},"wordCount":431,"articleSection":["Destaques"],"inLanguage":"pt-BR"},{"@type":"WebPage","@id":"https:\/\/dana.com.br\/canaldana\/2024\/03\/11\/no-brasil-volkswagen-e-mercedes-benz-lutam-pela-lideranca-do-mercado-de-comerciais-pesados\/","url":"https:\/\/dana.com.br\/canaldana\/2024\/03\/11\/no-brasil-volkswagen-e-mercedes-benz-lutam-pela-lideranca-do-mercado-de-comerciais-pesados\/","name":"No Brasil, Volkswagen e Mercedes-Benz lutam pela lideran\u00e7a do mercado de comerciais pesados - Canal Dana","isPartOf":{"@id":"https:\/\/dana.com.br\/canaldana\/#website"},"datePublished":"2024-03-11T11:36:48+00:00","author":{"@id":"https:\/\/dana.com.br\/canaldana\/#\/schema\/person\/3c21f22f56fcf3bc46b94bc60ea4fef6"},"breadcrumb":{"@id":"https:\/\/dana.com.br\/canaldana\/2024\/03\/11\/no-brasil-volkswagen-e-mercedes-benz-lutam-pela-lideranca-do-mercado-de-comerciais-pesados\/#breadcrumb"},"inLanguage":"pt-BR","potentialAction":[{"@type":"ReadAction","target":["https:\/\/dana.com.br\/canaldana\/2024\/03\/11\/no-brasil-volkswagen-e-mercedes-benz-lutam-pela-lideranca-do-mercado-de-comerciais-pesados\/"]}]},{"@type":"BreadcrumbList","@id":"https:\/\/dana.com.br\/canaldana\/2024\/03\/11\/no-brasil-volkswagen-e-mercedes-benz-lutam-pela-lideranca-do-mercado-de-comerciais-pesados\/#breadcrumb","itemListElement":[{"@type":"ListItem","position":1,"name":"Home","item":"https:\/\/dana.com.br\/canaldana\/"},{"@type":"ListItem","position":2,"name":"Destaques","item":"https:\/\/dana.com.br\/canaldana\/destaques\/"},{"@type":"ListItem","position":3,"name":"No Brasil, Volkswagen e Mercedes-Benz lutam pela lideran\u00e7a do mercado de comerciais pesados"}]},{"@type":"WebSite","@id":"https:\/\/dana.com.br\/canaldana\/#website","url":"https:\/\/dana.com.br\/canaldana\/","name":"Canal Dana","description":"Informativo com as principais not\u00edcias da ind\u00fastria automotiva","potentialAction":[{"@type":"SearchAction","target":{"@type":"EntryPoint","urlTemplate":"https:\/\/dana.com.br\/canaldana\/?s={search_term_string}"},"query-input":{"@type":"PropertyValueSpecification","valueRequired":true,"valueName":"search_term_string"}}],"inLanguage":"pt-BR"},{"@type":"Person","@id":"https:\/\/dana.com.br\/canaldana\/#\/schema\/person\/3c21f22f56fcf3bc46b94bc60ea4fef6","name":"Canal Dana","image":{"@type":"ImageObject","inLanguage":"pt-BR","@id":"https:\/\/secure.gravatar.com\/avatar\/420aaf9278582877d9018637c6817617705899d2858d7572ef0fe59a6b6454b4?s=96&d=mm&r=g","url":"https:\/\/secure.gravatar.com\/avatar\/420aaf9278582877d9018637c6817617705899d2858d7572ef0fe59a6b6454b4?s=96&d=mm&r=g","contentUrl":"https:\/\/secure.gravatar.com\/avatar\/420aaf9278582877d9018637c6817617705899d2858d7572ef0fe59a6b6454b4?s=96&d=mm&r=g","caption":"Canal Dana"},"url":"https:\/\/dana.com.br\/canaldana\/author\/cdeditor\/"}]}},"_links":{"self":[{"href":"https:\/\/dana.com.br\/canaldana\/wp-json\/wp\/v2\/posts\/72056","targetHints":{"allow":["GET"]}}],"collection":[{"href":"https:\/\/dana.com.br\/canaldana\/wp-json\/wp\/v2\/posts"}],"about":[{"href":"https:\/\/dana.com.br\/canaldana\/wp-json\/wp\/v2\/types\/post"}],"author":[{"embeddable":true,"href":"https:\/\/dana.com.br\/canaldana\/wp-json\/wp\/v2\/users\/3"}],"replies":[{"embeddable":true,"href":"https:\/\/dana.com.br\/canaldana\/wp-json\/wp\/v2\/comments?post=72056"}],"version-history":[{"count":1,"href":"https:\/\/dana.com.br\/canaldana\/wp-json\/wp\/v2\/posts\/72056\/revisions"}],"predecessor-version":[{"id":72057,"href":"https:\/\/dana.com.br\/canaldana\/wp-json\/wp\/v2\/posts\/72056\/revisions\/72057"}],"wp:attachment":[{"href":"https:\/\/dana.com.br\/canaldana\/wp-json\/wp\/v2\/media?parent=72056"}],"wp:term":[{"taxonomy":"category","embeddable":true,"href":"https:\/\/dana.com.br\/canaldana\/wp-json\/wp\/v2\/categories?post=72056"},{"taxonomy":"post_tag","embeddable":true,"href":"https:\/\/dana.com.br\/canaldana\/wp-json\/wp\/v2\/tags?post=72056"}],"curies":[{"name":"wp","href":"https:\/\/api.w.org\/{rel}","templated":true}]}}