{"id":72054,"date":"2024-03-11T08:36:02","date_gmt":"2024-03-11T11:36:02","guid":{"rendered":"https:\/\/dana.com.br\/canaldana\/?p=72054"},"modified":"2024-03-11T08:36:02","modified_gmt":"2024-03-11T11:36:02","slug":"mercado-de-veiculos-usados-queda-mensal-alta-no-ano","status":"publish","type":"post","link":"https:\/\/dana.com.br\/canaldana\/2024\/03\/11\/mercado-de-veiculos-usados-queda-mensal-alta-no-ano\/","title":{"rendered":"Mercado de ve\u00edculos usados: queda mensal, alta no ano"},"content":{"rendered":"<p><em>AutoInd\u00fastria<\/em><\/p>\n<p>&nbsp;<\/p>\n<p>As vendas totais de ve\u00edculos usados em fevereiro registraram recuo de 4,8% com 1,14 milh\u00e3o de unidades ante 1,19 milh\u00e3o de autoleves, caminh\u00f5es, \u00f4nibus, motocicletas e implementos rodovi\u00e1rios negociados em janeiro. De acordo com levantamento da Fenabrave, a varia\u00e7\u00e3o negativa se deve ao menor n\u00famero de dias \u00fateis no m\u00eas passado.<\/p>\n<p>&nbsp;<\/p>\n<p>A justificativa se reflete nos confrontos com o ano passado. Na compara\u00e7\u00e3o com fevereiro de 2023, quando 989,4 mil ve\u00edculos mudaram de propriet\u00e1rio, a alta foi de 15,4%. No primeiro bimestre, o volume transa\u00e7\u00f5es tamb\u00e9m se manteve em crescimento, de 14,2%, para 2,43 milh\u00f5es de unidades vendidas.<\/p>\n<p>&nbsp;<\/p>\n<p>O presidente da Fenabrave, Andreta Jr., destaca que nos dois primeiros meses j\u00e1 foram quase 300 mil unidades a mais negociadas em rela\u00e7\u00e3o a 2023. \u201cO mercado tem registrado um bom in\u00edcio de ano. Em fevereiro, observamos evolu\u00e7\u00e3o de 10% nas vendas di\u00e1rias de ve\u00edculos usados, reflexo do aumento da venda de novos, uma vez que grande parte dos usados \u00e9 ofertada como entrada para a aquisi\u00e7\u00e3o de um ve\u00edculo zero km.\u201d<\/p>\n<p>&nbsp;<\/p>\n<p>No total das negocia\u00e7\u00f5es em fevereiro, 839,1 mil autom\u00f3veis e comerciais leves trocaram de m\u00e3o, queda de 5,91% em rela\u00e7\u00e3o a janeiro (891,9 mil). O volume de transa\u00e7\u00f5es, no entanto, representou alta de 15,5% na compara\u00e7\u00e3o com o mesmo m\u00eas do ano passado. No acumulado, a alta chegou a 14,5%, para 1,73 milh\u00e3o de unidades. O dirigente aponta que os modelos usados com at\u00e9 3 anos de fabrica\u00e7\u00e3o representaram perto de 10% do total.<\/p>\n<p>&nbsp;<\/p>\n<p>Apesar do m\u00eas mais curto, as transa\u00e7\u00f5es de caminh\u00f5es em fevereiro apresentaram altas de 4% sobre janeiro, de 24,3 mil unidades para 25,3 mil, e de 7,2% em rela\u00e7\u00e3o a igual m\u00eas de 2023, quanto registrou 23,6 mil transa\u00e7\u00f5es. No ano, as negocia\u00e7\u00f5es alcan\u00e7aram crescimento de 3,2%, com 49,7 mil transfer\u00eancias.<\/p>\n<p>&nbsp;<\/p>\n<p>O mercado de usados de implementos rodovi\u00e1rios segue movimento semelhante ao de caminh\u00f5es, embora tenha recuado 8,3% em fevereiro, de 8,5 mil unidades, em janeiro, para 7,8 mil. Nas compara\u00e7\u00f5es com o ano passado, por\u00e9m, as transa\u00e7\u00f5es entre meses cresceram 13,6% e, no ano, 12,2%, para 16,2 mil mudan\u00e7as de propriet\u00e1rio.<\/p>\n<p>&nbsp;<\/p>\n<p>No segmento de \u00f4nibus, as vendas em fevereiro somaram 3,6 mil unidades, altas de 10,3% sobre janeiro, quando apurou 3,3 mil transa\u00e7\u00f5es, e 0,6% com rela\u00e7\u00e3o h\u00e1 um ano. No ano, j\u00e1 foram negociadas quase 7 mil unidades, praticamente esteve na compara\u00e7\u00e3o com o primeiro bimestre de 2023, com ligeira baixa de 0,3%.<\/p>\n<p>&nbsp;<\/p>\n<p>Por fim, as transa\u00e7\u00f5es no m\u00eas passado de motos recuaram 2,3% em rela\u00e7\u00e3o janeiro, de 264,2 mil para 258,1 mil. Mas anotaram desempenho positivo de 16,4% sobre fevereiro de 2023 (221,7 mil unidades) e de 14,9% no acumulado dos dois primeiros meses, para 522,3 mil negocia\u00e7\u00f5es. (AutoInd\u00fastria)<\/p>\n","protected":false},"excerpt":{"rendered":"<p>AutoInd\u00fastria &nbsp; As vendas totais de ve\u00edculos usados em fevereiro registraram recuo de 4,8% com 1,14 milh\u00e3o de unidades ante 1,19 milh\u00e3o de autoleves, caminh\u00f5es, \u00f4nibus, motocicletas e implementos rodovi\u00e1rios negociados em janeiro. De acordo com levantamento da Fenabrave, a varia\u00e7\u00e3o negativa se deve ao menor n\u00famero de dias \u00fateis no m\u00eas passado. &nbsp; A\u2026 <a class=\"readmore\" href=\"https:\/\/dana.com.br\/canaldana\/2024\/03\/11\/mercado-de-veiculos-usados-queda-mensal-alta-no-ano\/\">Leia mais \u00bb<\/a><\/p>\n","protected":false},"author":3,"featured_media":0,"comment_status":"closed","ping_status":"closed","sticky":false,"template":"","format":"standard","meta":{"_acf_changed":false,"footnotes":""},"categories":[61],"tags":[],"class_list":["post-72054","post","type-post","status-publish","format-standard","hentry","category-destaques"],"acf":[],"yoast_head":"<!-- This site is optimized with the Yoast SEO plugin v27.3 - https:\/\/yoast.com\/product\/yoast-seo-wordpress\/ -->\n<title>Mercado de ve\u00edculos usados: queda mensal, alta no ano - Canal Dana<\/title>\n<meta name=\"robots\" content=\"index, follow, max-snippet:-1, max-image-preview:large, max-video-preview:-1\" \/>\n<link rel=\"canonical\" href=\"https:\/\/dana.com.br\/canaldana\/2024\/03\/11\/mercado-de-veiculos-usados-queda-mensal-alta-no-ano\/\" \/>\n<meta property=\"og:locale\" content=\"pt_BR\" \/>\n<meta property=\"og:type\" content=\"article\" \/>\n<meta property=\"og:title\" content=\"Mercado de ve\u00edculos usados: queda mensal, alta no ano - Canal Dana\" \/>\n<meta property=\"og:description\" content=\"AutoInd\u00fastria &nbsp; As vendas totais de ve\u00edculos usados em fevereiro registraram recuo de 4,8% com 1,14 milh\u00e3o de unidades ante 1,19 milh\u00e3o de autoleves, caminh\u00f5es, \u00f4nibus, motocicletas e implementos rodovi\u00e1rios negociados em janeiro. De acordo com levantamento da Fenabrave, a varia\u00e7\u00e3o negativa se deve ao menor n\u00famero de dias \u00fateis no m\u00eas passado. &nbsp; A\u2026 Leia mais \u00bb\" \/>\n<meta property=\"og:url\" content=\"https:\/\/dana.com.br\/canaldana\/2024\/03\/11\/mercado-de-veiculos-usados-queda-mensal-alta-no-ano\/\" \/>\n<meta property=\"og:site_name\" content=\"Canal Dana\" \/>\n<meta property=\"article:published_time\" content=\"2024-03-11T11:36:02+00:00\" \/>\n<meta name=\"author\" content=\"Canal Dana\" \/>\n<meta name=\"twitter:card\" content=\"summary_large_image\" \/>\n<meta name=\"twitter:label1\" content=\"Escrito por\" \/>\n\t<meta name=\"twitter:data1\" content=\"Canal Dana\" \/>\n\t<meta name=\"twitter:label2\" content=\"Est. tempo de leitura\" \/>\n\t<meta name=\"twitter:data2\" content=\"3 minutos\" \/>\n<script type=\"application\/ld+json\" class=\"yoast-schema-graph\">{\"@context\":\"https:\\\/\\\/schema.org\",\"@graph\":[{\"@type\":\"Article\",\"@id\":\"https:\\\/\\\/dana.com.br\\\/canaldana\\\/2024\\\/03\\\/11\\\/mercado-de-veiculos-usados-queda-mensal-alta-no-ano\\\/#article\",\"isPartOf\":{\"@id\":\"https:\\\/\\\/dana.com.br\\\/canaldana\\\/2024\\\/03\\\/11\\\/mercado-de-veiculos-usados-queda-mensal-alta-no-ano\\\/\"},\"author\":{\"name\":\"Canal Dana\",\"@id\":\"https:\\\/\\\/dana.com.br\\\/canaldana\\\/#\\\/schema\\\/person\\\/3c21f22f56fcf3bc46b94bc60ea4fef6\"},\"headline\":\"Mercado de ve\u00edculos usados: queda mensal, alta no ano\",\"datePublished\":\"2024-03-11T11:36:02+00:00\",\"mainEntityOfPage\":{\"@id\":\"https:\\\/\\\/dana.com.br\\\/canaldana\\\/2024\\\/03\\\/11\\\/mercado-de-veiculos-usados-queda-mensal-alta-no-ano\\\/\"},\"wordCount\":471,\"articleSection\":[\"Destaques\"],\"inLanguage\":\"pt-BR\"},{\"@type\":\"WebPage\",\"@id\":\"https:\\\/\\\/dana.com.br\\\/canaldana\\\/2024\\\/03\\\/11\\\/mercado-de-veiculos-usados-queda-mensal-alta-no-ano\\\/\",\"url\":\"https:\\\/\\\/dana.com.br\\\/canaldana\\\/2024\\\/03\\\/11\\\/mercado-de-veiculos-usados-queda-mensal-alta-no-ano\\\/\",\"name\":\"Mercado de ve\u00edculos usados: queda mensal, alta no ano - Canal Dana\",\"isPartOf\":{\"@id\":\"https:\\\/\\\/dana.com.br\\\/canaldana\\\/#website\"},\"datePublished\":\"2024-03-11T11:36:02+00:00\",\"author\":{\"@id\":\"https:\\\/\\\/dana.com.br\\\/canaldana\\\/#\\\/schema\\\/person\\\/3c21f22f56fcf3bc46b94bc60ea4fef6\"},\"breadcrumb\":{\"@id\":\"https:\\\/\\\/dana.com.br\\\/canaldana\\\/2024\\\/03\\\/11\\\/mercado-de-veiculos-usados-queda-mensal-alta-no-ano\\\/#breadcrumb\"},\"inLanguage\":\"pt-BR\",\"potentialAction\":[{\"@type\":\"ReadAction\",\"target\":[\"https:\\\/\\\/dana.com.br\\\/canaldana\\\/2024\\\/03\\\/11\\\/mercado-de-veiculos-usados-queda-mensal-alta-no-ano\\\/\"]}]},{\"@type\":\"BreadcrumbList\",\"@id\":\"https:\\\/\\\/dana.com.br\\\/canaldana\\\/2024\\\/03\\\/11\\\/mercado-de-veiculos-usados-queda-mensal-alta-no-ano\\\/#breadcrumb\",\"itemListElement\":[{\"@type\":\"ListItem\",\"position\":1,\"name\":\"Home\",\"item\":\"https:\\\/\\\/dana.com.br\\\/canaldana\\\/\"},{\"@type\":\"ListItem\",\"position\":2,\"name\":\"Destaques\",\"item\":\"https:\\\/\\\/dana.com.br\\\/canaldana\\\/destaques\\\/\"},{\"@type\":\"ListItem\",\"position\":3,\"name\":\"Mercado de ve\u00edculos usados: queda mensal, alta no ano\"}]},{\"@type\":\"WebSite\",\"@id\":\"https:\\\/\\\/dana.com.br\\\/canaldana\\\/#website\",\"url\":\"https:\\\/\\\/dana.com.br\\\/canaldana\\\/\",\"name\":\"Canal Dana\",\"description\":\"Informativo com as principais not\u00edcias da ind\u00fastria automotiva\",\"potentialAction\":[{\"@type\":\"SearchAction\",\"target\":{\"@type\":\"EntryPoint\",\"urlTemplate\":\"https:\\\/\\\/dana.com.br\\\/canaldana\\\/?s={search_term_string}\"},\"query-input\":{\"@type\":\"PropertyValueSpecification\",\"valueRequired\":true,\"valueName\":\"search_term_string\"}}],\"inLanguage\":\"pt-BR\"},{\"@type\":\"Person\",\"@id\":\"https:\\\/\\\/dana.com.br\\\/canaldana\\\/#\\\/schema\\\/person\\\/3c21f22f56fcf3bc46b94bc60ea4fef6\",\"name\":\"Canal Dana\",\"image\":{\"@type\":\"ImageObject\",\"inLanguage\":\"pt-BR\",\"@id\":\"https:\\\/\\\/secure.gravatar.com\\\/avatar\\\/420aaf9278582877d9018637c6817617705899d2858d7572ef0fe59a6b6454b4?s=96&d=mm&r=g\",\"url\":\"https:\\\/\\\/secure.gravatar.com\\\/avatar\\\/420aaf9278582877d9018637c6817617705899d2858d7572ef0fe59a6b6454b4?s=96&d=mm&r=g\",\"contentUrl\":\"https:\\\/\\\/secure.gravatar.com\\\/avatar\\\/420aaf9278582877d9018637c6817617705899d2858d7572ef0fe59a6b6454b4?s=96&d=mm&r=g\",\"caption\":\"Canal Dana\"},\"url\":\"https:\\\/\\\/dana.com.br\\\/canaldana\\\/author\\\/cdeditor\\\/\"}]}<\/script>\n<!-- \/ Yoast SEO plugin. -->","yoast_head_json":{"title":"Mercado de ve\u00edculos usados: queda mensal, alta no ano - Canal Dana","robots":{"index":"index","follow":"follow","max-snippet":"max-snippet:-1","max-image-preview":"max-image-preview:large","max-video-preview":"max-video-preview:-1"},"canonical":"https:\/\/dana.com.br\/canaldana\/2024\/03\/11\/mercado-de-veiculos-usados-queda-mensal-alta-no-ano\/","og_locale":"pt_BR","og_type":"article","og_title":"Mercado de ve\u00edculos usados: queda mensal, alta no ano - Canal Dana","og_description":"AutoInd\u00fastria &nbsp; As vendas totais de ve\u00edculos usados em fevereiro registraram recuo de 4,8% com 1,14 milh\u00e3o de unidades ante 1,19 milh\u00e3o de autoleves, caminh\u00f5es, \u00f4nibus, motocicletas e implementos rodovi\u00e1rios negociados em janeiro. De acordo com levantamento da Fenabrave, a varia\u00e7\u00e3o negativa se deve ao menor n\u00famero de dias \u00fateis no m\u00eas passado. &nbsp; A\u2026 Leia mais \u00bb","og_url":"https:\/\/dana.com.br\/canaldana\/2024\/03\/11\/mercado-de-veiculos-usados-queda-mensal-alta-no-ano\/","og_site_name":"Canal Dana","article_published_time":"2024-03-11T11:36:02+00:00","author":"Canal Dana","twitter_card":"summary_large_image","twitter_misc":{"Escrito por":"Canal Dana","Est. tempo de leitura":"3 minutos"},"schema":{"@context":"https:\/\/schema.org","@graph":[{"@type":"Article","@id":"https:\/\/dana.com.br\/canaldana\/2024\/03\/11\/mercado-de-veiculos-usados-queda-mensal-alta-no-ano\/#article","isPartOf":{"@id":"https:\/\/dana.com.br\/canaldana\/2024\/03\/11\/mercado-de-veiculos-usados-queda-mensal-alta-no-ano\/"},"author":{"name":"Canal Dana","@id":"https:\/\/dana.com.br\/canaldana\/#\/schema\/person\/3c21f22f56fcf3bc46b94bc60ea4fef6"},"headline":"Mercado de ve\u00edculos usados: queda mensal, alta no ano","datePublished":"2024-03-11T11:36:02+00:00","mainEntityOfPage":{"@id":"https:\/\/dana.com.br\/canaldana\/2024\/03\/11\/mercado-de-veiculos-usados-queda-mensal-alta-no-ano\/"},"wordCount":471,"articleSection":["Destaques"],"inLanguage":"pt-BR"},{"@type":"WebPage","@id":"https:\/\/dana.com.br\/canaldana\/2024\/03\/11\/mercado-de-veiculos-usados-queda-mensal-alta-no-ano\/","url":"https:\/\/dana.com.br\/canaldana\/2024\/03\/11\/mercado-de-veiculos-usados-queda-mensal-alta-no-ano\/","name":"Mercado de ve\u00edculos usados: queda mensal, alta no ano - Canal Dana","isPartOf":{"@id":"https:\/\/dana.com.br\/canaldana\/#website"},"datePublished":"2024-03-11T11:36:02+00:00","author":{"@id":"https:\/\/dana.com.br\/canaldana\/#\/schema\/person\/3c21f22f56fcf3bc46b94bc60ea4fef6"},"breadcrumb":{"@id":"https:\/\/dana.com.br\/canaldana\/2024\/03\/11\/mercado-de-veiculos-usados-queda-mensal-alta-no-ano\/#breadcrumb"},"inLanguage":"pt-BR","potentialAction":[{"@type":"ReadAction","target":["https:\/\/dana.com.br\/canaldana\/2024\/03\/11\/mercado-de-veiculos-usados-queda-mensal-alta-no-ano\/"]}]},{"@type":"BreadcrumbList","@id":"https:\/\/dana.com.br\/canaldana\/2024\/03\/11\/mercado-de-veiculos-usados-queda-mensal-alta-no-ano\/#breadcrumb","itemListElement":[{"@type":"ListItem","position":1,"name":"Home","item":"https:\/\/dana.com.br\/canaldana\/"},{"@type":"ListItem","position":2,"name":"Destaques","item":"https:\/\/dana.com.br\/canaldana\/destaques\/"},{"@type":"ListItem","position":3,"name":"Mercado de ve\u00edculos usados: queda mensal, alta no ano"}]},{"@type":"WebSite","@id":"https:\/\/dana.com.br\/canaldana\/#website","url":"https:\/\/dana.com.br\/canaldana\/","name":"Canal Dana","description":"Informativo com as principais not\u00edcias da ind\u00fastria automotiva","potentialAction":[{"@type":"SearchAction","target":{"@type":"EntryPoint","urlTemplate":"https:\/\/dana.com.br\/canaldana\/?s={search_term_string}"},"query-input":{"@type":"PropertyValueSpecification","valueRequired":true,"valueName":"search_term_string"}}],"inLanguage":"pt-BR"},{"@type":"Person","@id":"https:\/\/dana.com.br\/canaldana\/#\/schema\/person\/3c21f22f56fcf3bc46b94bc60ea4fef6","name":"Canal Dana","image":{"@type":"ImageObject","inLanguage":"pt-BR","@id":"https:\/\/secure.gravatar.com\/avatar\/420aaf9278582877d9018637c6817617705899d2858d7572ef0fe59a6b6454b4?s=96&d=mm&r=g","url":"https:\/\/secure.gravatar.com\/avatar\/420aaf9278582877d9018637c6817617705899d2858d7572ef0fe59a6b6454b4?s=96&d=mm&r=g","contentUrl":"https:\/\/secure.gravatar.com\/avatar\/420aaf9278582877d9018637c6817617705899d2858d7572ef0fe59a6b6454b4?s=96&d=mm&r=g","caption":"Canal Dana"},"url":"https:\/\/dana.com.br\/canaldana\/author\/cdeditor\/"}]}},"_links":{"self":[{"href":"https:\/\/dana.com.br\/canaldana\/wp-json\/wp\/v2\/posts\/72054","targetHints":{"allow":["GET"]}}],"collection":[{"href":"https:\/\/dana.com.br\/canaldana\/wp-json\/wp\/v2\/posts"}],"about":[{"href":"https:\/\/dana.com.br\/canaldana\/wp-json\/wp\/v2\/types\/post"}],"author":[{"embeddable":true,"href":"https:\/\/dana.com.br\/canaldana\/wp-json\/wp\/v2\/users\/3"}],"replies":[{"embeddable":true,"href":"https:\/\/dana.com.br\/canaldana\/wp-json\/wp\/v2\/comments?post=72054"}],"version-history":[{"count":1,"href":"https:\/\/dana.com.br\/canaldana\/wp-json\/wp\/v2\/posts\/72054\/revisions"}],"predecessor-version":[{"id":72055,"href":"https:\/\/dana.com.br\/canaldana\/wp-json\/wp\/v2\/posts\/72054\/revisions\/72055"}],"wp:attachment":[{"href":"https:\/\/dana.com.br\/canaldana\/wp-json\/wp\/v2\/media?parent=72054"}],"wp:term":[{"taxonomy":"category","embeddable":true,"href":"https:\/\/dana.com.br\/canaldana\/wp-json\/wp\/v2\/categories?post=72054"},{"taxonomy":"post_tag","embeddable":true,"href":"https:\/\/dana.com.br\/canaldana\/wp-json\/wp\/v2\/tags?post=72054"}],"curies":[{"name":"wp","href":"https:\/\/api.w.org\/{rel}","templated":true}]}}