{"id":7200,"date":"2016-03-29T08:13:57","date_gmt":"2016-03-29T11:13:57","guid":{"rendered":"http:\/\/dana.com.br\/canaldana\/?p=7200"},"modified":"2016-03-29T08:13:57","modified_gmt":"2016-03-29T11:13:57","slug":"saveiro-tem-linha-ampliada-e-mais-recursos-eletronicos","status":"publish","type":"post","link":"https:\/\/dana.com.br\/canaldana\/2016\/03\/29\/saveiro-tem-linha-ampliada-e-mais-recursos-eletronicos\/","title":{"rendered":"Saveiro tem linha ampliada e mais recursos eletr\u00f4nicos"},"content":{"rendered":"<p><em>Auto Estrada<\/em><\/p>\n<p>&nbsp;<\/p>\n<p>Uma nova vers\u00e3o, um retoque no estilo e novos equipamentos digitais s\u00e3o os principais destaques da nova linha da picape Saveiro de Volkswagen. A gama passa a incluir agora a Robust, nova vers\u00e3o de entrada, e soma sete op\u00e7\u00f5es no total, entre variantes com cabine simples, estendida e dupla.<\/p>\n<p>&nbsp;<\/p>\n<p>Diante da esmagadora vantagem da Fiat Strada, que domina mais da metade das vedas do segmento, a Volkswagen optou, j\u00e1 no lan\u00e7amento da linha anterior da Saveiro, por apostar num n\u00edvel tecnol\u00f3gico superior. Come\u00e7ando pelo mais simples, dotou sua picape pequena de freios a disco nas quatro rodas em todas as vers\u00f5es. E acrescentou os controles eletr\u00f4nicos de estabilidade e de tra\u00e7\u00e3o, dois importantes itens de seguran\u00e7a.<\/p>\n<p>&nbsp;<\/p>\n<p>Mais algumas pitadas na \u00e1rea: sistema auxiliar para partida em rampas (hill hold Assistance), que evita que o ve\u00edculo recue antes que o motorista acelere e sistema ABS off-road, que melhora o desempenho dos freios em pisos de cascalho ou arenosos.<\/p>\n<p>&nbsp;<\/p>\n<p>No percurso que fizemos para avaliar a Saveiro, que incluiu um bom trecho de terra \u2013 bastante molhada por uma forte chuva na v\u00e9spera \u2013 deu para sentir o bom comportamento da picape em pisos com alguma lama, que poderiam ser desafiadores para modelos mais baixos. O controle de tra\u00e7\u00e3o entrou em funcionamento em v\u00e1rios momentos, mantendo a dirigibilidade do carro. No dia seguinte, a Volkswagen programou uma s\u00e9rie e exerc\u00edcios para demonstrar os equipamentos no asfalto da pista da Bridgestone.<\/p>\n<p>&nbsp;<\/p>\n<p>Na apar\u00eancia, a dianteira foi alinhada ao design global da marca, ganhando contudo uma identidade diferenciada em rela\u00e7\u00e3o aos irm\u00e3os de plataforma Gol e Voyage. A traseira mudou ainda mais, ganhando novas lanternas.<\/p>\n<p>&nbsp;<\/p>\n<p>Por dentro, a novidade maior \u00e9 o novo painel, juntamente com o novo volante multifuncional, parecido com o do Golf. Como em toda a linha VW, o acabamento \u00e9 um dos pontos altos. Mesmo nas vers\u00f5es mais simples, os materiais usados mostram boa qualidade e a manufatura \u00e9 cuidadosa.<\/p>\n<p>&nbsp;<\/p>\n<p>Seguindo a onda do momento, os marquet\u00f3logos da Volkswagen est\u00e3o destacando bastante a variedade de equipamentos de infotainment, ou seja, informa\u00e7\u00e3o e entretenimento, principalmente as possibilidade de espelhamento dos telefones celulares mais avan\u00e7ados. Com as possibilidades variando conforme as vers\u00f5es do carro, o sistema App-Connect, permite a integra\u00e7\u00e3o dos smartfones na tela sens\u00edvel ao toque (touchscreen), funcionando com as plataformas MirrorLink, Apple CarPlay e Google Android Auto.<\/p>\n<p>&nbsp;<\/p>\n<p>Do lado mec\u00e2nico, a picape teve a altura da suspens\u00e3o ligeiramente elevada, o que melhora seu desempenho n\u00e3o apenas fora da estrada, mas nas ondula\u00e7\u00f5es, lombadas e valetas de nossas desastrosas vias urbanas. A vers\u00e3o Cross, topo de linha, conta agora com o motor 1.6 de 120 cv, da fam\u00edlia EA211. A Robust, Trendline e Highline s\u00e3o equipadas com o motor 1.6 Total Flex, de 104 cv (etanol). O c\u00e2mbio, outro ponto forte da marca, continua a ser o eficiente e resistente MQ 200, com cinco marchas.<\/p>\n<p>&nbsp;<\/p>\n<p>Voltada para o trabalho, a vers\u00e3o Robust amplia a linha Saveiro para sete op\u00e7\u00f5es, com cabines simples, estendida e dupla e v\u00e1rios graus de equipamento<\/p>\n<p>&nbsp;<\/p>\n<p><strong>Vers\u00f5es e pre\u00e7os<\/strong><\/p>\n<p>&nbsp;<\/p>\n<p><strong>Robust (cabine simples) \u2013 R$ 43.500<\/strong><\/p>\n<p><strong>Trendline<\/strong><\/p>\n<p>CS \u2013 R$ 47.970<\/p>\n<p>CE \u2013 R$ 52.730<\/p>\n<p>CD \u2013 R$ 56.270<\/p>\n<p>&nbsp;<\/p>\n<p><strong>Highline (cabine dupla) \u2013 R$ 63.070<\/strong><\/p>\n<p><strong>Cross<\/strong><\/p>\n<p>CE \u2013 R$ 66.110<\/p>\n<p>CD \u2013 R$ 69.250<\/p>\n<p>(Auto Estrada\/Jorge Meditsch)<\/p>\n","protected":false},"excerpt":{"rendered":"<p>Auto Estrada &nbsp; Uma nova vers\u00e3o, um retoque no estilo e novos equipamentos digitais s\u00e3o os principais destaques da nova linha da picape Saveiro de Volkswagen. A gama passa a incluir agora a Robust, nova vers\u00e3o de entrada, e soma sete op\u00e7\u00f5es no total, entre variantes com cabine simples, estendida e dupla. &nbsp; Diante da\u2026 <a class=\"readmore\" href=\"https:\/\/dana.com.br\/canaldana\/2016\/03\/29\/saveiro-tem-linha-ampliada-e-mais-recursos-eletronicos\/\">Leia mais \u00bb<\/a><\/p>\n","protected":false},"author":3,"featured_media":0,"comment_status":"closed","ping_status":"closed","sticky":false,"template":"","format":"standard","meta":{"_acf_changed":false,"footnotes":""},"categories":[79],"tags":[],"class_list":["post-7200","post","type-post","status-publish","format-standard","hentry","category-mercado"],"acf":[],"yoast_head":"<!-- This site is optimized with the Yoast SEO plugin v27.5 - https:\/\/yoast.com\/product\/yoast-seo-wordpress\/ -->\n<title>Saveiro tem linha ampliada e mais recursos eletr\u00f4nicos - Canal Dana<\/title>\n<meta name=\"robots\" content=\"index, follow, max-snippet:-1, max-image-preview:large, max-video-preview:-1\" \/>\n<link rel=\"canonical\" href=\"https:\/\/dana.com.br\/canaldana\/2016\/03\/29\/saveiro-tem-linha-ampliada-e-mais-recursos-eletronicos\/\" \/>\n<meta property=\"og:locale\" content=\"pt_BR\" \/>\n<meta property=\"og:type\" content=\"article\" \/>\n<meta property=\"og:title\" content=\"Saveiro tem linha ampliada e mais recursos eletr\u00f4nicos - Canal Dana\" \/>\n<meta property=\"og:description\" content=\"Auto Estrada &nbsp; Uma nova vers\u00e3o, um retoque no estilo e novos equipamentos digitais s\u00e3o os principais destaques da nova linha da picape Saveiro de Volkswagen. A gama passa a incluir agora a Robust, nova vers\u00e3o de entrada, e soma sete op\u00e7\u00f5es no total, entre variantes com cabine simples, estendida e dupla. &nbsp; Diante da\u2026 Leia mais \u00bb\" \/>\n<meta property=\"og:url\" content=\"https:\/\/dana.com.br\/canaldana\/2016\/03\/29\/saveiro-tem-linha-ampliada-e-mais-recursos-eletronicos\/\" \/>\n<meta property=\"og:site_name\" content=\"Canal Dana\" \/>\n<meta property=\"article:published_time\" content=\"2016-03-29T11:13:57+00:00\" \/>\n<meta name=\"author\" content=\"Canal Dana\" \/>\n<meta name=\"twitter:card\" content=\"summary_large_image\" \/>\n<meta name=\"twitter:label1\" content=\"Escrito por\" \/>\n\t<meta name=\"twitter:data1\" content=\"Canal Dana\" \/>\n\t<meta name=\"twitter:label2\" content=\"Est. tempo de leitura\" \/>\n\t<meta name=\"twitter:data2\" content=\"3 minutos\" \/>\n<script type=\"application\/ld+json\" class=\"yoast-schema-graph\">{\"@context\":\"https:\\\/\\\/schema.org\",\"@graph\":[{\"@type\":\"Article\",\"@id\":\"https:\\\/\\\/dana.com.br\\\/canaldana\\\/2016\\\/03\\\/29\\\/saveiro-tem-linha-ampliada-e-mais-recursos-eletronicos\\\/#article\",\"isPartOf\":{\"@id\":\"https:\\\/\\\/dana.com.br\\\/canaldana\\\/2016\\\/03\\\/29\\\/saveiro-tem-linha-ampliada-e-mais-recursos-eletronicos\\\/\"},\"author\":{\"name\":\"Canal Dana\",\"@id\":\"https:\\\/\\\/dana.com.br\\\/canaldana\\\/#\\\/schema\\\/person\\\/3c21f22f56fcf3bc46b94bc60ea4fef6\"},\"headline\":\"Saveiro tem linha ampliada e mais recursos eletr\u00f4nicos\",\"datePublished\":\"2016-03-29T11:13:57+00:00\",\"mainEntityOfPage\":{\"@id\":\"https:\\\/\\\/dana.com.br\\\/canaldana\\\/2016\\\/03\\\/29\\\/saveiro-tem-linha-ampliada-e-mais-recursos-eletronicos\\\/\"},\"wordCount\":581,\"articleSection\":[\"Mercado\"],\"inLanguage\":\"pt-BR\"},{\"@type\":\"WebPage\",\"@id\":\"https:\\\/\\\/dana.com.br\\\/canaldana\\\/2016\\\/03\\\/29\\\/saveiro-tem-linha-ampliada-e-mais-recursos-eletronicos\\\/\",\"url\":\"https:\\\/\\\/dana.com.br\\\/canaldana\\\/2016\\\/03\\\/29\\\/saveiro-tem-linha-ampliada-e-mais-recursos-eletronicos\\\/\",\"name\":\"Saveiro tem linha ampliada e mais recursos eletr\u00f4nicos - Canal Dana\",\"isPartOf\":{\"@id\":\"https:\\\/\\\/dana.com.br\\\/canaldana\\\/#website\"},\"datePublished\":\"2016-03-29T11:13:57+00:00\",\"author\":{\"@id\":\"https:\\\/\\\/dana.com.br\\\/canaldana\\\/#\\\/schema\\\/person\\\/3c21f22f56fcf3bc46b94bc60ea4fef6\"},\"breadcrumb\":{\"@id\":\"https:\\\/\\\/dana.com.br\\\/canaldana\\\/2016\\\/03\\\/29\\\/saveiro-tem-linha-ampliada-e-mais-recursos-eletronicos\\\/#breadcrumb\"},\"inLanguage\":\"pt-BR\",\"potentialAction\":[{\"@type\":\"ReadAction\",\"target\":[\"https:\\\/\\\/dana.com.br\\\/canaldana\\\/2016\\\/03\\\/29\\\/saveiro-tem-linha-ampliada-e-mais-recursos-eletronicos\\\/\"]}]},{\"@type\":\"BreadcrumbList\",\"@id\":\"https:\\\/\\\/dana.com.br\\\/canaldana\\\/2016\\\/03\\\/29\\\/saveiro-tem-linha-ampliada-e-mais-recursos-eletronicos\\\/#breadcrumb\",\"itemListElement\":[{\"@type\":\"ListItem\",\"position\":1,\"name\":\"Home\",\"item\":\"https:\\\/\\\/dana.com.br\\\/canaldana\\\/\"},{\"@type\":\"ListItem\",\"position\":2,\"name\":\"Mercado\",\"item\":\"https:\\\/\\\/dana.com.br\\\/canaldana\\\/mercado\\\/\"},{\"@type\":\"ListItem\",\"position\":3,\"name\":\"Saveiro tem linha ampliada e mais recursos eletr\u00f4nicos\"}]},{\"@type\":\"WebSite\",\"@id\":\"https:\\\/\\\/dana.com.br\\\/canaldana\\\/#website\",\"url\":\"https:\\\/\\\/dana.com.br\\\/canaldana\\\/\",\"name\":\"Canal Dana\",\"description\":\"Informativo com as principais not\u00edcias da ind\u00fastria automotiva\",\"potentialAction\":[{\"@type\":\"SearchAction\",\"target\":{\"@type\":\"EntryPoint\",\"urlTemplate\":\"https:\\\/\\\/dana.com.br\\\/canaldana\\\/?s={search_term_string}\"},\"query-input\":{\"@type\":\"PropertyValueSpecification\",\"valueRequired\":true,\"valueName\":\"search_term_string\"}}],\"inLanguage\":\"pt-BR\"},{\"@type\":\"Person\",\"@id\":\"https:\\\/\\\/dana.com.br\\\/canaldana\\\/#\\\/schema\\\/person\\\/3c21f22f56fcf3bc46b94bc60ea4fef6\",\"name\":\"Canal Dana\",\"image\":{\"@type\":\"ImageObject\",\"inLanguage\":\"pt-BR\",\"@id\":\"https:\\\/\\\/secure.gravatar.com\\\/avatar\\\/420aaf9278582877d9018637c6817617705899d2858d7572ef0fe59a6b6454b4?s=96&d=mm&r=g\",\"url\":\"https:\\\/\\\/secure.gravatar.com\\\/avatar\\\/420aaf9278582877d9018637c6817617705899d2858d7572ef0fe59a6b6454b4?s=96&d=mm&r=g\",\"contentUrl\":\"https:\\\/\\\/secure.gravatar.com\\\/avatar\\\/420aaf9278582877d9018637c6817617705899d2858d7572ef0fe59a6b6454b4?s=96&d=mm&r=g\",\"caption\":\"Canal Dana\"},\"url\":\"https:\\\/\\\/dana.com.br\\\/canaldana\\\/author\\\/cdeditor\\\/\"}]}<\/script>\n<!-- \/ Yoast SEO plugin. -->","yoast_head_json":{"title":"Saveiro tem linha ampliada e mais recursos eletr\u00f4nicos - Canal Dana","robots":{"index":"index","follow":"follow","max-snippet":"max-snippet:-1","max-image-preview":"max-image-preview:large","max-video-preview":"max-video-preview:-1"},"canonical":"https:\/\/dana.com.br\/canaldana\/2016\/03\/29\/saveiro-tem-linha-ampliada-e-mais-recursos-eletronicos\/","og_locale":"pt_BR","og_type":"article","og_title":"Saveiro tem linha ampliada e mais recursos eletr\u00f4nicos - Canal Dana","og_description":"Auto Estrada &nbsp; Uma nova vers\u00e3o, um retoque no estilo e novos equipamentos digitais s\u00e3o os principais destaques da nova linha da picape Saveiro de Volkswagen. A gama passa a incluir agora a Robust, nova vers\u00e3o de entrada, e soma sete op\u00e7\u00f5es no total, entre variantes com cabine simples, estendida e dupla. &nbsp; Diante da\u2026 Leia mais \u00bb","og_url":"https:\/\/dana.com.br\/canaldana\/2016\/03\/29\/saveiro-tem-linha-ampliada-e-mais-recursos-eletronicos\/","og_site_name":"Canal Dana","article_published_time":"2016-03-29T11:13:57+00:00","author":"Canal Dana","twitter_card":"summary_large_image","twitter_misc":{"Escrito por":"Canal Dana","Est. tempo de leitura":"3 minutos"},"schema":{"@context":"https:\/\/schema.org","@graph":[{"@type":"Article","@id":"https:\/\/dana.com.br\/canaldana\/2016\/03\/29\/saveiro-tem-linha-ampliada-e-mais-recursos-eletronicos\/#article","isPartOf":{"@id":"https:\/\/dana.com.br\/canaldana\/2016\/03\/29\/saveiro-tem-linha-ampliada-e-mais-recursos-eletronicos\/"},"author":{"name":"Canal Dana","@id":"https:\/\/dana.com.br\/canaldana\/#\/schema\/person\/3c21f22f56fcf3bc46b94bc60ea4fef6"},"headline":"Saveiro tem linha ampliada e mais recursos eletr\u00f4nicos","datePublished":"2016-03-29T11:13:57+00:00","mainEntityOfPage":{"@id":"https:\/\/dana.com.br\/canaldana\/2016\/03\/29\/saveiro-tem-linha-ampliada-e-mais-recursos-eletronicos\/"},"wordCount":581,"articleSection":["Mercado"],"inLanguage":"pt-BR"},{"@type":"WebPage","@id":"https:\/\/dana.com.br\/canaldana\/2016\/03\/29\/saveiro-tem-linha-ampliada-e-mais-recursos-eletronicos\/","url":"https:\/\/dana.com.br\/canaldana\/2016\/03\/29\/saveiro-tem-linha-ampliada-e-mais-recursos-eletronicos\/","name":"Saveiro tem linha ampliada e mais recursos eletr\u00f4nicos - Canal Dana","isPartOf":{"@id":"https:\/\/dana.com.br\/canaldana\/#website"},"datePublished":"2016-03-29T11:13:57+00:00","author":{"@id":"https:\/\/dana.com.br\/canaldana\/#\/schema\/person\/3c21f22f56fcf3bc46b94bc60ea4fef6"},"breadcrumb":{"@id":"https:\/\/dana.com.br\/canaldana\/2016\/03\/29\/saveiro-tem-linha-ampliada-e-mais-recursos-eletronicos\/#breadcrumb"},"inLanguage":"pt-BR","potentialAction":[{"@type":"ReadAction","target":["https:\/\/dana.com.br\/canaldana\/2016\/03\/29\/saveiro-tem-linha-ampliada-e-mais-recursos-eletronicos\/"]}]},{"@type":"BreadcrumbList","@id":"https:\/\/dana.com.br\/canaldana\/2016\/03\/29\/saveiro-tem-linha-ampliada-e-mais-recursos-eletronicos\/#breadcrumb","itemListElement":[{"@type":"ListItem","position":1,"name":"Home","item":"https:\/\/dana.com.br\/canaldana\/"},{"@type":"ListItem","position":2,"name":"Mercado","item":"https:\/\/dana.com.br\/canaldana\/mercado\/"},{"@type":"ListItem","position":3,"name":"Saveiro tem linha ampliada e mais recursos eletr\u00f4nicos"}]},{"@type":"WebSite","@id":"https:\/\/dana.com.br\/canaldana\/#website","url":"https:\/\/dana.com.br\/canaldana\/","name":"Canal Dana","description":"Informativo com as principais not\u00edcias da ind\u00fastria automotiva","potentialAction":[{"@type":"SearchAction","target":{"@type":"EntryPoint","urlTemplate":"https:\/\/dana.com.br\/canaldana\/?s={search_term_string}"},"query-input":{"@type":"PropertyValueSpecification","valueRequired":true,"valueName":"search_term_string"}}],"inLanguage":"pt-BR"},{"@type":"Person","@id":"https:\/\/dana.com.br\/canaldana\/#\/schema\/person\/3c21f22f56fcf3bc46b94bc60ea4fef6","name":"Canal Dana","image":{"@type":"ImageObject","inLanguage":"pt-BR","@id":"https:\/\/secure.gravatar.com\/avatar\/420aaf9278582877d9018637c6817617705899d2858d7572ef0fe59a6b6454b4?s=96&d=mm&r=g","url":"https:\/\/secure.gravatar.com\/avatar\/420aaf9278582877d9018637c6817617705899d2858d7572ef0fe59a6b6454b4?s=96&d=mm&r=g","contentUrl":"https:\/\/secure.gravatar.com\/avatar\/420aaf9278582877d9018637c6817617705899d2858d7572ef0fe59a6b6454b4?s=96&d=mm&r=g","caption":"Canal Dana"},"url":"https:\/\/dana.com.br\/canaldana\/author\/cdeditor\/"}]}},"_links":{"self":[{"href":"https:\/\/dana.com.br\/canaldana\/wp-json\/wp\/v2\/posts\/7200","targetHints":{"allow":["GET"]}}],"collection":[{"href":"https:\/\/dana.com.br\/canaldana\/wp-json\/wp\/v2\/posts"}],"about":[{"href":"https:\/\/dana.com.br\/canaldana\/wp-json\/wp\/v2\/types\/post"}],"author":[{"embeddable":true,"href":"https:\/\/dana.com.br\/canaldana\/wp-json\/wp\/v2\/users\/3"}],"replies":[{"embeddable":true,"href":"https:\/\/dana.com.br\/canaldana\/wp-json\/wp\/v2\/comments?post=7200"}],"version-history":[{"count":0,"href":"https:\/\/dana.com.br\/canaldana\/wp-json\/wp\/v2\/posts\/7200\/revisions"}],"wp:attachment":[{"href":"https:\/\/dana.com.br\/canaldana\/wp-json\/wp\/v2\/media?parent=7200"}],"wp:term":[{"taxonomy":"category","embeddable":true,"href":"https:\/\/dana.com.br\/canaldana\/wp-json\/wp\/v2\/categories?post=7200"},{"taxonomy":"post_tag","embeddable":true,"href":"https:\/\/dana.com.br\/canaldana\/wp-json\/wp\/v2\/tags?post=7200"}],"curies":[{"name":"wp","href":"https:\/\/api.w.org\/{rel}","templated":true}]}}