{"id":71996,"date":"2024-03-08T08:16:09","date_gmt":"2024-03-08T11:16:09","guid":{"rendered":"https:\/\/dana.com.br\/canaldana\/?p=71996"},"modified":"2024-03-08T08:16:09","modified_gmt":"2024-03-08T11:16:09","slug":"novo-audi-q6-e-tron-sera-lancado-dia-18-la-fora","status":"publish","type":"post","link":"https:\/\/dana.com.br\/canaldana\/2024\/03\/08\/novo-audi-q6-e-tron-sera-lancado-dia-18-la-fora\/","title":{"rendered":"Novo Audi Q6 E-Tron ser\u00e1 lan\u00e7ado dia 18 l\u00e1 fora!"},"content":{"rendered":"<p><em>Agora Motor<\/em><\/p>\n<p>&nbsp;<\/p>\n<p>A expectativa em torno do Audi Q6 E-Tron est\u00e1 prestes a ser finalmente atendida. Depois de anos de desenvolvimento e prot\u00f3tipos, a Audi anunciou que o lan\u00e7amento oficial do Q6 E-Tron acontecer\u00e1 no dia 18 de mar\u00e7o.<\/p>\n<p>&nbsp;<\/p>\n<p>Com uma imagem teaser divulgada no LinkedIn da marca, acompanhada da legenda \u201cSupere suas expectativas\u201d, a Audi tem a dif\u00edcil tarefa de superar as altas expectativas que j\u00e1 cercam o ve\u00edculo.<\/p>\n<p>&nbsp;<\/p>\n<p>Segundo informa\u00e7\u00f5es obtidas ap\u00f3s uma viagem de teste com o ve\u00edculo, o Q6 E-Tron foi descrito como \u201ct\u00e3o satisfat\u00f3rio quanto os EVs podem ser\u201d e \u201cnotavelmente feliz em fazer curvas\u201d. Al\u00e9m disso, foi considerado o SUV el\u00e9trico mais harmonioso e satisfat\u00f3rio que os motoristas tiveram a oportunidade de dirigir at\u00e9 agora.<\/p>\n<p>&nbsp;<\/p>\n<p>Comparado ao seu companheiro de plataforma, o Porsche Macan EV, o Q6 E-Tron mostrou-se superior em todos os aspectos, com poucas desvantagens em rela\u00e7\u00e3o ao Macan com motor a combust\u00e3o interna.<\/p>\n<p>&nbsp;<\/p>\n<p><strong>Audi Q6 E-Tron<\/strong><\/p>\n<p>&nbsp;<\/p>\n<p>Quanto \u00e0 performance, espera-se que o Q6 E-Tron esteja dispon\u00edvel em duas vers\u00f5es: o Q6 55 E-Tron, com 375 cavalos de pot\u00eancia, podendo chegar temporariamente a 395 cv, e o SQ6, com 482 cv constantes e um aumento para 509 cv em rajadas. A acelera\u00e7\u00e3o do Q6 est\u00e1 prevista para ser inferior a seis segundos para atingir 100 km por hora, enquanto o SQ6 dever\u00e1 alcan\u00e7ar essa marca em menos de 4,5 segundos. A autonomia estimada \u00e9 de cerca de 350 milhas (563,27 km).<\/p>\n<p>&nbsp;<\/p>\n<p>No interior, o Q6 E-Tron apresenta recursos populares, como um conjunto de medidores de 11,9 polegadas combinado com uma tela de infoentretenimento curva de 14,5 polegadas. H\u00e1 tamb\u00e9m uma tela de 10,9 polegadas para o passageiro, que pode ser um extra opcional.<\/p>\n<p>&nbsp;<\/p>\n<p>O ve\u00edculo conta ainda com um HUD (display frontal) de pr\u00f3xima gera\u00e7\u00e3o, capaz de exibir informa\u00e7\u00f5es em diferentes \u201cprofundidades\u201d no espa\u00e7o, proporcionando uma experi\u00eancia de realidade aumentada mais imersiva. Destaca-se tamb\u00e9m a ilumina\u00e7\u00e3o ambiente, que n\u00e3o apenas define o clima dentro do ve\u00edculo, mas tamb\u00e9m comunica diversas anima\u00e7\u00f5es relacionadas ao travamento das portas, sinaliza\u00e7\u00e3o e indica\u00e7\u00e3o do estado da carga da bateria.<\/p>\n<p>&nbsp;<\/p>\n<p>Fique atento, pois em breve traremos todos os detalhes sobre como a arquitetura PPE (Premium Platform Electric) foi utilizada para atender \u00e0s demandas tecnol\u00f3gicas da Audi. O Q6 E-Tron dever\u00e1 estar dispon\u00edvel para venda ainda este ano, como modelo 2025. (Agora Motor\/Gabriel May Oechsler)<\/p>\n","protected":false},"excerpt":{"rendered":"<p>Agora Motor &nbsp; A expectativa em torno do Audi Q6 E-Tron est\u00e1 prestes a ser finalmente atendida. Depois de anos de desenvolvimento e prot\u00f3tipos, a Audi anunciou que o lan\u00e7amento oficial do Q6 E-Tron acontecer\u00e1 no dia 18 de mar\u00e7o. &nbsp; Com uma imagem teaser divulgada no LinkedIn da marca, acompanhada da legenda \u201cSupere suas\u2026 <a class=\"readmore\" href=\"https:\/\/dana.com.br\/canaldana\/2024\/03\/08\/novo-audi-q6-e-tron-sera-lancado-dia-18-la-fora\/\">Leia mais \u00bb<\/a><\/p>\n","protected":false},"author":3,"featured_media":0,"comment_status":"closed","ping_status":"closed","sticky":false,"template":"","format":"standard","meta":{"_acf_changed":false,"footnotes":""},"categories":[79],"tags":[],"class_list":["post-71996","post","type-post","status-publish","format-standard","hentry","category-mercado"],"acf":[],"yoast_head":"<!-- This site is optimized with the Yoast SEO plugin v27.3 - https:\/\/yoast.com\/product\/yoast-seo-wordpress\/ -->\n<title>Novo Audi Q6 E-Tron ser\u00e1 lan\u00e7ado dia 18 l\u00e1 fora! - Canal Dana<\/title>\n<meta name=\"robots\" content=\"index, follow, max-snippet:-1, max-image-preview:large, max-video-preview:-1\" \/>\n<link rel=\"canonical\" href=\"https:\/\/dana.com.br\/canaldana\/2024\/03\/08\/novo-audi-q6-e-tron-sera-lancado-dia-18-la-fora\/\" \/>\n<meta property=\"og:locale\" content=\"pt_BR\" \/>\n<meta property=\"og:type\" content=\"article\" \/>\n<meta property=\"og:title\" content=\"Novo Audi Q6 E-Tron ser\u00e1 lan\u00e7ado dia 18 l\u00e1 fora! - Canal Dana\" \/>\n<meta property=\"og:description\" content=\"Agora Motor &nbsp; A expectativa em torno do Audi Q6 E-Tron est\u00e1 prestes a ser finalmente atendida. Depois de anos de desenvolvimento e prot\u00f3tipos, a Audi anunciou que o lan\u00e7amento oficial do Q6 E-Tron acontecer\u00e1 no dia 18 de mar\u00e7o. &nbsp; Com uma imagem teaser divulgada no LinkedIn da marca, acompanhada da legenda \u201cSupere suas\u2026 Leia mais \u00bb\" \/>\n<meta property=\"og:url\" content=\"https:\/\/dana.com.br\/canaldana\/2024\/03\/08\/novo-audi-q6-e-tron-sera-lancado-dia-18-la-fora\/\" \/>\n<meta property=\"og:site_name\" content=\"Canal Dana\" \/>\n<meta property=\"article:published_time\" content=\"2024-03-08T11:16:09+00:00\" \/>\n<meta name=\"author\" content=\"Canal Dana\" \/>\n<meta name=\"twitter:card\" content=\"summary_large_image\" \/>\n<meta name=\"twitter:label1\" content=\"Escrito por\" \/>\n\t<meta name=\"twitter:data1\" content=\"Canal Dana\" \/>\n\t<meta name=\"twitter:label2\" content=\"Est. tempo de leitura\" \/>\n\t<meta name=\"twitter:data2\" content=\"3 minutos\" \/>\n<script type=\"application\/ld+json\" class=\"yoast-schema-graph\">{\"@context\":\"https:\\\/\\\/schema.org\",\"@graph\":[{\"@type\":\"Article\",\"@id\":\"https:\\\/\\\/dana.com.br\\\/canaldana\\\/2024\\\/03\\\/08\\\/novo-audi-q6-e-tron-sera-lancado-dia-18-la-fora\\\/#article\",\"isPartOf\":{\"@id\":\"https:\\\/\\\/dana.com.br\\\/canaldana\\\/2024\\\/03\\\/08\\\/novo-audi-q6-e-tron-sera-lancado-dia-18-la-fora\\\/\"},\"author\":{\"name\":\"Canal Dana\",\"@id\":\"https:\\\/\\\/dana.com.br\\\/canaldana\\\/#\\\/schema\\\/person\\\/3c21f22f56fcf3bc46b94bc60ea4fef6\"},\"headline\":\"Novo Audi Q6 E-Tron ser\u00e1 lan\u00e7ado dia 18 l\u00e1 fora!\",\"datePublished\":\"2024-03-08T11:16:09+00:00\",\"mainEntityOfPage\":{\"@id\":\"https:\\\/\\\/dana.com.br\\\/canaldana\\\/2024\\\/03\\\/08\\\/novo-audi-q6-e-tron-sera-lancado-dia-18-la-fora\\\/\"},\"wordCount\":428,\"articleSection\":[\"Mercado\"],\"inLanguage\":\"pt-BR\"},{\"@type\":\"WebPage\",\"@id\":\"https:\\\/\\\/dana.com.br\\\/canaldana\\\/2024\\\/03\\\/08\\\/novo-audi-q6-e-tron-sera-lancado-dia-18-la-fora\\\/\",\"url\":\"https:\\\/\\\/dana.com.br\\\/canaldana\\\/2024\\\/03\\\/08\\\/novo-audi-q6-e-tron-sera-lancado-dia-18-la-fora\\\/\",\"name\":\"Novo Audi Q6 E-Tron ser\u00e1 lan\u00e7ado dia 18 l\u00e1 fora! - Canal Dana\",\"isPartOf\":{\"@id\":\"https:\\\/\\\/dana.com.br\\\/canaldana\\\/#website\"},\"datePublished\":\"2024-03-08T11:16:09+00:00\",\"author\":{\"@id\":\"https:\\\/\\\/dana.com.br\\\/canaldana\\\/#\\\/schema\\\/person\\\/3c21f22f56fcf3bc46b94bc60ea4fef6\"},\"breadcrumb\":{\"@id\":\"https:\\\/\\\/dana.com.br\\\/canaldana\\\/2024\\\/03\\\/08\\\/novo-audi-q6-e-tron-sera-lancado-dia-18-la-fora\\\/#breadcrumb\"},\"inLanguage\":\"pt-BR\",\"potentialAction\":[{\"@type\":\"ReadAction\",\"target\":[\"https:\\\/\\\/dana.com.br\\\/canaldana\\\/2024\\\/03\\\/08\\\/novo-audi-q6-e-tron-sera-lancado-dia-18-la-fora\\\/\"]}]},{\"@type\":\"BreadcrumbList\",\"@id\":\"https:\\\/\\\/dana.com.br\\\/canaldana\\\/2024\\\/03\\\/08\\\/novo-audi-q6-e-tron-sera-lancado-dia-18-la-fora\\\/#breadcrumb\",\"itemListElement\":[{\"@type\":\"ListItem\",\"position\":1,\"name\":\"Home\",\"item\":\"https:\\\/\\\/dana.com.br\\\/canaldana\\\/\"},{\"@type\":\"ListItem\",\"position\":2,\"name\":\"Mercado\",\"item\":\"https:\\\/\\\/dana.com.br\\\/canaldana\\\/mercado\\\/\"},{\"@type\":\"ListItem\",\"position\":3,\"name\":\"Novo Audi Q6 E-Tron ser\u00e1 lan\u00e7ado dia 18 l\u00e1 fora!\"}]},{\"@type\":\"WebSite\",\"@id\":\"https:\\\/\\\/dana.com.br\\\/canaldana\\\/#website\",\"url\":\"https:\\\/\\\/dana.com.br\\\/canaldana\\\/\",\"name\":\"Canal Dana\",\"description\":\"Informativo com as principais not\u00edcias da ind\u00fastria automotiva\",\"potentialAction\":[{\"@type\":\"SearchAction\",\"target\":{\"@type\":\"EntryPoint\",\"urlTemplate\":\"https:\\\/\\\/dana.com.br\\\/canaldana\\\/?s={search_term_string}\"},\"query-input\":{\"@type\":\"PropertyValueSpecification\",\"valueRequired\":true,\"valueName\":\"search_term_string\"}}],\"inLanguage\":\"pt-BR\"},{\"@type\":\"Person\",\"@id\":\"https:\\\/\\\/dana.com.br\\\/canaldana\\\/#\\\/schema\\\/person\\\/3c21f22f56fcf3bc46b94bc60ea4fef6\",\"name\":\"Canal Dana\",\"image\":{\"@type\":\"ImageObject\",\"inLanguage\":\"pt-BR\",\"@id\":\"https:\\\/\\\/secure.gravatar.com\\\/avatar\\\/420aaf9278582877d9018637c6817617705899d2858d7572ef0fe59a6b6454b4?s=96&d=mm&r=g\",\"url\":\"https:\\\/\\\/secure.gravatar.com\\\/avatar\\\/420aaf9278582877d9018637c6817617705899d2858d7572ef0fe59a6b6454b4?s=96&d=mm&r=g\",\"contentUrl\":\"https:\\\/\\\/secure.gravatar.com\\\/avatar\\\/420aaf9278582877d9018637c6817617705899d2858d7572ef0fe59a6b6454b4?s=96&d=mm&r=g\",\"caption\":\"Canal Dana\"},\"url\":\"https:\\\/\\\/dana.com.br\\\/canaldana\\\/author\\\/cdeditor\\\/\"}]}<\/script>\n<!-- \/ Yoast SEO plugin. -->","yoast_head_json":{"title":"Novo Audi Q6 E-Tron ser\u00e1 lan\u00e7ado dia 18 l\u00e1 fora! - Canal Dana","robots":{"index":"index","follow":"follow","max-snippet":"max-snippet:-1","max-image-preview":"max-image-preview:large","max-video-preview":"max-video-preview:-1"},"canonical":"https:\/\/dana.com.br\/canaldana\/2024\/03\/08\/novo-audi-q6-e-tron-sera-lancado-dia-18-la-fora\/","og_locale":"pt_BR","og_type":"article","og_title":"Novo Audi Q6 E-Tron ser\u00e1 lan\u00e7ado dia 18 l\u00e1 fora! - Canal Dana","og_description":"Agora Motor &nbsp; A expectativa em torno do Audi Q6 E-Tron est\u00e1 prestes a ser finalmente atendida. Depois de anos de desenvolvimento e prot\u00f3tipos, a Audi anunciou que o lan\u00e7amento oficial do Q6 E-Tron acontecer\u00e1 no dia 18 de mar\u00e7o. &nbsp; Com uma imagem teaser divulgada no LinkedIn da marca, acompanhada da legenda \u201cSupere suas\u2026 Leia mais \u00bb","og_url":"https:\/\/dana.com.br\/canaldana\/2024\/03\/08\/novo-audi-q6-e-tron-sera-lancado-dia-18-la-fora\/","og_site_name":"Canal Dana","article_published_time":"2024-03-08T11:16:09+00:00","author":"Canal Dana","twitter_card":"summary_large_image","twitter_misc":{"Escrito por":"Canal Dana","Est. tempo de leitura":"3 minutos"},"schema":{"@context":"https:\/\/schema.org","@graph":[{"@type":"Article","@id":"https:\/\/dana.com.br\/canaldana\/2024\/03\/08\/novo-audi-q6-e-tron-sera-lancado-dia-18-la-fora\/#article","isPartOf":{"@id":"https:\/\/dana.com.br\/canaldana\/2024\/03\/08\/novo-audi-q6-e-tron-sera-lancado-dia-18-la-fora\/"},"author":{"name":"Canal Dana","@id":"https:\/\/dana.com.br\/canaldana\/#\/schema\/person\/3c21f22f56fcf3bc46b94bc60ea4fef6"},"headline":"Novo Audi Q6 E-Tron ser\u00e1 lan\u00e7ado dia 18 l\u00e1 fora!","datePublished":"2024-03-08T11:16:09+00:00","mainEntityOfPage":{"@id":"https:\/\/dana.com.br\/canaldana\/2024\/03\/08\/novo-audi-q6-e-tron-sera-lancado-dia-18-la-fora\/"},"wordCount":428,"articleSection":["Mercado"],"inLanguage":"pt-BR"},{"@type":"WebPage","@id":"https:\/\/dana.com.br\/canaldana\/2024\/03\/08\/novo-audi-q6-e-tron-sera-lancado-dia-18-la-fora\/","url":"https:\/\/dana.com.br\/canaldana\/2024\/03\/08\/novo-audi-q6-e-tron-sera-lancado-dia-18-la-fora\/","name":"Novo Audi Q6 E-Tron ser\u00e1 lan\u00e7ado dia 18 l\u00e1 fora! - Canal Dana","isPartOf":{"@id":"https:\/\/dana.com.br\/canaldana\/#website"},"datePublished":"2024-03-08T11:16:09+00:00","author":{"@id":"https:\/\/dana.com.br\/canaldana\/#\/schema\/person\/3c21f22f56fcf3bc46b94bc60ea4fef6"},"breadcrumb":{"@id":"https:\/\/dana.com.br\/canaldana\/2024\/03\/08\/novo-audi-q6-e-tron-sera-lancado-dia-18-la-fora\/#breadcrumb"},"inLanguage":"pt-BR","potentialAction":[{"@type":"ReadAction","target":["https:\/\/dana.com.br\/canaldana\/2024\/03\/08\/novo-audi-q6-e-tron-sera-lancado-dia-18-la-fora\/"]}]},{"@type":"BreadcrumbList","@id":"https:\/\/dana.com.br\/canaldana\/2024\/03\/08\/novo-audi-q6-e-tron-sera-lancado-dia-18-la-fora\/#breadcrumb","itemListElement":[{"@type":"ListItem","position":1,"name":"Home","item":"https:\/\/dana.com.br\/canaldana\/"},{"@type":"ListItem","position":2,"name":"Mercado","item":"https:\/\/dana.com.br\/canaldana\/mercado\/"},{"@type":"ListItem","position":3,"name":"Novo Audi Q6 E-Tron ser\u00e1 lan\u00e7ado dia 18 l\u00e1 fora!"}]},{"@type":"WebSite","@id":"https:\/\/dana.com.br\/canaldana\/#website","url":"https:\/\/dana.com.br\/canaldana\/","name":"Canal Dana","description":"Informativo com as principais not\u00edcias da ind\u00fastria automotiva","potentialAction":[{"@type":"SearchAction","target":{"@type":"EntryPoint","urlTemplate":"https:\/\/dana.com.br\/canaldana\/?s={search_term_string}"},"query-input":{"@type":"PropertyValueSpecification","valueRequired":true,"valueName":"search_term_string"}}],"inLanguage":"pt-BR"},{"@type":"Person","@id":"https:\/\/dana.com.br\/canaldana\/#\/schema\/person\/3c21f22f56fcf3bc46b94bc60ea4fef6","name":"Canal Dana","image":{"@type":"ImageObject","inLanguage":"pt-BR","@id":"https:\/\/secure.gravatar.com\/avatar\/420aaf9278582877d9018637c6817617705899d2858d7572ef0fe59a6b6454b4?s=96&d=mm&r=g","url":"https:\/\/secure.gravatar.com\/avatar\/420aaf9278582877d9018637c6817617705899d2858d7572ef0fe59a6b6454b4?s=96&d=mm&r=g","contentUrl":"https:\/\/secure.gravatar.com\/avatar\/420aaf9278582877d9018637c6817617705899d2858d7572ef0fe59a6b6454b4?s=96&d=mm&r=g","caption":"Canal Dana"},"url":"https:\/\/dana.com.br\/canaldana\/author\/cdeditor\/"}]}},"_links":{"self":[{"href":"https:\/\/dana.com.br\/canaldana\/wp-json\/wp\/v2\/posts\/71996","targetHints":{"allow":["GET"]}}],"collection":[{"href":"https:\/\/dana.com.br\/canaldana\/wp-json\/wp\/v2\/posts"}],"about":[{"href":"https:\/\/dana.com.br\/canaldana\/wp-json\/wp\/v2\/types\/post"}],"author":[{"embeddable":true,"href":"https:\/\/dana.com.br\/canaldana\/wp-json\/wp\/v2\/users\/3"}],"replies":[{"embeddable":true,"href":"https:\/\/dana.com.br\/canaldana\/wp-json\/wp\/v2\/comments?post=71996"}],"version-history":[{"count":1,"href":"https:\/\/dana.com.br\/canaldana\/wp-json\/wp\/v2\/posts\/71996\/revisions"}],"predecessor-version":[{"id":71997,"href":"https:\/\/dana.com.br\/canaldana\/wp-json\/wp\/v2\/posts\/71996\/revisions\/71997"}],"wp:attachment":[{"href":"https:\/\/dana.com.br\/canaldana\/wp-json\/wp\/v2\/media?parent=71996"}],"wp:term":[{"taxonomy":"category","embeddable":true,"href":"https:\/\/dana.com.br\/canaldana\/wp-json\/wp\/v2\/categories?post=71996"},{"taxonomy":"post_tag","embeddable":true,"href":"https:\/\/dana.com.br\/canaldana\/wp-json\/wp\/v2\/tags?post=71996"}],"curies":[{"name":"wp","href":"https:\/\/api.w.org\/{rel}","templated":true}]}}