{"id":71955,"date":"2024-03-06T09:07:47","date_gmt":"2024-03-06T12:07:47","guid":{"rendered":"https:\/\/dana.com.br\/canaldana\/?p=71955"},"modified":"2024-03-06T09:07:47","modified_gmt":"2024-03-06T12:07:47","slug":"regulamentacao-do-programa-mover-de-r-19-bilhoes-deve-ser-publicada-ate-o-fim-do-mes-diz-alckmin","status":"publish","type":"post","link":"https:\/\/dana.com.br\/canaldana\/2024\/03\/06\/regulamentacao-do-programa-mover-de-r-19-bilhoes-deve-ser-publicada-ate-o-fim-do-mes-diz-alckmin\/","title":{"rendered":"Regulamenta\u00e7\u00e3o do programa Mover, de R$ 19 bilh\u00f5es, deve ser publicada at\u00e9 o fim do m\u00eas, diz Alckmin"},"content":{"rendered":"<p><em>O Estado de S. Paulo Online <\/em><\/p>\n<p>&nbsp;<\/p>\n<p>O vice-presidente da Rep\u00fablica e ministro do Desenvolvimento, Ind\u00fastria, Com\u00e9rcio e Servi\u00e7os, Geraldo Alckmin, disse nesta \u00faltima ter\u00e7a-feira, 5, que a meta da pasta \u00e9 publicar at\u00e9 o fim do m\u00eas toda a regulamenta\u00e7\u00e3o do Mover, o programa que prev\u00ea R$ 19,3 bilh\u00f5es, at\u00e9 2028, na produ\u00e7\u00e3o de carros mais seguros e menos poluentes.<\/p>\n<p>&nbsp;<\/p>\n<p>Segundo Alckmin, o sucesso do Mover est\u00e1 comprovado na s\u00e9rie de investimentos relevantes anunciados pelas montadoras ap\u00f3s seu lan\u00e7amento. Ap\u00f3s participar de um evento na Federa\u00e7\u00e3o das Ind\u00fastrias do Estado de S\u00e3o Paulo (Fiesp), o vice-presidente se dirige neste momento a Sorocaba, no interior paulista, onde vai visitar a f\u00e1brica da Toyota, que, conforme antecipou o pr\u00f3prio Alckmin no domingo, vai anunciar investimentos de R$ 11 bilh\u00f5es.<\/p>\n<p>&nbsp;<\/p>\n<p>Amanh\u00e3, 6, \u00e9 aguardado o an\u00fancio de um investimento hist\u00f3rico da Stellantis, grupo que produz carros das marcas Fiat, Jeep, Peugeot e Citro\u00ebn. No total, conforme a Anfavea, entidade que representa a ind\u00fastria automotiva, R$ 100 bilh\u00f5es ser\u00e3o investidos pelas montadoras e seus fornecedores de pe\u00e7as at\u00e9 2029.<\/p>\n<p>&nbsp;<\/p>\n<p>\u201cEsperamos que toda a regulamenta\u00e7\u00e3o (do Mover) seja publicada at\u00e9 o fim do m\u00eas\u201d, informou Alckmin, ap\u00f3s abrir o I Encontro Nacional da Ind\u00fastria e Servi\u00e7os, evento promovido nesta ter\u00e7a-feira pela ApexBrasil, na sede da Fiesp.<\/p>\n<p>&nbsp;<\/p>\n<p>Durante o evento, o vice-presidente disse que as exporta\u00e7\u00f5es do Brasil cresceram dez vezes mais do que a m\u00e9dia mundial no ano passado, por\u00e9m com um desempenho muito puxado pelas commodities. O desafio agora, refor\u00e7ou ele, \u00e9 exportar tamb\u00e9m produtos industriais e servi\u00e7os. \u201cNo passado era assim: \u2018exportar \u00e9 o que importa, \u00e9 a solu\u00e7\u00e3o\u2019. Virou \u2018exportar \u00e9 a salva\u00e7\u00e3o\u2019\u201d, declarou Alckmin, ao dizer que o Pa\u00eds precisa ter mais empresas exportadoras.<\/p>\n<p>&nbsp;<\/p>\n<p>Nesse objetivo, ele elencou esfor\u00e7os para fortalecer o com\u00e9rcio inter-regional e o acordo de livre com\u00e9rcio assinado entre Mercosul e Cingapura, assim como o cr\u00e9dito a exporta\u00e7\u00f5es oferecido pelo Banco Nacional de Desenvolvimento Econ\u00f4mico e Social (BNDES) com spread 60% mais baixo.<\/p>\n<p>&nbsp;<\/p>\n<p>Ao apontar os juros altos como o grande entrave aos investimentos, Alckmin citou o projeto que prev\u00ea a cria\u00e7\u00e3o da Letra de Cr\u00e9dito do Desenvolvimento (LCD) como um instrumento que permitir\u00e1 \u00e0 ind\u00fastria captar recursos 1,5% mais barato, dada a isen\u00e7\u00e3o do imposto de renda do t\u00edtulo. (O Estado de S. Paulo Online\/Eduardo Laguna)<\/p>\n","protected":false},"excerpt":{"rendered":"<p>O Estado de S. Paulo Online &nbsp; O vice-presidente da Rep\u00fablica e ministro do Desenvolvimento, Ind\u00fastria, Com\u00e9rcio e Servi\u00e7os, Geraldo Alckmin, disse nesta \u00faltima ter\u00e7a-feira, 5, que a meta da pasta \u00e9 publicar at\u00e9 o fim do m\u00eas toda a regulamenta\u00e7\u00e3o do Mover, o programa que prev\u00ea R$ 19,3 bilh\u00f5es, at\u00e9 2028, na produ\u00e7\u00e3o de\u2026 <a class=\"readmore\" href=\"https:\/\/dana.com.br\/canaldana\/2024\/03\/06\/regulamentacao-do-programa-mover-de-r-19-bilhoes-deve-ser-publicada-ate-o-fim-do-mes-diz-alckmin\/\">Leia mais \u00bb<\/a><\/p>\n","protected":false},"author":3,"featured_media":0,"comment_status":"closed","ping_status":"closed","sticky":false,"template":"","format":"standard","meta":{"_acf_changed":false,"footnotes":""},"categories":[61],"tags":[],"class_list":["post-71955","post","type-post","status-publish","format-standard","hentry","category-destaques"],"acf":[],"yoast_head":"<!-- This site is optimized with the Yoast SEO plugin v27.3 - https:\/\/yoast.com\/product\/yoast-seo-wordpress\/ -->\n<title>Regulamenta\u00e7\u00e3o do programa Mover, de R$ 19 bilh\u00f5es, deve ser publicada at\u00e9 o fim do m\u00eas, diz Alckmin - Canal Dana<\/title>\n<meta name=\"robots\" content=\"index, follow, max-snippet:-1, max-image-preview:large, max-video-preview:-1\" \/>\n<link rel=\"canonical\" href=\"https:\/\/dana.com.br\/canaldana\/2024\/03\/06\/regulamentacao-do-programa-mover-de-r-19-bilhoes-deve-ser-publicada-ate-o-fim-do-mes-diz-alckmin\/\" \/>\n<meta property=\"og:locale\" content=\"pt_BR\" \/>\n<meta property=\"og:type\" content=\"article\" \/>\n<meta property=\"og:title\" content=\"Regulamenta\u00e7\u00e3o do programa Mover, de R$ 19 bilh\u00f5es, deve ser publicada at\u00e9 o fim do m\u00eas, diz Alckmin - Canal Dana\" \/>\n<meta property=\"og:description\" content=\"O Estado de S. Paulo Online &nbsp; O vice-presidente da Rep\u00fablica e ministro do Desenvolvimento, Ind\u00fastria, Com\u00e9rcio e Servi\u00e7os, Geraldo Alckmin, disse nesta \u00faltima ter\u00e7a-feira, 5, que a meta da pasta \u00e9 publicar at\u00e9 o fim do m\u00eas toda a regulamenta\u00e7\u00e3o do Mover, o programa que prev\u00ea R$ 19,3 bilh\u00f5es, at\u00e9 2028, na produ\u00e7\u00e3o de\u2026 Leia mais \u00bb\" \/>\n<meta property=\"og:url\" content=\"https:\/\/dana.com.br\/canaldana\/2024\/03\/06\/regulamentacao-do-programa-mover-de-r-19-bilhoes-deve-ser-publicada-ate-o-fim-do-mes-diz-alckmin\/\" \/>\n<meta property=\"og:site_name\" content=\"Canal Dana\" \/>\n<meta property=\"article:published_time\" content=\"2024-03-06T12:07:47+00:00\" \/>\n<meta name=\"author\" content=\"Canal Dana\" \/>\n<meta name=\"twitter:card\" content=\"summary_large_image\" \/>\n<meta name=\"twitter:label1\" content=\"Escrito por\" \/>\n\t<meta name=\"twitter:data1\" content=\"Canal Dana\" \/>\n\t<meta name=\"twitter:label2\" content=\"Est. tempo de leitura\" \/>\n\t<meta name=\"twitter:data2\" content=\"3 minutos\" \/>\n<script type=\"application\/ld+json\" class=\"yoast-schema-graph\">{\"@context\":\"https:\\\/\\\/schema.org\",\"@graph\":[{\"@type\":\"Article\",\"@id\":\"https:\\\/\\\/dana.com.br\\\/canaldana\\\/2024\\\/03\\\/06\\\/regulamentacao-do-programa-mover-de-r-19-bilhoes-deve-ser-publicada-ate-o-fim-do-mes-diz-alckmin\\\/#article\",\"isPartOf\":{\"@id\":\"https:\\\/\\\/dana.com.br\\\/canaldana\\\/2024\\\/03\\\/06\\\/regulamentacao-do-programa-mover-de-r-19-bilhoes-deve-ser-publicada-ate-o-fim-do-mes-diz-alckmin\\\/\"},\"author\":{\"name\":\"Canal Dana\",\"@id\":\"https:\\\/\\\/dana.com.br\\\/canaldana\\\/#\\\/schema\\\/person\\\/3c21f22f56fcf3bc46b94bc60ea4fef6\"},\"headline\":\"Regulamenta\u00e7\u00e3o do programa Mover, de R$ 19 bilh\u00f5es, deve ser publicada at\u00e9 o fim do m\u00eas, diz Alckmin\",\"datePublished\":\"2024-03-06T12:07:47+00:00\",\"mainEntityOfPage\":{\"@id\":\"https:\\\/\\\/dana.com.br\\\/canaldana\\\/2024\\\/03\\\/06\\\/regulamentacao-do-programa-mover-de-r-19-bilhoes-deve-ser-publicada-ate-o-fim-do-mes-diz-alckmin\\\/\"},\"wordCount\":443,\"articleSection\":[\"Destaques\"],\"inLanguage\":\"pt-BR\"},{\"@type\":\"WebPage\",\"@id\":\"https:\\\/\\\/dana.com.br\\\/canaldana\\\/2024\\\/03\\\/06\\\/regulamentacao-do-programa-mover-de-r-19-bilhoes-deve-ser-publicada-ate-o-fim-do-mes-diz-alckmin\\\/\",\"url\":\"https:\\\/\\\/dana.com.br\\\/canaldana\\\/2024\\\/03\\\/06\\\/regulamentacao-do-programa-mover-de-r-19-bilhoes-deve-ser-publicada-ate-o-fim-do-mes-diz-alckmin\\\/\",\"name\":\"Regulamenta\u00e7\u00e3o do programa Mover, de R$ 19 bilh\u00f5es, deve ser publicada at\u00e9 o fim do m\u00eas, diz Alckmin - Canal Dana\",\"isPartOf\":{\"@id\":\"https:\\\/\\\/dana.com.br\\\/canaldana\\\/#website\"},\"datePublished\":\"2024-03-06T12:07:47+00:00\",\"author\":{\"@id\":\"https:\\\/\\\/dana.com.br\\\/canaldana\\\/#\\\/schema\\\/person\\\/3c21f22f56fcf3bc46b94bc60ea4fef6\"},\"breadcrumb\":{\"@id\":\"https:\\\/\\\/dana.com.br\\\/canaldana\\\/2024\\\/03\\\/06\\\/regulamentacao-do-programa-mover-de-r-19-bilhoes-deve-ser-publicada-ate-o-fim-do-mes-diz-alckmin\\\/#breadcrumb\"},\"inLanguage\":\"pt-BR\",\"potentialAction\":[{\"@type\":\"ReadAction\",\"target\":[\"https:\\\/\\\/dana.com.br\\\/canaldana\\\/2024\\\/03\\\/06\\\/regulamentacao-do-programa-mover-de-r-19-bilhoes-deve-ser-publicada-ate-o-fim-do-mes-diz-alckmin\\\/\"]}]},{\"@type\":\"BreadcrumbList\",\"@id\":\"https:\\\/\\\/dana.com.br\\\/canaldana\\\/2024\\\/03\\\/06\\\/regulamentacao-do-programa-mover-de-r-19-bilhoes-deve-ser-publicada-ate-o-fim-do-mes-diz-alckmin\\\/#breadcrumb\",\"itemListElement\":[{\"@type\":\"ListItem\",\"position\":1,\"name\":\"Home\",\"item\":\"https:\\\/\\\/dana.com.br\\\/canaldana\\\/\"},{\"@type\":\"ListItem\",\"position\":2,\"name\":\"Destaques\",\"item\":\"https:\\\/\\\/dana.com.br\\\/canaldana\\\/destaques\\\/\"},{\"@type\":\"ListItem\",\"position\":3,\"name\":\"Regulamenta\u00e7\u00e3o do programa Mover, de R$ 19 bilh\u00f5es, deve ser publicada at\u00e9 o fim do m\u00eas, diz Alckmin\"}]},{\"@type\":\"WebSite\",\"@id\":\"https:\\\/\\\/dana.com.br\\\/canaldana\\\/#website\",\"url\":\"https:\\\/\\\/dana.com.br\\\/canaldana\\\/\",\"name\":\"Canal Dana\",\"description\":\"Informativo com as principais not\u00edcias da ind\u00fastria automotiva\",\"potentialAction\":[{\"@type\":\"SearchAction\",\"target\":{\"@type\":\"EntryPoint\",\"urlTemplate\":\"https:\\\/\\\/dana.com.br\\\/canaldana\\\/?s={search_term_string}\"},\"query-input\":{\"@type\":\"PropertyValueSpecification\",\"valueRequired\":true,\"valueName\":\"search_term_string\"}}],\"inLanguage\":\"pt-BR\"},{\"@type\":\"Person\",\"@id\":\"https:\\\/\\\/dana.com.br\\\/canaldana\\\/#\\\/schema\\\/person\\\/3c21f22f56fcf3bc46b94bc60ea4fef6\",\"name\":\"Canal Dana\",\"image\":{\"@type\":\"ImageObject\",\"inLanguage\":\"pt-BR\",\"@id\":\"https:\\\/\\\/secure.gravatar.com\\\/avatar\\\/420aaf9278582877d9018637c6817617705899d2858d7572ef0fe59a6b6454b4?s=96&d=mm&r=g\",\"url\":\"https:\\\/\\\/secure.gravatar.com\\\/avatar\\\/420aaf9278582877d9018637c6817617705899d2858d7572ef0fe59a6b6454b4?s=96&d=mm&r=g\",\"contentUrl\":\"https:\\\/\\\/secure.gravatar.com\\\/avatar\\\/420aaf9278582877d9018637c6817617705899d2858d7572ef0fe59a6b6454b4?s=96&d=mm&r=g\",\"caption\":\"Canal Dana\"},\"url\":\"https:\\\/\\\/dana.com.br\\\/canaldana\\\/author\\\/cdeditor\\\/\"}]}<\/script>\n<!-- \/ Yoast SEO plugin. -->","yoast_head_json":{"title":"Regulamenta\u00e7\u00e3o do programa Mover, de R$ 19 bilh\u00f5es, deve ser publicada at\u00e9 o fim do m\u00eas, diz Alckmin - Canal Dana","robots":{"index":"index","follow":"follow","max-snippet":"max-snippet:-1","max-image-preview":"max-image-preview:large","max-video-preview":"max-video-preview:-1"},"canonical":"https:\/\/dana.com.br\/canaldana\/2024\/03\/06\/regulamentacao-do-programa-mover-de-r-19-bilhoes-deve-ser-publicada-ate-o-fim-do-mes-diz-alckmin\/","og_locale":"pt_BR","og_type":"article","og_title":"Regulamenta\u00e7\u00e3o do programa Mover, de R$ 19 bilh\u00f5es, deve ser publicada at\u00e9 o fim do m\u00eas, diz Alckmin - Canal Dana","og_description":"O Estado de S. Paulo Online &nbsp; O vice-presidente da Rep\u00fablica e ministro do Desenvolvimento, Ind\u00fastria, Com\u00e9rcio e Servi\u00e7os, Geraldo Alckmin, disse nesta \u00faltima ter\u00e7a-feira, 5, que a meta da pasta \u00e9 publicar at\u00e9 o fim do m\u00eas toda a regulamenta\u00e7\u00e3o do Mover, o programa que prev\u00ea R$ 19,3 bilh\u00f5es, at\u00e9 2028, na produ\u00e7\u00e3o de\u2026 Leia mais \u00bb","og_url":"https:\/\/dana.com.br\/canaldana\/2024\/03\/06\/regulamentacao-do-programa-mover-de-r-19-bilhoes-deve-ser-publicada-ate-o-fim-do-mes-diz-alckmin\/","og_site_name":"Canal Dana","article_published_time":"2024-03-06T12:07:47+00:00","author":"Canal Dana","twitter_card":"summary_large_image","twitter_misc":{"Escrito por":"Canal Dana","Est. tempo de leitura":"3 minutos"},"schema":{"@context":"https:\/\/schema.org","@graph":[{"@type":"Article","@id":"https:\/\/dana.com.br\/canaldana\/2024\/03\/06\/regulamentacao-do-programa-mover-de-r-19-bilhoes-deve-ser-publicada-ate-o-fim-do-mes-diz-alckmin\/#article","isPartOf":{"@id":"https:\/\/dana.com.br\/canaldana\/2024\/03\/06\/regulamentacao-do-programa-mover-de-r-19-bilhoes-deve-ser-publicada-ate-o-fim-do-mes-diz-alckmin\/"},"author":{"name":"Canal Dana","@id":"https:\/\/dana.com.br\/canaldana\/#\/schema\/person\/3c21f22f56fcf3bc46b94bc60ea4fef6"},"headline":"Regulamenta\u00e7\u00e3o do programa Mover, de R$ 19 bilh\u00f5es, deve ser publicada at\u00e9 o fim do m\u00eas, diz Alckmin","datePublished":"2024-03-06T12:07:47+00:00","mainEntityOfPage":{"@id":"https:\/\/dana.com.br\/canaldana\/2024\/03\/06\/regulamentacao-do-programa-mover-de-r-19-bilhoes-deve-ser-publicada-ate-o-fim-do-mes-diz-alckmin\/"},"wordCount":443,"articleSection":["Destaques"],"inLanguage":"pt-BR"},{"@type":"WebPage","@id":"https:\/\/dana.com.br\/canaldana\/2024\/03\/06\/regulamentacao-do-programa-mover-de-r-19-bilhoes-deve-ser-publicada-ate-o-fim-do-mes-diz-alckmin\/","url":"https:\/\/dana.com.br\/canaldana\/2024\/03\/06\/regulamentacao-do-programa-mover-de-r-19-bilhoes-deve-ser-publicada-ate-o-fim-do-mes-diz-alckmin\/","name":"Regulamenta\u00e7\u00e3o do programa Mover, de R$ 19 bilh\u00f5es, deve ser publicada at\u00e9 o fim do m\u00eas, diz Alckmin - Canal Dana","isPartOf":{"@id":"https:\/\/dana.com.br\/canaldana\/#website"},"datePublished":"2024-03-06T12:07:47+00:00","author":{"@id":"https:\/\/dana.com.br\/canaldana\/#\/schema\/person\/3c21f22f56fcf3bc46b94bc60ea4fef6"},"breadcrumb":{"@id":"https:\/\/dana.com.br\/canaldana\/2024\/03\/06\/regulamentacao-do-programa-mover-de-r-19-bilhoes-deve-ser-publicada-ate-o-fim-do-mes-diz-alckmin\/#breadcrumb"},"inLanguage":"pt-BR","potentialAction":[{"@type":"ReadAction","target":["https:\/\/dana.com.br\/canaldana\/2024\/03\/06\/regulamentacao-do-programa-mover-de-r-19-bilhoes-deve-ser-publicada-ate-o-fim-do-mes-diz-alckmin\/"]}]},{"@type":"BreadcrumbList","@id":"https:\/\/dana.com.br\/canaldana\/2024\/03\/06\/regulamentacao-do-programa-mover-de-r-19-bilhoes-deve-ser-publicada-ate-o-fim-do-mes-diz-alckmin\/#breadcrumb","itemListElement":[{"@type":"ListItem","position":1,"name":"Home","item":"https:\/\/dana.com.br\/canaldana\/"},{"@type":"ListItem","position":2,"name":"Destaques","item":"https:\/\/dana.com.br\/canaldana\/destaques\/"},{"@type":"ListItem","position":3,"name":"Regulamenta\u00e7\u00e3o do programa Mover, de R$ 19 bilh\u00f5es, deve ser publicada at\u00e9 o fim do m\u00eas, diz Alckmin"}]},{"@type":"WebSite","@id":"https:\/\/dana.com.br\/canaldana\/#website","url":"https:\/\/dana.com.br\/canaldana\/","name":"Canal Dana","description":"Informativo com as principais not\u00edcias da ind\u00fastria automotiva","potentialAction":[{"@type":"SearchAction","target":{"@type":"EntryPoint","urlTemplate":"https:\/\/dana.com.br\/canaldana\/?s={search_term_string}"},"query-input":{"@type":"PropertyValueSpecification","valueRequired":true,"valueName":"search_term_string"}}],"inLanguage":"pt-BR"},{"@type":"Person","@id":"https:\/\/dana.com.br\/canaldana\/#\/schema\/person\/3c21f22f56fcf3bc46b94bc60ea4fef6","name":"Canal Dana","image":{"@type":"ImageObject","inLanguage":"pt-BR","@id":"https:\/\/secure.gravatar.com\/avatar\/420aaf9278582877d9018637c6817617705899d2858d7572ef0fe59a6b6454b4?s=96&d=mm&r=g","url":"https:\/\/secure.gravatar.com\/avatar\/420aaf9278582877d9018637c6817617705899d2858d7572ef0fe59a6b6454b4?s=96&d=mm&r=g","contentUrl":"https:\/\/secure.gravatar.com\/avatar\/420aaf9278582877d9018637c6817617705899d2858d7572ef0fe59a6b6454b4?s=96&d=mm&r=g","caption":"Canal Dana"},"url":"https:\/\/dana.com.br\/canaldana\/author\/cdeditor\/"}]}},"_links":{"self":[{"href":"https:\/\/dana.com.br\/canaldana\/wp-json\/wp\/v2\/posts\/71955","targetHints":{"allow":["GET"]}}],"collection":[{"href":"https:\/\/dana.com.br\/canaldana\/wp-json\/wp\/v2\/posts"}],"about":[{"href":"https:\/\/dana.com.br\/canaldana\/wp-json\/wp\/v2\/types\/post"}],"author":[{"embeddable":true,"href":"https:\/\/dana.com.br\/canaldana\/wp-json\/wp\/v2\/users\/3"}],"replies":[{"embeddable":true,"href":"https:\/\/dana.com.br\/canaldana\/wp-json\/wp\/v2\/comments?post=71955"}],"version-history":[{"count":1,"href":"https:\/\/dana.com.br\/canaldana\/wp-json\/wp\/v2\/posts\/71955\/revisions"}],"predecessor-version":[{"id":71956,"href":"https:\/\/dana.com.br\/canaldana\/wp-json\/wp\/v2\/posts\/71955\/revisions\/71956"}],"wp:attachment":[{"href":"https:\/\/dana.com.br\/canaldana\/wp-json\/wp\/v2\/media?parent=71955"}],"wp:term":[{"taxonomy":"category","embeddable":true,"href":"https:\/\/dana.com.br\/canaldana\/wp-json\/wp\/v2\/categories?post=71955"},{"taxonomy":"post_tag","embeddable":true,"href":"https:\/\/dana.com.br\/canaldana\/wp-json\/wp\/v2\/tags?post=71955"}],"curies":[{"name":"wp","href":"https:\/\/api.w.org\/{rel}","templated":true}]}}