{"id":71941,"date":"2024-03-06T09:00:14","date_gmt":"2024-03-06T12:00:14","guid":{"rendered":"https:\/\/dana.com.br\/canaldana\/?p=71941"},"modified":"2024-03-06T09:00:14","modified_gmt":"2024-03-06T12:00:14","slug":"novo-dodge-charger-tera-versao-com-motor-a-gasolina-de-557-cv-em-2025","status":"publish","type":"post","link":"https:\/\/dana.com.br\/canaldana\/2024\/03\/06\/novo-dodge-charger-tera-versao-com-motor-a-gasolina-de-557-cv-em-2025\/","title":{"rendered":"Novo Dodge Charger ter\u00e1 vers\u00e3o com motor a gasolina de 557 cv em 2025"},"content":{"rendered":"<p><em>Motor 1\/Doge <\/em><\/p>\n<p>&nbsp;<\/p>\n<p>O Dodge Charger movido a gasolina ainda n\u00e3o est\u00e1 morto. Embora o V8 possa ter desaparecido, a Dodge continuar\u00e1 a oferecer o Charger com um motor de combust\u00e3o interna, juntamente com as duas novas variantes el\u00e9tricas reveladas hoje.<\/p>\n<p>&nbsp;<\/p>\n<p>No topo da cadeia alimentar de motores a combust\u00e3o est\u00e1 o Dodge Charger Sixpack H.O. Ele \u00e9 equipado com o propulsor Hurricane 3.0 biturbo de seis cilindros em linha da Stellantis, com pot\u00eancia nominal de 557 cv &#8211; \u00e9 o mesmo da Ram 1500 na linha 2025. H\u00e1 tamb\u00e9m uma vers\u00e3o Sixpack S.O. com pot\u00eancia nominal de 426 cv.<\/p>\n<p>&nbsp;<\/p>\n<p>&#8220;Os modelos do Dodge Charger Sixpack com motor Hurricane dar\u00e3o \u00e0 Brotherhood of Muscle [comunidade de donos de Dodge] uma op\u00e7\u00e3o a gasolina que produz n\u00fameros de pot\u00eancia e torque melhores do que os motores HEMI de 5,7 e 6,4 litros que est\u00e3o saindo de linha&#8221;, disse o CEO Tim Kuniskis.<\/p>\n<p>&nbsp;<\/p>\n<p>Quando a produ\u00e7\u00e3o foi encerrada, os 5.7 e 6.4 V8 naturalmente aspirados dispon\u00edveis no Charger produziam 375 cv e 492 cv, respectivamente.<\/p>\n<p>&nbsp;<\/p>\n<p>Assim como as vers\u00f5es el\u00e9tricas, o novo Charger a gasolina ter\u00e1 tra\u00e7\u00e3o nas quatro rodas como padr\u00e3o, com modos de dire\u00e7\u00e3o que canalizar\u00e3o toda a pot\u00eancia para as rodas traseiras. O carro ser\u00e1 montado na plataforma STLA Large da empresa, o que significa que dever\u00e1 ser 20% mais r\u00edgido do que o modelo anterior.<\/p>\n<p>&nbsp;<\/p>\n<p>Com o foco da Dodge no lan\u00e7amento do Charger Daytona el\u00e9trico, n\u00e3o h\u00e1 muitas informa\u00e7\u00f5es sobre outras especifica\u00e7\u00f5es, m\u00e9tricas de desempenho ou pre\u00e7os. Podemos dizer que ser\u00e1 um carro autom\u00e1tico de oito marchas, assim como o de \u00faltima gera\u00e7\u00e3o.<\/p>\n<p>&nbsp;<\/p>\n<p>A Dodge diz que todos os Chargers ser\u00e3o constru\u00eddos na f\u00e1brica da empresa em Windsor, Ont\u00e1rio (Canad\u00e1). A produ\u00e7\u00e3o da vers\u00e3o el\u00e9trica come\u00e7ar\u00e1 em meados de 2024, enquanto as variantes movidas a gasolina come\u00e7ar\u00e3o a ser produzidas a partir do primeiro trimestre de 2025. (Motor 1\/Doge\/Brian Silvestro, traduzido por Nicolas Tavares)<\/p>\n","protected":false},"excerpt":{"rendered":"<p>Motor 1\/Doge &nbsp; O Dodge Charger movido a gasolina ainda n\u00e3o est\u00e1 morto. Embora o V8 possa ter desaparecido, a Dodge continuar\u00e1 a oferecer o Charger com um motor de combust\u00e3o interna, juntamente com as duas novas variantes el\u00e9tricas reveladas hoje. &nbsp; No topo da cadeia alimentar de motores a combust\u00e3o est\u00e1 o Dodge Charger\u2026 <a class=\"readmore\" href=\"https:\/\/dana.com.br\/canaldana\/2024\/03\/06\/novo-dodge-charger-tera-versao-com-motor-a-gasolina-de-557-cv-em-2025\/\">Leia mais \u00bb<\/a><\/p>\n","protected":false},"author":3,"featured_media":0,"comment_status":"closed","ping_status":"closed","sticky":false,"template":"","format":"standard","meta":{"_acf_changed":false,"footnotes":""},"categories":[79],"tags":[],"class_list":["post-71941","post","type-post","status-publish","format-standard","hentry","category-mercado"],"acf":[],"yoast_head":"<!-- This site is optimized with the Yoast SEO plugin v27.3 - https:\/\/yoast.com\/product\/yoast-seo-wordpress\/ -->\n<title>Novo Dodge Charger ter\u00e1 vers\u00e3o com motor a gasolina de 557 cv em 2025 - Canal Dana<\/title>\n<meta name=\"robots\" content=\"index, follow, max-snippet:-1, max-image-preview:large, max-video-preview:-1\" \/>\n<link rel=\"canonical\" href=\"https:\/\/dana.com.br\/canaldana\/2024\/03\/06\/novo-dodge-charger-tera-versao-com-motor-a-gasolina-de-557-cv-em-2025\/\" \/>\n<meta property=\"og:locale\" content=\"pt_BR\" \/>\n<meta property=\"og:type\" content=\"article\" \/>\n<meta property=\"og:title\" content=\"Novo Dodge Charger ter\u00e1 vers\u00e3o com motor a gasolina de 557 cv em 2025 - Canal Dana\" \/>\n<meta property=\"og:description\" content=\"Motor 1\/Doge &nbsp; O Dodge Charger movido a gasolina ainda n\u00e3o est\u00e1 morto. Embora o V8 possa ter desaparecido, a Dodge continuar\u00e1 a oferecer o Charger com um motor de combust\u00e3o interna, juntamente com as duas novas variantes el\u00e9tricas reveladas hoje. &nbsp; No topo da cadeia alimentar de motores a combust\u00e3o est\u00e1 o Dodge Charger\u2026 Leia mais \u00bb\" \/>\n<meta property=\"og:url\" content=\"https:\/\/dana.com.br\/canaldana\/2024\/03\/06\/novo-dodge-charger-tera-versao-com-motor-a-gasolina-de-557-cv-em-2025\/\" \/>\n<meta property=\"og:site_name\" content=\"Canal Dana\" \/>\n<meta property=\"article:published_time\" content=\"2024-03-06T12:00:14+00:00\" \/>\n<meta name=\"author\" content=\"Canal Dana\" \/>\n<meta name=\"twitter:card\" content=\"summary_large_image\" \/>\n<meta name=\"twitter:label1\" content=\"Escrito por\" \/>\n\t<meta name=\"twitter:data1\" content=\"Canal Dana\" \/>\n\t<meta name=\"twitter:label2\" content=\"Est. tempo de leitura\" \/>\n\t<meta name=\"twitter:data2\" content=\"2 minutos\" \/>\n<script type=\"application\/ld+json\" class=\"yoast-schema-graph\">{\"@context\":\"https:\\\/\\\/schema.org\",\"@graph\":[{\"@type\":\"Article\",\"@id\":\"https:\\\/\\\/dana.com.br\\\/canaldana\\\/2024\\\/03\\\/06\\\/novo-dodge-charger-tera-versao-com-motor-a-gasolina-de-557-cv-em-2025\\\/#article\",\"isPartOf\":{\"@id\":\"https:\\\/\\\/dana.com.br\\\/canaldana\\\/2024\\\/03\\\/06\\\/novo-dodge-charger-tera-versao-com-motor-a-gasolina-de-557-cv-em-2025\\\/\"},\"author\":{\"name\":\"Canal Dana\",\"@id\":\"https:\\\/\\\/dana.com.br\\\/canaldana\\\/#\\\/schema\\\/person\\\/3c21f22f56fcf3bc46b94bc60ea4fef6\"},\"headline\":\"Novo Dodge Charger ter\u00e1 vers\u00e3o com motor a gasolina de 557 cv em 2025\",\"datePublished\":\"2024-03-06T12:00:14+00:00\",\"mainEntityOfPage\":{\"@id\":\"https:\\\/\\\/dana.com.br\\\/canaldana\\\/2024\\\/03\\\/06\\\/novo-dodge-charger-tera-versao-com-motor-a-gasolina-de-557-cv-em-2025\\\/\"},\"wordCount\":364,\"articleSection\":[\"Mercado\"],\"inLanguage\":\"pt-BR\"},{\"@type\":\"WebPage\",\"@id\":\"https:\\\/\\\/dana.com.br\\\/canaldana\\\/2024\\\/03\\\/06\\\/novo-dodge-charger-tera-versao-com-motor-a-gasolina-de-557-cv-em-2025\\\/\",\"url\":\"https:\\\/\\\/dana.com.br\\\/canaldana\\\/2024\\\/03\\\/06\\\/novo-dodge-charger-tera-versao-com-motor-a-gasolina-de-557-cv-em-2025\\\/\",\"name\":\"Novo Dodge Charger ter\u00e1 vers\u00e3o com motor a gasolina de 557 cv em 2025 - Canal Dana\",\"isPartOf\":{\"@id\":\"https:\\\/\\\/dana.com.br\\\/canaldana\\\/#website\"},\"datePublished\":\"2024-03-06T12:00:14+00:00\",\"author\":{\"@id\":\"https:\\\/\\\/dana.com.br\\\/canaldana\\\/#\\\/schema\\\/person\\\/3c21f22f56fcf3bc46b94bc60ea4fef6\"},\"breadcrumb\":{\"@id\":\"https:\\\/\\\/dana.com.br\\\/canaldana\\\/2024\\\/03\\\/06\\\/novo-dodge-charger-tera-versao-com-motor-a-gasolina-de-557-cv-em-2025\\\/#breadcrumb\"},\"inLanguage\":\"pt-BR\",\"potentialAction\":[{\"@type\":\"ReadAction\",\"target\":[\"https:\\\/\\\/dana.com.br\\\/canaldana\\\/2024\\\/03\\\/06\\\/novo-dodge-charger-tera-versao-com-motor-a-gasolina-de-557-cv-em-2025\\\/\"]}]},{\"@type\":\"BreadcrumbList\",\"@id\":\"https:\\\/\\\/dana.com.br\\\/canaldana\\\/2024\\\/03\\\/06\\\/novo-dodge-charger-tera-versao-com-motor-a-gasolina-de-557-cv-em-2025\\\/#breadcrumb\",\"itemListElement\":[{\"@type\":\"ListItem\",\"position\":1,\"name\":\"Home\",\"item\":\"https:\\\/\\\/dana.com.br\\\/canaldana\\\/\"},{\"@type\":\"ListItem\",\"position\":2,\"name\":\"Mercado\",\"item\":\"https:\\\/\\\/dana.com.br\\\/canaldana\\\/mercado\\\/\"},{\"@type\":\"ListItem\",\"position\":3,\"name\":\"Novo Dodge Charger ter\u00e1 vers\u00e3o com motor a gasolina de 557 cv em 2025\"}]},{\"@type\":\"WebSite\",\"@id\":\"https:\\\/\\\/dana.com.br\\\/canaldana\\\/#website\",\"url\":\"https:\\\/\\\/dana.com.br\\\/canaldana\\\/\",\"name\":\"Canal Dana\",\"description\":\"Informativo com as principais not\u00edcias da ind\u00fastria automotiva\",\"potentialAction\":[{\"@type\":\"SearchAction\",\"target\":{\"@type\":\"EntryPoint\",\"urlTemplate\":\"https:\\\/\\\/dana.com.br\\\/canaldana\\\/?s={search_term_string}\"},\"query-input\":{\"@type\":\"PropertyValueSpecification\",\"valueRequired\":true,\"valueName\":\"search_term_string\"}}],\"inLanguage\":\"pt-BR\"},{\"@type\":\"Person\",\"@id\":\"https:\\\/\\\/dana.com.br\\\/canaldana\\\/#\\\/schema\\\/person\\\/3c21f22f56fcf3bc46b94bc60ea4fef6\",\"name\":\"Canal Dana\",\"image\":{\"@type\":\"ImageObject\",\"inLanguage\":\"pt-BR\",\"@id\":\"https:\\\/\\\/secure.gravatar.com\\\/avatar\\\/420aaf9278582877d9018637c6817617705899d2858d7572ef0fe59a6b6454b4?s=96&d=mm&r=g\",\"url\":\"https:\\\/\\\/secure.gravatar.com\\\/avatar\\\/420aaf9278582877d9018637c6817617705899d2858d7572ef0fe59a6b6454b4?s=96&d=mm&r=g\",\"contentUrl\":\"https:\\\/\\\/secure.gravatar.com\\\/avatar\\\/420aaf9278582877d9018637c6817617705899d2858d7572ef0fe59a6b6454b4?s=96&d=mm&r=g\",\"caption\":\"Canal Dana\"},\"url\":\"https:\\\/\\\/dana.com.br\\\/canaldana\\\/author\\\/cdeditor\\\/\"}]}<\/script>\n<!-- \/ Yoast SEO plugin. -->","yoast_head_json":{"title":"Novo Dodge Charger ter\u00e1 vers\u00e3o com motor a gasolina de 557 cv em 2025 - Canal Dana","robots":{"index":"index","follow":"follow","max-snippet":"max-snippet:-1","max-image-preview":"max-image-preview:large","max-video-preview":"max-video-preview:-1"},"canonical":"https:\/\/dana.com.br\/canaldana\/2024\/03\/06\/novo-dodge-charger-tera-versao-com-motor-a-gasolina-de-557-cv-em-2025\/","og_locale":"pt_BR","og_type":"article","og_title":"Novo Dodge Charger ter\u00e1 vers\u00e3o com motor a gasolina de 557 cv em 2025 - Canal Dana","og_description":"Motor 1\/Doge &nbsp; O Dodge Charger movido a gasolina ainda n\u00e3o est\u00e1 morto. Embora o V8 possa ter desaparecido, a Dodge continuar\u00e1 a oferecer o Charger com um motor de combust\u00e3o interna, juntamente com as duas novas variantes el\u00e9tricas reveladas hoje. &nbsp; No topo da cadeia alimentar de motores a combust\u00e3o est\u00e1 o Dodge Charger\u2026 Leia mais \u00bb","og_url":"https:\/\/dana.com.br\/canaldana\/2024\/03\/06\/novo-dodge-charger-tera-versao-com-motor-a-gasolina-de-557-cv-em-2025\/","og_site_name":"Canal Dana","article_published_time":"2024-03-06T12:00:14+00:00","author":"Canal Dana","twitter_card":"summary_large_image","twitter_misc":{"Escrito por":"Canal Dana","Est. tempo de leitura":"2 minutos"},"schema":{"@context":"https:\/\/schema.org","@graph":[{"@type":"Article","@id":"https:\/\/dana.com.br\/canaldana\/2024\/03\/06\/novo-dodge-charger-tera-versao-com-motor-a-gasolina-de-557-cv-em-2025\/#article","isPartOf":{"@id":"https:\/\/dana.com.br\/canaldana\/2024\/03\/06\/novo-dodge-charger-tera-versao-com-motor-a-gasolina-de-557-cv-em-2025\/"},"author":{"name":"Canal Dana","@id":"https:\/\/dana.com.br\/canaldana\/#\/schema\/person\/3c21f22f56fcf3bc46b94bc60ea4fef6"},"headline":"Novo Dodge Charger ter\u00e1 vers\u00e3o com motor a gasolina de 557 cv em 2025","datePublished":"2024-03-06T12:00:14+00:00","mainEntityOfPage":{"@id":"https:\/\/dana.com.br\/canaldana\/2024\/03\/06\/novo-dodge-charger-tera-versao-com-motor-a-gasolina-de-557-cv-em-2025\/"},"wordCount":364,"articleSection":["Mercado"],"inLanguage":"pt-BR"},{"@type":"WebPage","@id":"https:\/\/dana.com.br\/canaldana\/2024\/03\/06\/novo-dodge-charger-tera-versao-com-motor-a-gasolina-de-557-cv-em-2025\/","url":"https:\/\/dana.com.br\/canaldana\/2024\/03\/06\/novo-dodge-charger-tera-versao-com-motor-a-gasolina-de-557-cv-em-2025\/","name":"Novo Dodge Charger ter\u00e1 vers\u00e3o com motor a gasolina de 557 cv em 2025 - Canal Dana","isPartOf":{"@id":"https:\/\/dana.com.br\/canaldana\/#website"},"datePublished":"2024-03-06T12:00:14+00:00","author":{"@id":"https:\/\/dana.com.br\/canaldana\/#\/schema\/person\/3c21f22f56fcf3bc46b94bc60ea4fef6"},"breadcrumb":{"@id":"https:\/\/dana.com.br\/canaldana\/2024\/03\/06\/novo-dodge-charger-tera-versao-com-motor-a-gasolina-de-557-cv-em-2025\/#breadcrumb"},"inLanguage":"pt-BR","potentialAction":[{"@type":"ReadAction","target":["https:\/\/dana.com.br\/canaldana\/2024\/03\/06\/novo-dodge-charger-tera-versao-com-motor-a-gasolina-de-557-cv-em-2025\/"]}]},{"@type":"BreadcrumbList","@id":"https:\/\/dana.com.br\/canaldana\/2024\/03\/06\/novo-dodge-charger-tera-versao-com-motor-a-gasolina-de-557-cv-em-2025\/#breadcrumb","itemListElement":[{"@type":"ListItem","position":1,"name":"Home","item":"https:\/\/dana.com.br\/canaldana\/"},{"@type":"ListItem","position":2,"name":"Mercado","item":"https:\/\/dana.com.br\/canaldana\/mercado\/"},{"@type":"ListItem","position":3,"name":"Novo Dodge Charger ter\u00e1 vers\u00e3o com motor a gasolina de 557 cv em 2025"}]},{"@type":"WebSite","@id":"https:\/\/dana.com.br\/canaldana\/#website","url":"https:\/\/dana.com.br\/canaldana\/","name":"Canal Dana","description":"Informativo com as principais not\u00edcias da ind\u00fastria automotiva","potentialAction":[{"@type":"SearchAction","target":{"@type":"EntryPoint","urlTemplate":"https:\/\/dana.com.br\/canaldana\/?s={search_term_string}"},"query-input":{"@type":"PropertyValueSpecification","valueRequired":true,"valueName":"search_term_string"}}],"inLanguage":"pt-BR"},{"@type":"Person","@id":"https:\/\/dana.com.br\/canaldana\/#\/schema\/person\/3c21f22f56fcf3bc46b94bc60ea4fef6","name":"Canal Dana","image":{"@type":"ImageObject","inLanguage":"pt-BR","@id":"https:\/\/secure.gravatar.com\/avatar\/420aaf9278582877d9018637c6817617705899d2858d7572ef0fe59a6b6454b4?s=96&d=mm&r=g","url":"https:\/\/secure.gravatar.com\/avatar\/420aaf9278582877d9018637c6817617705899d2858d7572ef0fe59a6b6454b4?s=96&d=mm&r=g","contentUrl":"https:\/\/secure.gravatar.com\/avatar\/420aaf9278582877d9018637c6817617705899d2858d7572ef0fe59a6b6454b4?s=96&d=mm&r=g","caption":"Canal Dana"},"url":"https:\/\/dana.com.br\/canaldana\/author\/cdeditor\/"}]}},"_links":{"self":[{"href":"https:\/\/dana.com.br\/canaldana\/wp-json\/wp\/v2\/posts\/71941","targetHints":{"allow":["GET"]}}],"collection":[{"href":"https:\/\/dana.com.br\/canaldana\/wp-json\/wp\/v2\/posts"}],"about":[{"href":"https:\/\/dana.com.br\/canaldana\/wp-json\/wp\/v2\/types\/post"}],"author":[{"embeddable":true,"href":"https:\/\/dana.com.br\/canaldana\/wp-json\/wp\/v2\/users\/3"}],"replies":[{"embeddable":true,"href":"https:\/\/dana.com.br\/canaldana\/wp-json\/wp\/v2\/comments?post=71941"}],"version-history":[{"count":1,"href":"https:\/\/dana.com.br\/canaldana\/wp-json\/wp\/v2\/posts\/71941\/revisions"}],"predecessor-version":[{"id":71942,"href":"https:\/\/dana.com.br\/canaldana\/wp-json\/wp\/v2\/posts\/71941\/revisions\/71942"}],"wp:attachment":[{"href":"https:\/\/dana.com.br\/canaldana\/wp-json\/wp\/v2\/media?parent=71941"}],"wp:term":[{"taxonomy":"category","embeddable":true,"href":"https:\/\/dana.com.br\/canaldana\/wp-json\/wp\/v2\/categories?post=71941"},{"taxonomy":"post_tag","embeddable":true,"href":"https:\/\/dana.com.br\/canaldana\/wp-json\/wp\/v2\/tags?post=71941"}],"curies":[{"name":"wp","href":"https:\/\/api.w.org\/{rel}","templated":true}]}}