{"id":71844,"date":"2024-03-01T07:49:25","date_gmt":"2024-03-01T10:49:25","guid":{"rendered":"https:\/\/dana.com.br\/canaldana\/?p=71844"},"modified":"2024-03-01T07:49:25","modified_gmt":"2024-03-01T10:49:25","slug":"range-rover-evoque-reestilizado-chega-ao-brasil","status":"publish","type":"post","link":"https:\/\/dana.com.br\/canaldana\/2024\/03\/01\/range-rover-evoque-reestilizado-chega-ao-brasil\/","title":{"rendered":"Range Rover Evoque reestilizado chega ao Brasil"},"content":{"rendered":"<p><em>Motor 1 <\/em><\/p>\n<p>&nbsp;<\/p>\n<p>Apresentado no exterior em junho de 2023, o Range Rover Evoque reestilizado chega ao Brasil como parte da linha 2024 da marca. A produ\u00e7\u00e3o segue em Itatiaia (RJ) com o novo visual, que foi leve na parte externa, mas mais marcante e importante no interior. Motor1.com foi at\u00e9 a Fran\u00e7a ainda em 2023 para conhecer o novo Evoque.<\/p>\n<p>&nbsp;<\/p>\n<p>O Range Rover Evoque 2024 chega ao Brasil por R$ 471.950 em vers\u00e3o \u00fanica, Dynamic HSE, com o motor P250, o 2.0 turboflex de 250 cv. Por fora, as mudan\u00e7as s\u00e3o leves e mant\u00e9m o visual marcante do Evoque, sua principal caracter\u00edstica desde seu lan\u00e7amento. H\u00e1 uma nova grade e novos far\u00f3is, estes mais modernos com blocos de LEDs para o sistema de ilumina\u00e7\u00e3o inteligente.<\/p>\n<p>&nbsp;<\/p>\n<p>Por dentro, o Evoque 2024 fica mais l\u00f3gico e pr\u00e1tico. Mais limpo, troca as duas telas centrais por apenas uma, que concentra as diversas fun\u00e7\u00f5es mantendo a praticidade e mais inteligente. A tela de 11,4&#8243; \u00e9 curva e, para o motorista, ficou em uma posi\u00e7\u00e3o alta, que desvia menos a aten\u00e7\u00e3o para fazer os ajustes do carro e da climatiza\u00e7\u00e3o. Por barras laterais, os comandos s\u00e3o mais pr\u00e1ticos e n\u00e3o somem mesmo com espelhamento de smartphones ativos.<\/p>\n<p>&nbsp;<\/p>\n<p>A nova tela, al\u00e9m de um visual mais limpo para o interior, liberou espa\u00e7o para o carregador por indu\u00e7\u00e3o no console central, que tamb\u00e9m recebeu um novo seletor do c\u00e2mbio autom\u00e1tico. O espelhamento sem fios \u00e9 outra novidade nesta reestiliza\u00e7\u00e3o do Evoque, assim como a volta do painel totalmente digital. Nesta vers\u00e3o, h\u00e1 teto panor\u00e2mico, sistema de som Meridian, coluna de dire\u00e7\u00e3o com ajustes el\u00e9tricos, piloto autom\u00e1tico adaptativo, alerta de colis\u00e3o com frenagem autom\u00e1tica, alerta de ponto-cego e assistente de faixas.<\/p>\n<p>&nbsp;<\/p>\n<p>N\u00e3o h\u00e1 altera\u00e7\u00f5es mec\u00e2nicas neste novo Range Rover Evoque. Al\u00e9m do motor, segue com o mesmo c\u00e2mbio autom\u00e1tico de 8 marchas e o sistema de tra\u00e7\u00e3o integral inteligente, com seletor de modos de condu\u00e7\u00e3o que atuam em diversos par\u00e2metros do carro dependendo do tipo de piso que vai enfrentar ou, ainda, de forma autom\u00e1tica faz os ajustes. (Motor 1\/Leo Fortunatti)<\/p>\n","protected":false},"excerpt":{"rendered":"<p>Motor 1 &nbsp; Apresentado no exterior em junho de 2023, o Range Rover Evoque reestilizado chega ao Brasil como parte da linha 2024 da marca. A produ\u00e7\u00e3o segue em Itatiaia (RJ) com o novo visual, que foi leve na parte externa, mas mais marcante e importante no interior. Motor1.com foi at\u00e9 a Fran\u00e7a ainda em\u2026 <a class=\"readmore\" href=\"https:\/\/dana.com.br\/canaldana\/2024\/03\/01\/range-rover-evoque-reestilizado-chega-ao-brasil\/\">Leia mais \u00bb<\/a><\/p>\n","protected":false},"author":3,"featured_media":0,"comment_status":"closed","ping_status":"closed","sticky":false,"template":"","format":"standard","meta":{"_acf_changed":false,"footnotes":""},"categories":[79],"tags":[],"class_list":["post-71844","post","type-post","status-publish","format-standard","hentry","category-mercado"],"acf":[],"yoast_head":"<!-- This site is optimized with the Yoast SEO plugin v27.3 - https:\/\/yoast.com\/product\/yoast-seo-wordpress\/ -->\n<title>Range Rover Evoque reestilizado chega ao Brasil - Canal Dana<\/title>\n<meta name=\"robots\" content=\"index, follow, max-snippet:-1, max-image-preview:large, max-video-preview:-1\" \/>\n<link rel=\"canonical\" href=\"https:\/\/dana.com.br\/canaldana\/2024\/03\/01\/range-rover-evoque-reestilizado-chega-ao-brasil\/\" \/>\n<meta property=\"og:locale\" content=\"pt_BR\" \/>\n<meta property=\"og:type\" content=\"article\" \/>\n<meta property=\"og:title\" content=\"Range Rover Evoque reestilizado chega ao Brasil - Canal Dana\" \/>\n<meta property=\"og:description\" content=\"Motor 1 &nbsp; Apresentado no exterior em junho de 2023, o Range Rover Evoque reestilizado chega ao Brasil como parte da linha 2024 da marca. A produ\u00e7\u00e3o segue em Itatiaia (RJ) com o novo visual, que foi leve na parte externa, mas mais marcante e importante no interior. Motor1.com foi at\u00e9 a Fran\u00e7a ainda em\u2026 Leia mais \u00bb\" \/>\n<meta property=\"og:url\" content=\"https:\/\/dana.com.br\/canaldana\/2024\/03\/01\/range-rover-evoque-reestilizado-chega-ao-brasil\/\" \/>\n<meta property=\"og:site_name\" content=\"Canal Dana\" \/>\n<meta property=\"article:published_time\" content=\"2024-03-01T10:49:25+00:00\" \/>\n<meta name=\"author\" content=\"Canal Dana\" \/>\n<meta name=\"twitter:card\" content=\"summary_large_image\" \/>\n<meta name=\"twitter:label1\" content=\"Escrito por\" \/>\n\t<meta name=\"twitter:data1\" content=\"Canal Dana\" \/>\n\t<meta name=\"twitter:label2\" content=\"Est. tempo de leitura\" \/>\n\t<meta name=\"twitter:data2\" content=\"2 minutos\" \/>\n<script type=\"application\/ld+json\" class=\"yoast-schema-graph\">{\"@context\":\"https:\\\/\\\/schema.org\",\"@graph\":[{\"@type\":\"Article\",\"@id\":\"https:\\\/\\\/dana.com.br\\\/canaldana\\\/2024\\\/03\\\/01\\\/range-rover-evoque-reestilizado-chega-ao-brasil\\\/#article\",\"isPartOf\":{\"@id\":\"https:\\\/\\\/dana.com.br\\\/canaldana\\\/2024\\\/03\\\/01\\\/range-rover-evoque-reestilizado-chega-ao-brasil\\\/\"},\"author\":{\"name\":\"Canal Dana\",\"@id\":\"https:\\\/\\\/dana.com.br\\\/canaldana\\\/#\\\/schema\\\/person\\\/3c21f22f56fcf3bc46b94bc60ea4fef6\"},\"headline\":\"Range Rover Evoque reestilizado chega ao Brasil\",\"datePublished\":\"2024-03-01T10:49:25+00:00\",\"mainEntityOfPage\":{\"@id\":\"https:\\\/\\\/dana.com.br\\\/canaldana\\\/2024\\\/03\\\/01\\\/range-rover-evoque-reestilizado-chega-ao-brasil\\\/\"},\"wordCount\":386,\"articleSection\":[\"Mercado\"],\"inLanguage\":\"pt-BR\"},{\"@type\":\"WebPage\",\"@id\":\"https:\\\/\\\/dana.com.br\\\/canaldana\\\/2024\\\/03\\\/01\\\/range-rover-evoque-reestilizado-chega-ao-brasil\\\/\",\"url\":\"https:\\\/\\\/dana.com.br\\\/canaldana\\\/2024\\\/03\\\/01\\\/range-rover-evoque-reestilizado-chega-ao-brasil\\\/\",\"name\":\"Range Rover Evoque reestilizado chega ao Brasil - Canal Dana\",\"isPartOf\":{\"@id\":\"https:\\\/\\\/dana.com.br\\\/canaldana\\\/#website\"},\"datePublished\":\"2024-03-01T10:49:25+00:00\",\"author\":{\"@id\":\"https:\\\/\\\/dana.com.br\\\/canaldana\\\/#\\\/schema\\\/person\\\/3c21f22f56fcf3bc46b94bc60ea4fef6\"},\"breadcrumb\":{\"@id\":\"https:\\\/\\\/dana.com.br\\\/canaldana\\\/2024\\\/03\\\/01\\\/range-rover-evoque-reestilizado-chega-ao-brasil\\\/#breadcrumb\"},\"inLanguage\":\"pt-BR\",\"potentialAction\":[{\"@type\":\"ReadAction\",\"target\":[\"https:\\\/\\\/dana.com.br\\\/canaldana\\\/2024\\\/03\\\/01\\\/range-rover-evoque-reestilizado-chega-ao-brasil\\\/\"]}]},{\"@type\":\"BreadcrumbList\",\"@id\":\"https:\\\/\\\/dana.com.br\\\/canaldana\\\/2024\\\/03\\\/01\\\/range-rover-evoque-reestilizado-chega-ao-brasil\\\/#breadcrumb\",\"itemListElement\":[{\"@type\":\"ListItem\",\"position\":1,\"name\":\"Home\",\"item\":\"https:\\\/\\\/dana.com.br\\\/canaldana\\\/\"},{\"@type\":\"ListItem\",\"position\":2,\"name\":\"Mercado\",\"item\":\"https:\\\/\\\/dana.com.br\\\/canaldana\\\/mercado\\\/\"},{\"@type\":\"ListItem\",\"position\":3,\"name\":\"Range Rover Evoque reestilizado chega ao Brasil\"}]},{\"@type\":\"WebSite\",\"@id\":\"https:\\\/\\\/dana.com.br\\\/canaldana\\\/#website\",\"url\":\"https:\\\/\\\/dana.com.br\\\/canaldana\\\/\",\"name\":\"Canal Dana\",\"description\":\"Informativo com as principais not\u00edcias da ind\u00fastria automotiva\",\"potentialAction\":[{\"@type\":\"SearchAction\",\"target\":{\"@type\":\"EntryPoint\",\"urlTemplate\":\"https:\\\/\\\/dana.com.br\\\/canaldana\\\/?s={search_term_string}\"},\"query-input\":{\"@type\":\"PropertyValueSpecification\",\"valueRequired\":true,\"valueName\":\"search_term_string\"}}],\"inLanguage\":\"pt-BR\"},{\"@type\":\"Person\",\"@id\":\"https:\\\/\\\/dana.com.br\\\/canaldana\\\/#\\\/schema\\\/person\\\/3c21f22f56fcf3bc46b94bc60ea4fef6\",\"name\":\"Canal Dana\",\"image\":{\"@type\":\"ImageObject\",\"inLanguage\":\"pt-BR\",\"@id\":\"https:\\\/\\\/secure.gravatar.com\\\/avatar\\\/420aaf9278582877d9018637c6817617705899d2858d7572ef0fe59a6b6454b4?s=96&d=mm&r=g\",\"url\":\"https:\\\/\\\/secure.gravatar.com\\\/avatar\\\/420aaf9278582877d9018637c6817617705899d2858d7572ef0fe59a6b6454b4?s=96&d=mm&r=g\",\"contentUrl\":\"https:\\\/\\\/secure.gravatar.com\\\/avatar\\\/420aaf9278582877d9018637c6817617705899d2858d7572ef0fe59a6b6454b4?s=96&d=mm&r=g\",\"caption\":\"Canal Dana\"},\"url\":\"https:\\\/\\\/dana.com.br\\\/canaldana\\\/author\\\/cdeditor\\\/\"}]}<\/script>\n<!-- \/ Yoast SEO plugin. -->","yoast_head_json":{"title":"Range Rover Evoque reestilizado chega ao Brasil - Canal Dana","robots":{"index":"index","follow":"follow","max-snippet":"max-snippet:-1","max-image-preview":"max-image-preview:large","max-video-preview":"max-video-preview:-1"},"canonical":"https:\/\/dana.com.br\/canaldana\/2024\/03\/01\/range-rover-evoque-reestilizado-chega-ao-brasil\/","og_locale":"pt_BR","og_type":"article","og_title":"Range Rover Evoque reestilizado chega ao Brasil - Canal Dana","og_description":"Motor 1 &nbsp; Apresentado no exterior em junho de 2023, o Range Rover Evoque reestilizado chega ao Brasil como parte da linha 2024 da marca. A produ\u00e7\u00e3o segue em Itatiaia (RJ) com o novo visual, que foi leve na parte externa, mas mais marcante e importante no interior. Motor1.com foi at\u00e9 a Fran\u00e7a ainda em\u2026 Leia mais \u00bb","og_url":"https:\/\/dana.com.br\/canaldana\/2024\/03\/01\/range-rover-evoque-reestilizado-chega-ao-brasil\/","og_site_name":"Canal Dana","article_published_time":"2024-03-01T10:49:25+00:00","author":"Canal Dana","twitter_card":"summary_large_image","twitter_misc":{"Escrito por":"Canal Dana","Est. tempo de leitura":"2 minutos"},"schema":{"@context":"https:\/\/schema.org","@graph":[{"@type":"Article","@id":"https:\/\/dana.com.br\/canaldana\/2024\/03\/01\/range-rover-evoque-reestilizado-chega-ao-brasil\/#article","isPartOf":{"@id":"https:\/\/dana.com.br\/canaldana\/2024\/03\/01\/range-rover-evoque-reestilizado-chega-ao-brasil\/"},"author":{"name":"Canal Dana","@id":"https:\/\/dana.com.br\/canaldana\/#\/schema\/person\/3c21f22f56fcf3bc46b94bc60ea4fef6"},"headline":"Range Rover Evoque reestilizado chega ao Brasil","datePublished":"2024-03-01T10:49:25+00:00","mainEntityOfPage":{"@id":"https:\/\/dana.com.br\/canaldana\/2024\/03\/01\/range-rover-evoque-reestilizado-chega-ao-brasil\/"},"wordCount":386,"articleSection":["Mercado"],"inLanguage":"pt-BR"},{"@type":"WebPage","@id":"https:\/\/dana.com.br\/canaldana\/2024\/03\/01\/range-rover-evoque-reestilizado-chega-ao-brasil\/","url":"https:\/\/dana.com.br\/canaldana\/2024\/03\/01\/range-rover-evoque-reestilizado-chega-ao-brasil\/","name":"Range Rover Evoque reestilizado chega ao Brasil - Canal Dana","isPartOf":{"@id":"https:\/\/dana.com.br\/canaldana\/#website"},"datePublished":"2024-03-01T10:49:25+00:00","author":{"@id":"https:\/\/dana.com.br\/canaldana\/#\/schema\/person\/3c21f22f56fcf3bc46b94bc60ea4fef6"},"breadcrumb":{"@id":"https:\/\/dana.com.br\/canaldana\/2024\/03\/01\/range-rover-evoque-reestilizado-chega-ao-brasil\/#breadcrumb"},"inLanguage":"pt-BR","potentialAction":[{"@type":"ReadAction","target":["https:\/\/dana.com.br\/canaldana\/2024\/03\/01\/range-rover-evoque-reestilizado-chega-ao-brasil\/"]}]},{"@type":"BreadcrumbList","@id":"https:\/\/dana.com.br\/canaldana\/2024\/03\/01\/range-rover-evoque-reestilizado-chega-ao-brasil\/#breadcrumb","itemListElement":[{"@type":"ListItem","position":1,"name":"Home","item":"https:\/\/dana.com.br\/canaldana\/"},{"@type":"ListItem","position":2,"name":"Mercado","item":"https:\/\/dana.com.br\/canaldana\/mercado\/"},{"@type":"ListItem","position":3,"name":"Range Rover Evoque reestilizado chega ao Brasil"}]},{"@type":"WebSite","@id":"https:\/\/dana.com.br\/canaldana\/#website","url":"https:\/\/dana.com.br\/canaldana\/","name":"Canal Dana","description":"Informativo com as principais not\u00edcias da ind\u00fastria automotiva","potentialAction":[{"@type":"SearchAction","target":{"@type":"EntryPoint","urlTemplate":"https:\/\/dana.com.br\/canaldana\/?s={search_term_string}"},"query-input":{"@type":"PropertyValueSpecification","valueRequired":true,"valueName":"search_term_string"}}],"inLanguage":"pt-BR"},{"@type":"Person","@id":"https:\/\/dana.com.br\/canaldana\/#\/schema\/person\/3c21f22f56fcf3bc46b94bc60ea4fef6","name":"Canal Dana","image":{"@type":"ImageObject","inLanguage":"pt-BR","@id":"https:\/\/secure.gravatar.com\/avatar\/420aaf9278582877d9018637c6817617705899d2858d7572ef0fe59a6b6454b4?s=96&d=mm&r=g","url":"https:\/\/secure.gravatar.com\/avatar\/420aaf9278582877d9018637c6817617705899d2858d7572ef0fe59a6b6454b4?s=96&d=mm&r=g","contentUrl":"https:\/\/secure.gravatar.com\/avatar\/420aaf9278582877d9018637c6817617705899d2858d7572ef0fe59a6b6454b4?s=96&d=mm&r=g","caption":"Canal Dana"},"url":"https:\/\/dana.com.br\/canaldana\/author\/cdeditor\/"}]}},"_links":{"self":[{"href":"https:\/\/dana.com.br\/canaldana\/wp-json\/wp\/v2\/posts\/71844","targetHints":{"allow":["GET"]}}],"collection":[{"href":"https:\/\/dana.com.br\/canaldana\/wp-json\/wp\/v2\/posts"}],"about":[{"href":"https:\/\/dana.com.br\/canaldana\/wp-json\/wp\/v2\/types\/post"}],"author":[{"embeddable":true,"href":"https:\/\/dana.com.br\/canaldana\/wp-json\/wp\/v2\/users\/3"}],"replies":[{"embeddable":true,"href":"https:\/\/dana.com.br\/canaldana\/wp-json\/wp\/v2\/comments?post=71844"}],"version-history":[{"count":1,"href":"https:\/\/dana.com.br\/canaldana\/wp-json\/wp\/v2\/posts\/71844\/revisions"}],"predecessor-version":[{"id":71845,"href":"https:\/\/dana.com.br\/canaldana\/wp-json\/wp\/v2\/posts\/71844\/revisions\/71845"}],"wp:attachment":[{"href":"https:\/\/dana.com.br\/canaldana\/wp-json\/wp\/v2\/media?parent=71844"}],"wp:term":[{"taxonomy":"category","embeddable":true,"href":"https:\/\/dana.com.br\/canaldana\/wp-json\/wp\/v2\/categories?post=71844"},{"taxonomy":"post_tag","embeddable":true,"href":"https:\/\/dana.com.br\/canaldana\/wp-json\/wp\/v2\/tags?post=71844"}],"curies":[{"name":"wp","href":"https:\/\/api.w.org\/{rel}","templated":true}]}}