{"id":71819,"date":"2024-02-29T08:53:08","date_gmt":"2024-02-29T11:53:08","guid":{"rendered":"https:\/\/dana.com.br\/canaldana\/?p=71819"},"modified":"2024-02-29T08:53:08","modified_gmt":"2024-02-29T11:53:08","slug":"audi-brasil-anuncia-o-lancamento-do-seu-novo-aplicativo-audi-e-tron","status":"publish","type":"post","link":"https:\/\/dana.com.br\/canaldana\/2024\/02\/29\/audi-brasil-anuncia-o-lancamento-do-seu-novo-aplicativo-audi-e-tron\/","title":{"rendered":"Audi Brasil anuncia o lan\u00e7amento do seu novo aplicativo Audi e-tron"},"content":{"rendered":"<p><em>Revista Meio Filtrante<\/em><\/p>\n<p>&nbsp;<\/p>\n<p>A Audi Brasil anuncia o lan\u00e7amento do seu novo aplicativo Audi e-tron, que j\u00e1 est\u00e1 dispon\u00edvel gratuitamente nas lojas de aplicativos dos sistemas iOS e Android. O objetivo \u00e9 integrar a rede de carregadores el\u00e9tricos da marca e seus parceiros dispon\u00edveis em todo o pa\u00eds e, com isso, fomentar a mobilidade sustent\u00e1vel no territ\u00f3rio nacional.<\/p>\n<p>&nbsp;<\/p>\n<p>Com uma interface simples e intuitiva, o aplicativo permite ao usu\u00e1rio, ap\u00f3s o breve cadastro do ve\u00edculo, ter acesso \u00e0 rede de esta\u00e7\u00f5es de recarga r\u00e1pida presentes nas 40 concession\u00e1rias da marca e tamb\u00e9m nas esta\u00e7\u00f5es de recargas instaladas em shoppings, hot\u00e9is, pr\u00e9dios comerciais, supermercados, restaurantes, entre outros. Motoristas com ve\u00edculos de todas as marcas podem acessar o aplicativo.<\/p>\n<p>&nbsp;<\/p>\n<p>Al\u00e9m da localiza\u00e7\u00e3o, o usu\u00e1rio ter\u00e1 todas as informa\u00e7\u00f5es sobre a disponibilidade e pot\u00eancia de cada carregador de forma online, permitindo assim um melhor planejamento da viagem e do processo de carregamento. O cliente poder\u00e1 selecionar seu ve\u00edculo, ter todo o seu hist\u00f3rico de recarga realizada durante os meses, selecionar os locais favoritos bem como tra\u00e7ar rotas at\u00e9 o carregador atrav\u00e9s dos aplicativos de navega\u00e7\u00e3o dispon\u00edveis e tamb\u00e9m receber informa\u00e7\u00f5es em tempo real do n\u00edvel de carga da bateria.<\/p>\n<p>&nbsp;<\/p>\n<p>&#8220;Estamos presenciando em tempo real a transi\u00e7\u00e3o para a mobilidade el\u00e9trica e neste momento \u00e9 essencial a uni\u00e3o de for\u00e7as entre os players do setor automotivo para que os usu\u00e1rios tenham n\u00e3o apenas cada vez mais op\u00e7\u00f5es de ve\u00edculos eletrificados, mas tamb\u00e9m uma rede adequada e integrada para atender \u00e0 demanda crescente de carregadores. Com o novo aplicativo Audi e-tron, queremos aproximar os usu\u00e1rios das esta\u00e7\u00f5es de recarga, otimizando o seu tempo e deslocamento&#8221;, destaca Renato Celiberti, Gerente S\u00eanior de Gerenciamento de Produto da Audi do Brasil.<\/p>\n<p>&nbsp;<\/p>\n<p>Os clientes da Audi ter\u00e3o benef\u00edcios exclusivos ao acessar o aplicativo, como descontos no valor das recargas e possibilidade de reserva das esta\u00e7\u00f5es de recarga, conforme disponibilidade, realizando a libera\u00e7\u00e3o de recarga atrav\u00e9s do QR Code dispon\u00edveis nas esta\u00e7\u00f5es. A marca das quatro argolas tem o objetivo tamb\u00e9m de atrair novas parcerias para fortalecer a rede de carregamento el\u00e9trico no pa\u00eds. Para os clientes da marca, n\u00e3o haver\u00e1 tarifa de recarga. J\u00e1 para os clientes de outras fabricantes, ser\u00e1 cobrada uma tarifa m\u00e9dia sugerida de R$ 3,50 por kWh nas concession\u00e1rias da Audi do Brasil.<\/p>\n<p>&nbsp;<\/p>\n<p><strong>Eletrifica\u00e7\u00e3o na Audi do Brasil<\/strong><\/p>\n<p>&nbsp;<\/p>\n<p>A eletrifica\u00e7\u00e3o \u00e9 um dos pilares da Audi do Brasil e desempenha um papel central em sua estrat\u00e9gia de vendas. Em 2022, a marca atingiu o recorde de vendas de ve\u00edculos eletrificados no Brasil desde o in\u00edcio da comercializa\u00e7\u00e3o desses ve\u00edculos no pa\u00eds, em 2020. Somando as vendas de ve\u00edculos el\u00e9tricos e h\u00edbridos, a fabricante atingiu o recorde de 912 unidades, contra 252 unidades em 2021 e 183 unidades em 2020. Em 2023, a marca das quatro argolas cresceu 18,9% as suas vendas na compara\u00e7\u00e3o com 2022. O resultado foi puxado pelo modelo Audi Q5, que teve uma alta de 38% em 2023 em rela\u00e7\u00e3o ao ano anterior e oferece a variante h\u00edbrida Audi Q5 h\u00edbrido plug-in. At\u00e9 o momento, j\u00e1 foram vendidos mais de 2.000 ve\u00edculos eletrificados no Brasil.<\/p>\n<p>&nbsp;<\/p>\n<p>Globalmente, a venda de modelos 100% el\u00e9tricos em 2023 atingiu o total de 178 mil unidades, um aumento de 51% na compara\u00e7\u00e3o com 2022. Nesse contexto, a Am\u00e9rica Latina teve suas vendas alavancadas pelo Brasil.<\/p>\n<p>&nbsp;<\/p>\n<p>Em termos de produtos, a marca possui a sua linha completa de ve\u00edculos no Brasil inserida na hibridiza\u00e7\u00e3o, possuindo desde modelos h\u00edbrido leve e h\u00edbrido plug-in at\u00e9 totalmente el\u00e9tricos. Recentemente, a marca estreou o novo Audi Q8 e-tron, que representa o in\u00edcio de uma nova fase de eletrifica\u00e7\u00e3o da marca no mundo, estreando uma nova nomenclatura, linguagem visual e uma bateria com capacidade 20% maior em rela\u00e7\u00e3o ao modelo anterior.<\/p>\n<p>&nbsp;<\/p>\n<p>A marca possui objetivos concretos de curto, m\u00e9dio e longo prazo. Ser\u00e3o lan\u00e7ados 20 novos modelos eletrificados at\u00e9 2026. Em 2033, todos os lan\u00e7amentos da marca ser\u00e3o el\u00e9tricos. Em 2050, o objetivo \u00e9 neutralizar as emiss\u00f5es de carbono, incluindo toda a cadeia produtiva, fornecedores e parceiros.<\/p>\n<p>&nbsp;<\/p>\n<p><strong>Investimentos em infraestrutura el\u00e9trica<\/strong><\/p>\n<p>&nbsp;<\/p>\n<p>A Audi do Brasil \u00e9 uma das fabricantes pioneiras e com o maior investimento em carregadores de carga r\u00e1pida no Brasil. Desde o in\u00edcio de 2019, a Audi j\u00e1 investiu mais de R$ 87 milh\u00f5es em infraestrutura de recarga no pa\u00eds, sendo. Os valores est\u00e3o divididos da seguinte forma: R$ 20 milh\u00f5es em 40 carregadores da rede de concession\u00e1rias; R$ 10 milh\u00f5es em carregadores de 22kW em pontos de conveni\u00eancia em mais de 100 em todo o Brasil (shoppings, restaurante, hotel, supermercados). Al\u00e9m disso, foram investidos R$ 33 milh\u00f5es para instala\u00e7\u00e3o de 18 carregadores DC (sendo 17 de 150kW e 1 de 350KW), mais dois carregadores de 22 kW AC, em rodovias juntamente com EDP, Volkswagen e Porsche. Por fim, foram 24 milh\u00f5es recentemente investidos na parceria com Ra\u00edzen e Porsche para mais 20 carregadores ultrarr\u00e1pidos (150kW) na rede de postos Shell.<\/p>\n<p>&nbsp;<\/p>\n<p>Recentemente, a marca das quatro argolas anunciou uma parceria com a rede Shell para a instala\u00e7\u00e3o de 15 esta\u00e7\u00f5es de recarga em locais estrat\u00e9gicos. Elas est\u00e3o localizadas em rodovias que ligam cidades como Curitiba a Porto Alegre, regi\u00e3o dos lagos e serrana do Rio de Janeiro, Bras\u00edlia a Goi\u00e2nia, Recife a Porto de Galinhas, al\u00e9m da liga\u00e7\u00e3o de S\u00e3o Paulo ao litoral norte e ao interior do estado. Essa nova rede \u00e9 composta por carregadores r\u00e1pidos de 150 kW, que carregam os ve\u00edculos da marca de 0% a 80% em aproximadamente 30 minutos.<\/p>\n<p>&nbsp;<\/p>\n<p>Falando de outras parcerias importantes, com a Enel X a Audi do Brasil investiu mais de R$ 12 milh\u00f5es de reais no projeto de eletrifica\u00e7\u00e3o da rede de concession\u00e1rias Audi em todo Brasil. Atrav\u00e9s de um pacote de oferta integrado de produtos e servi\u00e7os da Enel X, at\u00e9 o momento j\u00e1 foram entregues 41 carregadores DC da Enel X de 150kW. Tal investimento proporciona uma boa experi\u00eancia de recarga aos usu\u00e1rios Audi, que agora contam com um DC de 150kW instalado na frente de 41 lojas pr\u00e9-selecionadas pela marca. Vale ressaltar que este projeto de eletrifica\u00e7\u00e3o dos dealers Audi em todo o Brasil tamb\u00e9m conta com o Sistema de Gest\u00e3o da Enel X. Com a utiliza\u00e7\u00e3o do backend Evos e da utiliza\u00e7\u00e3o da ferramenta JuiceNet Manager, a Audi do Brasil faz a gest\u00e3o inteligente desta da rede de carregadores em seus dealers, em tempo real, para o gerenciamento remoto, visualiza\u00e7\u00e3o no mapa, monitoramento de status dos equipamentos, hist\u00f3rico de uso e consumo de energia el\u00e9trica em cada local, extra\u00e7\u00e3o de relat\u00f3rios etc. Para viabilizar a tudo isso, a Enel X realizou a integra\u00e7\u00e3o do App Audi via OCPI entregando assim o que h\u00e1 de mais avan\u00e7ado em integra\u00e7\u00e3o entre um sistema backend e aplicativos MSP.<\/p>\n<p>&nbsp;<\/p>\n<p>Projetado para o gerenciamento de frota de ve\u00edculos el\u00e9tricos, o JuiceNet Manager \u00e9 uma plataforma inteligente da Enel X capaz de fornecer aos seus clientes a visibilidade de toda a opera\u00e7\u00e3o de recarga de ve\u00edculos el\u00e9tricos, com todos os dados necess\u00e1rios para a otimiza\u00e7\u00e3o da opera\u00e7\u00e3o de grandes frotas com m\u00faltiplos locais de recarga. (Revista Meio Filtrante)<\/p>\n","protected":false},"excerpt":{"rendered":"<p>Revista Meio Filtrante &nbsp; A Audi Brasil anuncia o lan\u00e7amento do seu novo aplicativo Audi e-tron, que j\u00e1 est\u00e1 dispon\u00edvel gratuitamente nas lojas de aplicativos dos sistemas iOS e Android. O objetivo \u00e9 integrar a rede de carregadores el\u00e9tricos da marca e seus parceiros dispon\u00edveis em todo o pa\u00eds e, com isso, fomentar a mobilidade\u2026 <a class=\"readmore\" href=\"https:\/\/dana.com.br\/canaldana\/2024\/02\/29\/audi-brasil-anuncia-o-lancamento-do-seu-novo-aplicativo-audi-e-tron\/\">Leia mais \u00bb<\/a><\/p>\n","protected":false},"author":3,"featured_media":0,"comment_status":"closed","ping_status":"closed","sticky":false,"template":"","format":"standard","meta":{"_acf_changed":false,"footnotes":""},"categories":[79],"tags":[],"class_list":["post-71819","post","type-post","status-publish","format-standard","hentry","category-mercado"],"acf":[],"yoast_head":"<!-- This site is optimized with the Yoast SEO plugin v27.5 - https:\/\/yoast.com\/product\/yoast-seo-wordpress\/ -->\n<title>Audi Brasil anuncia o lan\u00e7amento do seu novo aplicativo Audi e-tron - Canal Dana<\/title>\n<meta name=\"robots\" content=\"index, follow, max-snippet:-1, max-image-preview:large, max-video-preview:-1\" \/>\n<link rel=\"canonical\" href=\"https:\/\/dana.com.br\/canaldana\/2024\/02\/29\/audi-brasil-anuncia-o-lancamento-do-seu-novo-aplicativo-audi-e-tron\/\" \/>\n<meta property=\"og:locale\" content=\"pt_BR\" \/>\n<meta property=\"og:type\" content=\"article\" \/>\n<meta property=\"og:title\" content=\"Audi Brasil anuncia o lan\u00e7amento do seu novo aplicativo Audi e-tron - Canal Dana\" \/>\n<meta property=\"og:description\" content=\"Revista Meio Filtrante &nbsp; A Audi Brasil anuncia o lan\u00e7amento do seu novo aplicativo Audi e-tron, que j\u00e1 est\u00e1 dispon\u00edvel gratuitamente nas lojas de aplicativos dos sistemas iOS e Android. O objetivo \u00e9 integrar a rede de carregadores el\u00e9tricos da marca e seus parceiros dispon\u00edveis em todo o pa\u00eds e, com isso, fomentar a mobilidade\u2026 Leia mais \u00bb\" \/>\n<meta property=\"og:url\" content=\"https:\/\/dana.com.br\/canaldana\/2024\/02\/29\/audi-brasil-anuncia-o-lancamento-do-seu-novo-aplicativo-audi-e-tron\/\" \/>\n<meta property=\"og:site_name\" content=\"Canal Dana\" \/>\n<meta property=\"article:published_time\" content=\"2024-02-29T11:53:08+00:00\" \/>\n<meta name=\"author\" content=\"Canal Dana\" \/>\n<meta name=\"twitter:card\" content=\"summary_large_image\" \/>\n<meta name=\"twitter:label1\" content=\"Escrito por\" \/>\n\t<meta name=\"twitter:data1\" content=\"Canal Dana\" \/>\n\t<meta name=\"twitter:label2\" content=\"Est. tempo de leitura\" \/>\n\t<meta name=\"twitter:data2\" content=\"7 minutos\" \/>\n<script type=\"application\/ld+json\" class=\"yoast-schema-graph\">{\"@context\":\"https:\\\/\\\/schema.org\",\"@graph\":[{\"@type\":\"Article\",\"@id\":\"https:\\\/\\\/dana.com.br\\\/canaldana\\\/2024\\\/02\\\/29\\\/audi-brasil-anuncia-o-lancamento-do-seu-novo-aplicativo-audi-e-tron\\\/#article\",\"isPartOf\":{\"@id\":\"https:\\\/\\\/dana.com.br\\\/canaldana\\\/2024\\\/02\\\/29\\\/audi-brasil-anuncia-o-lancamento-do-seu-novo-aplicativo-audi-e-tron\\\/\"},\"author\":{\"name\":\"Canal Dana\",\"@id\":\"https:\\\/\\\/dana.com.br\\\/canaldana\\\/#\\\/schema\\\/person\\\/3c21f22f56fcf3bc46b94bc60ea4fef6\"},\"headline\":\"Audi Brasil anuncia o lan\u00e7amento do seu novo aplicativo Audi e-tron\",\"datePublished\":\"2024-02-29T11:53:08+00:00\",\"mainEntityOfPage\":{\"@id\":\"https:\\\/\\\/dana.com.br\\\/canaldana\\\/2024\\\/02\\\/29\\\/audi-brasil-anuncia-o-lancamento-do-seu-novo-aplicativo-audi-e-tron\\\/\"},\"wordCount\":1287,\"articleSection\":[\"Mercado\"],\"inLanguage\":\"pt-BR\"},{\"@type\":\"WebPage\",\"@id\":\"https:\\\/\\\/dana.com.br\\\/canaldana\\\/2024\\\/02\\\/29\\\/audi-brasil-anuncia-o-lancamento-do-seu-novo-aplicativo-audi-e-tron\\\/\",\"url\":\"https:\\\/\\\/dana.com.br\\\/canaldana\\\/2024\\\/02\\\/29\\\/audi-brasil-anuncia-o-lancamento-do-seu-novo-aplicativo-audi-e-tron\\\/\",\"name\":\"Audi Brasil anuncia o lan\u00e7amento do seu novo aplicativo Audi e-tron - Canal Dana\",\"isPartOf\":{\"@id\":\"https:\\\/\\\/dana.com.br\\\/canaldana\\\/#website\"},\"datePublished\":\"2024-02-29T11:53:08+00:00\",\"author\":{\"@id\":\"https:\\\/\\\/dana.com.br\\\/canaldana\\\/#\\\/schema\\\/person\\\/3c21f22f56fcf3bc46b94bc60ea4fef6\"},\"breadcrumb\":{\"@id\":\"https:\\\/\\\/dana.com.br\\\/canaldana\\\/2024\\\/02\\\/29\\\/audi-brasil-anuncia-o-lancamento-do-seu-novo-aplicativo-audi-e-tron\\\/#breadcrumb\"},\"inLanguage\":\"pt-BR\",\"potentialAction\":[{\"@type\":\"ReadAction\",\"target\":[\"https:\\\/\\\/dana.com.br\\\/canaldana\\\/2024\\\/02\\\/29\\\/audi-brasil-anuncia-o-lancamento-do-seu-novo-aplicativo-audi-e-tron\\\/\"]}]},{\"@type\":\"BreadcrumbList\",\"@id\":\"https:\\\/\\\/dana.com.br\\\/canaldana\\\/2024\\\/02\\\/29\\\/audi-brasil-anuncia-o-lancamento-do-seu-novo-aplicativo-audi-e-tron\\\/#breadcrumb\",\"itemListElement\":[{\"@type\":\"ListItem\",\"position\":1,\"name\":\"Home\",\"item\":\"https:\\\/\\\/dana.com.br\\\/canaldana\\\/\"},{\"@type\":\"ListItem\",\"position\":2,\"name\":\"Mercado\",\"item\":\"https:\\\/\\\/dana.com.br\\\/canaldana\\\/mercado\\\/\"},{\"@type\":\"ListItem\",\"position\":3,\"name\":\"Audi Brasil anuncia o lan\u00e7amento do seu novo aplicativo Audi e-tron\"}]},{\"@type\":\"WebSite\",\"@id\":\"https:\\\/\\\/dana.com.br\\\/canaldana\\\/#website\",\"url\":\"https:\\\/\\\/dana.com.br\\\/canaldana\\\/\",\"name\":\"Canal Dana\",\"description\":\"Informativo com as principais not\u00edcias da ind\u00fastria automotiva\",\"potentialAction\":[{\"@type\":\"SearchAction\",\"target\":{\"@type\":\"EntryPoint\",\"urlTemplate\":\"https:\\\/\\\/dana.com.br\\\/canaldana\\\/?s={search_term_string}\"},\"query-input\":{\"@type\":\"PropertyValueSpecification\",\"valueRequired\":true,\"valueName\":\"search_term_string\"}}],\"inLanguage\":\"pt-BR\"},{\"@type\":\"Person\",\"@id\":\"https:\\\/\\\/dana.com.br\\\/canaldana\\\/#\\\/schema\\\/person\\\/3c21f22f56fcf3bc46b94bc60ea4fef6\",\"name\":\"Canal Dana\",\"image\":{\"@type\":\"ImageObject\",\"inLanguage\":\"pt-BR\",\"@id\":\"https:\\\/\\\/secure.gravatar.com\\\/avatar\\\/420aaf9278582877d9018637c6817617705899d2858d7572ef0fe59a6b6454b4?s=96&d=mm&r=g\",\"url\":\"https:\\\/\\\/secure.gravatar.com\\\/avatar\\\/420aaf9278582877d9018637c6817617705899d2858d7572ef0fe59a6b6454b4?s=96&d=mm&r=g\",\"contentUrl\":\"https:\\\/\\\/secure.gravatar.com\\\/avatar\\\/420aaf9278582877d9018637c6817617705899d2858d7572ef0fe59a6b6454b4?s=96&d=mm&r=g\",\"caption\":\"Canal Dana\"},\"url\":\"https:\\\/\\\/dana.com.br\\\/canaldana\\\/author\\\/cdeditor\\\/\"}]}<\/script>\n<!-- \/ Yoast SEO plugin. -->","yoast_head_json":{"title":"Audi Brasil anuncia o lan\u00e7amento do seu novo aplicativo Audi e-tron - Canal Dana","robots":{"index":"index","follow":"follow","max-snippet":"max-snippet:-1","max-image-preview":"max-image-preview:large","max-video-preview":"max-video-preview:-1"},"canonical":"https:\/\/dana.com.br\/canaldana\/2024\/02\/29\/audi-brasil-anuncia-o-lancamento-do-seu-novo-aplicativo-audi-e-tron\/","og_locale":"pt_BR","og_type":"article","og_title":"Audi Brasil anuncia o lan\u00e7amento do seu novo aplicativo Audi e-tron - Canal Dana","og_description":"Revista Meio Filtrante &nbsp; A Audi Brasil anuncia o lan\u00e7amento do seu novo aplicativo Audi e-tron, que j\u00e1 est\u00e1 dispon\u00edvel gratuitamente nas lojas de aplicativos dos sistemas iOS e Android. O objetivo \u00e9 integrar a rede de carregadores el\u00e9tricos da marca e seus parceiros dispon\u00edveis em todo o pa\u00eds e, com isso, fomentar a mobilidade\u2026 Leia mais \u00bb","og_url":"https:\/\/dana.com.br\/canaldana\/2024\/02\/29\/audi-brasil-anuncia-o-lancamento-do-seu-novo-aplicativo-audi-e-tron\/","og_site_name":"Canal Dana","article_published_time":"2024-02-29T11:53:08+00:00","author":"Canal Dana","twitter_card":"summary_large_image","twitter_misc":{"Escrito por":"Canal Dana","Est. tempo de leitura":"7 minutos"},"schema":{"@context":"https:\/\/schema.org","@graph":[{"@type":"Article","@id":"https:\/\/dana.com.br\/canaldana\/2024\/02\/29\/audi-brasil-anuncia-o-lancamento-do-seu-novo-aplicativo-audi-e-tron\/#article","isPartOf":{"@id":"https:\/\/dana.com.br\/canaldana\/2024\/02\/29\/audi-brasil-anuncia-o-lancamento-do-seu-novo-aplicativo-audi-e-tron\/"},"author":{"name":"Canal Dana","@id":"https:\/\/dana.com.br\/canaldana\/#\/schema\/person\/3c21f22f56fcf3bc46b94bc60ea4fef6"},"headline":"Audi Brasil anuncia o lan\u00e7amento do seu novo aplicativo Audi e-tron","datePublished":"2024-02-29T11:53:08+00:00","mainEntityOfPage":{"@id":"https:\/\/dana.com.br\/canaldana\/2024\/02\/29\/audi-brasil-anuncia-o-lancamento-do-seu-novo-aplicativo-audi-e-tron\/"},"wordCount":1287,"articleSection":["Mercado"],"inLanguage":"pt-BR"},{"@type":"WebPage","@id":"https:\/\/dana.com.br\/canaldana\/2024\/02\/29\/audi-brasil-anuncia-o-lancamento-do-seu-novo-aplicativo-audi-e-tron\/","url":"https:\/\/dana.com.br\/canaldana\/2024\/02\/29\/audi-brasil-anuncia-o-lancamento-do-seu-novo-aplicativo-audi-e-tron\/","name":"Audi Brasil anuncia o lan\u00e7amento do seu novo aplicativo Audi e-tron - Canal Dana","isPartOf":{"@id":"https:\/\/dana.com.br\/canaldana\/#website"},"datePublished":"2024-02-29T11:53:08+00:00","author":{"@id":"https:\/\/dana.com.br\/canaldana\/#\/schema\/person\/3c21f22f56fcf3bc46b94bc60ea4fef6"},"breadcrumb":{"@id":"https:\/\/dana.com.br\/canaldana\/2024\/02\/29\/audi-brasil-anuncia-o-lancamento-do-seu-novo-aplicativo-audi-e-tron\/#breadcrumb"},"inLanguage":"pt-BR","potentialAction":[{"@type":"ReadAction","target":["https:\/\/dana.com.br\/canaldana\/2024\/02\/29\/audi-brasil-anuncia-o-lancamento-do-seu-novo-aplicativo-audi-e-tron\/"]}]},{"@type":"BreadcrumbList","@id":"https:\/\/dana.com.br\/canaldana\/2024\/02\/29\/audi-brasil-anuncia-o-lancamento-do-seu-novo-aplicativo-audi-e-tron\/#breadcrumb","itemListElement":[{"@type":"ListItem","position":1,"name":"Home","item":"https:\/\/dana.com.br\/canaldana\/"},{"@type":"ListItem","position":2,"name":"Mercado","item":"https:\/\/dana.com.br\/canaldana\/mercado\/"},{"@type":"ListItem","position":3,"name":"Audi Brasil anuncia o lan\u00e7amento do seu novo aplicativo Audi e-tron"}]},{"@type":"WebSite","@id":"https:\/\/dana.com.br\/canaldana\/#website","url":"https:\/\/dana.com.br\/canaldana\/","name":"Canal Dana","description":"Informativo com as principais not\u00edcias da ind\u00fastria automotiva","potentialAction":[{"@type":"SearchAction","target":{"@type":"EntryPoint","urlTemplate":"https:\/\/dana.com.br\/canaldana\/?s={search_term_string}"},"query-input":{"@type":"PropertyValueSpecification","valueRequired":true,"valueName":"search_term_string"}}],"inLanguage":"pt-BR"},{"@type":"Person","@id":"https:\/\/dana.com.br\/canaldana\/#\/schema\/person\/3c21f22f56fcf3bc46b94bc60ea4fef6","name":"Canal Dana","image":{"@type":"ImageObject","inLanguage":"pt-BR","@id":"https:\/\/secure.gravatar.com\/avatar\/420aaf9278582877d9018637c6817617705899d2858d7572ef0fe59a6b6454b4?s=96&d=mm&r=g","url":"https:\/\/secure.gravatar.com\/avatar\/420aaf9278582877d9018637c6817617705899d2858d7572ef0fe59a6b6454b4?s=96&d=mm&r=g","contentUrl":"https:\/\/secure.gravatar.com\/avatar\/420aaf9278582877d9018637c6817617705899d2858d7572ef0fe59a6b6454b4?s=96&d=mm&r=g","caption":"Canal Dana"},"url":"https:\/\/dana.com.br\/canaldana\/author\/cdeditor\/"}]}},"_links":{"self":[{"href":"https:\/\/dana.com.br\/canaldana\/wp-json\/wp\/v2\/posts\/71819","targetHints":{"allow":["GET"]}}],"collection":[{"href":"https:\/\/dana.com.br\/canaldana\/wp-json\/wp\/v2\/posts"}],"about":[{"href":"https:\/\/dana.com.br\/canaldana\/wp-json\/wp\/v2\/types\/post"}],"author":[{"embeddable":true,"href":"https:\/\/dana.com.br\/canaldana\/wp-json\/wp\/v2\/users\/3"}],"replies":[{"embeddable":true,"href":"https:\/\/dana.com.br\/canaldana\/wp-json\/wp\/v2\/comments?post=71819"}],"version-history":[{"count":1,"href":"https:\/\/dana.com.br\/canaldana\/wp-json\/wp\/v2\/posts\/71819\/revisions"}],"predecessor-version":[{"id":71820,"href":"https:\/\/dana.com.br\/canaldana\/wp-json\/wp\/v2\/posts\/71819\/revisions\/71820"}],"wp:attachment":[{"href":"https:\/\/dana.com.br\/canaldana\/wp-json\/wp\/v2\/media?parent=71819"}],"wp:term":[{"taxonomy":"category","embeddable":true,"href":"https:\/\/dana.com.br\/canaldana\/wp-json\/wp\/v2\/categories?post=71819"},{"taxonomy":"post_tag","embeddable":true,"href":"https:\/\/dana.com.br\/canaldana\/wp-json\/wp\/v2\/tags?post=71819"}],"curies":[{"name":"wp","href":"https:\/\/api.w.org\/{rel}","templated":true}]}}