{"id":71643,"date":"2024-02-22T08:21:58","date_gmt":"2024-02-22T11:21:58","guid":{"rendered":"https:\/\/dana.com.br\/canaldana\/?p=71643"},"modified":"2024-02-22T08:21:58","modified_gmt":"2024-02-22T11:21:58","slug":"premio-altair-enlighten-2024-destaca-sustentabilidade-da-industria-automobilistica","status":"publish","type":"post","link":"https:\/\/dana.com.br\/canaldana\/2024\/02\/22\/premio-altair-enlighten-2024-destaca-sustentabilidade-da-industria-automobilistica\/","title":{"rendered":"Pr\u00eamio Altair Enlighten 2024 destaca sustentabilidade da ind\u00fastria automobil\u00edstica"},"content":{"rendered":"<p><em>Truck &amp; Bus Builder Am\u00e9rica do Sul<\/em><\/p>\n<p>&nbsp;<\/p>\n<p>A Altair, l\u00edder global em intelig\u00eancia computacional, anuncia a abertura de inscri\u00e7\u00f5es para o Pr\u00eamio Altair Enlighten 2024. Realizado anualmente em conjunto com o Centro de Pesquisa Automotiva (CAR), destaca os maiores avan\u00e7os em sustentabilidade e redu\u00e7\u00e3o de peso que colaboram com a diminui\u00e7\u00e3o da pegada de carbono, mitigam o consumo de \u00e1gua e energia e aceleram os esfor\u00e7os de reutiliza\u00e7\u00e3o e reciclagem de materiais.<\/p>\n<p>&nbsp;<\/p>\n<p>\u201cO Pr\u00eamio Enlighten exibe as melhores conquistas da ind\u00fastria automotiva em tecnologia sustent\u00e1vel e estamos entusiasmados em, mais uma vez, coroar as melhores e mais avan\u00e7adas tecnologias dispon\u00edveis\u201d, disse James R. Scapa, fundador e CEO da Altair. \u201cContinuamos a ver a premente necessidade de tecnologias mais sustent\u00e1veis e verdes para a ind\u00fastria global de transporte. E o Pr\u00eamio Enlighten \u00e9 a principal premia\u00e7\u00e3o a destacar os esfor\u00e7os para o futuro sustent\u00e1vel da ind\u00fastria automobil\u00edstica mundial.\u201d<\/p>\n<p>&nbsp;<\/p>\n<p>\u201cA ind\u00fastria automotiva brasileira possui casos de sucesso em redu\u00e7\u00e3o de massa, inclusive com a ado\u00e7\u00e3o das solu\u00e7\u00f5es de otimiza\u00e7\u00e3o estrutural da Altair, que s\u00e3o \u00f3timos candidatos para o Pr\u00eamio Altair Enlighten nas categorias tradicionais de Produto Sustent\u00e1vel ou Estrutura Leve\u201d, aponta Valdir Cardoso, presidente da Altair Brasil.<\/p>\n<p>&nbsp;<\/p>\n<p>Este ano, o Pr\u00eamio Enlighten apresenta uma nova categoria, \u201cComputa\u00e7\u00e3o Sustent\u00e1vel\u201d, patrocinada pelo Google Cloud, que reconhece a implementa\u00e7\u00e3o de pr\u00e1ticas e tecnologias que priorizam a medi\u00e7\u00e3o sustent\u00e1vel, otimizando a efici\u00eancia energ\u00e9tica e de recursos, abrindo novas oportunidades para uma transi\u00e7\u00e3o de baixo carbono e construindo solu\u00e7\u00f5es mais sustent\u00e1veis e computa\u00e7\u00e3o ecol\u00f3gica.<\/p>\n<p>&nbsp;<\/p>\n<p>\u201cA nova categoria Computa\u00e7\u00e3o Sustent\u00e1vel amplia para todos os usu\u00e1rios das solu\u00e7\u00f5es Altair de Simula\u00e7\u00e3o, IA e Computa\u00e7\u00e3o de Alta Performance a oportunidade de submeterem seus projetos que abra\u00e7am pr\u00e1ticas sustent\u00e1veis\u201d, complementa Valdir Cardoso.<\/p>\n<p>&nbsp;<\/p>\n<p>As categorias do Pr\u00eamio Altair Enlighten 2024 s\u00e3o:<\/p>\n<p>&nbsp;<\/p>\n<ul>\n<li>Produto Sustent\u00e1vel \u2013 Reconhece um ve\u00edculo de produ\u00e7\u00e3o (ou m\u00f3dulo de sistema principal) que abrange redu\u00e7\u00e3o de emiss\u00f5es, redu\u00e7\u00e3o de peso, circularidade de materiais e avan\u00e7os em seguran\u00e7a.<\/li>\n<li>Processo Sustent\u00e1vel \u2013 Reconhece processos que permitem redu\u00e7\u00f5es de emiss\u00f5es, reutiliza\u00e7\u00e3o e\/ou reciclagem de materiais e conserva\u00e7\u00e3o de \u00e1gua durante as fases de fabrica\u00e7\u00e3o ou engenharia.<\/li>\n<li>Leveza do M\u00f3dulo \u2013 Reconhece a redu\u00e7\u00e3o de massa de um m\u00f3dulo, subsistema ou componente do ve\u00edculo.<\/li>\n<li>Tecnologia facilitadora \u2013 Reconhece os avan\u00e7os tecnol\u00f3gicos que permitem a redu\u00e7\u00e3o do peso dos ve\u00edculos, incluindo um material, processo de produ\u00e7\u00e3o, m\u00e9todo de design ou tecnologia de uni\u00e3o.<\/li>\n<li>Futuro da redu\u00e7\u00e3o de peso \u2013 Reconhece um processo, material ou tecnologia que n\u00e3o est\u00e1 em produ\u00e7\u00e3o, mas que tem potencial significativo para promover a redu\u00e7\u00e3o de peso de ve\u00edculos.<\/li>\n<li>IA Respons\u00e1vel \u2013 Reconhece a implanta\u00e7\u00e3o respons\u00e1vel de IA em toda a cadeia de valor automotiva \u2013 desde o design, engenharia e opera\u00e7\u00e3o at\u00e9 a produ\u00e7\u00e3o e uso em servi\u00e7o.<\/li>\n<li>Computa\u00e7\u00e3o Sustent\u00e1vel \u2013 Reconhece a implementa\u00e7\u00e3o de pr\u00e1ticas e tecnologias que priorizam a efici\u00eancia energ\u00e9tica, o uso de energia renov\u00e1vel, a redu\u00e7\u00e3o do impacto ambiental e a contribui\u00e7\u00e3o para uma computa\u00e7\u00e3o mais sustent\u00e1vel e ecol\u00f3gica.<\/li>\n<li>\u201cO Google Cloud est\u00e1 entusiasmado por trabalhar com a Altair no Enlighten Award deste ano\u201d, disse Justin Keeble, diretor administrativo de sustentabilidade global do Google Cloud. \u201cSabemos que a Altair h\u00e1 muito se compromete a ajudar as organiza\u00e7\u00f5es a projetar e fabricar seus produtos de uma forma mais sustent\u00e1vel \u2013 estamos orgulhosos de ajudar essas mesmas organiza\u00e7\u00f5es a descarbonizarem suas pegadas digitais e trabalharem de forma mais sustent\u00e1vel\u201d.<\/li>\n<\/ul>\n<p>&nbsp;<\/p>\n<p>\u201cTemos certeza de que a 12\u00aa edi\u00e7\u00e3o do Pr\u00eamio Enlighten ser\u00e1 a edi\u00e7\u00e3o mais inovadora j\u00e1 realizada e temos o prazer de apresentar mais uma vez este pr\u00eamio junto com a Altair\u201d, disse Alan Amici, presidente e CEO do Center for Automotive Research. \u201cA sustentabilidade automotiva \u00e9 um imperativo global \u2013 temos a honra de destacar as melhores conquistas da ind\u00fastria e reconhecer organiza\u00e7\u00f5es globais de todas as especialidades e tamanhos.\u201d<\/p>\n<p>&nbsp;<\/p>\n<p>O Pr\u00eamio Altair Enlighten atrai o interesse da ind\u00fastria, da engenharia, dos legisladores, dos educadores, dos estudantes e do p\u00fablico. Os vencedores das edi\u00e7\u00f5es anteriores incluem GM, Ford, Stellantis, Harley-Davidson, Toyota, Nissan, Mazda, Ferrari, JLR, Mercedes-Benz, BMW e SAIC-GM-Wuling (SGMW), entre outras companhias.<\/p>\n<p>&nbsp;<\/p>\n<p>Os parceiros do Pr\u00eamio Altair Enlighten 2024 incluem SAE, Automotive Engineering, Tech Briefs e Automobil Industrie.<\/p>\n<p>&nbsp;<\/p>\n<p>Para saber mais sobre o Pr\u00eamio Enlighten ou para enviar uma inscri\u00e7\u00e3o, visite <a href=\"https:\/\/altair.com\/enlighten-award\" target=\"_blank\" rel=\"noopener\">https:\/\/altair.com\/enlighten-award<\/a>. As inscri\u00e7\u00f5es devem ser recebidas at\u00e9 31 de maio de 2024. O julgamento final ocorrer\u00e1 em junho e os vencedores ser\u00e3o anunciados durante a cerim\u00f4nia de premia\u00e7\u00e3o, em 6 de agosto de 2024, no CAR Management Briefing Seminars, em MIchigan, nos Estados Unidos. (Truck &amp; Bus Builder Am\u00e9rica do Sul)<\/p>\n","protected":false},"excerpt":{"rendered":"<p>Truck &amp; Bus Builder Am\u00e9rica do Sul &nbsp; A Altair, l\u00edder global em intelig\u00eancia computacional, anuncia a abertura de inscri\u00e7\u00f5es para o Pr\u00eamio Altair Enlighten 2024. Realizado anualmente em conjunto com o Centro de Pesquisa Automotiva (CAR), destaca os maiores avan\u00e7os em sustentabilidade e redu\u00e7\u00e3o de peso que colaboram com a diminui\u00e7\u00e3o da pegada de\u2026 <a class=\"readmore\" href=\"https:\/\/dana.com.br\/canaldana\/2024\/02\/22\/premio-altair-enlighten-2024-destaca-sustentabilidade-da-industria-automobilistica\/\">Leia mais \u00bb<\/a><\/p>\n","protected":false},"author":3,"featured_media":0,"comment_status":"closed","ping_status":"closed","sticky":false,"template":"","format":"standard","meta":{"_acf_changed":false,"footnotes":""},"categories":[74],"tags":[],"class_list":["post-71643","post","type-post","status-publish","format-standard","hentry","category-premios"],"acf":[],"yoast_head":"<!-- This site is optimized with the Yoast SEO plugin v27.3 - https:\/\/yoast.com\/product\/yoast-seo-wordpress\/ -->\n<title>Pr\u00eamio Altair Enlighten 2024 destaca sustentabilidade da ind\u00fastria automobil\u00edstica - Canal Dana<\/title>\n<meta name=\"robots\" content=\"index, follow, max-snippet:-1, max-image-preview:large, max-video-preview:-1\" \/>\n<link rel=\"canonical\" href=\"https:\/\/dana.com.br\/canaldana\/2024\/02\/22\/premio-altair-enlighten-2024-destaca-sustentabilidade-da-industria-automobilistica\/\" \/>\n<meta property=\"og:locale\" content=\"pt_BR\" \/>\n<meta property=\"og:type\" content=\"article\" \/>\n<meta property=\"og:title\" content=\"Pr\u00eamio Altair Enlighten 2024 destaca sustentabilidade da ind\u00fastria automobil\u00edstica - Canal Dana\" \/>\n<meta property=\"og:description\" content=\"Truck &amp; Bus Builder Am\u00e9rica do Sul &nbsp; A Altair, l\u00edder global em intelig\u00eancia computacional, anuncia a abertura de inscri\u00e7\u00f5es para o Pr\u00eamio Altair Enlighten 2024. Realizado anualmente em conjunto com o Centro de Pesquisa Automotiva (CAR), destaca os maiores avan\u00e7os em sustentabilidade e redu\u00e7\u00e3o de peso que colaboram com a diminui\u00e7\u00e3o da pegada de\u2026 Leia mais \u00bb\" \/>\n<meta property=\"og:url\" content=\"https:\/\/dana.com.br\/canaldana\/2024\/02\/22\/premio-altair-enlighten-2024-destaca-sustentabilidade-da-industria-automobilistica\/\" \/>\n<meta property=\"og:site_name\" content=\"Canal Dana\" \/>\n<meta property=\"article:published_time\" content=\"2024-02-22T11:21:58+00:00\" \/>\n<meta name=\"author\" content=\"Canal Dana\" \/>\n<meta name=\"twitter:card\" content=\"summary_large_image\" \/>\n<meta name=\"twitter:label1\" content=\"Escrito por\" \/>\n\t<meta name=\"twitter:data1\" content=\"Canal Dana\" \/>\n\t<meta name=\"twitter:label2\" content=\"Est. tempo de leitura\" \/>\n\t<meta name=\"twitter:data2\" content=\"5 minutos\" \/>\n<script type=\"application\/ld+json\" class=\"yoast-schema-graph\">{\"@context\":\"https:\\\/\\\/schema.org\",\"@graph\":[{\"@type\":\"Article\",\"@id\":\"https:\\\/\\\/dana.com.br\\\/canaldana\\\/2024\\\/02\\\/22\\\/premio-altair-enlighten-2024-destaca-sustentabilidade-da-industria-automobilistica\\\/#article\",\"isPartOf\":{\"@id\":\"https:\\\/\\\/dana.com.br\\\/canaldana\\\/2024\\\/02\\\/22\\\/premio-altair-enlighten-2024-destaca-sustentabilidade-da-industria-automobilistica\\\/\"},\"author\":{\"name\":\"Canal Dana\",\"@id\":\"https:\\\/\\\/dana.com.br\\\/canaldana\\\/#\\\/schema\\\/person\\\/3c21f22f56fcf3bc46b94bc60ea4fef6\"},\"headline\":\"Pr\u00eamio Altair Enlighten 2024 destaca sustentabilidade da ind\u00fastria automobil\u00edstica\",\"datePublished\":\"2024-02-22T11:21:58+00:00\",\"mainEntityOfPage\":{\"@id\":\"https:\\\/\\\/dana.com.br\\\/canaldana\\\/2024\\\/02\\\/22\\\/premio-altair-enlighten-2024-destaca-sustentabilidade-da-industria-automobilistica\\\/\"},\"wordCount\":878,\"articleSection\":[\"Pr\u00eamios\"],\"inLanguage\":\"pt-BR\"},{\"@type\":\"WebPage\",\"@id\":\"https:\\\/\\\/dana.com.br\\\/canaldana\\\/2024\\\/02\\\/22\\\/premio-altair-enlighten-2024-destaca-sustentabilidade-da-industria-automobilistica\\\/\",\"url\":\"https:\\\/\\\/dana.com.br\\\/canaldana\\\/2024\\\/02\\\/22\\\/premio-altair-enlighten-2024-destaca-sustentabilidade-da-industria-automobilistica\\\/\",\"name\":\"Pr\u00eamio Altair Enlighten 2024 destaca sustentabilidade da ind\u00fastria automobil\u00edstica - Canal Dana\",\"isPartOf\":{\"@id\":\"https:\\\/\\\/dana.com.br\\\/canaldana\\\/#website\"},\"datePublished\":\"2024-02-22T11:21:58+00:00\",\"author\":{\"@id\":\"https:\\\/\\\/dana.com.br\\\/canaldana\\\/#\\\/schema\\\/person\\\/3c21f22f56fcf3bc46b94bc60ea4fef6\"},\"breadcrumb\":{\"@id\":\"https:\\\/\\\/dana.com.br\\\/canaldana\\\/2024\\\/02\\\/22\\\/premio-altair-enlighten-2024-destaca-sustentabilidade-da-industria-automobilistica\\\/#breadcrumb\"},\"inLanguage\":\"pt-BR\",\"potentialAction\":[{\"@type\":\"ReadAction\",\"target\":[\"https:\\\/\\\/dana.com.br\\\/canaldana\\\/2024\\\/02\\\/22\\\/premio-altair-enlighten-2024-destaca-sustentabilidade-da-industria-automobilistica\\\/\"]}]},{\"@type\":\"BreadcrumbList\",\"@id\":\"https:\\\/\\\/dana.com.br\\\/canaldana\\\/2024\\\/02\\\/22\\\/premio-altair-enlighten-2024-destaca-sustentabilidade-da-industria-automobilistica\\\/#breadcrumb\",\"itemListElement\":[{\"@type\":\"ListItem\",\"position\":1,\"name\":\"Home\",\"item\":\"https:\\\/\\\/dana.com.br\\\/canaldana\\\/\"},{\"@type\":\"ListItem\",\"position\":2,\"name\":\"Pr\u00eamios\",\"item\":\"https:\\\/\\\/dana.com.br\\\/canaldana\\\/premios\\\/\"},{\"@type\":\"ListItem\",\"position\":3,\"name\":\"Pr\u00eamio Altair Enlighten 2024 destaca sustentabilidade da ind\u00fastria automobil\u00edstica\"}]},{\"@type\":\"WebSite\",\"@id\":\"https:\\\/\\\/dana.com.br\\\/canaldana\\\/#website\",\"url\":\"https:\\\/\\\/dana.com.br\\\/canaldana\\\/\",\"name\":\"Canal Dana\",\"description\":\"Informativo com as principais not\u00edcias da ind\u00fastria automotiva\",\"potentialAction\":[{\"@type\":\"SearchAction\",\"target\":{\"@type\":\"EntryPoint\",\"urlTemplate\":\"https:\\\/\\\/dana.com.br\\\/canaldana\\\/?s={search_term_string}\"},\"query-input\":{\"@type\":\"PropertyValueSpecification\",\"valueRequired\":true,\"valueName\":\"search_term_string\"}}],\"inLanguage\":\"pt-BR\"},{\"@type\":\"Person\",\"@id\":\"https:\\\/\\\/dana.com.br\\\/canaldana\\\/#\\\/schema\\\/person\\\/3c21f22f56fcf3bc46b94bc60ea4fef6\",\"name\":\"Canal Dana\",\"image\":{\"@type\":\"ImageObject\",\"inLanguage\":\"pt-BR\",\"@id\":\"https:\\\/\\\/secure.gravatar.com\\\/avatar\\\/420aaf9278582877d9018637c6817617705899d2858d7572ef0fe59a6b6454b4?s=96&d=mm&r=g\",\"url\":\"https:\\\/\\\/secure.gravatar.com\\\/avatar\\\/420aaf9278582877d9018637c6817617705899d2858d7572ef0fe59a6b6454b4?s=96&d=mm&r=g\",\"contentUrl\":\"https:\\\/\\\/secure.gravatar.com\\\/avatar\\\/420aaf9278582877d9018637c6817617705899d2858d7572ef0fe59a6b6454b4?s=96&d=mm&r=g\",\"caption\":\"Canal Dana\"},\"url\":\"https:\\\/\\\/dana.com.br\\\/canaldana\\\/author\\\/cdeditor\\\/\"}]}<\/script>\n<!-- \/ Yoast SEO plugin. -->","yoast_head_json":{"title":"Pr\u00eamio Altair Enlighten 2024 destaca sustentabilidade da ind\u00fastria automobil\u00edstica - Canal Dana","robots":{"index":"index","follow":"follow","max-snippet":"max-snippet:-1","max-image-preview":"max-image-preview:large","max-video-preview":"max-video-preview:-1"},"canonical":"https:\/\/dana.com.br\/canaldana\/2024\/02\/22\/premio-altair-enlighten-2024-destaca-sustentabilidade-da-industria-automobilistica\/","og_locale":"pt_BR","og_type":"article","og_title":"Pr\u00eamio Altair Enlighten 2024 destaca sustentabilidade da ind\u00fastria automobil\u00edstica - Canal Dana","og_description":"Truck &amp; Bus Builder Am\u00e9rica do Sul &nbsp; A Altair, l\u00edder global em intelig\u00eancia computacional, anuncia a abertura de inscri\u00e7\u00f5es para o Pr\u00eamio Altair Enlighten 2024. Realizado anualmente em conjunto com o Centro de Pesquisa Automotiva (CAR), destaca os maiores avan\u00e7os em sustentabilidade e redu\u00e7\u00e3o de peso que colaboram com a diminui\u00e7\u00e3o da pegada de\u2026 Leia mais \u00bb","og_url":"https:\/\/dana.com.br\/canaldana\/2024\/02\/22\/premio-altair-enlighten-2024-destaca-sustentabilidade-da-industria-automobilistica\/","og_site_name":"Canal Dana","article_published_time":"2024-02-22T11:21:58+00:00","author":"Canal Dana","twitter_card":"summary_large_image","twitter_misc":{"Escrito por":"Canal Dana","Est. tempo de leitura":"5 minutos"},"schema":{"@context":"https:\/\/schema.org","@graph":[{"@type":"Article","@id":"https:\/\/dana.com.br\/canaldana\/2024\/02\/22\/premio-altair-enlighten-2024-destaca-sustentabilidade-da-industria-automobilistica\/#article","isPartOf":{"@id":"https:\/\/dana.com.br\/canaldana\/2024\/02\/22\/premio-altair-enlighten-2024-destaca-sustentabilidade-da-industria-automobilistica\/"},"author":{"name":"Canal Dana","@id":"https:\/\/dana.com.br\/canaldana\/#\/schema\/person\/3c21f22f56fcf3bc46b94bc60ea4fef6"},"headline":"Pr\u00eamio Altair Enlighten 2024 destaca sustentabilidade da ind\u00fastria automobil\u00edstica","datePublished":"2024-02-22T11:21:58+00:00","mainEntityOfPage":{"@id":"https:\/\/dana.com.br\/canaldana\/2024\/02\/22\/premio-altair-enlighten-2024-destaca-sustentabilidade-da-industria-automobilistica\/"},"wordCount":878,"articleSection":["Pr\u00eamios"],"inLanguage":"pt-BR"},{"@type":"WebPage","@id":"https:\/\/dana.com.br\/canaldana\/2024\/02\/22\/premio-altair-enlighten-2024-destaca-sustentabilidade-da-industria-automobilistica\/","url":"https:\/\/dana.com.br\/canaldana\/2024\/02\/22\/premio-altair-enlighten-2024-destaca-sustentabilidade-da-industria-automobilistica\/","name":"Pr\u00eamio Altair Enlighten 2024 destaca sustentabilidade da ind\u00fastria automobil\u00edstica - Canal Dana","isPartOf":{"@id":"https:\/\/dana.com.br\/canaldana\/#website"},"datePublished":"2024-02-22T11:21:58+00:00","author":{"@id":"https:\/\/dana.com.br\/canaldana\/#\/schema\/person\/3c21f22f56fcf3bc46b94bc60ea4fef6"},"breadcrumb":{"@id":"https:\/\/dana.com.br\/canaldana\/2024\/02\/22\/premio-altair-enlighten-2024-destaca-sustentabilidade-da-industria-automobilistica\/#breadcrumb"},"inLanguage":"pt-BR","potentialAction":[{"@type":"ReadAction","target":["https:\/\/dana.com.br\/canaldana\/2024\/02\/22\/premio-altair-enlighten-2024-destaca-sustentabilidade-da-industria-automobilistica\/"]}]},{"@type":"BreadcrumbList","@id":"https:\/\/dana.com.br\/canaldana\/2024\/02\/22\/premio-altair-enlighten-2024-destaca-sustentabilidade-da-industria-automobilistica\/#breadcrumb","itemListElement":[{"@type":"ListItem","position":1,"name":"Home","item":"https:\/\/dana.com.br\/canaldana\/"},{"@type":"ListItem","position":2,"name":"Pr\u00eamios","item":"https:\/\/dana.com.br\/canaldana\/premios\/"},{"@type":"ListItem","position":3,"name":"Pr\u00eamio Altair Enlighten 2024 destaca sustentabilidade da ind\u00fastria automobil\u00edstica"}]},{"@type":"WebSite","@id":"https:\/\/dana.com.br\/canaldana\/#website","url":"https:\/\/dana.com.br\/canaldana\/","name":"Canal Dana","description":"Informativo com as principais not\u00edcias da ind\u00fastria automotiva","potentialAction":[{"@type":"SearchAction","target":{"@type":"EntryPoint","urlTemplate":"https:\/\/dana.com.br\/canaldana\/?s={search_term_string}"},"query-input":{"@type":"PropertyValueSpecification","valueRequired":true,"valueName":"search_term_string"}}],"inLanguage":"pt-BR"},{"@type":"Person","@id":"https:\/\/dana.com.br\/canaldana\/#\/schema\/person\/3c21f22f56fcf3bc46b94bc60ea4fef6","name":"Canal Dana","image":{"@type":"ImageObject","inLanguage":"pt-BR","@id":"https:\/\/secure.gravatar.com\/avatar\/420aaf9278582877d9018637c6817617705899d2858d7572ef0fe59a6b6454b4?s=96&d=mm&r=g","url":"https:\/\/secure.gravatar.com\/avatar\/420aaf9278582877d9018637c6817617705899d2858d7572ef0fe59a6b6454b4?s=96&d=mm&r=g","contentUrl":"https:\/\/secure.gravatar.com\/avatar\/420aaf9278582877d9018637c6817617705899d2858d7572ef0fe59a6b6454b4?s=96&d=mm&r=g","caption":"Canal Dana"},"url":"https:\/\/dana.com.br\/canaldana\/author\/cdeditor\/"}]}},"_links":{"self":[{"href":"https:\/\/dana.com.br\/canaldana\/wp-json\/wp\/v2\/posts\/71643","targetHints":{"allow":["GET"]}}],"collection":[{"href":"https:\/\/dana.com.br\/canaldana\/wp-json\/wp\/v2\/posts"}],"about":[{"href":"https:\/\/dana.com.br\/canaldana\/wp-json\/wp\/v2\/types\/post"}],"author":[{"embeddable":true,"href":"https:\/\/dana.com.br\/canaldana\/wp-json\/wp\/v2\/users\/3"}],"replies":[{"embeddable":true,"href":"https:\/\/dana.com.br\/canaldana\/wp-json\/wp\/v2\/comments?post=71643"}],"version-history":[{"count":1,"href":"https:\/\/dana.com.br\/canaldana\/wp-json\/wp\/v2\/posts\/71643\/revisions"}],"predecessor-version":[{"id":71644,"href":"https:\/\/dana.com.br\/canaldana\/wp-json\/wp\/v2\/posts\/71643\/revisions\/71644"}],"wp:attachment":[{"href":"https:\/\/dana.com.br\/canaldana\/wp-json\/wp\/v2\/media?parent=71643"}],"wp:term":[{"taxonomy":"category","embeddable":true,"href":"https:\/\/dana.com.br\/canaldana\/wp-json\/wp\/v2\/categories?post=71643"},{"taxonomy":"post_tag","embeddable":true,"href":"https:\/\/dana.com.br\/canaldana\/wp-json\/wp\/v2\/tags?post=71643"}],"curies":[{"name":"wp","href":"https:\/\/api.w.org\/{rel}","templated":true}]}}