{"id":71420,"date":"2024-02-09T09:00:23","date_gmt":"2024-02-09T12:00:23","guid":{"rendered":"https:\/\/dana.com.br\/canaldana\/?p=71420"},"modified":"2024-02-09T09:00:23","modified_gmt":"2024-02-09T12:00:23","slug":"janeiro-tem-exportacoes-de-veiculos-em-forte-queda","status":"publish","type":"post","link":"https:\/\/dana.com.br\/canaldana\/2024\/02\/09\/janeiro-tem-exportacoes-de-veiculos-em-forte-queda\/","title":{"rendered":"Janeiro tem exporta\u00e7\u00f5es de ve\u00edculos em forte queda"},"content":{"rendered":"<p><em>AutoInd\u00fastria <\/em><\/p>\n<p>&nbsp;<\/p>\n<p>O Brasil come\u00e7ou 2024 para l\u00e1 de devagar nas exporta\u00e7\u00f5es de ve\u00edculos. Levantamento da Anfavea mostra que somente 18,8 mil ve\u00edculos fabricados aqui, entre autom\u00f3veis, comerciais leves, caminh\u00f5es e \u00f4nibus, seguiram para outros mercados em janeiro.<\/p>\n<p>&nbsp;<\/p>\n<p>O n\u00famero indica recuo de nada menos do que 43% com rela\u00e7\u00e3o aos 33 mil embarques registrados em igual m\u00eas de 2023, um ano marcado tamb\u00e9m pelo fraco desempenho da exporta\u00e7\u00e3o. Mas tamb\u00e9m esteve muito abaixo dos volumes negociados em janeiro de 2021 e de 2022, respectivamente, 25,9 mil e 27,7 mil, per\u00edodos afetados pela pandemia e reduzida oferta de semicondutores.<\/p>\n<p>&nbsp;<\/p>\n<p>As montadoras brasileiras, naturalmente, registraram tamb\u00e9m forte queda no faturamento de janeiro. Diante do resultado de igual m\u00eas do ano passado, os U$ 620,6 mil apurados com os embarques de ve\u00edculos leves e pesados representaram 12,7% menos.<\/p>\n<p>&nbsp;<\/p>\n<p>M\u00e1rcio de Lima Leite, presidente da entidade, credita o baixo volume aos fraqu\u00edssimo desempenho dos principais mercados de destino dos ve\u00edculos brasileiros. O dirigente ressalta em especial a queda de 79% das vendas internas na Col\u00f4mbia, de 60% no Chile e de 19% na Argentina, sem na compara\u00e7\u00e3o com janeiro do ano passado.<\/p>\n<p>&nbsp;<\/p>\n<p>O M\u00e9xico tamb\u00e9m viu seus neg\u00f3cios de ve\u00edculos encolherem quase 20%. O pa\u00eds foi o principal mercado de exporta\u00e7\u00e3o das montadoras brasileiras em 2023, desbancando a posi\u00e7\u00e3o hist\u00f3rica da Argentina. Os mexicanos consumiram 32% das unidades exportadas, perto de 135,7 mil, com crescimento de 51% em rela\u00e7\u00e3o aos envios de 2022.<\/p>\n<p>&nbsp;<\/p>\n<p>J\u00e1 a Argentina absorveu 114,5 mil ve\u00edculos brasileiros, recuo de 16% na compara\u00e7\u00e3o com o ano anterior e participa\u00e7\u00e3o 27% sobre o total exportado.<\/p>\n<p>&nbsp;<\/p>\n<p>O Brasil enviou para outros pa\u00edses 403,9 mil ve\u00edculos 2023 ante 480,9 mil no ano anterior. Para 2024 , a Anfavea espera recupera\u00e7\u00e3o marginal de 0,8%, para 407 mil ve\u00edculos, uma perspectiva que j\u00e1 sob amea\u00e7a depois do resultado consolidado em janeiro. (AutoInd\u00fastria\/George Guimar\u00e3es)<\/p>\n","protected":false},"excerpt":{"rendered":"<p>AutoInd\u00fastria &nbsp; O Brasil come\u00e7ou 2024 para l\u00e1 de devagar nas exporta\u00e7\u00f5es de ve\u00edculos. Levantamento da Anfavea mostra que somente 18,8 mil ve\u00edculos fabricados aqui, entre autom\u00f3veis, comerciais leves, caminh\u00f5es e \u00f4nibus, seguiram para outros mercados em janeiro. &nbsp; O n\u00famero indica recuo de nada menos do que 43% com rela\u00e7\u00e3o aos 33 mil embarques\u2026 <a class=\"readmore\" href=\"https:\/\/dana.com.br\/canaldana\/2024\/02\/09\/janeiro-tem-exportacoes-de-veiculos-em-forte-queda\/\">Leia mais \u00bb<\/a><\/p>\n","protected":false},"author":3,"featured_media":0,"comment_status":"closed","ping_status":"closed","sticky":false,"template":"","format":"standard","meta":{"_acf_changed":false,"footnotes":""},"categories":[79],"tags":[],"class_list":["post-71420","post","type-post","status-publish","format-standard","hentry","category-mercado"],"acf":[],"yoast_head":"<!-- This site is optimized with the Yoast SEO plugin v27.3 - https:\/\/yoast.com\/product\/yoast-seo-wordpress\/ -->\n<title>Janeiro tem exporta\u00e7\u00f5es de ve\u00edculos em forte queda - Canal Dana<\/title>\n<meta name=\"robots\" content=\"index, follow, max-snippet:-1, max-image-preview:large, max-video-preview:-1\" \/>\n<link rel=\"canonical\" href=\"https:\/\/dana.com.br\/canaldana\/2024\/02\/09\/janeiro-tem-exportacoes-de-veiculos-em-forte-queda\/\" \/>\n<meta property=\"og:locale\" content=\"pt_BR\" \/>\n<meta property=\"og:type\" content=\"article\" \/>\n<meta property=\"og:title\" content=\"Janeiro tem exporta\u00e7\u00f5es de ve\u00edculos em forte queda - Canal Dana\" \/>\n<meta property=\"og:description\" content=\"AutoInd\u00fastria &nbsp; O Brasil come\u00e7ou 2024 para l\u00e1 de devagar nas exporta\u00e7\u00f5es de ve\u00edculos. Levantamento da Anfavea mostra que somente 18,8 mil ve\u00edculos fabricados aqui, entre autom\u00f3veis, comerciais leves, caminh\u00f5es e \u00f4nibus, seguiram para outros mercados em janeiro. &nbsp; O n\u00famero indica recuo de nada menos do que 43% com rela\u00e7\u00e3o aos 33 mil embarques\u2026 Leia mais \u00bb\" \/>\n<meta property=\"og:url\" content=\"https:\/\/dana.com.br\/canaldana\/2024\/02\/09\/janeiro-tem-exportacoes-de-veiculos-em-forte-queda\/\" \/>\n<meta property=\"og:site_name\" content=\"Canal Dana\" \/>\n<meta property=\"article:published_time\" content=\"2024-02-09T12:00:23+00:00\" \/>\n<meta name=\"author\" content=\"Canal Dana\" \/>\n<meta name=\"twitter:card\" content=\"summary_large_image\" \/>\n<meta name=\"twitter:label1\" content=\"Escrito por\" \/>\n\t<meta name=\"twitter:data1\" content=\"Canal Dana\" \/>\n\t<meta name=\"twitter:label2\" content=\"Est. tempo de leitura\" \/>\n\t<meta name=\"twitter:data2\" content=\"2 minutos\" \/>\n<script type=\"application\/ld+json\" class=\"yoast-schema-graph\">{\"@context\":\"https:\\\/\\\/schema.org\",\"@graph\":[{\"@type\":\"Article\",\"@id\":\"https:\\\/\\\/dana.com.br\\\/canaldana\\\/2024\\\/02\\\/09\\\/janeiro-tem-exportacoes-de-veiculos-em-forte-queda\\\/#article\",\"isPartOf\":{\"@id\":\"https:\\\/\\\/dana.com.br\\\/canaldana\\\/2024\\\/02\\\/09\\\/janeiro-tem-exportacoes-de-veiculos-em-forte-queda\\\/\"},\"author\":{\"name\":\"Canal Dana\",\"@id\":\"https:\\\/\\\/dana.com.br\\\/canaldana\\\/#\\\/schema\\\/person\\\/3c21f22f56fcf3bc46b94bc60ea4fef6\"},\"headline\":\"Janeiro tem exporta\u00e7\u00f5es de ve\u00edculos em forte queda\",\"datePublished\":\"2024-02-09T12:00:23+00:00\",\"mainEntityOfPage\":{\"@id\":\"https:\\\/\\\/dana.com.br\\\/canaldana\\\/2024\\\/02\\\/09\\\/janeiro-tem-exportacoes-de-veiculos-em-forte-queda\\\/\"},\"wordCount\":336,\"articleSection\":[\"Mercado\"],\"inLanguage\":\"pt-BR\"},{\"@type\":\"WebPage\",\"@id\":\"https:\\\/\\\/dana.com.br\\\/canaldana\\\/2024\\\/02\\\/09\\\/janeiro-tem-exportacoes-de-veiculos-em-forte-queda\\\/\",\"url\":\"https:\\\/\\\/dana.com.br\\\/canaldana\\\/2024\\\/02\\\/09\\\/janeiro-tem-exportacoes-de-veiculos-em-forte-queda\\\/\",\"name\":\"Janeiro tem exporta\u00e7\u00f5es de ve\u00edculos em forte queda - Canal Dana\",\"isPartOf\":{\"@id\":\"https:\\\/\\\/dana.com.br\\\/canaldana\\\/#website\"},\"datePublished\":\"2024-02-09T12:00:23+00:00\",\"author\":{\"@id\":\"https:\\\/\\\/dana.com.br\\\/canaldana\\\/#\\\/schema\\\/person\\\/3c21f22f56fcf3bc46b94bc60ea4fef6\"},\"breadcrumb\":{\"@id\":\"https:\\\/\\\/dana.com.br\\\/canaldana\\\/2024\\\/02\\\/09\\\/janeiro-tem-exportacoes-de-veiculos-em-forte-queda\\\/#breadcrumb\"},\"inLanguage\":\"pt-BR\",\"potentialAction\":[{\"@type\":\"ReadAction\",\"target\":[\"https:\\\/\\\/dana.com.br\\\/canaldana\\\/2024\\\/02\\\/09\\\/janeiro-tem-exportacoes-de-veiculos-em-forte-queda\\\/\"]}]},{\"@type\":\"BreadcrumbList\",\"@id\":\"https:\\\/\\\/dana.com.br\\\/canaldana\\\/2024\\\/02\\\/09\\\/janeiro-tem-exportacoes-de-veiculos-em-forte-queda\\\/#breadcrumb\",\"itemListElement\":[{\"@type\":\"ListItem\",\"position\":1,\"name\":\"Home\",\"item\":\"https:\\\/\\\/dana.com.br\\\/canaldana\\\/\"},{\"@type\":\"ListItem\",\"position\":2,\"name\":\"Mercado\",\"item\":\"https:\\\/\\\/dana.com.br\\\/canaldana\\\/mercado\\\/\"},{\"@type\":\"ListItem\",\"position\":3,\"name\":\"Janeiro tem exporta\u00e7\u00f5es de ve\u00edculos em forte queda\"}]},{\"@type\":\"WebSite\",\"@id\":\"https:\\\/\\\/dana.com.br\\\/canaldana\\\/#website\",\"url\":\"https:\\\/\\\/dana.com.br\\\/canaldana\\\/\",\"name\":\"Canal Dana\",\"description\":\"Informativo com as principais not\u00edcias da ind\u00fastria automotiva\",\"potentialAction\":[{\"@type\":\"SearchAction\",\"target\":{\"@type\":\"EntryPoint\",\"urlTemplate\":\"https:\\\/\\\/dana.com.br\\\/canaldana\\\/?s={search_term_string}\"},\"query-input\":{\"@type\":\"PropertyValueSpecification\",\"valueRequired\":true,\"valueName\":\"search_term_string\"}}],\"inLanguage\":\"pt-BR\"},{\"@type\":\"Person\",\"@id\":\"https:\\\/\\\/dana.com.br\\\/canaldana\\\/#\\\/schema\\\/person\\\/3c21f22f56fcf3bc46b94bc60ea4fef6\",\"name\":\"Canal Dana\",\"image\":{\"@type\":\"ImageObject\",\"inLanguage\":\"pt-BR\",\"@id\":\"https:\\\/\\\/secure.gravatar.com\\\/avatar\\\/420aaf9278582877d9018637c6817617705899d2858d7572ef0fe59a6b6454b4?s=96&d=mm&r=g\",\"url\":\"https:\\\/\\\/secure.gravatar.com\\\/avatar\\\/420aaf9278582877d9018637c6817617705899d2858d7572ef0fe59a6b6454b4?s=96&d=mm&r=g\",\"contentUrl\":\"https:\\\/\\\/secure.gravatar.com\\\/avatar\\\/420aaf9278582877d9018637c6817617705899d2858d7572ef0fe59a6b6454b4?s=96&d=mm&r=g\",\"caption\":\"Canal Dana\"},\"url\":\"https:\\\/\\\/dana.com.br\\\/canaldana\\\/author\\\/cdeditor\\\/\"}]}<\/script>\n<!-- \/ Yoast SEO plugin. -->","yoast_head_json":{"title":"Janeiro tem exporta\u00e7\u00f5es de ve\u00edculos em forte queda - Canal Dana","robots":{"index":"index","follow":"follow","max-snippet":"max-snippet:-1","max-image-preview":"max-image-preview:large","max-video-preview":"max-video-preview:-1"},"canonical":"https:\/\/dana.com.br\/canaldana\/2024\/02\/09\/janeiro-tem-exportacoes-de-veiculos-em-forte-queda\/","og_locale":"pt_BR","og_type":"article","og_title":"Janeiro tem exporta\u00e7\u00f5es de ve\u00edculos em forte queda - Canal Dana","og_description":"AutoInd\u00fastria &nbsp; O Brasil come\u00e7ou 2024 para l\u00e1 de devagar nas exporta\u00e7\u00f5es de ve\u00edculos. Levantamento da Anfavea mostra que somente 18,8 mil ve\u00edculos fabricados aqui, entre autom\u00f3veis, comerciais leves, caminh\u00f5es e \u00f4nibus, seguiram para outros mercados em janeiro. &nbsp; O n\u00famero indica recuo de nada menos do que 43% com rela\u00e7\u00e3o aos 33 mil embarques\u2026 Leia mais \u00bb","og_url":"https:\/\/dana.com.br\/canaldana\/2024\/02\/09\/janeiro-tem-exportacoes-de-veiculos-em-forte-queda\/","og_site_name":"Canal Dana","article_published_time":"2024-02-09T12:00:23+00:00","author":"Canal Dana","twitter_card":"summary_large_image","twitter_misc":{"Escrito por":"Canal Dana","Est. tempo de leitura":"2 minutos"},"schema":{"@context":"https:\/\/schema.org","@graph":[{"@type":"Article","@id":"https:\/\/dana.com.br\/canaldana\/2024\/02\/09\/janeiro-tem-exportacoes-de-veiculos-em-forte-queda\/#article","isPartOf":{"@id":"https:\/\/dana.com.br\/canaldana\/2024\/02\/09\/janeiro-tem-exportacoes-de-veiculos-em-forte-queda\/"},"author":{"name":"Canal Dana","@id":"https:\/\/dana.com.br\/canaldana\/#\/schema\/person\/3c21f22f56fcf3bc46b94bc60ea4fef6"},"headline":"Janeiro tem exporta\u00e7\u00f5es de ve\u00edculos em forte queda","datePublished":"2024-02-09T12:00:23+00:00","mainEntityOfPage":{"@id":"https:\/\/dana.com.br\/canaldana\/2024\/02\/09\/janeiro-tem-exportacoes-de-veiculos-em-forte-queda\/"},"wordCount":336,"articleSection":["Mercado"],"inLanguage":"pt-BR"},{"@type":"WebPage","@id":"https:\/\/dana.com.br\/canaldana\/2024\/02\/09\/janeiro-tem-exportacoes-de-veiculos-em-forte-queda\/","url":"https:\/\/dana.com.br\/canaldana\/2024\/02\/09\/janeiro-tem-exportacoes-de-veiculos-em-forte-queda\/","name":"Janeiro tem exporta\u00e7\u00f5es de ve\u00edculos em forte queda - Canal Dana","isPartOf":{"@id":"https:\/\/dana.com.br\/canaldana\/#website"},"datePublished":"2024-02-09T12:00:23+00:00","author":{"@id":"https:\/\/dana.com.br\/canaldana\/#\/schema\/person\/3c21f22f56fcf3bc46b94bc60ea4fef6"},"breadcrumb":{"@id":"https:\/\/dana.com.br\/canaldana\/2024\/02\/09\/janeiro-tem-exportacoes-de-veiculos-em-forte-queda\/#breadcrumb"},"inLanguage":"pt-BR","potentialAction":[{"@type":"ReadAction","target":["https:\/\/dana.com.br\/canaldana\/2024\/02\/09\/janeiro-tem-exportacoes-de-veiculos-em-forte-queda\/"]}]},{"@type":"BreadcrumbList","@id":"https:\/\/dana.com.br\/canaldana\/2024\/02\/09\/janeiro-tem-exportacoes-de-veiculos-em-forte-queda\/#breadcrumb","itemListElement":[{"@type":"ListItem","position":1,"name":"Home","item":"https:\/\/dana.com.br\/canaldana\/"},{"@type":"ListItem","position":2,"name":"Mercado","item":"https:\/\/dana.com.br\/canaldana\/mercado\/"},{"@type":"ListItem","position":3,"name":"Janeiro tem exporta\u00e7\u00f5es de ve\u00edculos em forte queda"}]},{"@type":"WebSite","@id":"https:\/\/dana.com.br\/canaldana\/#website","url":"https:\/\/dana.com.br\/canaldana\/","name":"Canal Dana","description":"Informativo com as principais not\u00edcias da ind\u00fastria automotiva","potentialAction":[{"@type":"SearchAction","target":{"@type":"EntryPoint","urlTemplate":"https:\/\/dana.com.br\/canaldana\/?s={search_term_string}"},"query-input":{"@type":"PropertyValueSpecification","valueRequired":true,"valueName":"search_term_string"}}],"inLanguage":"pt-BR"},{"@type":"Person","@id":"https:\/\/dana.com.br\/canaldana\/#\/schema\/person\/3c21f22f56fcf3bc46b94bc60ea4fef6","name":"Canal Dana","image":{"@type":"ImageObject","inLanguage":"pt-BR","@id":"https:\/\/secure.gravatar.com\/avatar\/420aaf9278582877d9018637c6817617705899d2858d7572ef0fe59a6b6454b4?s=96&d=mm&r=g","url":"https:\/\/secure.gravatar.com\/avatar\/420aaf9278582877d9018637c6817617705899d2858d7572ef0fe59a6b6454b4?s=96&d=mm&r=g","contentUrl":"https:\/\/secure.gravatar.com\/avatar\/420aaf9278582877d9018637c6817617705899d2858d7572ef0fe59a6b6454b4?s=96&d=mm&r=g","caption":"Canal Dana"},"url":"https:\/\/dana.com.br\/canaldana\/author\/cdeditor\/"}]}},"_links":{"self":[{"href":"https:\/\/dana.com.br\/canaldana\/wp-json\/wp\/v2\/posts\/71420","targetHints":{"allow":["GET"]}}],"collection":[{"href":"https:\/\/dana.com.br\/canaldana\/wp-json\/wp\/v2\/posts"}],"about":[{"href":"https:\/\/dana.com.br\/canaldana\/wp-json\/wp\/v2\/types\/post"}],"author":[{"embeddable":true,"href":"https:\/\/dana.com.br\/canaldana\/wp-json\/wp\/v2\/users\/3"}],"replies":[{"embeddable":true,"href":"https:\/\/dana.com.br\/canaldana\/wp-json\/wp\/v2\/comments?post=71420"}],"version-history":[{"count":1,"href":"https:\/\/dana.com.br\/canaldana\/wp-json\/wp\/v2\/posts\/71420\/revisions"}],"predecessor-version":[{"id":71421,"href":"https:\/\/dana.com.br\/canaldana\/wp-json\/wp\/v2\/posts\/71420\/revisions\/71421"}],"wp:attachment":[{"href":"https:\/\/dana.com.br\/canaldana\/wp-json\/wp\/v2\/media?parent=71420"}],"wp:term":[{"taxonomy":"category","embeddable":true,"href":"https:\/\/dana.com.br\/canaldana\/wp-json\/wp\/v2\/categories?post=71420"},{"taxonomy":"post_tag","embeddable":true,"href":"https:\/\/dana.com.br\/canaldana\/wp-json\/wp\/v2\/tags?post=71420"}],"curies":[{"name":"wp","href":"https:\/\/api.w.org\/{rel}","templated":true}]}}