{"id":71015,"date":"2024-01-24T08:47:31","date_gmt":"2024-01-24T11:47:31","guid":{"rendered":"https:\/\/dana.com.br\/canaldana\/?p=71015"},"modified":"2024-01-24T08:47:31","modified_gmt":"2024-01-24T11:47:31","slug":"rodizio-de-carros-em-sao-paulo-veja-regras-para-os-dias-25-e-26-de-janeiro","status":"publish","type":"post","link":"https:\/\/dana.com.br\/canaldana\/2024\/01\/24\/rodizio-de-carros-em-sao-paulo-veja-regras-para-os-dias-25-e-26-de-janeiro\/","title":{"rendered":"Rod\u00edzio de carros em S\u00e3o Paulo: veja regras para os dias 25 e 26 de janeiro"},"content":{"rendered":"<p><em>Portal Terra<\/em><\/p>\n<p>&nbsp;<\/p>\n<p>O rod\u00edzio de ve\u00edculos de passeio em S\u00e3o Paulo ser\u00e1 suspenso na quinta-feira, 25, e tamb\u00e9m na sexta, 26, em decorr\u00eancia do feriado prolongado de anivers\u00e1rio da cidade.<\/p>\n<p>&nbsp;<\/p>\n<p>De acordo com a Secretaria Municipal de Mobilidade e Tr\u00e2nsito (SMT) e a Companhia de Engenharia de Tr\u00e1fego (CET), o rod\u00edzio de ve\u00edculos pesados (caminh\u00f5es), a Zona de M\u00e1xima Restri\u00e7\u00e3o \u00e0 Circula\u00e7\u00e3o de Caminh\u00f5es (ZMRC) e a Zona de M\u00e1xima Restri\u00e7\u00e3o aos Fretados (ZMRF) tamb\u00e9m n\u00e3o valer\u00e3o na cidade, mas apenas para o dia 25, quinta-feira.<\/p>\n<p>&nbsp;<\/p>\n<p>Na sexta, 26, o rod\u00edzio de ve\u00edculos pesados, a ZMRC e ZMRF voltam a ter opera\u00e7\u00e3o normal, e apenas o rod\u00edzio de ve\u00edculos de passeio (autom\u00f3veis) continuar\u00e1 suspenso. Os corredores de \u00f4nibus tamb\u00e9m n\u00e3o ser\u00e3o liberados, segundo a administra\u00e7\u00e3o.<\/p>\n<p>&nbsp;<\/p>\n<p>A rod\u00edzio de carros, quando est\u00e1 em vigor, pro\u00edbe a circula\u00e7\u00e3o de ve\u00edculos no Anel Vi\u00e1rio da Cidade nos per\u00edodos da manh\u00e3, das 7 horas \u00e0s 10 horas, e da tarde, das 17 horas \u00e0s 20 horas. Infringir a regra, que consta no C\u00f3digo de Tr\u00e2nsito Brasileiro, implica infra\u00e7\u00e3o de tr\u00e2nsito de n\u00edvel m\u00e9dio, multa de R$ 130,16, e puni\u00e7\u00e3o de quatro pontos na carteira.<\/p>\n<p>&nbsp;<\/p>\n<p><strong>Dia 25 ter\u00e1 Tarifa Zero nos \u00f4nibus da capital<\/strong><\/p>\n<p>&nbsp;<\/p>\n<p>Conforme j\u00e1 anunciado pela administra\u00e7\u00e3o no m\u00eas de dezembro, as passagens para os \u00f4nibus municipais da capital, operados pela SPTrans, n\u00e3o ser\u00e3o cobradas no dia 25 de janeiro. A gratuidade do transporte, aplicada pelo Programa Tarifa Zero aos domingos, tamb\u00e9m valer\u00e1 para o dia do anivers\u00e1rio de S\u00e3o Paulo.<\/p>\n<p>&nbsp;<\/p>\n<p>A gratuidade das passagens de \u00f4nibus tamb\u00e9m foi v\u00e1lida no dia 25 de dezembro de 2023 (Natal) e no 1\u00ba de janeiro deste ano. (Portal Terra)<\/p>\n","protected":false},"excerpt":{"rendered":"<p>Portal Terra &nbsp; O rod\u00edzio de ve\u00edculos de passeio em S\u00e3o Paulo ser\u00e1 suspenso na quinta-feira, 25, e tamb\u00e9m na sexta, 26, em decorr\u00eancia do feriado prolongado de anivers\u00e1rio da cidade. &nbsp; De acordo com a Secretaria Municipal de Mobilidade e Tr\u00e2nsito (SMT) e a Companhia de Engenharia de Tr\u00e1fego (CET), o rod\u00edzio de ve\u00edculos\u2026 <a class=\"readmore\" href=\"https:\/\/dana.com.br\/canaldana\/2024\/01\/24\/rodizio-de-carros-em-sao-paulo-veja-regras-para-os-dias-25-e-26-de-janeiro\/\">Leia mais \u00bb<\/a><\/p>\n","protected":false},"author":3,"featured_media":0,"comment_status":"closed","ping_status":"closed","sticky":false,"template":"","format":"standard","meta":{"_acf_changed":false,"footnotes":""},"categories":[79],"tags":[],"class_list":["post-71015","post","type-post","status-publish","format-standard","hentry","category-mercado"],"acf":[],"yoast_head":"<!-- This site is optimized with the Yoast SEO plugin v27.3 - https:\/\/yoast.com\/product\/yoast-seo-wordpress\/ -->\n<title>Rod\u00edzio de carros em S\u00e3o Paulo: veja regras para os dias 25 e 26 de janeiro - Canal Dana<\/title>\n<meta name=\"robots\" content=\"index, follow, max-snippet:-1, max-image-preview:large, max-video-preview:-1\" \/>\n<link rel=\"canonical\" href=\"https:\/\/dana.com.br\/canaldana\/2024\/01\/24\/rodizio-de-carros-em-sao-paulo-veja-regras-para-os-dias-25-e-26-de-janeiro\/\" \/>\n<meta property=\"og:locale\" content=\"pt_BR\" \/>\n<meta property=\"og:type\" content=\"article\" \/>\n<meta property=\"og:title\" content=\"Rod\u00edzio de carros em S\u00e3o Paulo: veja regras para os dias 25 e 26 de janeiro - Canal Dana\" \/>\n<meta property=\"og:description\" content=\"Portal Terra &nbsp; O rod\u00edzio de ve\u00edculos de passeio em S\u00e3o Paulo ser\u00e1 suspenso na quinta-feira, 25, e tamb\u00e9m na sexta, 26, em decorr\u00eancia do feriado prolongado de anivers\u00e1rio da cidade. &nbsp; De acordo com a Secretaria Municipal de Mobilidade e Tr\u00e2nsito (SMT) e a Companhia de Engenharia de Tr\u00e1fego (CET), o rod\u00edzio de ve\u00edculos\u2026 Leia mais \u00bb\" \/>\n<meta property=\"og:url\" content=\"https:\/\/dana.com.br\/canaldana\/2024\/01\/24\/rodizio-de-carros-em-sao-paulo-veja-regras-para-os-dias-25-e-26-de-janeiro\/\" \/>\n<meta property=\"og:site_name\" content=\"Canal Dana\" \/>\n<meta property=\"article:published_time\" content=\"2024-01-24T11:47:31+00:00\" \/>\n<meta name=\"author\" content=\"Canal Dana\" \/>\n<meta name=\"twitter:card\" content=\"summary_large_image\" \/>\n<meta name=\"twitter:label1\" content=\"Escrito por\" \/>\n\t<meta name=\"twitter:data1\" content=\"Canal Dana\" \/>\n\t<meta name=\"twitter:label2\" content=\"Est. tempo de leitura\" \/>\n\t<meta name=\"twitter:data2\" content=\"2 minutos\" \/>\n<script type=\"application\/ld+json\" class=\"yoast-schema-graph\">{\"@context\":\"https:\\\/\\\/schema.org\",\"@graph\":[{\"@type\":\"Article\",\"@id\":\"https:\\\/\\\/dana.com.br\\\/canaldana\\\/2024\\\/01\\\/24\\\/rodizio-de-carros-em-sao-paulo-veja-regras-para-os-dias-25-e-26-de-janeiro\\\/#article\",\"isPartOf\":{\"@id\":\"https:\\\/\\\/dana.com.br\\\/canaldana\\\/2024\\\/01\\\/24\\\/rodizio-de-carros-em-sao-paulo-veja-regras-para-os-dias-25-e-26-de-janeiro\\\/\"},\"author\":{\"name\":\"Canal Dana\",\"@id\":\"https:\\\/\\\/dana.com.br\\\/canaldana\\\/#\\\/schema\\\/person\\\/3c21f22f56fcf3bc46b94bc60ea4fef6\"},\"headline\":\"Rod\u00edzio de carros em S\u00e3o Paulo: veja regras para os dias 25 e 26 de janeiro\",\"datePublished\":\"2024-01-24T11:47:31+00:00\",\"mainEntityOfPage\":{\"@id\":\"https:\\\/\\\/dana.com.br\\\/canaldana\\\/2024\\\/01\\\/24\\\/rodizio-de-carros-em-sao-paulo-veja-regras-para-os-dias-25-e-26-de-janeiro\\\/\"},\"wordCount\":334,\"articleSection\":[\"Mercado\"],\"inLanguage\":\"pt-BR\"},{\"@type\":\"WebPage\",\"@id\":\"https:\\\/\\\/dana.com.br\\\/canaldana\\\/2024\\\/01\\\/24\\\/rodizio-de-carros-em-sao-paulo-veja-regras-para-os-dias-25-e-26-de-janeiro\\\/\",\"url\":\"https:\\\/\\\/dana.com.br\\\/canaldana\\\/2024\\\/01\\\/24\\\/rodizio-de-carros-em-sao-paulo-veja-regras-para-os-dias-25-e-26-de-janeiro\\\/\",\"name\":\"Rod\u00edzio de carros em S\u00e3o Paulo: veja regras para os dias 25 e 26 de janeiro - Canal Dana\",\"isPartOf\":{\"@id\":\"https:\\\/\\\/dana.com.br\\\/canaldana\\\/#website\"},\"datePublished\":\"2024-01-24T11:47:31+00:00\",\"author\":{\"@id\":\"https:\\\/\\\/dana.com.br\\\/canaldana\\\/#\\\/schema\\\/person\\\/3c21f22f56fcf3bc46b94bc60ea4fef6\"},\"breadcrumb\":{\"@id\":\"https:\\\/\\\/dana.com.br\\\/canaldana\\\/2024\\\/01\\\/24\\\/rodizio-de-carros-em-sao-paulo-veja-regras-para-os-dias-25-e-26-de-janeiro\\\/#breadcrumb\"},\"inLanguage\":\"pt-BR\",\"potentialAction\":[{\"@type\":\"ReadAction\",\"target\":[\"https:\\\/\\\/dana.com.br\\\/canaldana\\\/2024\\\/01\\\/24\\\/rodizio-de-carros-em-sao-paulo-veja-regras-para-os-dias-25-e-26-de-janeiro\\\/\"]}]},{\"@type\":\"BreadcrumbList\",\"@id\":\"https:\\\/\\\/dana.com.br\\\/canaldana\\\/2024\\\/01\\\/24\\\/rodizio-de-carros-em-sao-paulo-veja-regras-para-os-dias-25-e-26-de-janeiro\\\/#breadcrumb\",\"itemListElement\":[{\"@type\":\"ListItem\",\"position\":1,\"name\":\"Home\",\"item\":\"https:\\\/\\\/dana.com.br\\\/canaldana\\\/\"},{\"@type\":\"ListItem\",\"position\":2,\"name\":\"Mercado\",\"item\":\"https:\\\/\\\/dana.com.br\\\/canaldana\\\/mercado\\\/\"},{\"@type\":\"ListItem\",\"position\":3,\"name\":\"Rod\u00edzio de carros em S\u00e3o Paulo: veja regras para os dias 25 e 26 de janeiro\"}]},{\"@type\":\"WebSite\",\"@id\":\"https:\\\/\\\/dana.com.br\\\/canaldana\\\/#website\",\"url\":\"https:\\\/\\\/dana.com.br\\\/canaldana\\\/\",\"name\":\"Canal Dana\",\"description\":\"Informativo com as principais not\u00edcias da ind\u00fastria automotiva\",\"potentialAction\":[{\"@type\":\"SearchAction\",\"target\":{\"@type\":\"EntryPoint\",\"urlTemplate\":\"https:\\\/\\\/dana.com.br\\\/canaldana\\\/?s={search_term_string}\"},\"query-input\":{\"@type\":\"PropertyValueSpecification\",\"valueRequired\":true,\"valueName\":\"search_term_string\"}}],\"inLanguage\":\"pt-BR\"},{\"@type\":\"Person\",\"@id\":\"https:\\\/\\\/dana.com.br\\\/canaldana\\\/#\\\/schema\\\/person\\\/3c21f22f56fcf3bc46b94bc60ea4fef6\",\"name\":\"Canal Dana\",\"image\":{\"@type\":\"ImageObject\",\"inLanguage\":\"pt-BR\",\"@id\":\"https:\\\/\\\/secure.gravatar.com\\\/avatar\\\/420aaf9278582877d9018637c6817617705899d2858d7572ef0fe59a6b6454b4?s=96&d=mm&r=g\",\"url\":\"https:\\\/\\\/secure.gravatar.com\\\/avatar\\\/420aaf9278582877d9018637c6817617705899d2858d7572ef0fe59a6b6454b4?s=96&d=mm&r=g\",\"contentUrl\":\"https:\\\/\\\/secure.gravatar.com\\\/avatar\\\/420aaf9278582877d9018637c6817617705899d2858d7572ef0fe59a6b6454b4?s=96&d=mm&r=g\",\"caption\":\"Canal Dana\"},\"url\":\"https:\\\/\\\/dana.com.br\\\/canaldana\\\/author\\\/cdeditor\\\/\"}]}<\/script>\n<!-- \/ Yoast SEO plugin. -->","yoast_head_json":{"title":"Rod\u00edzio de carros em S\u00e3o Paulo: veja regras para os dias 25 e 26 de janeiro - Canal Dana","robots":{"index":"index","follow":"follow","max-snippet":"max-snippet:-1","max-image-preview":"max-image-preview:large","max-video-preview":"max-video-preview:-1"},"canonical":"https:\/\/dana.com.br\/canaldana\/2024\/01\/24\/rodizio-de-carros-em-sao-paulo-veja-regras-para-os-dias-25-e-26-de-janeiro\/","og_locale":"pt_BR","og_type":"article","og_title":"Rod\u00edzio de carros em S\u00e3o Paulo: veja regras para os dias 25 e 26 de janeiro - Canal Dana","og_description":"Portal Terra &nbsp; O rod\u00edzio de ve\u00edculos de passeio em S\u00e3o Paulo ser\u00e1 suspenso na quinta-feira, 25, e tamb\u00e9m na sexta, 26, em decorr\u00eancia do feriado prolongado de anivers\u00e1rio da cidade. &nbsp; De acordo com a Secretaria Municipal de Mobilidade e Tr\u00e2nsito (SMT) e a Companhia de Engenharia de Tr\u00e1fego (CET), o rod\u00edzio de ve\u00edculos\u2026 Leia mais \u00bb","og_url":"https:\/\/dana.com.br\/canaldana\/2024\/01\/24\/rodizio-de-carros-em-sao-paulo-veja-regras-para-os-dias-25-e-26-de-janeiro\/","og_site_name":"Canal Dana","article_published_time":"2024-01-24T11:47:31+00:00","author":"Canal Dana","twitter_card":"summary_large_image","twitter_misc":{"Escrito por":"Canal Dana","Est. tempo de leitura":"2 minutos"},"schema":{"@context":"https:\/\/schema.org","@graph":[{"@type":"Article","@id":"https:\/\/dana.com.br\/canaldana\/2024\/01\/24\/rodizio-de-carros-em-sao-paulo-veja-regras-para-os-dias-25-e-26-de-janeiro\/#article","isPartOf":{"@id":"https:\/\/dana.com.br\/canaldana\/2024\/01\/24\/rodizio-de-carros-em-sao-paulo-veja-regras-para-os-dias-25-e-26-de-janeiro\/"},"author":{"name":"Canal Dana","@id":"https:\/\/dana.com.br\/canaldana\/#\/schema\/person\/3c21f22f56fcf3bc46b94bc60ea4fef6"},"headline":"Rod\u00edzio de carros em S\u00e3o Paulo: veja regras para os dias 25 e 26 de janeiro","datePublished":"2024-01-24T11:47:31+00:00","mainEntityOfPage":{"@id":"https:\/\/dana.com.br\/canaldana\/2024\/01\/24\/rodizio-de-carros-em-sao-paulo-veja-regras-para-os-dias-25-e-26-de-janeiro\/"},"wordCount":334,"articleSection":["Mercado"],"inLanguage":"pt-BR"},{"@type":"WebPage","@id":"https:\/\/dana.com.br\/canaldana\/2024\/01\/24\/rodizio-de-carros-em-sao-paulo-veja-regras-para-os-dias-25-e-26-de-janeiro\/","url":"https:\/\/dana.com.br\/canaldana\/2024\/01\/24\/rodizio-de-carros-em-sao-paulo-veja-regras-para-os-dias-25-e-26-de-janeiro\/","name":"Rod\u00edzio de carros em S\u00e3o Paulo: veja regras para os dias 25 e 26 de janeiro - Canal Dana","isPartOf":{"@id":"https:\/\/dana.com.br\/canaldana\/#website"},"datePublished":"2024-01-24T11:47:31+00:00","author":{"@id":"https:\/\/dana.com.br\/canaldana\/#\/schema\/person\/3c21f22f56fcf3bc46b94bc60ea4fef6"},"breadcrumb":{"@id":"https:\/\/dana.com.br\/canaldana\/2024\/01\/24\/rodizio-de-carros-em-sao-paulo-veja-regras-para-os-dias-25-e-26-de-janeiro\/#breadcrumb"},"inLanguage":"pt-BR","potentialAction":[{"@type":"ReadAction","target":["https:\/\/dana.com.br\/canaldana\/2024\/01\/24\/rodizio-de-carros-em-sao-paulo-veja-regras-para-os-dias-25-e-26-de-janeiro\/"]}]},{"@type":"BreadcrumbList","@id":"https:\/\/dana.com.br\/canaldana\/2024\/01\/24\/rodizio-de-carros-em-sao-paulo-veja-regras-para-os-dias-25-e-26-de-janeiro\/#breadcrumb","itemListElement":[{"@type":"ListItem","position":1,"name":"Home","item":"https:\/\/dana.com.br\/canaldana\/"},{"@type":"ListItem","position":2,"name":"Mercado","item":"https:\/\/dana.com.br\/canaldana\/mercado\/"},{"@type":"ListItem","position":3,"name":"Rod\u00edzio de carros em S\u00e3o Paulo: veja regras para os dias 25 e 26 de janeiro"}]},{"@type":"WebSite","@id":"https:\/\/dana.com.br\/canaldana\/#website","url":"https:\/\/dana.com.br\/canaldana\/","name":"Canal Dana","description":"Informativo com as principais not\u00edcias da ind\u00fastria automotiva","potentialAction":[{"@type":"SearchAction","target":{"@type":"EntryPoint","urlTemplate":"https:\/\/dana.com.br\/canaldana\/?s={search_term_string}"},"query-input":{"@type":"PropertyValueSpecification","valueRequired":true,"valueName":"search_term_string"}}],"inLanguage":"pt-BR"},{"@type":"Person","@id":"https:\/\/dana.com.br\/canaldana\/#\/schema\/person\/3c21f22f56fcf3bc46b94bc60ea4fef6","name":"Canal Dana","image":{"@type":"ImageObject","inLanguage":"pt-BR","@id":"https:\/\/secure.gravatar.com\/avatar\/420aaf9278582877d9018637c6817617705899d2858d7572ef0fe59a6b6454b4?s=96&d=mm&r=g","url":"https:\/\/secure.gravatar.com\/avatar\/420aaf9278582877d9018637c6817617705899d2858d7572ef0fe59a6b6454b4?s=96&d=mm&r=g","contentUrl":"https:\/\/secure.gravatar.com\/avatar\/420aaf9278582877d9018637c6817617705899d2858d7572ef0fe59a6b6454b4?s=96&d=mm&r=g","caption":"Canal Dana"},"url":"https:\/\/dana.com.br\/canaldana\/author\/cdeditor\/"}]}},"_links":{"self":[{"href":"https:\/\/dana.com.br\/canaldana\/wp-json\/wp\/v2\/posts\/71015","targetHints":{"allow":["GET"]}}],"collection":[{"href":"https:\/\/dana.com.br\/canaldana\/wp-json\/wp\/v2\/posts"}],"about":[{"href":"https:\/\/dana.com.br\/canaldana\/wp-json\/wp\/v2\/types\/post"}],"author":[{"embeddable":true,"href":"https:\/\/dana.com.br\/canaldana\/wp-json\/wp\/v2\/users\/3"}],"replies":[{"embeddable":true,"href":"https:\/\/dana.com.br\/canaldana\/wp-json\/wp\/v2\/comments?post=71015"}],"version-history":[{"count":1,"href":"https:\/\/dana.com.br\/canaldana\/wp-json\/wp\/v2\/posts\/71015\/revisions"}],"predecessor-version":[{"id":71016,"href":"https:\/\/dana.com.br\/canaldana\/wp-json\/wp\/v2\/posts\/71015\/revisions\/71016"}],"wp:attachment":[{"href":"https:\/\/dana.com.br\/canaldana\/wp-json\/wp\/v2\/media?parent=71015"}],"wp:term":[{"taxonomy":"category","embeddable":true,"href":"https:\/\/dana.com.br\/canaldana\/wp-json\/wp\/v2\/categories?post=71015"},{"taxonomy":"post_tag","embeddable":true,"href":"https:\/\/dana.com.br\/canaldana\/wp-json\/wp\/v2\/tags?post=71015"}],"curies":[{"name":"wp","href":"https:\/\/api.w.org\/{rel}","templated":true}]}}