{"id":70658,"date":"2024-01-09T09:00:59","date_gmt":"2024-01-09T12:00:59","guid":{"rendered":"https:\/\/dana.com.br\/canaldana\/?p=70658"},"modified":"2024-01-09T09:00:59","modified_gmt":"2024-01-09T12:00:59","slug":"em-ano-historico-byd-cresce-quase-70-vezes-no-brasil-e-vende-mais-carros-eletricos-do-que-todos-os-concorrentes-somados","status":"publish","type":"post","link":"https:\/\/dana.com.br\/canaldana\/2024\/01\/09\/em-ano-historico-byd-cresce-quase-70-vezes-no-brasil-e-vende-mais-carros-eletricos-do-que-todos-os-concorrentes-somados\/","title":{"rendered":"Em ano hist\u00f3rico, BYD cresce quase 70 vezes no Brasil e vende mais carros el\u00e9tricos do que todos os concorrentes somados"},"content":{"rendered":"<p>Bahia Econ\u00f4mica<\/p>\n<p>&nbsp;<\/p>\n<p>A BYD, maior empresa do mundo na produ\u00e7\u00e3o de ve\u00edculos el\u00e9tricos e h\u00edbridos, fez hist\u00f3ria e tamb\u00e9m se consolidou com folga na lideran\u00e7a do mercado de ve\u00edculos eletrificados no Brasil em 2023.<\/p>\n<p>&nbsp;<\/p>\n<p>Com os resultados do acumulado do ano passado, a greentech, que come\u00e7a em breve a instalar sua infraestrutura de produ\u00e7\u00e3o numa f\u00e1brica na Bahia, mostra que veio para mudar o mercado de autom\u00f3veis no pa\u00eds. Em 2023, de acordo com dados da ABVE (Associa\u00e7\u00e3o Brasileira de Ve\u00edculos El\u00e9tricos), foram vendidos 17.947 carros da marca, um crescimento astron\u00f4mico de 6.900%, o equivalente a quase 70 vezes, em compara\u00e7\u00e3o com as 260 unidades comercializadas em todo o ano de 2022.<\/p>\n<p>&nbsp;<\/p>\n<p>Entre os ve\u00edculos 100% el\u00e9tricos, chamados de BEV (Battery Electric Vehicles ou Ve\u00edculos El\u00e9tricos de Bateria), o Dolphin liderou com folga, com 5.971 unidades comercializadas no ano. No ranking dos 5 mais vendidos, o BYD Dolphin vendeu mais do que os outros quatro modelos somados (4.756 unidades). Se o recorte for entre os 10 mais vendidos, os modelos da BYD alcan\u00e7aram um market share de 72%.<\/p>\n<p>&nbsp;<\/p>\n<p>No top 5, a BYD ainda aparece com mais tr\u00eas modelos: BYD Yuan Plus (1.756), BYD Seal (1.040) e BYD Dolphin Plus (841). Entre os primeiros 10 carros do ranking anual, a BYD vendeu quase tr\u00eas vezes mais que as principais marcas no acumulado de 2023.<\/p>\n<p>&nbsp;<\/p>\n<p>O Dolphin assumiu a lideran\u00e7a mensal de vendas em setembro e se consagrou pela quarta vez consecutiva como o carro el\u00e9trico mais vendido do Brasil em dezembro. A marca obteve um volume recorde de vendas, com 3.617 unidades no \u00faltimo m\u00eas do ano e uma participa\u00e7\u00e3o de 60% no mercado (BEV), registrando crescimento de 72% sobre as vendas de novembro (2.099 unidades).<\/p>\n<p>&nbsp;<\/p>\n<p>No acumulado de 2023, a BYD marcou mais um recorde nas vendas de ve\u00edculos el\u00e9tricos, com um total de 10.274 unidades, obtendo uma participa\u00e7\u00e3o de 52,3% sobre o total de autom\u00f3veis el\u00e9tricos comercializados (19.310 ve\u00edculos) no mercado brasileiro. O resultado se torna ainda mais expressivo ao se considerar que a venda dos modelos el\u00e9tricos BYD (10.274 ve\u00edculos) superou todos os outros modelos el\u00e9tricos somados (9.036 unidades).<\/p>\n<p>&nbsp;<\/p>\n<p>A BYD fechou 2023 com 59 concession\u00e1rias em opera\u00e7\u00e3o e dever\u00e1 ter mais 61 unidades at\u00e9 o final do primeiro trimestre deste ano. Todas as capitais das regi\u00f5es Sul, Sudeste, Centro-Oeste e Nordeste ter\u00e3o representantes da marca ainda em janeiro. S\u00e3o Paulo e Minas Gerais s\u00e3o os estados que re\u00fanem o maior n\u00famero de unidades dentro da rede BYD, respectivamente, com 15 e seis concession\u00e1rias.<\/p>\n<p>&nbsp;<\/p>\n<p>A BYD confirmou para fevereiro o in\u00edcio das obras de instala\u00e7\u00e3o do complexo de Cama\u00e7ari (BA). O investimento no projeto da primeira f\u00e1brica de carros da BYD fora da \u00c1sia est\u00e1 estimado em R$ 3 bilh\u00f5es e ter\u00e1 capacidade inicial para produzir at\u00e9 150 mil ve\u00edculos por ano. (Bahia Econ\u00f4mica\/Victoria Isabel)<\/p>\n","protected":false},"excerpt":{"rendered":"<p>Bahia Econ\u00f4mica &nbsp; A BYD, maior empresa do mundo na produ\u00e7\u00e3o de ve\u00edculos el\u00e9tricos e h\u00edbridos, fez hist\u00f3ria e tamb\u00e9m se consolidou com folga na lideran\u00e7a do mercado de ve\u00edculos eletrificados no Brasil em 2023. &nbsp; Com os resultados do acumulado do ano passado, a greentech, que come\u00e7a em breve a instalar sua infraestrutura de\u2026 <a class=\"readmore\" href=\"https:\/\/dana.com.br\/canaldana\/2024\/01\/09\/em-ano-historico-byd-cresce-quase-70-vezes-no-brasil-e-vende-mais-carros-eletricos-do-que-todos-os-concorrentes-somados\/\">Leia mais \u00bb<\/a><\/p>\n","protected":false},"author":3,"featured_media":0,"comment_status":"closed","ping_status":"closed","sticky":false,"template":"","format":"standard","meta":{"_acf_changed":false,"footnotes":""},"categories":[61],"tags":[],"class_list":["post-70658","post","type-post","status-publish","format-standard","hentry","category-destaques"],"acf":[],"yoast_head":"<!-- This site is optimized with the Yoast SEO plugin v27.3 - https:\/\/yoast.com\/product\/yoast-seo-wordpress\/ -->\n<title>Em ano hist\u00f3rico, BYD cresce quase 70 vezes no Brasil e vende mais carros el\u00e9tricos do que todos os concorrentes somados - Canal Dana<\/title>\n<meta name=\"robots\" content=\"index, follow, max-snippet:-1, max-image-preview:large, max-video-preview:-1\" \/>\n<link rel=\"canonical\" href=\"https:\/\/dana.com.br\/canaldana\/2024\/01\/09\/em-ano-historico-byd-cresce-quase-70-vezes-no-brasil-e-vende-mais-carros-eletricos-do-que-todos-os-concorrentes-somados\/\" \/>\n<meta property=\"og:locale\" content=\"pt_BR\" \/>\n<meta property=\"og:type\" content=\"article\" \/>\n<meta property=\"og:title\" content=\"Em ano hist\u00f3rico, BYD cresce quase 70 vezes no Brasil e vende mais carros el\u00e9tricos do que todos os concorrentes somados - Canal Dana\" \/>\n<meta property=\"og:description\" content=\"Bahia Econ\u00f4mica &nbsp; A BYD, maior empresa do mundo na produ\u00e7\u00e3o de ve\u00edculos el\u00e9tricos e h\u00edbridos, fez hist\u00f3ria e tamb\u00e9m se consolidou com folga na lideran\u00e7a do mercado de ve\u00edculos eletrificados no Brasil em 2023. &nbsp; Com os resultados do acumulado do ano passado, a greentech, que come\u00e7a em breve a instalar sua infraestrutura de\u2026 Leia mais \u00bb\" \/>\n<meta property=\"og:url\" content=\"https:\/\/dana.com.br\/canaldana\/2024\/01\/09\/em-ano-historico-byd-cresce-quase-70-vezes-no-brasil-e-vende-mais-carros-eletricos-do-que-todos-os-concorrentes-somados\/\" \/>\n<meta property=\"og:site_name\" content=\"Canal Dana\" \/>\n<meta property=\"article:published_time\" content=\"2024-01-09T12:00:59+00:00\" \/>\n<meta name=\"author\" content=\"Canal Dana\" \/>\n<meta name=\"twitter:card\" content=\"summary_large_image\" \/>\n<meta name=\"twitter:label1\" content=\"Escrito por\" \/>\n\t<meta name=\"twitter:data1\" content=\"Canal Dana\" \/>\n\t<meta name=\"twitter:label2\" content=\"Est. tempo de leitura\" \/>\n\t<meta name=\"twitter:data2\" content=\"3 minutos\" \/>\n<script type=\"application\/ld+json\" class=\"yoast-schema-graph\">{\"@context\":\"https:\\\/\\\/schema.org\",\"@graph\":[{\"@type\":\"Article\",\"@id\":\"https:\\\/\\\/dana.com.br\\\/canaldana\\\/2024\\\/01\\\/09\\\/em-ano-historico-byd-cresce-quase-70-vezes-no-brasil-e-vende-mais-carros-eletricos-do-que-todos-os-concorrentes-somados\\\/#article\",\"isPartOf\":{\"@id\":\"https:\\\/\\\/dana.com.br\\\/canaldana\\\/2024\\\/01\\\/09\\\/em-ano-historico-byd-cresce-quase-70-vezes-no-brasil-e-vende-mais-carros-eletricos-do-que-todos-os-concorrentes-somados\\\/\"},\"author\":{\"name\":\"Canal Dana\",\"@id\":\"https:\\\/\\\/dana.com.br\\\/canaldana\\\/#\\\/schema\\\/person\\\/3c21f22f56fcf3bc46b94bc60ea4fef6\"},\"headline\":\"Em ano hist\u00f3rico, BYD cresce quase 70 vezes no Brasil e vende mais carros el\u00e9tricos do que todos os concorrentes somados\",\"datePublished\":\"2024-01-09T12:00:59+00:00\",\"mainEntityOfPage\":{\"@id\":\"https:\\\/\\\/dana.com.br\\\/canaldana\\\/2024\\\/01\\\/09\\\/em-ano-historico-byd-cresce-quase-70-vezes-no-brasil-e-vende-mais-carros-eletricos-do-que-todos-os-concorrentes-somados\\\/\"},\"wordCount\":519,\"articleSection\":[\"Destaques\"],\"inLanguage\":\"pt-BR\"},{\"@type\":\"WebPage\",\"@id\":\"https:\\\/\\\/dana.com.br\\\/canaldana\\\/2024\\\/01\\\/09\\\/em-ano-historico-byd-cresce-quase-70-vezes-no-brasil-e-vende-mais-carros-eletricos-do-que-todos-os-concorrentes-somados\\\/\",\"url\":\"https:\\\/\\\/dana.com.br\\\/canaldana\\\/2024\\\/01\\\/09\\\/em-ano-historico-byd-cresce-quase-70-vezes-no-brasil-e-vende-mais-carros-eletricos-do-que-todos-os-concorrentes-somados\\\/\",\"name\":\"Em ano hist\u00f3rico, BYD cresce quase 70 vezes no Brasil e vende mais carros el\u00e9tricos do que todos os concorrentes somados - Canal Dana\",\"isPartOf\":{\"@id\":\"https:\\\/\\\/dana.com.br\\\/canaldana\\\/#website\"},\"datePublished\":\"2024-01-09T12:00:59+00:00\",\"author\":{\"@id\":\"https:\\\/\\\/dana.com.br\\\/canaldana\\\/#\\\/schema\\\/person\\\/3c21f22f56fcf3bc46b94bc60ea4fef6\"},\"breadcrumb\":{\"@id\":\"https:\\\/\\\/dana.com.br\\\/canaldana\\\/2024\\\/01\\\/09\\\/em-ano-historico-byd-cresce-quase-70-vezes-no-brasil-e-vende-mais-carros-eletricos-do-que-todos-os-concorrentes-somados\\\/#breadcrumb\"},\"inLanguage\":\"pt-BR\",\"potentialAction\":[{\"@type\":\"ReadAction\",\"target\":[\"https:\\\/\\\/dana.com.br\\\/canaldana\\\/2024\\\/01\\\/09\\\/em-ano-historico-byd-cresce-quase-70-vezes-no-brasil-e-vende-mais-carros-eletricos-do-que-todos-os-concorrentes-somados\\\/\"]}]},{\"@type\":\"BreadcrumbList\",\"@id\":\"https:\\\/\\\/dana.com.br\\\/canaldana\\\/2024\\\/01\\\/09\\\/em-ano-historico-byd-cresce-quase-70-vezes-no-brasil-e-vende-mais-carros-eletricos-do-que-todos-os-concorrentes-somados\\\/#breadcrumb\",\"itemListElement\":[{\"@type\":\"ListItem\",\"position\":1,\"name\":\"Home\",\"item\":\"https:\\\/\\\/dana.com.br\\\/canaldana\\\/\"},{\"@type\":\"ListItem\",\"position\":2,\"name\":\"Destaques\",\"item\":\"https:\\\/\\\/dana.com.br\\\/canaldana\\\/destaques\\\/\"},{\"@type\":\"ListItem\",\"position\":3,\"name\":\"Em ano hist\u00f3rico, BYD cresce quase 70 vezes no Brasil e vende mais carros el\u00e9tricos do que todos os concorrentes somados\"}]},{\"@type\":\"WebSite\",\"@id\":\"https:\\\/\\\/dana.com.br\\\/canaldana\\\/#website\",\"url\":\"https:\\\/\\\/dana.com.br\\\/canaldana\\\/\",\"name\":\"Canal Dana\",\"description\":\"Informativo com as principais not\u00edcias da ind\u00fastria automotiva\",\"potentialAction\":[{\"@type\":\"SearchAction\",\"target\":{\"@type\":\"EntryPoint\",\"urlTemplate\":\"https:\\\/\\\/dana.com.br\\\/canaldana\\\/?s={search_term_string}\"},\"query-input\":{\"@type\":\"PropertyValueSpecification\",\"valueRequired\":true,\"valueName\":\"search_term_string\"}}],\"inLanguage\":\"pt-BR\"},{\"@type\":\"Person\",\"@id\":\"https:\\\/\\\/dana.com.br\\\/canaldana\\\/#\\\/schema\\\/person\\\/3c21f22f56fcf3bc46b94bc60ea4fef6\",\"name\":\"Canal Dana\",\"image\":{\"@type\":\"ImageObject\",\"inLanguage\":\"pt-BR\",\"@id\":\"https:\\\/\\\/secure.gravatar.com\\\/avatar\\\/420aaf9278582877d9018637c6817617705899d2858d7572ef0fe59a6b6454b4?s=96&d=mm&r=g\",\"url\":\"https:\\\/\\\/secure.gravatar.com\\\/avatar\\\/420aaf9278582877d9018637c6817617705899d2858d7572ef0fe59a6b6454b4?s=96&d=mm&r=g\",\"contentUrl\":\"https:\\\/\\\/secure.gravatar.com\\\/avatar\\\/420aaf9278582877d9018637c6817617705899d2858d7572ef0fe59a6b6454b4?s=96&d=mm&r=g\",\"caption\":\"Canal Dana\"},\"url\":\"https:\\\/\\\/dana.com.br\\\/canaldana\\\/author\\\/cdeditor\\\/\"}]}<\/script>\n<!-- \/ Yoast SEO plugin. -->","yoast_head_json":{"title":"Em ano hist\u00f3rico, BYD cresce quase 70 vezes no Brasil e vende mais carros el\u00e9tricos do que todos os concorrentes somados - Canal Dana","robots":{"index":"index","follow":"follow","max-snippet":"max-snippet:-1","max-image-preview":"max-image-preview:large","max-video-preview":"max-video-preview:-1"},"canonical":"https:\/\/dana.com.br\/canaldana\/2024\/01\/09\/em-ano-historico-byd-cresce-quase-70-vezes-no-brasil-e-vende-mais-carros-eletricos-do-que-todos-os-concorrentes-somados\/","og_locale":"pt_BR","og_type":"article","og_title":"Em ano hist\u00f3rico, BYD cresce quase 70 vezes no Brasil e vende mais carros el\u00e9tricos do que todos os concorrentes somados - Canal Dana","og_description":"Bahia Econ\u00f4mica &nbsp; A BYD, maior empresa do mundo na produ\u00e7\u00e3o de ve\u00edculos el\u00e9tricos e h\u00edbridos, fez hist\u00f3ria e tamb\u00e9m se consolidou com folga na lideran\u00e7a do mercado de ve\u00edculos eletrificados no Brasil em 2023. &nbsp; Com os resultados do acumulado do ano passado, a greentech, que come\u00e7a em breve a instalar sua infraestrutura de\u2026 Leia mais \u00bb","og_url":"https:\/\/dana.com.br\/canaldana\/2024\/01\/09\/em-ano-historico-byd-cresce-quase-70-vezes-no-brasil-e-vende-mais-carros-eletricos-do-que-todos-os-concorrentes-somados\/","og_site_name":"Canal Dana","article_published_time":"2024-01-09T12:00:59+00:00","author":"Canal Dana","twitter_card":"summary_large_image","twitter_misc":{"Escrito por":"Canal Dana","Est. tempo de leitura":"3 minutos"},"schema":{"@context":"https:\/\/schema.org","@graph":[{"@type":"Article","@id":"https:\/\/dana.com.br\/canaldana\/2024\/01\/09\/em-ano-historico-byd-cresce-quase-70-vezes-no-brasil-e-vende-mais-carros-eletricos-do-que-todos-os-concorrentes-somados\/#article","isPartOf":{"@id":"https:\/\/dana.com.br\/canaldana\/2024\/01\/09\/em-ano-historico-byd-cresce-quase-70-vezes-no-brasil-e-vende-mais-carros-eletricos-do-que-todos-os-concorrentes-somados\/"},"author":{"name":"Canal Dana","@id":"https:\/\/dana.com.br\/canaldana\/#\/schema\/person\/3c21f22f56fcf3bc46b94bc60ea4fef6"},"headline":"Em ano hist\u00f3rico, BYD cresce quase 70 vezes no Brasil e vende mais carros el\u00e9tricos do que todos os concorrentes somados","datePublished":"2024-01-09T12:00:59+00:00","mainEntityOfPage":{"@id":"https:\/\/dana.com.br\/canaldana\/2024\/01\/09\/em-ano-historico-byd-cresce-quase-70-vezes-no-brasil-e-vende-mais-carros-eletricos-do-que-todos-os-concorrentes-somados\/"},"wordCount":519,"articleSection":["Destaques"],"inLanguage":"pt-BR"},{"@type":"WebPage","@id":"https:\/\/dana.com.br\/canaldana\/2024\/01\/09\/em-ano-historico-byd-cresce-quase-70-vezes-no-brasil-e-vende-mais-carros-eletricos-do-que-todos-os-concorrentes-somados\/","url":"https:\/\/dana.com.br\/canaldana\/2024\/01\/09\/em-ano-historico-byd-cresce-quase-70-vezes-no-brasil-e-vende-mais-carros-eletricos-do-que-todos-os-concorrentes-somados\/","name":"Em ano hist\u00f3rico, BYD cresce quase 70 vezes no Brasil e vende mais carros el\u00e9tricos do que todos os concorrentes somados - Canal Dana","isPartOf":{"@id":"https:\/\/dana.com.br\/canaldana\/#website"},"datePublished":"2024-01-09T12:00:59+00:00","author":{"@id":"https:\/\/dana.com.br\/canaldana\/#\/schema\/person\/3c21f22f56fcf3bc46b94bc60ea4fef6"},"breadcrumb":{"@id":"https:\/\/dana.com.br\/canaldana\/2024\/01\/09\/em-ano-historico-byd-cresce-quase-70-vezes-no-brasil-e-vende-mais-carros-eletricos-do-que-todos-os-concorrentes-somados\/#breadcrumb"},"inLanguage":"pt-BR","potentialAction":[{"@type":"ReadAction","target":["https:\/\/dana.com.br\/canaldana\/2024\/01\/09\/em-ano-historico-byd-cresce-quase-70-vezes-no-brasil-e-vende-mais-carros-eletricos-do-que-todos-os-concorrentes-somados\/"]}]},{"@type":"BreadcrumbList","@id":"https:\/\/dana.com.br\/canaldana\/2024\/01\/09\/em-ano-historico-byd-cresce-quase-70-vezes-no-brasil-e-vende-mais-carros-eletricos-do-que-todos-os-concorrentes-somados\/#breadcrumb","itemListElement":[{"@type":"ListItem","position":1,"name":"Home","item":"https:\/\/dana.com.br\/canaldana\/"},{"@type":"ListItem","position":2,"name":"Destaques","item":"https:\/\/dana.com.br\/canaldana\/destaques\/"},{"@type":"ListItem","position":3,"name":"Em ano hist\u00f3rico, BYD cresce quase 70 vezes no Brasil e vende mais carros el\u00e9tricos do que todos os concorrentes somados"}]},{"@type":"WebSite","@id":"https:\/\/dana.com.br\/canaldana\/#website","url":"https:\/\/dana.com.br\/canaldana\/","name":"Canal Dana","description":"Informativo com as principais not\u00edcias da ind\u00fastria automotiva","potentialAction":[{"@type":"SearchAction","target":{"@type":"EntryPoint","urlTemplate":"https:\/\/dana.com.br\/canaldana\/?s={search_term_string}"},"query-input":{"@type":"PropertyValueSpecification","valueRequired":true,"valueName":"search_term_string"}}],"inLanguage":"pt-BR"},{"@type":"Person","@id":"https:\/\/dana.com.br\/canaldana\/#\/schema\/person\/3c21f22f56fcf3bc46b94bc60ea4fef6","name":"Canal Dana","image":{"@type":"ImageObject","inLanguage":"pt-BR","@id":"https:\/\/secure.gravatar.com\/avatar\/420aaf9278582877d9018637c6817617705899d2858d7572ef0fe59a6b6454b4?s=96&d=mm&r=g","url":"https:\/\/secure.gravatar.com\/avatar\/420aaf9278582877d9018637c6817617705899d2858d7572ef0fe59a6b6454b4?s=96&d=mm&r=g","contentUrl":"https:\/\/secure.gravatar.com\/avatar\/420aaf9278582877d9018637c6817617705899d2858d7572ef0fe59a6b6454b4?s=96&d=mm&r=g","caption":"Canal Dana"},"url":"https:\/\/dana.com.br\/canaldana\/author\/cdeditor\/"}]}},"_links":{"self":[{"href":"https:\/\/dana.com.br\/canaldana\/wp-json\/wp\/v2\/posts\/70658","targetHints":{"allow":["GET"]}}],"collection":[{"href":"https:\/\/dana.com.br\/canaldana\/wp-json\/wp\/v2\/posts"}],"about":[{"href":"https:\/\/dana.com.br\/canaldana\/wp-json\/wp\/v2\/types\/post"}],"author":[{"embeddable":true,"href":"https:\/\/dana.com.br\/canaldana\/wp-json\/wp\/v2\/users\/3"}],"replies":[{"embeddable":true,"href":"https:\/\/dana.com.br\/canaldana\/wp-json\/wp\/v2\/comments?post=70658"}],"version-history":[{"count":1,"href":"https:\/\/dana.com.br\/canaldana\/wp-json\/wp\/v2\/posts\/70658\/revisions"}],"predecessor-version":[{"id":70659,"href":"https:\/\/dana.com.br\/canaldana\/wp-json\/wp\/v2\/posts\/70658\/revisions\/70659"}],"wp:attachment":[{"href":"https:\/\/dana.com.br\/canaldana\/wp-json\/wp\/v2\/media?parent=70658"}],"wp:term":[{"taxonomy":"category","embeddable":true,"href":"https:\/\/dana.com.br\/canaldana\/wp-json\/wp\/v2\/categories?post=70658"},{"taxonomy":"post_tag","embeddable":true,"href":"https:\/\/dana.com.br\/canaldana\/wp-json\/wp\/v2\/tags?post=70658"}],"curies":[{"name":"wp","href":"https:\/\/api.w.org\/{rel}","templated":true}]}}