{"id":70222,"date":"2023-12-06T08:35:38","date_gmt":"2023-12-06T11:35:38","guid":{"rendered":"https:\/\/dana.com.br\/canaldana\/?p=70222"},"modified":"2023-12-06T08:35:38","modified_gmt":"2023-12-06T11:35:38","slug":"feriados-afetam-emplacamentos-em-novembro","status":"publish","type":"post","link":"https:\/\/dana.com.br\/canaldana\/2023\/12\/06\/feriados-afetam-emplacamentos-em-novembro\/","title":{"rendered":"Feriados afetam emplacamentos em novembro"},"content":{"rendered":"<p><em>Motor Mais<\/em><\/p>\n<p>&nbsp;<\/p>\n<p>Com at\u00e9 tr\u00eas feriados no m\u00eas (dependendo da localidade), o m\u00eas de novembro fechou com pequena retra\u00e7\u00e3o no n\u00famero de ve\u00edculos emplacados. Segundo dados da FENABRAVE \u2013 Federa\u00e7\u00e3o Nacional da Distribui\u00e7\u00e3o de Ve\u00edculos Automotores, foram emplacadas 361.206 unidades, contra 375.410 no m\u00eas de outubro. O resultado, por\u00e9m, foi 5,35% superior ao registrado em novembro de 2022.<\/p>\n<p>&nbsp;<\/p>\n<p>\u201cTivemos estados importantes, como S\u00e3o Paulo, com apenas 19 dias \u00fateis (foram 21 em outubro), o que afeta o n\u00famero de emplacamentos. Mas tivemos sinais positivos, como o aumento das vendas di\u00e1rias, que nos apontam que o resultado teria sido outro se n\u00e3o houvesse esses feriados no m\u00eas. Notamos queda nas taxas de juros e melhora no ambiente de cr\u00e9dito para o setor automotivo, devido \u00e0 menor inadimpl\u00eancia e \u00e0 queda, para 7,6%, na taxa de desocupa\u00e7\u00e3o da popula\u00e7\u00e3o no trimestre (dados PNAD \u2013 Pesquisa Nacional por Amostras de Domic\u00edlio), que podem ter ajudado a destravar o mercado, especialmente, no varejo, para pessoas f\u00edsicas\u201d, analisa Andreta Jr., Presidente da FENABRAVE, lembrando que, segundo informa\u00e7\u00f5es do \u00faltimo relat\u00f3rio do Banco Central, a inadimpl\u00eancia para aquisi\u00e7\u00e3o de ve\u00edculos recuou 0,1 ponto percentual, enquanto o volume de transa\u00e7\u00f5es cresceu 1,1%.<\/p>\n<p>&nbsp;<\/p>\n<p><strong>Autom\u00f3veis e Comerciais leves<\/strong><\/p>\n<p>&nbsp;<\/p>\n<p>Os segmentos t\u00eam se mantido acima do volume m\u00e9dio de 2022 e, em novembro, foram beneficiados com a melhora do cr\u00e9dito e com a redu\u00e7\u00e3o das taxas de juros para financiamentos. \u201cCom a melhora da carteira de cr\u00e9dito, os bancos passaram a ofertar melhores condi\u00e7\u00f5es para financiamentos de autom\u00f3veis e comerciais leves. Pequenas mudan\u00e7as, como taxas de juros mais atraentes ou uma menor restri\u00e7\u00e3o na libera\u00e7\u00e3o dos financiamentos, por exemplo, fizeram diferen\u00e7a nos volumes emplacados\u201d, diz Andreta Jr., complementando que a redu\u00e7\u00e3o dos \u00edndices de desocupa\u00e7\u00e3o da popula\u00e7\u00e3o tamb\u00e9m impacta na confian\u00e7a do consumidor e institui\u00e7\u00f5es financeiras.<\/p>\n<p>&nbsp;<\/p>\n<p>Segundo dados divulgados pelo IBGE, no \u00faltimo trimestre, houve recuo de 0,3 ponto percentual em rela\u00e7\u00e3o aos tr\u00eas meses anteriores, sendo a menor taxa desde o trimestre m\u00f3vel, encerrado em fevereiro de 2015.<\/p>\n<p>&nbsp;<\/p>\n<p><strong>Autom\u00f3veis e Comerciais Leves Eletrificados<\/strong><\/p>\n<p>&nbsp;<\/p>\n<p>Os emplacamentos de autom\u00f3veis e comerciais leves eletrificados cresceram no m\u00eas, mesmo com menor n\u00famero de dias \u00fateis. \u201cForam 10,6 mil eletrificados emplacados em novembro, com uma alta de 34,7% nas vendas de el\u00e9tricos. No ano, a soma de el\u00e9tricos e h\u00edbridos j\u00e1 acumula 77,6 mil unidades. \u00c9 um mercado em consolida\u00e7\u00e3o e com boa evolu\u00e7\u00e3o em 2023\u201d, enumera Andreta Jr.<\/p>\n<p>&nbsp;<\/p>\n<p><strong>Caminh\u00f5es<\/strong><\/p>\n<p>&nbsp;<\/p>\n<p>Ap\u00f3s enfrentar meses de instabilidade conjuntural, o segmento de caminh\u00f5es come\u00e7a a dar sinais de recupera\u00e7\u00e3o. \u201cO ano foi desafiador para caminh\u00f5es, at\u00e9 o momento. Os fatores que impediam melhores resultados, para caminh\u00f5es, como o custo do cr\u00e9dito e dos ve\u00edculos Euro 6, parecem arrefecer, aos poucos. J\u00e1 temos cerca de 90% do mercado de novos com a tecnologia do EURO 6 e os bancos das montadoras t\u00eam ofertado taxas de juros abaixo de 1% para facilitar o financiamento de caminh\u00f5es, o que traz perspectivas mais otimistas para o setor, principalmente, em 2024\u201d, diz o Presidente da FENABRAVE.<\/p>\n<p>&nbsp;<\/p>\n<p><strong>\u00d4nibus<\/strong><\/p>\n<p>&nbsp;<\/p>\n<p>O segmento tem chance de encerrar o ano com um dos maiores aumentos percentuais de todo o setor. \u201cApesar da base baixa de compara\u00e7\u00e3o, o mercado de \u00f4nibus vem acumulando bons n\u00fameros em 2023, com o retorno de investimento por parte dos transportadores e a retomada de programas governamentais de transporte p\u00fablico, como o Caminho da Escola, que j\u00e1 tem contrato para a aquisi\u00e7\u00e3o de mais 16 mil unidades entre 2024 e 2025\u201d, avalia o Presidente da FENABRAVE.<\/p>\n<p>&nbsp;<\/p>\n<p><strong>Motocicletas<\/strong><\/p>\n<p><strong>\u00a0<\/strong><\/p>\n<p>O mercado segue aquecido com boa possibilidade de superar o volume de 1,6 milh\u00e3o de motocicletas no ano. \u201cA \u00faltima vez que quebramos essa barreira foi em 2013, quando o mercado automotivo como um todo vivia um momento bem diferente do atual. Isso prova como a motocicleta se tornou importante para a mobilidade no Brasil. Os resultados poderiam ser ainda melhores n\u00e3o fosse a seca na Zona Franca de Manaus, que comprometeu o transporte de algumas marcas, assim como a restri\u00e7\u00e3o de cr\u00e9dito, que ainda se mant\u00e9m para o segmento, no que diz respeito a financiamentos para motos de at\u00e9 250 cilindradas\u201d, afirma o Presidente da FENABRAVE.<\/p>\n<p>&nbsp;<\/p>\n<p><strong>Motocicletas Eletrificadas<\/strong><\/p>\n<p>&nbsp;<\/p>\n<p>As motocicletas eletrificadas somam 7,7 mil unidades emplacadas no ano at\u00e9 o momento, volume 17,5% maior que o do mesmo per\u00edodo do ano passado. (Motor Mais)<\/p>\n","protected":false},"excerpt":{"rendered":"<p>Motor Mais &nbsp; Com at\u00e9 tr\u00eas feriados no m\u00eas (dependendo da localidade), o m\u00eas de novembro fechou com pequena retra\u00e7\u00e3o no n\u00famero de ve\u00edculos emplacados. Segundo dados da FENABRAVE \u2013 Federa\u00e7\u00e3o Nacional da Distribui\u00e7\u00e3o de Ve\u00edculos Automotores, foram emplacadas 361.206 unidades, contra 375.410 no m\u00eas de outubro. O resultado, por\u00e9m, foi 5,35% superior ao registrado\u2026 <a class=\"readmore\" href=\"https:\/\/dana.com.br\/canaldana\/2023\/12\/06\/feriados-afetam-emplacamentos-em-novembro\/\">Leia mais \u00bb<\/a><\/p>\n","protected":false},"author":3,"featured_media":0,"comment_status":"closed","ping_status":"closed","sticky":false,"template":"","format":"standard","meta":{"_acf_changed":false,"footnotes":""},"categories":[79],"tags":[],"class_list":["post-70222","post","type-post","status-publish","format-standard","hentry","category-mercado"],"acf":[],"yoast_head":"<!-- This site is optimized with the Yoast SEO plugin v27.3 - https:\/\/yoast.com\/product\/yoast-seo-wordpress\/ -->\n<title>Feriados afetam emplacamentos em novembro - Canal Dana<\/title>\n<meta name=\"robots\" content=\"index, follow, max-snippet:-1, max-image-preview:large, max-video-preview:-1\" \/>\n<link rel=\"canonical\" href=\"https:\/\/dana.com.br\/canaldana\/2023\/12\/06\/feriados-afetam-emplacamentos-em-novembro\/\" \/>\n<meta property=\"og:locale\" content=\"pt_BR\" \/>\n<meta property=\"og:type\" content=\"article\" \/>\n<meta property=\"og:title\" content=\"Feriados afetam emplacamentos em novembro - Canal Dana\" \/>\n<meta property=\"og:description\" content=\"Motor Mais &nbsp; Com at\u00e9 tr\u00eas feriados no m\u00eas (dependendo da localidade), o m\u00eas de novembro fechou com pequena retra\u00e7\u00e3o no n\u00famero de ve\u00edculos emplacados. Segundo dados da FENABRAVE \u2013 Federa\u00e7\u00e3o Nacional da Distribui\u00e7\u00e3o de Ve\u00edculos Automotores, foram emplacadas 361.206 unidades, contra 375.410 no m\u00eas de outubro. O resultado, por\u00e9m, foi 5,35% superior ao registrado\u2026 Leia mais \u00bb\" \/>\n<meta property=\"og:url\" content=\"https:\/\/dana.com.br\/canaldana\/2023\/12\/06\/feriados-afetam-emplacamentos-em-novembro\/\" \/>\n<meta property=\"og:site_name\" content=\"Canal Dana\" \/>\n<meta property=\"article:published_time\" content=\"2023-12-06T11:35:38+00:00\" \/>\n<meta name=\"author\" content=\"Canal Dana\" \/>\n<meta name=\"twitter:card\" content=\"summary_large_image\" \/>\n<meta name=\"twitter:label1\" content=\"Escrito por\" \/>\n\t<meta name=\"twitter:data1\" content=\"Canal Dana\" \/>\n\t<meta name=\"twitter:label2\" content=\"Est. tempo de leitura\" \/>\n\t<meta name=\"twitter:data2\" content=\"4 minutos\" \/>\n<script type=\"application\/ld+json\" class=\"yoast-schema-graph\">{\"@context\":\"https:\\\/\\\/schema.org\",\"@graph\":[{\"@type\":\"Article\",\"@id\":\"https:\\\/\\\/dana.com.br\\\/canaldana\\\/2023\\\/12\\\/06\\\/feriados-afetam-emplacamentos-em-novembro\\\/#article\",\"isPartOf\":{\"@id\":\"https:\\\/\\\/dana.com.br\\\/canaldana\\\/2023\\\/12\\\/06\\\/feriados-afetam-emplacamentos-em-novembro\\\/\"},\"author\":{\"name\":\"Canal Dana\",\"@id\":\"https:\\\/\\\/dana.com.br\\\/canaldana\\\/#\\\/schema\\\/person\\\/3c21f22f56fcf3bc46b94bc60ea4fef6\"},\"headline\":\"Feriados afetam emplacamentos em novembro\",\"datePublished\":\"2023-12-06T11:35:38+00:00\",\"mainEntityOfPage\":{\"@id\":\"https:\\\/\\\/dana.com.br\\\/canaldana\\\/2023\\\/12\\\/06\\\/feriados-afetam-emplacamentos-em-novembro\\\/\"},\"wordCount\":772,\"articleSection\":[\"Mercado\"],\"inLanguage\":\"pt-BR\"},{\"@type\":\"WebPage\",\"@id\":\"https:\\\/\\\/dana.com.br\\\/canaldana\\\/2023\\\/12\\\/06\\\/feriados-afetam-emplacamentos-em-novembro\\\/\",\"url\":\"https:\\\/\\\/dana.com.br\\\/canaldana\\\/2023\\\/12\\\/06\\\/feriados-afetam-emplacamentos-em-novembro\\\/\",\"name\":\"Feriados afetam emplacamentos em novembro - Canal Dana\",\"isPartOf\":{\"@id\":\"https:\\\/\\\/dana.com.br\\\/canaldana\\\/#website\"},\"datePublished\":\"2023-12-06T11:35:38+00:00\",\"author\":{\"@id\":\"https:\\\/\\\/dana.com.br\\\/canaldana\\\/#\\\/schema\\\/person\\\/3c21f22f56fcf3bc46b94bc60ea4fef6\"},\"breadcrumb\":{\"@id\":\"https:\\\/\\\/dana.com.br\\\/canaldana\\\/2023\\\/12\\\/06\\\/feriados-afetam-emplacamentos-em-novembro\\\/#breadcrumb\"},\"inLanguage\":\"pt-BR\",\"potentialAction\":[{\"@type\":\"ReadAction\",\"target\":[\"https:\\\/\\\/dana.com.br\\\/canaldana\\\/2023\\\/12\\\/06\\\/feriados-afetam-emplacamentos-em-novembro\\\/\"]}]},{\"@type\":\"BreadcrumbList\",\"@id\":\"https:\\\/\\\/dana.com.br\\\/canaldana\\\/2023\\\/12\\\/06\\\/feriados-afetam-emplacamentos-em-novembro\\\/#breadcrumb\",\"itemListElement\":[{\"@type\":\"ListItem\",\"position\":1,\"name\":\"Home\",\"item\":\"https:\\\/\\\/dana.com.br\\\/canaldana\\\/\"},{\"@type\":\"ListItem\",\"position\":2,\"name\":\"Mercado\",\"item\":\"https:\\\/\\\/dana.com.br\\\/canaldana\\\/mercado\\\/\"},{\"@type\":\"ListItem\",\"position\":3,\"name\":\"Feriados afetam emplacamentos em novembro\"}]},{\"@type\":\"WebSite\",\"@id\":\"https:\\\/\\\/dana.com.br\\\/canaldana\\\/#website\",\"url\":\"https:\\\/\\\/dana.com.br\\\/canaldana\\\/\",\"name\":\"Canal Dana\",\"description\":\"Informativo com as principais not\u00edcias da ind\u00fastria automotiva\",\"potentialAction\":[{\"@type\":\"SearchAction\",\"target\":{\"@type\":\"EntryPoint\",\"urlTemplate\":\"https:\\\/\\\/dana.com.br\\\/canaldana\\\/?s={search_term_string}\"},\"query-input\":{\"@type\":\"PropertyValueSpecification\",\"valueRequired\":true,\"valueName\":\"search_term_string\"}}],\"inLanguage\":\"pt-BR\"},{\"@type\":\"Person\",\"@id\":\"https:\\\/\\\/dana.com.br\\\/canaldana\\\/#\\\/schema\\\/person\\\/3c21f22f56fcf3bc46b94bc60ea4fef6\",\"name\":\"Canal Dana\",\"image\":{\"@type\":\"ImageObject\",\"inLanguage\":\"pt-BR\",\"@id\":\"https:\\\/\\\/secure.gravatar.com\\\/avatar\\\/420aaf9278582877d9018637c6817617705899d2858d7572ef0fe59a6b6454b4?s=96&d=mm&r=g\",\"url\":\"https:\\\/\\\/secure.gravatar.com\\\/avatar\\\/420aaf9278582877d9018637c6817617705899d2858d7572ef0fe59a6b6454b4?s=96&d=mm&r=g\",\"contentUrl\":\"https:\\\/\\\/secure.gravatar.com\\\/avatar\\\/420aaf9278582877d9018637c6817617705899d2858d7572ef0fe59a6b6454b4?s=96&d=mm&r=g\",\"caption\":\"Canal Dana\"},\"url\":\"https:\\\/\\\/dana.com.br\\\/canaldana\\\/author\\\/cdeditor\\\/\"}]}<\/script>\n<!-- \/ Yoast SEO plugin. -->","yoast_head_json":{"title":"Feriados afetam emplacamentos em novembro - Canal Dana","robots":{"index":"index","follow":"follow","max-snippet":"max-snippet:-1","max-image-preview":"max-image-preview:large","max-video-preview":"max-video-preview:-1"},"canonical":"https:\/\/dana.com.br\/canaldana\/2023\/12\/06\/feriados-afetam-emplacamentos-em-novembro\/","og_locale":"pt_BR","og_type":"article","og_title":"Feriados afetam emplacamentos em novembro - Canal Dana","og_description":"Motor Mais &nbsp; Com at\u00e9 tr\u00eas feriados no m\u00eas (dependendo da localidade), o m\u00eas de novembro fechou com pequena retra\u00e7\u00e3o no n\u00famero de ve\u00edculos emplacados. Segundo dados da FENABRAVE \u2013 Federa\u00e7\u00e3o Nacional da Distribui\u00e7\u00e3o de Ve\u00edculos Automotores, foram emplacadas 361.206 unidades, contra 375.410 no m\u00eas de outubro. O resultado, por\u00e9m, foi 5,35% superior ao registrado\u2026 Leia mais \u00bb","og_url":"https:\/\/dana.com.br\/canaldana\/2023\/12\/06\/feriados-afetam-emplacamentos-em-novembro\/","og_site_name":"Canal Dana","article_published_time":"2023-12-06T11:35:38+00:00","author":"Canal Dana","twitter_card":"summary_large_image","twitter_misc":{"Escrito por":"Canal Dana","Est. tempo de leitura":"4 minutos"},"schema":{"@context":"https:\/\/schema.org","@graph":[{"@type":"Article","@id":"https:\/\/dana.com.br\/canaldana\/2023\/12\/06\/feriados-afetam-emplacamentos-em-novembro\/#article","isPartOf":{"@id":"https:\/\/dana.com.br\/canaldana\/2023\/12\/06\/feriados-afetam-emplacamentos-em-novembro\/"},"author":{"name":"Canal Dana","@id":"https:\/\/dana.com.br\/canaldana\/#\/schema\/person\/3c21f22f56fcf3bc46b94bc60ea4fef6"},"headline":"Feriados afetam emplacamentos em novembro","datePublished":"2023-12-06T11:35:38+00:00","mainEntityOfPage":{"@id":"https:\/\/dana.com.br\/canaldana\/2023\/12\/06\/feriados-afetam-emplacamentos-em-novembro\/"},"wordCount":772,"articleSection":["Mercado"],"inLanguage":"pt-BR"},{"@type":"WebPage","@id":"https:\/\/dana.com.br\/canaldana\/2023\/12\/06\/feriados-afetam-emplacamentos-em-novembro\/","url":"https:\/\/dana.com.br\/canaldana\/2023\/12\/06\/feriados-afetam-emplacamentos-em-novembro\/","name":"Feriados afetam emplacamentos em novembro - Canal Dana","isPartOf":{"@id":"https:\/\/dana.com.br\/canaldana\/#website"},"datePublished":"2023-12-06T11:35:38+00:00","author":{"@id":"https:\/\/dana.com.br\/canaldana\/#\/schema\/person\/3c21f22f56fcf3bc46b94bc60ea4fef6"},"breadcrumb":{"@id":"https:\/\/dana.com.br\/canaldana\/2023\/12\/06\/feriados-afetam-emplacamentos-em-novembro\/#breadcrumb"},"inLanguage":"pt-BR","potentialAction":[{"@type":"ReadAction","target":["https:\/\/dana.com.br\/canaldana\/2023\/12\/06\/feriados-afetam-emplacamentos-em-novembro\/"]}]},{"@type":"BreadcrumbList","@id":"https:\/\/dana.com.br\/canaldana\/2023\/12\/06\/feriados-afetam-emplacamentos-em-novembro\/#breadcrumb","itemListElement":[{"@type":"ListItem","position":1,"name":"Home","item":"https:\/\/dana.com.br\/canaldana\/"},{"@type":"ListItem","position":2,"name":"Mercado","item":"https:\/\/dana.com.br\/canaldana\/mercado\/"},{"@type":"ListItem","position":3,"name":"Feriados afetam emplacamentos em novembro"}]},{"@type":"WebSite","@id":"https:\/\/dana.com.br\/canaldana\/#website","url":"https:\/\/dana.com.br\/canaldana\/","name":"Canal Dana","description":"Informativo com as principais not\u00edcias da ind\u00fastria automotiva","potentialAction":[{"@type":"SearchAction","target":{"@type":"EntryPoint","urlTemplate":"https:\/\/dana.com.br\/canaldana\/?s={search_term_string}"},"query-input":{"@type":"PropertyValueSpecification","valueRequired":true,"valueName":"search_term_string"}}],"inLanguage":"pt-BR"},{"@type":"Person","@id":"https:\/\/dana.com.br\/canaldana\/#\/schema\/person\/3c21f22f56fcf3bc46b94bc60ea4fef6","name":"Canal Dana","image":{"@type":"ImageObject","inLanguage":"pt-BR","@id":"https:\/\/secure.gravatar.com\/avatar\/420aaf9278582877d9018637c6817617705899d2858d7572ef0fe59a6b6454b4?s=96&d=mm&r=g","url":"https:\/\/secure.gravatar.com\/avatar\/420aaf9278582877d9018637c6817617705899d2858d7572ef0fe59a6b6454b4?s=96&d=mm&r=g","contentUrl":"https:\/\/secure.gravatar.com\/avatar\/420aaf9278582877d9018637c6817617705899d2858d7572ef0fe59a6b6454b4?s=96&d=mm&r=g","caption":"Canal Dana"},"url":"https:\/\/dana.com.br\/canaldana\/author\/cdeditor\/"}]}},"_links":{"self":[{"href":"https:\/\/dana.com.br\/canaldana\/wp-json\/wp\/v2\/posts\/70222","targetHints":{"allow":["GET"]}}],"collection":[{"href":"https:\/\/dana.com.br\/canaldana\/wp-json\/wp\/v2\/posts"}],"about":[{"href":"https:\/\/dana.com.br\/canaldana\/wp-json\/wp\/v2\/types\/post"}],"author":[{"embeddable":true,"href":"https:\/\/dana.com.br\/canaldana\/wp-json\/wp\/v2\/users\/3"}],"replies":[{"embeddable":true,"href":"https:\/\/dana.com.br\/canaldana\/wp-json\/wp\/v2\/comments?post=70222"}],"version-history":[{"count":1,"href":"https:\/\/dana.com.br\/canaldana\/wp-json\/wp\/v2\/posts\/70222\/revisions"}],"predecessor-version":[{"id":70223,"href":"https:\/\/dana.com.br\/canaldana\/wp-json\/wp\/v2\/posts\/70222\/revisions\/70223"}],"wp:attachment":[{"href":"https:\/\/dana.com.br\/canaldana\/wp-json\/wp\/v2\/media?parent=70222"}],"wp:term":[{"taxonomy":"category","embeddable":true,"href":"https:\/\/dana.com.br\/canaldana\/wp-json\/wp\/v2\/categories?post=70222"},{"taxonomy":"post_tag","embeddable":true,"href":"https:\/\/dana.com.br\/canaldana\/wp-json\/wp\/v2\/tags?post=70222"}],"curies":[{"name":"wp","href":"https:\/\/api.w.org\/{rel}","templated":true}]}}