{"id":70158,"date":"2023-12-04T09:14:12","date_gmt":"2023-12-04T12:14:12","guid":{"rendered":"https:\/\/dana.com.br\/canaldana\/?p=70158"},"modified":"2023-12-04T09:14:12","modified_gmt":"2023-12-04T12:14:12","slug":"competitividade-digital-brasil-perde-5-lugares-e-fica-na-57a-posicao-entre-64-paises","status":"publish","type":"post","link":"https:\/\/dana.com.br\/canaldana\/2023\/12\/04\/competitividade-digital-brasil-perde-5-lugares-e-fica-na-57a-posicao-entre-64-paises\/","title":{"rendered":"Competitividade digital, Brasil perde 5 lugares e fica na 57\u00aa posi\u00e7\u00e3o entre 64 pa\u00edses"},"content":{"rendered":"<p><em>O Estado de S. Paulo<\/em><\/p>\n<p>&nbsp;<\/p>\n<p>O Brasil caiu cinco posi\u00e7\u00f5es no Ranking Mundial de Competitividade Digital, ficando no 57.\u00ba lugar em uma lista de 64 pa\u00edses avaliados. Com o resultado, volta aos patamares de 2018 e 2019. Quando o estudo foi divulgado pela primeira vez, h\u00e1 sete anos, o Pa\u00eds figurava no 55.\u00ba posto. Na edi\u00e7\u00e3o do ano passado, ficou na 52.\u00aa coloca\u00e7\u00e3o.<\/p>\n<p>&nbsp;<\/p>\n<p>O ranking global \u00e9 feito anualmente pelo IMD World Competitiveness Center em parceria t\u00e9cnica com o N\u00facleo de Inova\u00e7\u00e3o e Empreendedorismo da Funda\u00e7\u00e3o Dom Cabral (FDC). E avalia a capacidade das economias para incorporar novas tecnologias digitais que podem impactar a produtividade, o crescimento dos pa\u00edses e das organiza\u00e7\u00f5es.<\/p>\n<p>&nbsp;<\/p>\n<p>No relat\u00f3rio deste ano, o Brasil est\u00e1 \u00e0 frente apenas de \u00c1frica do Sul, Filipinas, Botsuana, Argentina, Col\u00f4mbia, Mong\u00f3lia e Venezuela. A lista dos dez primeiros colocados \u2013 com os Estados Unidos na lideran\u00e7a ap\u00f3s ganhar uma posi\u00e7\u00e3o em rela\u00e7\u00e3o a 2022 \u2013, se manteve pouco alterada, com esse grupo de pa\u00edses se descolando cada vez mais dos demais.<\/p>\n<p>&nbsp;<\/p>\n<p>\u201cO desenvolvimento e a ado\u00e7\u00e3o de tecnologias digitais v\u00eam ampliando cada vez mais a dist\u00e2ncia entre os pa\u00edses no topo e na base da lista\u201d, diz Hugo Tadeu, diretor do N\u00facleo de Inova\u00e7\u00e3o e Empreendedorismo da FDC. \u201cPor isso, o ranking refor\u00e7a a import\u00e2ncia de um maior envolvimento da esfera p\u00fablica e privada na agenda de constru\u00e7\u00e3o de uma na\u00e7\u00e3o digital, pela complexidade e necessidade de atua\u00e7\u00e3o em coopera\u00e7\u00e3o para supera\u00e7\u00e3o de desafios.\u201d<\/p>\n<p>&nbsp;<\/p>\n<p><strong>Executivos s\u00e3o ouvidos<\/strong><\/p>\n<p>&nbsp;<\/p>\n<p>O estudo avalia tr\u00eas temas \u2013 conhecimento, tecnologia e prontid\u00e3o para o futuro \u2013, com base em 54 indicadores sobre temas como gest\u00e3o das cidades, fluxo de estudantes estrangeiros, treinamento e educa\u00e7\u00e3o, gasto sem pesquisa e desenvolvimento (P&amp; D), financiamento para o desenvolvimento tecnol\u00f3gico, servi\u00e7os banc\u00e1rios e financeiros, agilidade empresarial e seguran\u00e7a cibern\u00e9tica do governo.<\/p>\n<p>&nbsp;<\/p>\n<p>Tamb\u00e9m s\u00e3o avaliadas as percep\u00e7\u00f5es de cerca de 100 executivos brasileiros de diferentes setores, regi\u00f5es e portes de empresas, com o objetivo de se obter uma representa\u00e7\u00e3o geral do Pa\u00eds. Globalmente, a pesquisa teve a contribui\u00e7\u00e3o de mais de 6,4 mil executivos em todos os pa\u00edses da lista.<\/p>\n<p>&nbsp;<\/p>\n<p>Segundo o IMD, o estudo permite acompanhar e analisar os avan\u00e7os e retrocessos dos pa\u00edses sobre a pauta de transforma\u00e7\u00e3o digital ao longo destes anos. Tamb\u00e9m auxilia governos e empresas a identificarem \u00e1reas estrat\u00e9gicas para concentrar seus recursos e a determinar as melhores pr\u00e1ticas ao iniciar o processo de transforma\u00e7\u00e3o digital.<\/p>\n<p>&nbsp;<\/p>\n<p>\u201cO Brasil est\u00e1 sempre na rabeira porque as condi\u00e7\u00f5es estruturantes s\u00e3o as mesmas\u201d, diz o professor da FDC. No ano passado, o Pa\u00eds tinha perdido uma posi\u00e7\u00e3o e, neste ano, foram cinco. Uma das explica\u00e7\u00f5es \u00e9 que houve uma melhora significativa dos dez primeiros colocados.<\/p>\n<p>&nbsp;<\/p>\n<p>Na frente O desenvolvimento e a ado\u00e7\u00e3o de tecnologias digitais t\u00eam aumentado a dist\u00e2ncia de pa\u00edses l\u00edderes<\/p>\n<p>&nbsp;<\/p>\n<p>\u201cLevando-se em conta uma pontua\u00e7\u00e3o at\u00e9 100, eles ficam sempre orbitando na m\u00e9dia dos 95 pontos porque fazem investimentos significativos em ci\u00eancia e tecnologia, que \u00e9 o que mais gera riqueza para um pa\u00eds.\u201d<\/p>\n<p>&nbsp;<\/p>\n<p>Segundo ele, esses pa\u00edses precisam ser copiados para puxar a agenda de crescimento dos demais. \u201cTodo pa\u00eds que tem uma performance econ\u00f4mica elevada teve o Estado como indutor num primeiro momento, gerou fomento e reduziu custo de capital para ci\u00eancia e tecnologia\u201d, ressalta. (O Estado de S. Paulo\/Cleide Silva)<\/p>\n","protected":false},"excerpt":{"rendered":"<p>O Estado de S. Paulo &nbsp; O Brasil caiu cinco posi\u00e7\u00f5es no Ranking Mundial de Competitividade Digital, ficando no 57.\u00ba lugar em uma lista de 64 pa\u00edses avaliados. Com o resultado, volta aos patamares de 2018 e 2019. Quando o estudo foi divulgado pela primeira vez, h\u00e1 sete anos, o Pa\u00eds figurava no 55.\u00ba posto.\u2026 <a class=\"readmore\" href=\"https:\/\/dana.com.br\/canaldana\/2023\/12\/04\/competitividade-digital-brasil-perde-5-lugares-e-fica-na-57a-posicao-entre-64-paises\/\">Leia mais \u00bb<\/a><\/p>\n","protected":false},"author":3,"featured_media":0,"comment_status":"closed","ping_status":"closed","sticky":false,"template":"","format":"standard","meta":{"_acf_changed":false,"footnotes":""},"categories":[61],"tags":[],"class_list":["post-70158","post","type-post","status-publish","format-standard","hentry","category-destaques"],"acf":[],"yoast_head":"<!-- This site is optimized with the Yoast SEO plugin v27.3 - https:\/\/yoast.com\/product\/yoast-seo-wordpress\/ -->\n<title>Competitividade digital, Brasil perde 5 lugares e fica na 57\u00aa posi\u00e7\u00e3o entre 64 pa\u00edses - Canal Dana<\/title>\n<meta name=\"robots\" content=\"index, follow, max-snippet:-1, max-image-preview:large, max-video-preview:-1\" \/>\n<link rel=\"canonical\" href=\"https:\/\/dana.com.br\/canaldana\/2023\/12\/04\/competitividade-digital-brasil-perde-5-lugares-e-fica-na-57a-posicao-entre-64-paises\/\" \/>\n<meta property=\"og:locale\" content=\"pt_BR\" \/>\n<meta property=\"og:type\" content=\"article\" \/>\n<meta property=\"og:title\" content=\"Competitividade digital, Brasil perde 5 lugares e fica na 57\u00aa posi\u00e7\u00e3o entre 64 pa\u00edses - Canal Dana\" \/>\n<meta property=\"og:description\" content=\"O Estado de S. Paulo &nbsp; O Brasil caiu cinco posi\u00e7\u00f5es no Ranking Mundial de Competitividade Digital, ficando no 57.\u00ba lugar em uma lista de 64 pa\u00edses avaliados. Com o resultado, volta aos patamares de 2018 e 2019. Quando o estudo foi divulgado pela primeira vez, h\u00e1 sete anos, o Pa\u00eds figurava no 55.\u00ba posto.\u2026 Leia mais \u00bb\" \/>\n<meta property=\"og:url\" content=\"https:\/\/dana.com.br\/canaldana\/2023\/12\/04\/competitividade-digital-brasil-perde-5-lugares-e-fica-na-57a-posicao-entre-64-paises\/\" \/>\n<meta property=\"og:site_name\" content=\"Canal Dana\" \/>\n<meta property=\"article:published_time\" content=\"2023-12-04T12:14:12+00:00\" \/>\n<meta name=\"author\" content=\"Canal Dana\" \/>\n<meta name=\"twitter:card\" content=\"summary_large_image\" \/>\n<meta name=\"twitter:label1\" content=\"Escrito por\" \/>\n\t<meta name=\"twitter:data1\" content=\"Canal Dana\" \/>\n\t<meta name=\"twitter:label2\" content=\"Est. tempo de leitura\" \/>\n\t<meta name=\"twitter:data2\" content=\"3 minutos\" \/>\n<script type=\"application\/ld+json\" class=\"yoast-schema-graph\">{\"@context\":\"https:\\\/\\\/schema.org\",\"@graph\":[{\"@type\":\"Article\",\"@id\":\"https:\\\/\\\/dana.com.br\\\/canaldana\\\/2023\\\/12\\\/04\\\/competitividade-digital-brasil-perde-5-lugares-e-fica-na-57a-posicao-entre-64-paises\\\/#article\",\"isPartOf\":{\"@id\":\"https:\\\/\\\/dana.com.br\\\/canaldana\\\/2023\\\/12\\\/04\\\/competitividade-digital-brasil-perde-5-lugares-e-fica-na-57a-posicao-entre-64-paises\\\/\"},\"author\":{\"name\":\"Canal Dana\",\"@id\":\"https:\\\/\\\/dana.com.br\\\/canaldana\\\/#\\\/schema\\\/person\\\/3c21f22f56fcf3bc46b94bc60ea4fef6\"},\"headline\":\"Competitividade digital, Brasil perde 5 lugares e fica na 57\u00aa posi\u00e7\u00e3o entre 64 pa\u00edses\",\"datePublished\":\"2023-12-04T12:14:12+00:00\",\"mainEntityOfPage\":{\"@id\":\"https:\\\/\\\/dana.com.br\\\/canaldana\\\/2023\\\/12\\\/04\\\/competitividade-digital-brasil-perde-5-lugares-e-fica-na-57a-posicao-entre-64-paises\\\/\"},\"wordCount\":629,\"articleSection\":[\"Destaques\"],\"inLanguage\":\"pt-BR\"},{\"@type\":\"WebPage\",\"@id\":\"https:\\\/\\\/dana.com.br\\\/canaldana\\\/2023\\\/12\\\/04\\\/competitividade-digital-brasil-perde-5-lugares-e-fica-na-57a-posicao-entre-64-paises\\\/\",\"url\":\"https:\\\/\\\/dana.com.br\\\/canaldana\\\/2023\\\/12\\\/04\\\/competitividade-digital-brasil-perde-5-lugares-e-fica-na-57a-posicao-entre-64-paises\\\/\",\"name\":\"Competitividade digital, Brasil perde 5 lugares e fica na 57\u00aa posi\u00e7\u00e3o entre 64 pa\u00edses - Canal Dana\",\"isPartOf\":{\"@id\":\"https:\\\/\\\/dana.com.br\\\/canaldana\\\/#website\"},\"datePublished\":\"2023-12-04T12:14:12+00:00\",\"author\":{\"@id\":\"https:\\\/\\\/dana.com.br\\\/canaldana\\\/#\\\/schema\\\/person\\\/3c21f22f56fcf3bc46b94bc60ea4fef6\"},\"breadcrumb\":{\"@id\":\"https:\\\/\\\/dana.com.br\\\/canaldana\\\/2023\\\/12\\\/04\\\/competitividade-digital-brasil-perde-5-lugares-e-fica-na-57a-posicao-entre-64-paises\\\/#breadcrumb\"},\"inLanguage\":\"pt-BR\",\"potentialAction\":[{\"@type\":\"ReadAction\",\"target\":[\"https:\\\/\\\/dana.com.br\\\/canaldana\\\/2023\\\/12\\\/04\\\/competitividade-digital-brasil-perde-5-lugares-e-fica-na-57a-posicao-entre-64-paises\\\/\"]}]},{\"@type\":\"BreadcrumbList\",\"@id\":\"https:\\\/\\\/dana.com.br\\\/canaldana\\\/2023\\\/12\\\/04\\\/competitividade-digital-brasil-perde-5-lugares-e-fica-na-57a-posicao-entre-64-paises\\\/#breadcrumb\",\"itemListElement\":[{\"@type\":\"ListItem\",\"position\":1,\"name\":\"Home\",\"item\":\"https:\\\/\\\/dana.com.br\\\/canaldana\\\/\"},{\"@type\":\"ListItem\",\"position\":2,\"name\":\"Destaques\",\"item\":\"https:\\\/\\\/dana.com.br\\\/canaldana\\\/destaques\\\/\"},{\"@type\":\"ListItem\",\"position\":3,\"name\":\"Competitividade digital, Brasil perde 5 lugares e fica na 57\u00aa posi\u00e7\u00e3o entre 64 pa\u00edses\"}]},{\"@type\":\"WebSite\",\"@id\":\"https:\\\/\\\/dana.com.br\\\/canaldana\\\/#website\",\"url\":\"https:\\\/\\\/dana.com.br\\\/canaldana\\\/\",\"name\":\"Canal Dana\",\"description\":\"Informativo com as principais not\u00edcias da ind\u00fastria automotiva\",\"potentialAction\":[{\"@type\":\"SearchAction\",\"target\":{\"@type\":\"EntryPoint\",\"urlTemplate\":\"https:\\\/\\\/dana.com.br\\\/canaldana\\\/?s={search_term_string}\"},\"query-input\":{\"@type\":\"PropertyValueSpecification\",\"valueRequired\":true,\"valueName\":\"search_term_string\"}}],\"inLanguage\":\"pt-BR\"},{\"@type\":\"Person\",\"@id\":\"https:\\\/\\\/dana.com.br\\\/canaldana\\\/#\\\/schema\\\/person\\\/3c21f22f56fcf3bc46b94bc60ea4fef6\",\"name\":\"Canal Dana\",\"image\":{\"@type\":\"ImageObject\",\"inLanguage\":\"pt-BR\",\"@id\":\"https:\\\/\\\/secure.gravatar.com\\\/avatar\\\/420aaf9278582877d9018637c6817617705899d2858d7572ef0fe59a6b6454b4?s=96&d=mm&r=g\",\"url\":\"https:\\\/\\\/secure.gravatar.com\\\/avatar\\\/420aaf9278582877d9018637c6817617705899d2858d7572ef0fe59a6b6454b4?s=96&d=mm&r=g\",\"contentUrl\":\"https:\\\/\\\/secure.gravatar.com\\\/avatar\\\/420aaf9278582877d9018637c6817617705899d2858d7572ef0fe59a6b6454b4?s=96&d=mm&r=g\",\"caption\":\"Canal Dana\"},\"url\":\"https:\\\/\\\/dana.com.br\\\/canaldana\\\/author\\\/cdeditor\\\/\"}]}<\/script>\n<!-- \/ Yoast SEO plugin. -->","yoast_head_json":{"title":"Competitividade digital, Brasil perde 5 lugares e fica na 57\u00aa posi\u00e7\u00e3o entre 64 pa\u00edses - Canal Dana","robots":{"index":"index","follow":"follow","max-snippet":"max-snippet:-1","max-image-preview":"max-image-preview:large","max-video-preview":"max-video-preview:-1"},"canonical":"https:\/\/dana.com.br\/canaldana\/2023\/12\/04\/competitividade-digital-brasil-perde-5-lugares-e-fica-na-57a-posicao-entre-64-paises\/","og_locale":"pt_BR","og_type":"article","og_title":"Competitividade digital, Brasil perde 5 lugares e fica na 57\u00aa posi\u00e7\u00e3o entre 64 pa\u00edses - Canal Dana","og_description":"O Estado de S. Paulo &nbsp; O Brasil caiu cinco posi\u00e7\u00f5es no Ranking Mundial de Competitividade Digital, ficando no 57.\u00ba lugar em uma lista de 64 pa\u00edses avaliados. Com o resultado, volta aos patamares de 2018 e 2019. Quando o estudo foi divulgado pela primeira vez, h\u00e1 sete anos, o Pa\u00eds figurava no 55.\u00ba posto.\u2026 Leia mais \u00bb","og_url":"https:\/\/dana.com.br\/canaldana\/2023\/12\/04\/competitividade-digital-brasil-perde-5-lugares-e-fica-na-57a-posicao-entre-64-paises\/","og_site_name":"Canal Dana","article_published_time":"2023-12-04T12:14:12+00:00","author":"Canal Dana","twitter_card":"summary_large_image","twitter_misc":{"Escrito por":"Canal Dana","Est. tempo de leitura":"3 minutos"},"schema":{"@context":"https:\/\/schema.org","@graph":[{"@type":"Article","@id":"https:\/\/dana.com.br\/canaldana\/2023\/12\/04\/competitividade-digital-brasil-perde-5-lugares-e-fica-na-57a-posicao-entre-64-paises\/#article","isPartOf":{"@id":"https:\/\/dana.com.br\/canaldana\/2023\/12\/04\/competitividade-digital-brasil-perde-5-lugares-e-fica-na-57a-posicao-entre-64-paises\/"},"author":{"name":"Canal Dana","@id":"https:\/\/dana.com.br\/canaldana\/#\/schema\/person\/3c21f22f56fcf3bc46b94bc60ea4fef6"},"headline":"Competitividade digital, Brasil perde 5 lugares e fica na 57\u00aa posi\u00e7\u00e3o entre 64 pa\u00edses","datePublished":"2023-12-04T12:14:12+00:00","mainEntityOfPage":{"@id":"https:\/\/dana.com.br\/canaldana\/2023\/12\/04\/competitividade-digital-brasil-perde-5-lugares-e-fica-na-57a-posicao-entre-64-paises\/"},"wordCount":629,"articleSection":["Destaques"],"inLanguage":"pt-BR"},{"@type":"WebPage","@id":"https:\/\/dana.com.br\/canaldana\/2023\/12\/04\/competitividade-digital-brasil-perde-5-lugares-e-fica-na-57a-posicao-entre-64-paises\/","url":"https:\/\/dana.com.br\/canaldana\/2023\/12\/04\/competitividade-digital-brasil-perde-5-lugares-e-fica-na-57a-posicao-entre-64-paises\/","name":"Competitividade digital, Brasil perde 5 lugares e fica na 57\u00aa posi\u00e7\u00e3o entre 64 pa\u00edses - Canal Dana","isPartOf":{"@id":"https:\/\/dana.com.br\/canaldana\/#website"},"datePublished":"2023-12-04T12:14:12+00:00","author":{"@id":"https:\/\/dana.com.br\/canaldana\/#\/schema\/person\/3c21f22f56fcf3bc46b94bc60ea4fef6"},"breadcrumb":{"@id":"https:\/\/dana.com.br\/canaldana\/2023\/12\/04\/competitividade-digital-brasil-perde-5-lugares-e-fica-na-57a-posicao-entre-64-paises\/#breadcrumb"},"inLanguage":"pt-BR","potentialAction":[{"@type":"ReadAction","target":["https:\/\/dana.com.br\/canaldana\/2023\/12\/04\/competitividade-digital-brasil-perde-5-lugares-e-fica-na-57a-posicao-entre-64-paises\/"]}]},{"@type":"BreadcrumbList","@id":"https:\/\/dana.com.br\/canaldana\/2023\/12\/04\/competitividade-digital-brasil-perde-5-lugares-e-fica-na-57a-posicao-entre-64-paises\/#breadcrumb","itemListElement":[{"@type":"ListItem","position":1,"name":"Home","item":"https:\/\/dana.com.br\/canaldana\/"},{"@type":"ListItem","position":2,"name":"Destaques","item":"https:\/\/dana.com.br\/canaldana\/destaques\/"},{"@type":"ListItem","position":3,"name":"Competitividade digital, Brasil perde 5 lugares e fica na 57\u00aa posi\u00e7\u00e3o entre 64 pa\u00edses"}]},{"@type":"WebSite","@id":"https:\/\/dana.com.br\/canaldana\/#website","url":"https:\/\/dana.com.br\/canaldana\/","name":"Canal Dana","description":"Informativo com as principais not\u00edcias da ind\u00fastria automotiva","potentialAction":[{"@type":"SearchAction","target":{"@type":"EntryPoint","urlTemplate":"https:\/\/dana.com.br\/canaldana\/?s={search_term_string}"},"query-input":{"@type":"PropertyValueSpecification","valueRequired":true,"valueName":"search_term_string"}}],"inLanguage":"pt-BR"},{"@type":"Person","@id":"https:\/\/dana.com.br\/canaldana\/#\/schema\/person\/3c21f22f56fcf3bc46b94bc60ea4fef6","name":"Canal Dana","image":{"@type":"ImageObject","inLanguage":"pt-BR","@id":"https:\/\/secure.gravatar.com\/avatar\/420aaf9278582877d9018637c6817617705899d2858d7572ef0fe59a6b6454b4?s=96&d=mm&r=g","url":"https:\/\/secure.gravatar.com\/avatar\/420aaf9278582877d9018637c6817617705899d2858d7572ef0fe59a6b6454b4?s=96&d=mm&r=g","contentUrl":"https:\/\/secure.gravatar.com\/avatar\/420aaf9278582877d9018637c6817617705899d2858d7572ef0fe59a6b6454b4?s=96&d=mm&r=g","caption":"Canal Dana"},"url":"https:\/\/dana.com.br\/canaldana\/author\/cdeditor\/"}]}},"_links":{"self":[{"href":"https:\/\/dana.com.br\/canaldana\/wp-json\/wp\/v2\/posts\/70158","targetHints":{"allow":["GET"]}}],"collection":[{"href":"https:\/\/dana.com.br\/canaldana\/wp-json\/wp\/v2\/posts"}],"about":[{"href":"https:\/\/dana.com.br\/canaldana\/wp-json\/wp\/v2\/types\/post"}],"author":[{"embeddable":true,"href":"https:\/\/dana.com.br\/canaldana\/wp-json\/wp\/v2\/users\/3"}],"replies":[{"embeddable":true,"href":"https:\/\/dana.com.br\/canaldana\/wp-json\/wp\/v2\/comments?post=70158"}],"version-history":[{"count":1,"href":"https:\/\/dana.com.br\/canaldana\/wp-json\/wp\/v2\/posts\/70158\/revisions"}],"predecessor-version":[{"id":70159,"href":"https:\/\/dana.com.br\/canaldana\/wp-json\/wp\/v2\/posts\/70158\/revisions\/70159"}],"wp:attachment":[{"href":"https:\/\/dana.com.br\/canaldana\/wp-json\/wp\/v2\/media?parent=70158"}],"wp:term":[{"taxonomy":"category","embeddable":true,"href":"https:\/\/dana.com.br\/canaldana\/wp-json\/wp\/v2\/categories?post=70158"},{"taxonomy":"post_tag","embeddable":true,"href":"https:\/\/dana.com.br\/canaldana\/wp-json\/wp\/v2\/tags?post=70158"}],"curies":[{"name":"wp","href":"https:\/\/api.w.org\/{rel}","templated":true}]}}