{"id":69615,"date":"2023-11-09T08:35:56","date_gmt":"2023-11-09T11:35:56","guid":{"rendered":"https:\/\/dana.com.br\/canaldana\/?p=69615"},"modified":"2023-11-09T08:35:56","modified_gmt":"2023-11-09T11:35:56","slug":"caoa-celebra-a-semana-mundial-da-qualidade","status":"publish","type":"post","link":"https:\/\/dana.com.br\/canaldana\/2023\/11\/09\/caoa-celebra-a-semana-mundial-da-qualidade\/","title":{"rendered":"CAOA celebra a Semana Mundial da Qualidade"},"content":{"rendered":"<p><em>Motor Mais<\/em><\/p>\n<p>&nbsp;<\/p>\n<p>Durante os dias 8, 9 e 10, a CAOA Montadora celebra a Semana Mundial da Qualidade. A data \u00e9 reconhecida como a mais importante do ano para profissionais da Qualidade e entusiastas de Sistemas de Gest\u00e3o, tendo sua origem no Jap\u00e3o em 1960, idealizado pela Japanese Union of Scientists and Engineers (JUSE).<\/p>\n<p>&nbsp;<\/p>\n<p>Com o tema \u201cQualidade com Sustentabilidade: melhorando nossos produtos, pessoas e planeta\u201d, a CAOA Montadora ir\u00e1 promover a import\u00e2ncia da Qualidade em todas as suas opera\u00e7\u00f5es. Ser\u00e3o dedicados esfor\u00e7os especiais para conscientizar e aprimorar a cultura da qualidade, destacando o compromisso com a excel\u00eancia em todos os aspectos do trabalho.<\/p>\n<p>&nbsp;<\/p>\n<p>O que est\u00e1 planejado para a Semana da Qualidade na CAOA Montadora:<\/p>\n<p>&nbsp;<\/p>\n<ol>\n<li>Apresenta\u00e7\u00f5es e Palestras: ir\u00e3o abordar t\u00f3picos relevantes para a qualidade, inova\u00e7\u00e3o e melhoria cont\u00ednua de todos os processos;<\/li>\n<\/ol>\n<p>&nbsp;<\/p>\n<ol start=\"2\">\n<li>Desafios: a empresa ir\u00e1 promover uma competi\u00e7\u00e3o de qualidade, incentivando a participa\u00e7\u00e3o de todos para demonstrar habilidades, conhecimentos e ideias inovadoras;<\/li>\n<\/ol>\n<p>&nbsp;<\/p>\n<ol start=\"3\">\n<li>Comunica\u00e7\u00e3o Aberta: todos os colaboradores ser\u00e3o encorajados a compartilhar ideias e sugest\u00f5es para melhorias na f\u00e1brica, com canais de comunica\u00e7\u00e3o dedicados para feedback e troca de experi\u00eancias;<\/li>\n<\/ol>\n<p>&nbsp;<\/p>\n<ol start=\"4\">\n<li>Din\u00e2micas nas Refei\u00e7\u00f5es: din\u00e2micas sobre Qualidade durante os hor\u00e1rios das refei\u00e7\u00f5es, incluindo um almo\u00e7o especial para comemorar a semana;<\/li>\n<\/ol>\n<p>&nbsp;<\/p>\n<ol start=\"5\">\n<li>Estandes de Inova\u00e7\u00e3o realizados em parceria com fornecedores da CAOA Montadora: apresenta\u00e7\u00e3o de novas ferramentas e sistemas voltados para aperfei\u00e7oamento na \u00e1rea de Qualidade;<\/li>\n<\/ol>\n<p>&nbsp;<\/p>\n<ol start=\"6\">\n<li>Sorteio de brindes: para os colaboradores que participarem ativamente das agendas propostas.<\/li>\n<\/ol>\n<p>&nbsp;<\/p>\n<p>A CAOA \u00e9 reconhecida por produzir modelos com tecnologia avan\u00e7ada, design e, em especial, alta qualidade. No Brasil, a empresa conta com uma \u00e1rea de engenharia especializada no desenvolvimento de novos produtos e sistemas, al\u00e9m de um time t\u00e9cnico de Qualidade, focado justamente no controle di\u00e1rio da produ\u00e7\u00e3o na planta de An\u00e1polis. Antes de chegar \u00e0s m\u00e3os dos clientes, todos os ve\u00edculos fabricados no complexo, passam por minuciosa inspe\u00e7\u00e3o e testes obrigat\u00f3rios que atingem padr\u00f5es internacionais de qualidade. (Motor Mais)<\/p>\n","protected":false},"excerpt":{"rendered":"<p>Motor Mais &nbsp; Durante os dias 8, 9 e 10, a CAOA Montadora celebra a Semana Mundial da Qualidade. A data \u00e9 reconhecida como a mais importante do ano para profissionais da Qualidade e entusiastas de Sistemas de Gest\u00e3o, tendo sua origem no Jap\u00e3o em 1960, idealizado pela Japanese Union of Scientists and Engineers (JUSE).\u2026 <a class=\"readmore\" href=\"https:\/\/dana.com.br\/canaldana\/2023\/11\/09\/caoa-celebra-a-semana-mundial-da-qualidade\/\">Leia mais \u00bb<\/a><\/p>\n","protected":false},"author":3,"featured_media":0,"comment_status":"closed","ping_status":"closed","sticky":false,"template":"","format":"standard","meta":{"_acf_changed":false,"footnotes":""},"categories":[79],"tags":[],"class_list":["post-69615","post","type-post","status-publish","format-standard","hentry","category-mercado"],"acf":[],"yoast_head":"<!-- This site is optimized with the Yoast SEO plugin v27.3 - https:\/\/yoast.com\/product\/yoast-seo-wordpress\/ -->\n<title>CAOA celebra a Semana Mundial da Qualidade - Canal Dana<\/title>\n<meta name=\"robots\" content=\"index, follow, max-snippet:-1, max-image-preview:large, max-video-preview:-1\" \/>\n<link rel=\"canonical\" href=\"https:\/\/dana.com.br\/canaldana\/2023\/11\/09\/caoa-celebra-a-semana-mundial-da-qualidade\/\" \/>\n<meta property=\"og:locale\" content=\"pt_BR\" \/>\n<meta property=\"og:type\" content=\"article\" \/>\n<meta property=\"og:title\" content=\"CAOA celebra a Semana Mundial da Qualidade - Canal Dana\" \/>\n<meta property=\"og:description\" content=\"Motor Mais &nbsp; Durante os dias 8, 9 e 10, a CAOA Montadora celebra a Semana Mundial da Qualidade. A data \u00e9 reconhecida como a mais importante do ano para profissionais da Qualidade e entusiastas de Sistemas de Gest\u00e3o, tendo sua origem no Jap\u00e3o em 1960, idealizado pela Japanese Union of Scientists and Engineers (JUSE).\u2026 Leia mais \u00bb\" \/>\n<meta property=\"og:url\" content=\"https:\/\/dana.com.br\/canaldana\/2023\/11\/09\/caoa-celebra-a-semana-mundial-da-qualidade\/\" \/>\n<meta property=\"og:site_name\" content=\"Canal Dana\" \/>\n<meta property=\"article:published_time\" content=\"2023-11-09T11:35:56+00:00\" \/>\n<meta name=\"author\" content=\"Canal Dana\" \/>\n<meta name=\"twitter:card\" content=\"summary_large_image\" \/>\n<meta name=\"twitter:label1\" content=\"Escrito por\" \/>\n\t<meta name=\"twitter:data1\" content=\"Canal Dana\" \/>\n\t<meta name=\"twitter:label2\" content=\"Est. tempo de leitura\" \/>\n\t<meta name=\"twitter:data2\" content=\"2 minutos\" \/>\n<script type=\"application\/ld+json\" class=\"yoast-schema-graph\">{\"@context\":\"https:\\\/\\\/schema.org\",\"@graph\":[{\"@type\":\"Article\",\"@id\":\"https:\\\/\\\/dana.com.br\\\/canaldana\\\/2023\\\/11\\\/09\\\/caoa-celebra-a-semana-mundial-da-qualidade\\\/#article\",\"isPartOf\":{\"@id\":\"https:\\\/\\\/dana.com.br\\\/canaldana\\\/2023\\\/11\\\/09\\\/caoa-celebra-a-semana-mundial-da-qualidade\\\/\"},\"author\":{\"name\":\"Canal Dana\",\"@id\":\"https:\\\/\\\/dana.com.br\\\/canaldana\\\/#\\\/schema\\\/person\\\/3c21f22f56fcf3bc46b94bc60ea4fef6\"},\"headline\":\"CAOA celebra a Semana Mundial da Qualidade\",\"datePublished\":\"2023-11-09T11:35:56+00:00\",\"mainEntityOfPage\":{\"@id\":\"https:\\\/\\\/dana.com.br\\\/canaldana\\\/2023\\\/11\\\/09\\\/caoa-celebra-a-semana-mundial-da-qualidade\\\/\"},\"wordCount\":368,\"articleSection\":[\"Mercado\"],\"inLanguage\":\"pt-BR\"},{\"@type\":\"WebPage\",\"@id\":\"https:\\\/\\\/dana.com.br\\\/canaldana\\\/2023\\\/11\\\/09\\\/caoa-celebra-a-semana-mundial-da-qualidade\\\/\",\"url\":\"https:\\\/\\\/dana.com.br\\\/canaldana\\\/2023\\\/11\\\/09\\\/caoa-celebra-a-semana-mundial-da-qualidade\\\/\",\"name\":\"CAOA celebra a Semana Mundial da Qualidade - Canal Dana\",\"isPartOf\":{\"@id\":\"https:\\\/\\\/dana.com.br\\\/canaldana\\\/#website\"},\"datePublished\":\"2023-11-09T11:35:56+00:00\",\"author\":{\"@id\":\"https:\\\/\\\/dana.com.br\\\/canaldana\\\/#\\\/schema\\\/person\\\/3c21f22f56fcf3bc46b94bc60ea4fef6\"},\"breadcrumb\":{\"@id\":\"https:\\\/\\\/dana.com.br\\\/canaldana\\\/2023\\\/11\\\/09\\\/caoa-celebra-a-semana-mundial-da-qualidade\\\/#breadcrumb\"},\"inLanguage\":\"pt-BR\",\"potentialAction\":[{\"@type\":\"ReadAction\",\"target\":[\"https:\\\/\\\/dana.com.br\\\/canaldana\\\/2023\\\/11\\\/09\\\/caoa-celebra-a-semana-mundial-da-qualidade\\\/\"]}]},{\"@type\":\"BreadcrumbList\",\"@id\":\"https:\\\/\\\/dana.com.br\\\/canaldana\\\/2023\\\/11\\\/09\\\/caoa-celebra-a-semana-mundial-da-qualidade\\\/#breadcrumb\",\"itemListElement\":[{\"@type\":\"ListItem\",\"position\":1,\"name\":\"Home\",\"item\":\"https:\\\/\\\/dana.com.br\\\/canaldana\\\/\"},{\"@type\":\"ListItem\",\"position\":2,\"name\":\"Mercado\",\"item\":\"https:\\\/\\\/dana.com.br\\\/canaldana\\\/mercado\\\/\"},{\"@type\":\"ListItem\",\"position\":3,\"name\":\"CAOA celebra a Semana Mundial da Qualidade\"}]},{\"@type\":\"WebSite\",\"@id\":\"https:\\\/\\\/dana.com.br\\\/canaldana\\\/#website\",\"url\":\"https:\\\/\\\/dana.com.br\\\/canaldana\\\/\",\"name\":\"Canal Dana\",\"description\":\"Informativo com as principais not\u00edcias da ind\u00fastria automotiva\",\"potentialAction\":[{\"@type\":\"SearchAction\",\"target\":{\"@type\":\"EntryPoint\",\"urlTemplate\":\"https:\\\/\\\/dana.com.br\\\/canaldana\\\/?s={search_term_string}\"},\"query-input\":{\"@type\":\"PropertyValueSpecification\",\"valueRequired\":true,\"valueName\":\"search_term_string\"}}],\"inLanguage\":\"pt-BR\"},{\"@type\":\"Person\",\"@id\":\"https:\\\/\\\/dana.com.br\\\/canaldana\\\/#\\\/schema\\\/person\\\/3c21f22f56fcf3bc46b94bc60ea4fef6\",\"name\":\"Canal Dana\",\"image\":{\"@type\":\"ImageObject\",\"inLanguage\":\"pt-BR\",\"@id\":\"https:\\\/\\\/secure.gravatar.com\\\/avatar\\\/420aaf9278582877d9018637c6817617705899d2858d7572ef0fe59a6b6454b4?s=96&d=mm&r=g\",\"url\":\"https:\\\/\\\/secure.gravatar.com\\\/avatar\\\/420aaf9278582877d9018637c6817617705899d2858d7572ef0fe59a6b6454b4?s=96&d=mm&r=g\",\"contentUrl\":\"https:\\\/\\\/secure.gravatar.com\\\/avatar\\\/420aaf9278582877d9018637c6817617705899d2858d7572ef0fe59a6b6454b4?s=96&d=mm&r=g\",\"caption\":\"Canal Dana\"},\"url\":\"https:\\\/\\\/dana.com.br\\\/canaldana\\\/author\\\/cdeditor\\\/\"}]}<\/script>\n<!-- \/ Yoast SEO plugin. -->","yoast_head_json":{"title":"CAOA celebra a Semana Mundial da Qualidade - Canal Dana","robots":{"index":"index","follow":"follow","max-snippet":"max-snippet:-1","max-image-preview":"max-image-preview:large","max-video-preview":"max-video-preview:-1"},"canonical":"https:\/\/dana.com.br\/canaldana\/2023\/11\/09\/caoa-celebra-a-semana-mundial-da-qualidade\/","og_locale":"pt_BR","og_type":"article","og_title":"CAOA celebra a Semana Mundial da Qualidade - Canal Dana","og_description":"Motor Mais &nbsp; Durante os dias 8, 9 e 10, a CAOA Montadora celebra a Semana Mundial da Qualidade. A data \u00e9 reconhecida como a mais importante do ano para profissionais da Qualidade e entusiastas de Sistemas de Gest\u00e3o, tendo sua origem no Jap\u00e3o em 1960, idealizado pela Japanese Union of Scientists and Engineers (JUSE).\u2026 Leia mais \u00bb","og_url":"https:\/\/dana.com.br\/canaldana\/2023\/11\/09\/caoa-celebra-a-semana-mundial-da-qualidade\/","og_site_name":"Canal Dana","article_published_time":"2023-11-09T11:35:56+00:00","author":"Canal Dana","twitter_card":"summary_large_image","twitter_misc":{"Escrito por":"Canal Dana","Est. tempo de leitura":"2 minutos"},"schema":{"@context":"https:\/\/schema.org","@graph":[{"@type":"Article","@id":"https:\/\/dana.com.br\/canaldana\/2023\/11\/09\/caoa-celebra-a-semana-mundial-da-qualidade\/#article","isPartOf":{"@id":"https:\/\/dana.com.br\/canaldana\/2023\/11\/09\/caoa-celebra-a-semana-mundial-da-qualidade\/"},"author":{"name":"Canal Dana","@id":"https:\/\/dana.com.br\/canaldana\/#\/schema\/person\/3c21f22f56fcf3bc46b94bc60ea4fef6"},"headline":"CAOA celebra a Semana Mundial da Qualidade","datePublished":"2023-11-09T11:35:56+00:00","mainEntityOfPage":{"@id":"https:\/\/dana.com.br\/canaldana\/2023\/11\/09\/caoa-celebra-a-semana-mundial-da-qualidade\/"},"wordCount":368,"articleSection":["Mercado"],"inLanguage":"pt-BR"},{"@type":"WebPage","@id":"https:\/\/dana.com.br\/canaldana\/2023\/11\/09\/caoa-celebra-a-semana-mundial-da-qualidade\/","url":"https:\/\/dana.com.br\/canaldana\/2023\/11\/09\/caoa-celebra-a-semana-mundial-da-qualidade\/","name":"CAOA celebra a Semana Mundial da Qualidade - Canal Dana","isPartOf":{"@id":"https:\/\/dana.com.br\/canaldana\/#website"},"datePublished":"2023-11-09T11:35:56+00:00","author":{"@id":"https:\/\/dana.com.br\/canaldana\/#\/schema\/person\/3c21f22f56fcf3bc46b94bc60ea4fef6"},"breadcrumb":{"@id":"https:\/\/dana.com.br\/canaldana\/2023\/11\/09\/caoa-celebra-a-semana-mundial-da-qualidade\/#breadcrumb"},"inLanguage":"pt-BR","potentialAction":[{"@type":"ReadAction","target":["https:\/\/dana.com.br\/canaldana\/2023\/11\/09\/caoa-celebra-a-semana-mundial-da-qualidade\/"]}]},{"@type":"BreadcrumbList","@id":"https:\/\/dana.com.br\/canaldana\/2023\/11\/09\/caoa-celebra-a-semana-mundial-da-qualidade\/#breadcrumb","itemListElement":[{"@type":"ListItem","position":1,"name":"Home","item":"https:\/\/dana.com.br\/canaldana\/"},{"@type":"ListItem","position":2,"name":"Mercado","item":"https:\/\/dana.com.br\/canaldana\/mercado\/"},{"@type":"ListItem","position":3,"name":"CAOA celebra a Semana Mundial da Qualidade"}]},{"@type":"WebSite","@id":"https:\/\/dana.com.br\/canaldana\/#website","url":"https:\/\/dana.com.br\/canaldana\/","name":"Canal Dana","description":"Informativo com as principais not\u00edcias da ind\u00fastria automotiva","potentialAction":[{"@type":"SearchAction","target":{"@type":"EntryPoint","urlTemplate":"https:\/\/dana.com.br\/canaldana\/?s={search_term_string}"},"query-input":{"@type":"PropertyValueSpecification","valueRequired":true,"valueName":"search_term_string"}}],"inLanguage":"pt-BR"},{"@type":"Person","@id":"https:\/\/dana.com.br\/canaldana\/#\/schema\/person\/3c21f22f56fcf3bc46b94bc60ea4fef6","name":"Canal Dana","image":{"@type":"ImageObject","inLanguage":"pt-BR","@id":"https:\/\/secure.gravatar.com\/avatar\/420aaf9278582877d9018637c6817617705899d2858d7572ef0fe59a6b6454b4?s=96&d=mm&r=g","url":"https:\/\/secure.gravatar.com\/avatar\/420aaf9278582877d9018637c6817617705899d2858d7572ef0fe59a6b6454b4?s=96&d=mm&r=g","contentUrl":"https:\/\/secure.gravatar.com\/avatar\/420aaf9278582877d9018637c6817617705899d2858d7572ef0fe59a6b6454b4?s=96&d=mm&r=g","caption":"Canal Dana"},"url":"https:\/\/dana.com.br\/canaldana\/author\/cdeditor\/"}]}},"_links":{"self":[{"href":"https:\/\/dana.com.br\/canaldana\/wp-json\/wp\/v2\/posts\/69615","targetHints":{"allow":["GET"]}}],"collection":[{"href":"https:\/\/dana.com.br\/canaldana\/wp-json\/wp\/v2\/posts"}],"about":[{"href":"https:\/\/dana.com.br\/canaldana\/wp-json\/wp\/v2\/types\/post"}],"author":[{"embeddable":true,"href":"https:\/\/dana.com.br\/canaldana\/wp-json\/wp\/v2\/users\/3"}],"replies":[{"embeddable":true,"href":"https:\/\/dana.com.br\/canaldana\/wp-json\/wp\/v2\/comments?post=69615"}],"version-history":[{"count":1,"href":"https:\/\/dana.com.br\/canaldana\/wp-json\/wp\/v2\/posts\/69615\/revisions"}],"predecessor-version":[{"id":69616,"href":"https:\/\/dana.com.br\/canaldana\/wp-json\/wp\/v2\/posts\/69615\/revisions\/69616"}],"wp:attachment":[{"href":"https:\/\/dana.com.br\/canaldana\/wp-json\/wp\/v2\/media?parent=69615"}],"wp:term":[{"taxonomy":"category","embeddable":true,"href":"https:\/\/dana.com.br\/canaldana\/wp-json\/wp\/v2\/categories?post=69615"},{"taxonomy":"post_tag","embeddable":true,"href":"https:\/\/dana.com.br\/canaldana\/wp-json\/wp\/v2\/tags?post=69615"}],"curies":[{"name":"wp","href":"https:\/\/api.w.org\/{rel}","templated":true}]}}