{"id":69609,"date":"2023-11-09T08:30:43","date_gmt":"2023-11-09T11:30:43","guid":{"rendered":"https:\/\/dana.com.br\/canaldana\/?p=69609"},"modified":"2023-11-09T08:30:43","modified_gmt":"2023-11-09T11:30:43","slug":"cresce-numero-de-vitimas-de-acidentes-sem-cinto-nas-estradas","status":"publish","type":"post","link":"https:\/\/dana.com.br\/canaldana\/2023\/11\/09\/cresce-numero-de-vitimas-de-acidentes-sem-cinto-nas-estradas\/","title":{"rendered":"Cresce n\u00famero de v\u00edtimas de acidentes sem cinto nas estradas"},"content":{"rendered":"<p><em>O Estado de S. Paulo\/Mobilidade<\/em><\/p>\n<p>&nbsp;<\/p>\n<p>Aumentou em 29% o n\u00famero de ve\u00edculos leves com v\u00edtimas de acidentes que n\u00e3o utilizavam cinto de seguran\u00e7a. J\u00e1 em ve\u00edculos pesados (\u00f4nibus, carretas e caminh\u00f5es), esse n\u00famero cresceu 19%. Os dados s\u00e3o de um levantamento realizado pela Arteris, especialista em gest\u00e3o de rodovias, feito em sete concession\u00e1rias localizadas nos Estados de S\u00e3o Paulo, Minas Gerais, Rio de Janeiro, Paran\u00e1 e Santa Catarina.<\/p>\n<p>&nbsp;<\/p>\n<p>Os resultados referem-se aos meses de janeiro a setembro deste ano, sendo que, no primeiro semestre, das 67 fatalidades envolvendo ve\u00edculos leves, 50 v\u00edtimas \u2013 o que representa 75% do total \u2013 n\u00e3o utilizavam o cinto de seguran\u00e7a. J\u00e1 em rela\u00e7\u00e3o aos ve\u00edculos pesados, houve registro de 48% de fatalidades por falta do uso do dispositivo de seguran\u00e7a.<\/p>\n<p>&nbsp;<\/p>\n<p><strong>250 mil multas<\/strong><\/p>\n<p>&nbsp;<\/p>\n<p>A utiliza\u00e7\u00e3o de cinto de seguran\u00e7a \u00e9 obrigat\u00f3ria pelo C\u00f3digo de Tr\u00e2nsito Brasileiro (CTB), tanto para motoristas quanto para passageiros, inclusive crian\u00e7as.<\/p>\n<p>&nbsp;<\/p>\n<p>De acordo com o CTB, o condutor ou passageiro que deixar de us\u00e1-lo comete uma infra\u00e7\u00e3o grave. Nesses casos, o valor da multa \u00e9 de R$ 195,23, e 5 pontos na Carteira Nacional de Habilita\u00e7\u00e3o (CNH) do motorista.<\/p>\n<p>&nbsp;<\/p>\n<p>Em 2022, a Pol\u00edcia Rodovi\u00e1ria Federal multou 250 mil motoristas, 20% a mais do que em 2021. No mesmo ano, dirigir sem cinto de seguran\u00e7a foi a quarta infra\u00e7\u00e3o mais cometida no tr\u00e2nsito no Estado de S\u00e3o Paulo, segundo o Departamento de Tr\u00e2nsito de S\u00e3o Paulo (Detran-SP).<\/p>\n<p>&nbsp;<\/p>\n<p>De acordo com o \u00f3rg\u00e3o, a multa aplicada por dirigir sem cinto de seguran\u00e7a \u00e9 superada apenas pelas infra\u00e7\u00f5es por n\u00e3o fazer a transfer\u00eancia do ve\u00edculo, pelo uso indevido de celular ao volante e, por fim, por dirigir um ve\u00edculo sem licenciamento.<\/p>\n<p>&nbsp;<\/p>\n<p><strong>Preven\u00e7\u00e3o<\/strong><\/p>\n<p>&nbsp;<\/p>\n<p>De acordo com a Associa\u00e7\u00e3o Brasileira de Medicina de Tr\u00e1fego (Abramet), o uso do cinto de seguran\u00e7a \u00e9 efetivo na redu\u00e7\u00e3o da mortalidade e da gravidade de sequelas e les\u00f5es causadas em decorr\u00eancia de sinistros envolvendo ve\u00edculos automotores. De acordo com estudo da associa\u00e7\u00e3o, usar o cinto de seguran\u00e7a no banco da frente reduz o risco de morte em 45%. J\u00e1 no uso do dispositivo no banco traseiro, essa diminui\u00e7\u00e3o pode chegar a at\u00e9 75%. (O Estado de S. Paulo\/Mobilidade)<\/p>\n","protected":false},"excerpt":{"rendered":"<p>O Estado de S. Paulo\/Mobilidade &nbsp; Aumentou em 29% o n\u00famero de ve\u00edculos leves com v\u00edtimas de acidentes que n\u00e3o utilizavam cinto de seguran\u00e7a. J\u00e1 em ve\u00edculos pesados (\u00f4nibus, carretas e caminh\u00f5es), esse n\u00famero cresceu 19%. Os dados s\u00e3o de um levantamento realizado pela Arteris, especialista em gest\u00e3o de rodovias, feito em sete concession\u00e1rias localizadas\u2026 <a class=\"readmore\" href=\"https:\/\/dana.com.br\/canaldana\/2023\/11\/09\/cresce-numero-de-vitimas-de-acidentes-sem-cinto-nas-estradas\/\">Leia mais \u00bb<\/a><\/p>\n","protected":false},"author":3,"featured_media":0,"comment_status":"closed","ping_status":"closed","sticky":false,"template":"","format":"standard","meta":{"_acf_changed":false,"footnotes":""},"categories":[94],"tags":[],"class_list":["post-69609","post","type-post","status-publish","format-standard","hentry","category-seguranca"],"acf":[],"yoast_head":"<!-- This site is optimized with the Yoast SEO plugin v27.3 - https:\/\/yoast.com\/product\/yoast-seo-wordpress\/ -->\n<title>Cresce n\u00famero de v\u00edtimas de acidentes sem cinto nas estradas - Canal Dana<\/title>\n<meta name=\"robots\" content=\"index, follow, max-snippet:-1, max-image-preview:large, max-video-preview:-1\" \/>\n<link rel=\"canonical\" href=\"https:\/\/dana.com.br\/canaldana\/2023\/11\/09\/cresce-numero-de-vitimas-de-acidentes-sem-cinto-nas-estradas\/\" \/>\n<meta property=\"og:locale\" content=\"pt_BR\" \/>\n<meta property=\"og:type\" content=\"article\" \/>\n<meta property=\"og:title\" content=\"Cresce n\u00famero de v\u00edtimas de acidentes sem cinto nas estradas - Canal Dana\" \/>\n<meta property=\"og:description\" content=\"O Estado de S. Paulo\/Mobilidade &nbsp; Aumentou em 29% o n\u00famero de ve\u00edculos leves com v\u00edtimas de acidentes que n\u00e3o utilizavam cinto de seguran\u00e7a. J\u00e1 em ve\u00edculos pesados (\u00f4nibus, carretas e caminh\u00f5es), esse n\u00famero cresceu 19%. Os dados s\u00e3o de um levantamento realizado pela Arteris, especialista em gest\u00e3o de rodovias, feito em sete concession\u00e1rias localizadas\u2026 Leia mais \u00bb\" \/>\n<meta property=\"og:url\" content=\"https:\/\/dana.com.br\/canaldana\/2023\/11\/09\/cresce-numero-de-vitimas-de-acidentes-sem-cinto-nas-estradas\/\" \/>\n<meta property=\"og:site_name\" content=\"Canal Dana\" \/>\n<meta property=\"article:published_time\" content=\"2023-11-09T11:30:43+00:00\" \/>\n<meta name=\"author\" content=\"Canal Dana\" \/>\n<meta name=\"twitter:card\" content=\"summary_large_image\" \/>\n<meta name=\"twitter:label1\" content=\"Escrito por\" \/>\n\t<meta name=\"twitter:data1\" content=\"Canal Dana\" \/>\n\t<meta name=\"twitter:label2\" content=\"Est. tempo de leitura\" \/>\n\t<meta name=\"twitter:data2\" content=\"2 minutos\" \/>\n<script type=\"application\/ld+json\" class=\"yoast-schema-graph\">{\"@context\":\"https:\\\/\\\/schema.org\",\"@graph\":[{\"@type\":\"Article\",\"@id\":\"https:\\\/\\\/dana.com.br\\\/canaldana\\\/2023\\\/11\\\/09\\\/cresce-numero-de-vitimas-de-acidentes-sem-cinto-nas-estradas\\\/#article\",\"isPartOf\":{\"@id\":\"https:\\\/\\\/dana.com.br\\\/canaldana\\\/2023\\\/11\\\/09\\\/cresce-numero-de-vitimas-de-acidentes-sem-cinto-nas-estradas\\\/\"},\"author\":{\"name\":\"Canal Dana\",\"@id\":\"https:\\\/\\\/dana.com.br\\\/canaldana\\\/#\\\/schema\\\/person\\\/3c21f22f56fcf3bc46b94bc60ea4fef6\"},\"headline\":\"Cresce n\u00famero de v\u00edtimas de acidentes sem cinto nas estradas\",\"datePublished\":\"2023-11-09T11:30:43+00:00\",\"mainEntityOfPage\":{\"@id\":\"https:\\\/\\\/dana.com.br\\\/canaldana\\\/2023\\\/11\\\/09\\\/cresce-numero-de-vitimas-de-acidentes-sem-cinto-nas-estradas\\\/\"},\"wordCount\":415,\"articleSection\":[\"Seguran\u00e7a\"],\"inLanguage\":\"pt-BR\"},{\"@type\":\"WebPage\",\"@id\":\"https:\\\/\\\/dana.com.br\\\/canaldana\\\/2023\\\/11\\\/09\\\/cresce-numero-de-vitimas-de-acidentes-sem-cinto-nas-estradas\\\/\",\"url\":\"https:\\\/\\\/dana.com.br\\\/canaldana\\\/2023\\\/11\\\/09\\\/cresce-numero-de-vitimas-de-acidentes-sem-cinto-nas-estradas\\\/\",\"name\":\"Cresce n\u00famero de v\u00edtimas de acidentes sem cinto nas estradas - Canal Dana\",\"isPartOf\":{\"@id\":\"https:\\\/\\\/dana.com.br\\\/canaldana\\\/#website\"},\"datePublished\":\"2023-11-09T11:30:43+00:00\",\"author\":{\"@id\":\"https:\\\/\\\/dana.com.br\\\/canaldana\\\/#\\\/schema\\\/person\\\/3c21f22f56fcf3bc46b94bc60ea4fef6\"},\"breadcrumb\":{\"@id\":\"https:\\\/\\\/dana.com.br\\\/canaldana\\\/2023\\\/11\\\/09\\\/cresce-numero-de-vitimas-de-acidentes-sem-cinto-nas-estradas\\\/#breadcrumb\"},\"inLanguage\":\"pt-BR\",\"potentialAction\":[{\"@type\":\"ReadAction\",\"target\":[\"https:\\\/\\\/dana.com.br\\\/canaldana\\\/2023\\\/11\\\/09\\\/cresce-numero-de-vitimas-de-acidentes-sem-cinto-nas-estradas\\\/\"]}]},{\"@type\":\"BreadcrumbList\",\"@id\":\"https:\\\/\\\/dana.com.br\\\/canaldana\\\/2023\\\/11\\\/09\\\/cresce-numero-de-vitimas-de-acidentes-sem-cinto-nas-estradas\\\/#breadcrumb\",\"itemListElement\":[{\"@type\":\"ListItem\",\"position\":1,\"name\":\"Home\",\"item\":\"https:\\\/\\\/dana.com.br\\\/canaldana\\\/\"},{\"@type\":\"ListItem\",\"position\":2,\"name\":\"Seguran\u00e7a\",\"item\":\"https:\\\/\\\/dana.com.br\\\/canaldana\\\/seguranca\\\/\"},{\"@type\":\"ListItem\",\"position\":3,\"name\":\"Cresce n\u00famero de v\u00edtimas de acidentes sem cinto nas estradas\"}]},{\"@type\":\"WebSite\",\"@id\":\"https:\\\/\\\/dana.com.br\\\/canaldana\\\/#website\",\"url\":\"https:\\\/\\\/dana.com.br\\\/canaldana\\\/\",\"name\":\"Canal Dana\",\"description\":\"Informativo com as principais not\u00edcias da ind\u00fastria automotiva\",\"potentialAction\":[{\"@type\":\"SearchAction\",\"target\":{\"@type\":\"EntryPoint\",\"urlTemplate\":\"https:\\\/\\\/dana.com.br\\\/canaldana\\\/?s={search_term_string}\"},\"query-input\":{\"@type\":\"PropertyValueSpecification\",\"valueRequired\":true,\"valueName\":\"search_term_string\"}}],\"inLanguage\":\"pt-BR\"},{\"@type\":\"Person\",\"@id\":\"https:\\\/\\\/dana.com.br\\\/canaldana\\\/#\\\/schema\\\/person\\\/3c21f22f56fcf3bc46b94bc60ea4fef6\",\"name\":\"Canal Dana\",\"image\":{\"@type\":\"ImageObject\",\"inLanguage\":\"pt-BR\",\"@id\":\"https:\\\/\\\/secure.gravatar.com\\\/avatar\\\/420aaf9278582877d9018637c6817617705899d2858d7572ef0fe59a6b6454b4?s=96&d=mm&r=g\",\"url\":\"https:\\\/\\\/secure.gravatar.com\\\/avatar\\\/420aaf9278582877d9018637c6817617705899d2858d7572ef0fe59a6b6454b4?s=96&d=mm&r=g\",\"contentUrl\":\"https:\\\/\\\/secure.gravatar.com\\\/avatar\\\/420aaf9278582877d9018637c6817617705899d2858d7572ef0fe59a6b6454b4?s=96&d=mm&r=g\",\"caption\":\"Canal Dana\"},\"url\":\"https:\\\/\\\/dana.com.br\\\/canaldana\\\/author\\\/cdeditor\\\/\"}]}<\/script>\n<!-- \/ Yoast SEO plugin. -->","yoast_head_json":{"title":"Cresce n\u00famero de v\u00edtimas de acidentes sem cinto nas estradas - Canal Dana","robots":{"index":"index","follow":"follow","max-snippet":"max-snippet:-1","max-image-preview":"max-image-preview:large","max-video-preview":"max-video-preview:-1"},"canonical":"https:\/\/dana.com.br\/canaldana\/2023\/11\/09\/cresce-numero-de-vitimas-de-acidentes-sem-cinto-nas-estradas\/","og_locale":"pt_BR","og_type":"article","og_title":"Cresce n\u00famero de v\u00edtimas de acidentes sem cinto nas estradas - Canal Dana","og_description":"O Estado de S. Paulo\/Mobilidade &nbsp; Aumentou em 29% o n\u00famero de ve\u00edculos leves com v\u00edtimas de acidentes que n\u00e3o utilizavam cinto de seguran\u00e7a. J\u00e1 em ve\u00edculos pesados (\u00f4nibus, carretas e caminh\u00f5es), esse n\u00famero cresceu 19%. Os dados s\u00e3o de um levantamento realizado pela Arteris, especialista em gest\u00e3o de rodovias, feito em sete concession\u00e1rias localizadas\u2026 Leia mais \u00bb","og_url":"https:\/\/dana.com.br\/canaldana\/2023\/11\/09\/cresce-numero-de-vitimas-de-acidentes-sem-cinto-nas-estradas\/","og_site_name":"Canal Dana","article_published_time":"2023-11-09T11:30:43+00:00","author":"Canal Dana","twitter_card":"summary_large_image","twitter_misc":{"Escrito por":"Canal Dana","Est. tempo de leitura":"2 minutos"},"schema":{"@context":"https:\/\/schema.org","@graph":[{"@type":"Article","@id":"https:\/\/dana.com.br\/canaldana\/2023\/11\/09\/cresce-numero-de-vitimas-de-acidentes-sem-cinto-nas-estradas\/#article","isPartOf":{"@id":"https:\/\/dana.com.br\/canaldana\/2023\/11\/09\/cresce-numero-de-vitimas-de-acidentes-sem-cinto-nas-estradas\/"},"author":{"name":"Canal Dana","@id":"https:\/\/dana.com.br\/canaldana\/#\/schema\/person\/3c21f22f56fcf3bc46b94bc60ea4fef6"},"headline":"Cresce n\u00famero de v\u00edtimas de acidentes sem cinto nas estradas","datePublished":"2023-11-09T11:30:43+00:00","mainEntityOfPage":{"@id":"https:\/\/dana.com.br\/canaldana\/2023\/11\/09\/cresce-numero-de-vitimas-de-acidentes-sem-cinto-nas-estradas\/"},"wordCount":415,"articleSection":["Seguran\u00e7a"],"inLanguage":"pt-BR"},{"@type":"WebPage","@id":"https:\/\/dana.com.br\/canaldana\/2023\/11\/09\/cresce-numero-de-vitimas-de-acidentes-sem-cinto-nas-estradas\/","url":"https:\/\/dana.com.br\/canaldana\/2023\/11\/09\/cresce-numero-de-vitimas-de-acidentes-sem-cinto-nas-estradas\/","name":"Cresce n\u00famero de v\u00edtimas de acidentes sem cinto nas estradas - Canal Dana","isPartOf":{"@id":"https:\/\/dana.com.br\/canaldana\/#website"},"datePublished":"2023-11-09T11:30:43+00:00","author":{"@id":"https:\/\/dana.com.br\/canaldana\/#\/schema\/person\/3c21f22f56fcf3bc46b94bc60ea4fef6"},"breadcrumb":{"@id":"https:\/\/dana.com.br\/canaldana\/2023\/11\/09\/cresce-numero-de-vitimas-de-acidentes-sem-cinto-nas-estradas\/#breadcrumb"},"inLanguage":"pt-BR","potentialAction":[{"@type":"ReadAction","target":["https:\/\/dana.com.br\/canaldana\/2023\/11\/09\/cresce-numero-de-vitimas-de-acidentes-sem-cinto-nas-estradas\/"]}]},{"@type":"BreadcrumbList","@id":"https:\/\/dana.com.br\/canaldana\/2023\/11\/09\/cresce-numero-de-vitimas-de-acidentes-sem-cinto-nas-estradas\/#breadcrumb","itemListElement":[{"@type":"ListItem","position":1,"name":"Home","item":"https:\/\/dana.com.br\/canaldana\/"},{"@type":"ListItem","position":2,"name":"Seguran\u00e7a","item":"https:\/\/dana.com.br\/canaldana\/seguranca\/"},{"@type":"ListItem","position":3,"name":"Cresce n\u00famero de v\u00edtimas de acidentes sem cinto nas estradas"}]},{"@type":"WebSite","@id":"https:\/\/dana.com.br\/canaldana\/#website","url":"https:\/\/dana.com.br\/canaldana\/","name":"Canal Dana","description":"Informativo com as principais not\u00edcias da ind\u00fastria automotiva","potentialAction":[{"@type":"SearchAction","target":{"@type":"EntryPoint","urlTemplate":"https:\/\/dana.com.br\/canaldana\/?s={search_term_string}"},"query-input":{"@type":"PropertyValueSpecification","valueRequired":true,"valueName":"search_term_string"}}],"inLanguage":"pt-BR"},{"@type":"Person","@id":"https:\/\/dana.com.br\/canaldana\/#\/schema\/person\/3c21f22f56fcf3bc46b94bc60ea4fef6","name":"Canal Dana","image":{"@type":"ImageObject","inLanguage":"pt-BR","@id":"https:\/\/secure.gravatar.com\/avatar\/420aaf9278582877d9018637c6817617705899d2858d7572ef0fe59a6b6454b4?s=96&d=mm&r=g","url":"https:\/\/secure.gravatar.com\/avatar\/420aaf9278582877d9018637c6817617705899d2858d7572ef0fe59a6b6454b4?s=96&d=mm&r=g","contentUrl":"https:\/\/secure.gravatar.com\/avatar\/420aaf9278582877d9018637c6817617705899d2858d7572ef0fe59a6b6454b4?s=96&d=mm&r=g","caption":"Canal Dana"},"url":"https:\/\/dana.com.br\/canaldana\/author\/cdeditor\/"}]}},"_links":{"self":[{"href":"https:\/\/dana.com.br\/canaldana\/wp-json\/wp\/v2\/posts\/69609","targetHints":{"allow":["GET"]}}],"collection":[{"href":"https:\/\/dana.com.br\/canaldana\/wp-json\/wp\/v2\/posts"}],"about":[{"href":"https:\/\/dana.com.br\/canaldana\/wp-json\/wp\/v2\/types\/post"}],"author":[{"embeddable":true,"href":"https:\/\/dana.com.br\/canaldana\/wp-json\/wp\/v2\/users\/3"}],"replies":[{"embeddable":true,"href":"https:\/\/dana.com.br\/canaldana\/wp-json\/wp\/v2\/comments?post=69609"}],"version-history":[{"count":1,"href":"https:\/\/dana.com.br\/canaldana\/wp-json\/wp\/v2\/posts\/69609\/revisions"}],"predecessor-version":[{"id":69610,"href":"https:\/\/dana.com.br\/canaldana\/wp-json\/wp\/v2\/posts\/69609\/revisions\/69610"}],"wp:attachment":[{"href":"https:\/\/dana.com.br\/canaldana\/wp-json\/wp\/v2\/media?parent=69609"}],"wp:term":[{"taxonomy":"category","embeddable":true,"href":"https:\/\/dana.com.br\/canaldana\/wp-json\/wp\/v2\/categories?post=69609"},{"taxonomy":"post_tag","embeddable":true,"href":"https:\/\/dana.com.br\/canaldana\/wp-json\/wp\/v2\/tags?post=69609"}],"curies":[{"name":"wp","href":"https:\/\/api.w.org\/{rel}","templated":true}]}}