{"id":69425,"date":"2023-10-31T08:21:48","date_gmt":"2023-10-31T11:21:48","guid":{"rendered":"https:\/\/dana.com.br\/canaldana\/?p=69425"},"modified":"2023-10-31T08:21:48","modified_gmt":"2023-10-31T11:21:48","slug":"governo-diz-que-erosao-tributaria-e-obstaculo-para-deficit-fiscal-zero","status":"publish","type":"post","link":"https:\/\/dana.com.br\/canaldana\/2023\/10\/31\/governo-diz-que-erosao-tributaria-e-obstaculo-para-deficit-fiscal-zero\/","title":{"rendered":"Governo diz que \u2018eros\u00e3o tribut\u00e1ria\u2019 \u00e9 obst\u00e1culo para d\u00e9ficit fiscal zero"},"content":{"rendered":"<p><em>O Estado de S. Paulo <\/em><\/p>\n<p>&nbsp;<\/p>\n<p>O ministro da Fazenda, Fernando Haddad, voltou a se queixar ontem do que chama de \u201ceros\u00e3o da base tribut\u00e1ria\u201d, que afeta a arrecada\u00e7\u00e3o do governo federal e que, segundo ele, precisa ser corrigida com apoio do Legislativo e Judici\u00e1rio.<\/p>\n<p>&nbsp;<\/p>\n<p>Haddad se referiu a perdas observadas pela Receita Federal com um dispositivo inserido na Lei Complementar 160, aprovada em 2017, e que permitiu \u00e0s empresas abater dos impostos federais benef\u00edcios tribut\u00e1rios obtidos nos Estados. Segundo o ministro, a medida fez com que a ren\u00fancia tribut\u00e1ria saltasse de um patamar de R$ 39 bilh\u00f5es para R$ 200 bilh\u00f5es neste ano. No ano passado, disse Haddad, a ren\u00fancia registrada foi de R$ 149 bilh\u00f5es. \u201cEssa \u00e9 uma das raz\u00f5es pelas quais a arrecada\u00e7\u00e3o do governo federal vem sofrendo forte preju\u00edzo\u201d, disse.<\/p>\n<p>&nbsp;<\/p>\n<p>A brecha, segundo o ministro, ser\u00e1 corrigida com a Medida Provis\u00f3ria 1185, editada em agosto, e que, ap\u00f3s um acordo pol\u00edtico com o presidente da C\u00e2mara, Arthur Lira (PP-AL), foi convertida em projeto de lei com regime de urg\u00eancia para ser votada.<\/p>\n<p>&nbsp;<\/p>\n<p>A expectativa \u00e9 de que o relator na C\u00e2mara seja designado ainda nesta semana, mas h\u00e1 forte resist\u00eancia ao tema no Parlamento, o que j\u00e1 levou a Fazenda a rever parte do projeto que reduziu a arrecada\u00e7\u00e3o prevista.<\/p>\n<p>&nbsp;<\/p>\n<p>O ministro tamb\u00e9m sublinhou a perda de arrecada\u00e7\u00e3o registrada pelo governo com a decis\u00e3o do Supremo Tribunal Federal (STF) com a retirada do ICMS da base de c\u00e1lculo do PIS e da Cofins. Sem citar nomes, Haddad afirmou que s\u00f3 uma fabricante de cigarros deixar\u00e1 de pagar R$ 4,8 bilh\u00f5es em impostos federais com a decis\u00e3o. Ele acrescentou que essa \u00e9 a raz\u00e3o pela qual as estimativas de receita n\u00e3o est\u00e3o ocorrendo na velocidade esperada, mesmo com o PIB crescendo.<\/p>\n<p>&nbsp;<\/p>\n<p><strong>\u2018Sabotagem\u2019<\/strong><\/p>\n<p>&nbsp;<\/p>\n<p>O ministro disse que levou esses n\u00fameros ao presidente na semana passada, e que isso teria levado \u00e0 fala de Lula na sexta-feira passada, quando disse que a meta de zerar o d\u00e9ficit p\u00fablico em 2024 n\u00e3o ser\u00e1 alcan\u00e7ada. \u201cO presidente constatou, com base nos n\u00fameros, que esses ralos fiscais, esse gasto tribut\u00e1rio, est\u00e1 num patamar exagerado em fun\u00e7\u00e3o dessas decis\u00f5es tomadas em 2017, cuja repercuss\u00e3o est\u00e1 ocorrendo agora. Ent\u00e3o, quando falam \u2018o presidente est\u00e1 sabotando o Pa\u00eds\u2019, n\u00e3o; o que est\u00e1 acontecendo \u00e9 que o presidente est\u00e1 constatando problemas advindos de decis\u00f5es que precisam, as que podem, ser reformadas\u201d, afirmou Haddad.<\/p>\n<p>&nbsp;<\/p>\n<p>O Estad\u00e3o perguntou ao ministro qual era o nome da empresa. Em resposta, Haddad sugeriu que a reportagem \u201cfizesse o seu trabalho\u201d. A empresa em quest\u00e3o \u00e9 a Souza Cruz.<\/p>\n<p>&nbsp;<\/p>\n<p>No dia 13 de maio de 2021, o STF decidiu que a retirada do ICMS da base de c\u00e1lculo do PIS\/Cofins valeria a partir de 15 de mar\u00e7o de 2017, quando o julgamento do tema foi conclu\u00eddo pela Corte, e que iria retroagir apenas para quem ingressou com a\u00e7\u00e3o judicial ou administrativa antes dessa data. S\u00e3o cerca de 12 mil processos. Esse julgamento foi chamado de \u201ca tese do s\u00e9culo\u201d.<\/p>\n<p>&nbsp;<\/p>\n<p>Procurada, a British American Tobacco Brasil, dona da Souza Cruz, informou em nota que \u201co Supremo Tribunal Federal (STF) decidiu, em mar\u00e7o de 2017, que todos os contribuintes do Pa\u00eds t\u00eam o direito de excluir o ICMS da base de c\u00e1lculo do PIS\/Cofins\u201d.<\/p>\n<p>&nbsp;<\/p>\n<p>\u201cA decis\u00e3o tem efeito vinculante e, por isso, o direito \u00e0 restitui\u00e7\u00e3o pela companhia foi garantido ap\u00f3s o tr\u00e2nsito em julgado de uma a\u00e7\u00e3o individual, seguindo o entendimento do STF. Cabe esclarecer que o valor \u00e9 referente ao recolhimento indevido realizado durante cinco anos e \u00e9 proporcional ao volume de tributos pagos pela empresa.\u201d Ainda segundo a companhia, em 2022 a British American Tobacco Brasil recolheu R$ 11 bilh\u00f5es em tributos no Brasil. (O Estado de S. Paulo\/Adriana Fernandes e Mariana Carneiro)<\/p>\n","protected":false},"excerpt":{"rendered":"<p>O Estado de S. Paulo &nbsp; O ministro da Fazenda, Fernando Haddad, voltou a se queixar ontem do que chama de \u201ceros\u00e3o da base tribut\u00e1ria\u201d, que afeta a arrecada\u00e7\u00e3o do governo federal e que, segundo ele, precisa ser corrigida com apoio do Legislativo e Judici\u00e1rio. &nbsp; Haddad se referiu a perdas observadas pela Receita Federal\u2026 <a class=\"readmore\" href=\"https:\/\/dana.com.br\/canaldana\/2023\/10\/31\/governo-diz-que-erosao-tributaria-e-obstaculo-para-deficit-fiscal-zero\/\">Leia mais \u00bb<\/a><\/p>\n","protected":false},"author":3,"featured_media":0,"comment_status":"closed","ping_status":"closed","sticky":false,"template":"","format":"standard","meta":{"_acf_changed":false,"footnotes":""},"categories":[79],"tags":[],"class_list":["post-69425","post","type-post","status-publish","format-standard","hentry","category-mercado"],"acf":[],"yoast_head":"<!-- This site is optimized with the Yoast SEO plugin v27.3 - https:\/\/yoast.com\/product\/yoast-seo-wordpress\/ -->\n<title>Governo diz que \u2018eros\u00e3o tribut\u00e1ria\u2019 \u00e9 obst\u00e1culo para d\u00e9ficit fiscal zero - Canal Dana<\/title>\n<meta name=\"robots\" content=\"index, follow, max-snippet:-1, max-image-preview:large, max-video-preview:-1\" \/>\n<link rel=\"canonical\" href=\"https:\/\/dana.com.br\/canaldana\/2023\/10\/31\/governo-diz-que-erosao-tributaria-e-obstaculo-para-deficit-fiscal-zero\/\" \/>\n<meta property=\"og:locale\" content=\"pt_BR\" \/>\n<meta property=\"og:type\" content=\"article\" \/>\n<meta property=\"og:title\" content=\"Governo diz que \u2018eros\u00e3o tribut\u00e1ria\u2019 \u00e9 obst\u00e1culo para d\u00e9ficit fiscal zero - Canal Dana\" \/>\n<meta property=\"og:description\" content=\"O Estado de S. Paulo &nbsp; O ministro da Fazenda, Fernando Haddad, voltou a se queixar ontem do que chama de \u201ceros\u00e3o da base tribut\u00e1ria\u201d, que afeta a arrecada\u00e7\u00e3o do governo federal e que, segundo ele, precisa ser corrigida com apoio do Legislativo e Judici\u00e1rio. &nbsp; Haddad se referiu a perdas observadas pela Receita Federal\u2026 Leia mais \u00bb\" \/>\n<meta property=\"og:url\" content=\"https:\/\/dana.com.br\/canaldana\/2023\/10\/31\/governo-diz-que-erosao-tributaria-e-obstaculo-para-deficit-fiscal-zero\/\" \/>\n<meta property=\"og:site_name\" content=\"Canal Dana\" \/>\n<meta property=\"article:published_time\" content=\"2023-10-31T11:21:48+00:00\" \/>\n<meta name=\"author\" content=\"Canal Dana\" \/>\n<meta name=\"twitter:card\" content=\"summary_large_image\" \/>\n<meta name=\"twitter:label1\" content=\"Escrito por\" \/>\n\t<meta name=\"twitter:data1\" content=\"Canal Dana\" \/>\n\t<meta name=\"twitter:label2\" content=\"Est. tempo de leitura\" \/>\n\t<meta name=\"twitter:data2\" content=\"4 minutos\" \/>\n<script type=\"application\/ld+json\" class=\"yoast-schema-graph\">{\"@context\":\"https:\\\/\\\/schema.org\",\"@graph\":[{\"@type\":\"Article\",\"@id\":\"https:\\\/\\\/dana.com.br\\\/canaldana\\\/2023\\\/10\\\/31\\\/governo-diz-que-erosao-tributaria-e-obstaculo-para-deficit-fiscal-zero\\\/#article\",\"isPartOf\":{\"@id\":\"https:\\\/\\\/dana.com.br\\\/canaldana\\\/2023\\\/10\\\/31\\\/governo-diz-que-erosao-tributaria-e-obstaculo-para-deficit-fiscal-zero\\\/\"},\"author\":{\"name\":\"Canal Dana\",\"@id\":\"https:\\\/\\\/dana.com.br\\\/canaldana\\\/#\\\/schema\\\/person\\\/3c21f22f56fcf3bc46b94bc60ea4fef6\"},\"headline\":\"Governo diz que \u2018eros\u00e3o tribut\u00e1ria\u2019 \u00e9 obst\u00e1culo para d\u00e9ficit fiscal zero\",\"datePublished\":\"2023-10-31T11:21:48+00:00\",\"mainEntityOfPage\":{\"@id\":\"https:\\\/\\\/dana.com.br\\\/canaldana\\\/2023\\\/10\\\/31\\\/governo-diz-que-erosao-tributaria-e-obstaculo-para-deficit-fiscal-zero\\\/\"},\"wordCount\":687,\"articleSection\":[\"Mercado\"],\"inLanguage\":\"pt-BR\"},{\"@type\":\"WebPage\",\"@id\":\"https:\\\/\\\/dana.com.br\\\/canaldana\\\/2023\\\/10\\\/31\\\/governo-diz-que-erosao-tributaria-e-obstaculo-para-deficit-fiscal-zero\\\/\",\"url\":\"https:\\\/\\\/dana.com.br\\\/canaldana\\\/2023\\\/10\\\/31\\\/governo-diz-que-erosao-tributaria-e-obstaculo-para-deficit-fiscal-zero\\\/\",\"name\":\"Governo diz que \u2018eros\u00e3o tribut\u00e1ria\u2019 \u00e9 obst\u00e1culo para d\u00e9ficit fiscal zero - Canal Dana\",\"isPartOf\":{\"@id\":\"https:\\\/\\\/dana.com.br\\\/canaldana\\\/#website\"},\"datePublished\":\"2023-10-31T11:21:48+00:00\",\"author\":{\"@id\":\"https:\\\/\\\/dana.com.br\\\/canaldana\\\/#\\\/schema\\\/person\\\/3c21f22f56fcf3bc46b94bc60ea4fef6\"},\"breadcrumb\":{\"@id\":\"https:\\\/\\\/dana.com.br\\\/canaldana\\\/2023\\\/10\\\/31\\\/governo-diz-que-erosao-tributaria-e-obstaculo-para-deficit-fiscal-zero\\\/#breadcrumb\"},\"inLanguage\":\"pt-BR\",\"potentialAction\":[{\"@type\":\"ReadAction\",\"target\":[\"https:\\\/\\\/dana.com.br\\\/canaldana\\\/2023\\\/10\\\/31\\\/governo-diz-que-erosao-tributaria-e-obstaculo-para-deficit-fiscal-zero\\\/\"]}]},{\"@type\":\"BreadcrumbList\",\"@id\":\"https:\\\/\\\/dana.com.br\\\/canaldana\\\/2023\\\/10\\\/31\\\/governo-diz-que-erosao-tributaria-e-obstaculo-para-deficit-fiscal-zero\\\/#breadcrumb\",\"itemListElement\":[{\"@type\":\"ListItem\",\"position\":1,\"name\":\"Home\",\"item\":\"https:\\\/\\\/dana.com.br\\\/canaldana\\\/\"},{\"@type\":\"ListItem\",\"position\":2,\"name\":\"Mercado\",\"item\":\"https:\\\/\\\/dana.com.br\\\/canaldana\\\/mercado\\\/\"},{\"@type\":\"ListItem\",\"position\":3,\"name\":\"Governo diz que \u2018eros\u00e3o tribut\u00e1ria\u2019 \u00e9 obst\u00e1culo para d\u00e9ficit fiscal zero\"}]},{\"@type\":\"WebSite\",\"@id\":\"https:\\\/\\\/dana.com.br\\\/canaldana\\\/#website\",\"url\":\"https:\\\/\\\/dana.com.br\\\/canaldana\\\/\",\"name\":\"Canal Dana\",\"description\":\"Informativo com as principais not\u00edcias da ind\u00fastria automotiva\",\"potentialAction\":[{\"@type\":\"SearchAction\",\"target\":{\"@type\":\"EntryPoint\",\"urlTemplate\":\"https:\\\/\\\/dana.com.br\\\/canaldana\\\/?s={search_term_string}\"},\"query-input\":{\"@type\":\"PropertyValueSpecification\",\"valueRequired\":true,\"valueName\":\"search_term_string\"}}],\"inLanguage\":\"pt-BR\"},{\"@type\":\"Person\",\"@id\":\"https:\\\/\\\/dana.com.br\\\/canaldana\\\/#\\\/schema\\\/person\\\/3c21f22f56fcf3bc46b94bc60ea4fef6\",\"name\":\"Canal Dana\",\"image\":{\"@type\":\"ImageObject\",\"inLanguage\":\"pt-BR\",\"@id\":\"https:\\\/\\\/secure.gravatar.com\\\/avatar\\\/420aaf9278582877d9018637c6817617705899d2858d7572ef0fe59a6b6454b4?s=96&d=mm&r=g\",\"url\":\"https:\\\/\\\/secure.gravatar.com\\\/avatar\\\/420aaf9278582877d9018637c6817617705899d2858d7572ef0fe59a6b6454b4?s=96&d=mm&r=g\",\"contentUrl\":\"https:\\\/\\\/secure.gravatar.com\\\/avatar\\\/420aaf9278582877d9018637c6817617705899d2858d7572ef0fe59a6b6454b4?s=96&d=mm&r=g\",\"caption\":\"Canal Dana\"},\"url\":\"https:\\\/\\\/dana.com.br\\\/canaldana\\\/author\\\/cdeditor\\\/\"}]}<\/script>\n<!-- \/ Yoast SEO plugin. -->","yoast_head_json":{"title":"Governo diz que \u2018eros\u00e3o tribut\u00e1ria\u2019 \u00e9 obst\u00e1culo para d\u00e9ficit fiscal zero - Canal Dana","robots":{"index":"index","follow":"follow","max-snippet":"max-snippet:-1","max-image-preview":"max-image-preview:large","max-video-preview":"max-video-preview:-1"},"canonical":"https:\/\/dana.com.br\/canaldana\/2023\/10\/31\/governo-diz-que-erosao-tributaria-e-obstaculo-para-deficit-fiscal-zero\/","og_locale":"pt_BR","og_type":"article","og_title":"Governo diz que \u2018eros\u00e3o tribut\u00e1ria\u2019 \u00e9 obst\u00e1culo para d\u00e9ficit fiscal zero - Canal Dana","og_description":"O Estado de S. Paulo &nbsp; O ministro da Fazenda, Fernando Haddad, voltou a se queixar ontem do que chama de \u201ceros\u00e3o da base tribut\u00e1ria\u201d, que afeta a arrecada\u00e7\u00e3o do governo federal e que, segundo ele, precisa ser corrigida com apoio do Legislativo e Judici\u00e1rio. &nbsp; Haddad se referiu a perdas observadas pela Receita Federal\u2026 Leia mais \u00bb","og_url":"https:\/\/dana.com.br\/canaldana\/2023\/10\/31\/governo-diz-que-erosao-tributaria-e-obstaculo-para-deficit-fiscal-zero\/","og_site_name":"Canal Dana","article_published_time":"2023-10-31T11:21:48+00:00","author":"Canal Dana","twitter_card":"summary_large_image","twitter_misc":{"Escrito por":"Canal Dana","Est. tempo de leitura":"4 minutos"},"schema":{"@context":"https:\/\/schema.org","@graph":[{"@type":"Article","@id":"https:\/\/dana.com.br\/canaldana\/2023\/10\/31\/governo-diz-que-erosao-tributaria-e-obstaculo-para-deficit-fiscal-zero\/#article","isPartOf":{"@id":"https:\/\/dana.com.br\/canaldana\/2023\/10\/31\/governo-diz-que-erosao-tributaria-e-obstaculo-para-deficit-fiscal-zero\/"},"author":{"name":"Canal Dana","@id":"https:\/\/dana.com.br\/canaldana\/#\/schema\/person\/3c21f22f56fcf3bc46b94bc60ea4fef6"},"headline":"Governo diz que \u2018eros\u00e3o tribut\u00e1ria\u2019 \u00e9 obst\u00e1culo para d\u00e9ficit fiscal zero","datePublished":"2023-10-31T11:21:48+00:00","mainEntityOfPage":{"@id":"https:\/\/dana.com.br\/canaldana\/2023\/10\/31\/governo-diz-que-erosao-tributaria-e-obstaculo-para-deficit-fiscal-zero\/"},"wordCount":687,"articleSection":["Mercado"],"inLanguage":"pt-BR"},{"@type":"WebPage","@id":"https:\/\/dana.com.br\/canaldana\/2023\/10\/31\/governo-diz-que-erosao-tributaria-e-obstaculo-para-deficit-fiscal-zero\/","url":"https:\/\/dana.com.br\/canaldana\/2023\/10\/31\/governo-diz-que-erosao-tributaria-e-obstaculo-para-deficit-fiscal-zero\/","name":"Governo diz que \u2018eros\u00e3o tribut\u00e1ria\u2019 \u00e9 obst\u00e1culo para d\u00e9ficit fiscal zero - Canal Dana","isPartOf":{"@id":"https:\/\/dana.com.br\/canaldana\/#website"},"datePublished":"2023-10-31T11:21:48+00:00","author":{"@id":"https:\/\/dana.com.br\/canaldana\/#\/schema\/person\/3c21f22f56fcf3bc46b94bc60ea4fef6"},"breadcrumb":{"@id":"https:\/\/dana.com.br\/canaldana\/2023\/10\/31\/governo-diz-que-erosao-tributaria-e-obstaculo-para-deficit-fiscal-zero\/#breadcrumb"},"inLanguage":"pt-BR","potentialAction":[{"@type":"ReadAction","target":["https:\/\/dana.com.br\/canaldana\/2023\/10\/31\/governo-diz-que-erosao-tributaria-e-obstaculo-para-deficit-fiscal-zero\/"]}]},{"@type":"BreadcrumbList","@id":"https:\/\/dana.com.br\/canaldana\/2023\/10\/31\/governo-diz-que-erosao-tributaria-e-obstaculo-para-deficit-fiscal-zero\/#breadcrumb","itemListElement":[{"@type":"ListItem","position":1,"name":"Home","item":"https:\/\/dana.com.br\/canaldana\/"},{"@type":"ListItem","position":2,"name":"Mercado","item":"https:\/\/dana.com.br\/canaldana\/mercado\/"},{"@type":"ListItem","position":3,"name":"Governo diz que \u2018eros\u00e3o tribut\u00e1ria\u2019 \u00e9 obst\u00e1culo para d\u00e9ficit fiscal zero"}]},{"@type":"WebSite","@id":"https:\/\/dana.com.br\/canaldana\/#website","url":"https:\/\/dana.com.br\/canaldana\/","name":"Canal Dana","description":"Informativo com as principais not\u00edcias da ind\u00fastria automotiva","potentialAction":[{"@type":"SearchAction","target":{"@type":"EntryPoint","urlTemplate":"https:\/\/dana.com.br\/canaldana\/?s={search_term_string}"},"query-input":{"@type":"PropertyValueSpecification","valueRequired":true,"valueName":"search_term_string"}}],"inLanguage":"pt-BR"},{"@type":"Person","@id":"https:\/\/dana.com.br\/canaldana\/#\/schema\/person\/3c21f22f56fcf3bc46b94bc60ea4fef6","name":"Canal Dana","image":{"@type":"ImageObject","inLanguage":"pt-BR","@id":"https:\/\/secure.gravatar.com\/avatar\/420aaf9278582877d9018637c6817617705899d2858d7572ef0fe59a6b6454b4?s=96&d=mm&r=g","url":"https:\/\/secure.gravatar.com\/avatar\/420aaf9278582877d9018637c6817617705899d2858d7572ef0fe59a6b6454b4?s=96&d=mm&r=g","contentUrl":"https:\/\/secure.gravatar.com\/avatar\/420aaf9278582877d9018637c6817617705899d2858d7572ef0fe59a6b6454b4?s=96&d=mm&r=g","caption":"Canal Dana"},"url":"https:\/\/dana.com.br\/canaldana\/author\/cdeditor\/"}]}},"_links":{"self":[{"href":"https:\/\/dana.com.br\/canaldana\/wp-json\/wp\/v2\/posts\/69425","targetHints":{"allow":["GET"]}}],"collection":[{"href":"https:\/\/dana.com.br\/canaldana\/wp-json\/wp\/v2\/posts"}],"about":[{"href":"https:\/\/dana.com.br\/canaldana\/wp-json\/wp\/v2\/types\/post"}],"author":[{"embeddable":true,"href":"https:\/\/dana.com.br\/canaldana\/wp-json\/wp\/v2\/users\/3"}],"replies":[{"embeddable":true,"href":"https:\/\/dana.com.br\/canaldana\/wp-json\/wp\/v2\/comments?post=69425"}],"version-history":[{"count":0,"href":"https:\/\/dana.com.br\/canaldana\/wp-json\/wp\/v2\/posts\/69425\/revisions"}],"wp:attachment":[{"href":"https:\/\/dana.com.br\/canaldana\/wp-json\/wp\/v2\/media?parent=69425"}],"wp:term":[{"taxonomy":"category","embeddable":true,"href":"https:\/\/dana.com.br\/canaldana\/wp-json\/wp\/v2\/categories?post=69425"},{"taxonomy":"post_tag","embeddable":true,"href":"https:\/\/dana.com.br\/canaldana\/wp-json\/wp\/v2\/tags?post=69425"}],"curies":[{"name":"wp","href":"https:\/\/api.w.org\/{rel}","templated":true}]}}