{"id":69373,"date":"2023-10-30T08:26:47","date_gmt":"2023-10-30T11:26:47","guid":{"rendered":"https:\/\/dana.com.br\/canaldana\/?p=69373"},"modified":"2023-10-30T08:26:47","modified_gmt":"2023-10-30T11:26:47","slug":"sao-paulo-investe-em-acoes-sustentaveis-para-combater-efeitos-das-mudancas-climaticas","status":"publish","type":"post","link":"https:\/\/dana.com.br\/canaldana\/2023\/10\/30\/sao-paulo-investe-em-acoes-sustentaveis-para-combater-efeitos-das-mudancas-climaticas\/","title":{"rendered":"S\u00e3o Paulo investe em a\u00e7\u00f5es sustent\u00e1veis para combater efeitos das mudan\u00e7as clim\u00e1ticas"},"content":{"rendered":"<p><em>O Estado de S. Paulo<\/em><\/p>\n<p>&nbsp;<\/p>\n<p>Investimentos em projetos sustent\u00e1veis est\u00e3o entre as prioridades da Prefeitura de S\u00e3o Paulo. As iniciativas adotadas abrangem transporte, economia, emprego, saneamento b\u00e1sico e meio ambiente, entre outras \u00e1reas.<\/p>\n<p>&nbsp;<\/p>\n<p>Na \u00e1rea de transporte, a Prefeitura avan\u00e7a para substituir \u00f4nibus a diesel por ve\u00edculos el\u00e9tricos e chegar a 20% da frota sustent\u00e1vel at\u00e9 o fim de 2024. Para atingir esse objetivo, a Prefeitura j\u00e1 obteve aprova\u00e7\u00e3o de financiamento de R$ 2,5 bilh\u00f5es do BNDES. Al\u00e9m desses recursos, foi confirmado o cr\u00e9dito de US$ 500 milh\u00f5es pelo Banco Interamericano de Desenvolvimento (BID) e do Banco Mundial (Bird). Outros R$ 750 milh\u00f5es vir\u00e3o de opera\u00e7\u00f5es de cr\u00e9dito com o Banco do Brasil (R$ 500 milh\u00f5es) e Caixa Econ\u00f4mica Federal (R$ 250 milh\u00f5es). Com isso, no total, a administra\u00e7\u00e3o ter\u00e1 R$ 5,75 bilh\u00f5es via opera\u00e7\u00f5es de cr\u00e9dito banc\u00e1rio para viabilizar a aquisi\u00e7\u00e3o de 2.600 \u00f4nibus el\u00e9tricos.<\/p>\n<p>&nbsp;<\/p>\n<p>No m\u00eas passado, 50 novos \u00f4nibus el\u00e9tricos a bateria foram incorporados \u00e0 frota de transporte p\u00fablico, que conta hoje com 270 ve\u00edculos el\u00e9tricos em circula\u00e7\u00e3o. Os novos modelos el\u00e9tricos n\u00e3o poluem o ar e tamb\u00e9m t\u00eam a vantagem de serem silencioso.<\/p>\n<p>&nbsp;<\/p>\n<p>E a previs\u00e3o \u00e9 ampliar o alcance das pol\u00edticas ambientais. O Or\u00e7amento para 2024 enviado \u00e0 C\u00e2mara Municipal destina R$ 16,6 bilh\u00f5es ao combate \u00e0s mudan\u00e7as clim\u00e1ticas. A capital ter registrado temperaturas acima dos 30 graus Celsius por dez dias seguidos em setembro refor\u00e7a a import\u00e2ncia dos investimentos.<\/p>\n<p>&nbsp;<\/p>\n<p>Os recursos v\u00e3o custear novas \u00e1reas de conserva\u00e7\u00e3o, plantio de \u00e1rvores para expans\u00e3o do bioma da Mata Atl\u00e2ntica e preserva\u00e7\u00e3o da cobertura vegetal.<\/p>\n<p>&nbsp;<\/p>\n<p>De 2020 at\u00e9 agora, a cobertura vegetal de S\u00e3o Paulo passou de 48,18% para 54,13%, o que reflete no controle da temperatura, na qualidade do ar, no aumento da permeabilidade do solo, bem como na regula\u00e7\u00e3o do curso de rios. Nos primeiros meses deste ano, por meio de a\u00e7\u00f5es da Prefeitura, o munic\u00edpio ganhou mais de 69 mil novas \u00e1rvores, compensa\u00e7\u00e3o e repara\u00e7\u00e3o ambiental. Tamb\u00e9m foram inaugurados novos parques. (O Estado de S. Paulo)<\/p>\n","protected":false},"excerpt":{"rendered":"<p>O Estado de S. Paulo &nbsp; Investimentos em projetos sustent\u00e1veis est\u00e3o entre as prioridades da Prefeitura de S\u00e3o Paulo. As iniciativas adotadas abrangem transporte, economia, emprego, saneamento b\u00e1sico e meio ambiente, entre outras \u00e1reas. &nbsp; Na \u00e1rea de transporte, a Prefeitura avan\u00e7a para substituir \u00f4nibus a diesel por ve\u00edculos el\u00e9tricos e chegar a 20% da\u2026 <a class=\"readmore\" href=\"https:\/\/dana.com.br\/canaldana\/2023\/10\/30\/sao-paulo-investe-em-acoes-sustentaveis-para-combater-efeitos-das-mudancas-climaticas\/\">Leia mais \u00bb<\/a><\/p>\n","protected":false},"author":3,"featured_media":0,"comment_status":"closed","ping_status":"closed","sticky":false,"template":"","format":"standard","meta":{"_acf_changed":false,"footnotes":""},"categories":[63],"tags":[],"class_list":["post-69373","post","type-post","status-publish","format-standard","hentry","category-meio-ambiente"],"acf":[],"yoast_head":"<!-- This site is optimized with the Yoast SEO plugin v27.3 - https:\/\/yoast.com\/product\/yoast-seo-wordpress\/ -->\n<title>S\u00e3o Paulo investe em a\u00e7\u00f5es sustent\u00e1veis para combater efeitos das mudan\u00e7as clim\u00e1ticas - Canal Dana<\/title>\n<meta name=\"robots\" content=\"index, follow, max-snippet:-1, max-image-preview:large, max-video-preview:-1\" \/>\n<link rel=\"canonical\" href=\"https:\/\/dana.com.br\/canaldana\/2023\/10\/30\/sao-paulo-investe-em-acoes-sustentaveis-para-combater-efeitos-das-mudancas-climaticas\/\" \/>\n<meta property=\"og:locale\" content=\"pt_BR\" \/>\n<meta property=\"og:type\" content=\"article\" \/>\n<meta property=\"og:title\" content=\"S\u00e3o Paulo investe em a\u00e7\u00f5es sustent\u00e1veis para combater efeitos das mudan\u00e7as clim\u00e1ticas - Canal Dana\" \/>\n<meta property=\"og:description\" content=\"O Estado de S. Paulo &nbsp; Investimentos em projetos sustent\u00e1veis est\u00e3o entre as prioridades da Prefeitura de S\u00e3o Paulo. As iniciativas adotadas abrangem transporte, economia, emprego, saneamento b\u00e1sico e meio ambiente, entre outras \u00e1reas. &nbsp; Na \u00e1rea de transporte, a Prefeitura avan\u00e7a para substituir \u00f4nibus a diesel por ve\u00edculos el\u00e9tricos e chegar a 20% da\u2026 Leia mais \u00bb\" \/>\n<meta property=\"og:url\" content=\"https:\/\/dana.com.br\/canaldana\/2023\/10\/30\/sao-paulo-investe-em-acoes-sustentaveis-para-combater-efeitos-das-mudancas-climaticas\/\" \/>\n<meta property=\"og:site_name\" content=\"Canal Dana\" \/>\n<meta property=\"article:published_time\" content=\"2023-10-30T11:26:47+00:00\" \/>\n<meta name=\"author\" content=\"Canal Dana\" \/>\n<meta name=\"twitter:card\" content=\"summary_large_image\" \/>\n<meta name=\"twitter:label1\" content=\"Escrito por\" \/>\n\t<meta name=\"twitter:data1\" content=\"Canal Dana\" \/>\n\t<meta name=\"twitter:label2\" content=\"Est. tempo de leitura\" \/>\n\t<meta name=\"twitter:data2\" content=\"2 minutos\" \/>\n<script type=\"application\/ld+json\" class=\"yoast-schema-graph\">{\"@context\":\"https:\\\/\\\/schema.org\",\"@graph\":[{\"@type\":\"Article\",\"@id\":\"https:\\\/\\\/dana.com.br\\\/canaldana\\\/2023\\\/10\\\/30\\\/sao-paulo-investe-em-acoes-sustentaveis-para-combater-efeitos-das-mudancas-climaticas\\\/#article\",\"isPartOf\":{\"@id\":\"https:\\\/\\\/dana.com.br\\\/canaldana\\\/2023\\\/10\\\/30\\\/sao-paulo-investe-em-acoes-sustentaveis-para-combater-efeitos-das-mudancas-climaticas\\\/\"},\"author\":{\"name\":\"Canal Dana\",\"@id\":\"https:\\\/\\\/dana.com.br\\\/canaldana\\\/#\\\/schema\\\/person\\\/3c21f22f56fcf3bc46b94bc60ea4fef6\"},\"headline\":\"S\u00e3o Paulo investe em a\u00e7\u00f5es sustent\u00e1veis para combater efeitos das mudan\u00e7as clim\u00e1ticas\",\"datePublished\":\"2023-10-30T11:26:47+00:00\",\"mainEntityOfPage\":{\"@id\":\"https:\\\/\\\/dana.com.br\\\/canaldana\\\/2023\\\/10\\\/30\\\/sao-paulo-investe-em-acoes-sustentaveis-para-combater-efeitos-das-mudancas-climaticas\\\/\"},\"wordCount\":392,\"articleSection\":[\"Meio Ambiente\"],\"inLanguage\":\"pt-BR\"},{\"@type\":\"WebPage\",\"@id\":\"https:\\\/\\\/dana.com.br\\\/canaldana\\\/2023\\\/10\\\/30\\\/sao-paulo-investe-em-acoes-sustentaveis-para-combater-efeitos-das-mudancas-climaticas\\\/\",\"url\":\"https:\\\/\\\/dana.com.br\\\/canaldana\\\/2023\\\/10\\\/30\\\/sao-paulo-investe-em-acoes-sustentaveis-para-combater-efeitos-das-mudancas-climaticas\\\/\",\"name\":\"S\u00e3o Paulo investe em a\u00e7\u00f5es sustent\u00e1veis para combater efeitos das mudan\u00e7as clim\u00e1ticas - Canal Dana\",\"isPartOf\":{\"@id\":\"https:\\\/\\\/dana.com.br\\\/canaldana\\\/#website\"},\"datePublished\":\"2023-10-30T11:26:47+00:00\",\"author\":{\"@id\":\"https:\\\/\\\/dana.com.br\\\/canaldana\\\/#\\\/schema\\\/person\\\/3c21f22f56fcf3bc46b94bc60ea4fef6\"},\"breadcrumb\":{\"@id\":\"https:\\\/\\\/dana.com.br\\\/canaldana\\\/2023\\\/10\\\/30\\\/sao-paulo-investe-em-acoes-sustentaveis-para-combater-efeitos-das-mudancas-climaticas\\\/#breadcrumb\"},\"inLanguage\":\"pt-BR\",\"potentialAction\":[{\"@type\":\"ReadAction\",\"target\":[\"https:\\\/\\\/dana.com.br\\\/canaldana\\\/2023\\\/10\\\/30\\\/sao-paulo-investe-em-acoes-sustentaveis-para-combater-efeitos-das-mudancas-climaticas\\\/\"]}]},{\"@type\":\"BreadcrumbList\",\"@id\":\"https:\\\/\\\/dana.com.br\\\/canaldana\\\/2023\\\/10\\\/30\\\/sao-paulo-investe-em-acoes-sustentaveis-para-combater-efeitos-das-mudancas-climaticas\\\/#breadcrumb\",\"itemListElement\":[{\"@type\":\"ListItem\",\"position\":1,\"name\":\"Home\",\"item\":\"https:\\\/\\\/dana.com.br\\\/canaldana\\\/\"},{\"@type\":\"ListItem\",\"position\":2,\"name\":\"Meio Ambiente\",\"item\":\"https:\\\/\\\/dana.com.br\\\/canaldana\\\/meio-ambiente\\\/\"},{\"@type\":\"ListItem\",\"position\":3,\"name\":\"S\u00e3o Paulo investe em a\u00e7\u00f5es sustent\u00e1veis para combater efeitos das mudan\u00e7as clim\u00e1ticas\"}]},{\"@type\":\"WebSite\",\"@id\":\"https:\\\/\\\/dana.com.br\\\/canaldana\\\/#website\",\"url\":\"https:\\\/\\\/dana.com.br\\\/canaldana\\\/\",\"name\":\"Canal Dana\",\"description\":\"Informativo com as principais not\u00edcias da ind\u00fastria automotiva\",\"potentialAction\":[{\"@type\":\"SearchAction\",\"target\":{\"@type\":\"EntryPoint\",\"urlTemplate\":\"https:\\\/\\\/dana.com.br\\\/canaldana\\\/?s={search_term_string}\"},\"query-input\":{\"@type\":\"PropertyValueSpecification\",\"valueRequired\":true,\"valueName\":\"search_term_string\"}}],\"inLanguage\":\"pt-BR\"},{\"@type\":\"Person\",\"@id\":\"https:\\\/\\\/dana.com.br\\\/canaldana\\\/#\\\/schema\\\/person\\\/3c21f22f56fcf3bc46b94bc60ea4fef6\",\"name\":\"Canal Dana\",\"image\":{\"@type\":\"ImageObject\",\"inLanguage\":\"pt-BR\",\"@id\":\"https:\\\/\\\/secure.gravatar.com\\\/avatar\\\/420aaf9278582877d9018637c6817617705899d2858d7572ef0fe59a6b6454b4?s=96&d=mm&r=g\",\"url\":\"https:\\\/\\\/secure.gravatar.com\\\/avatar\\\/420aaf9278582877d9018637c6817617705899d2858d7572ef0fe59a6b6454b4?s=96&d=mm&r=g\",\"contentUrl\":\"https:\\\/\\\/secure.gravatar.com\\\/avatar\\\/420aaf9278582877d9018637c6817617705899d2858d7572ef0fe59a6b6454b4?s=96&d=mm&r=g\",\"caption\":\"Canal Dana\"},\"url\":\"https:\\\/\\\/dana.com.br\\\/canaldana\\\/author\\\/cdeditor\\\/\"}]}<\/script>\n<!-- \/ Yoast SEO plugin. -->","yoast_head_json":{"title":"S\u00e3o Paulo investe em a\u00e7\u00f5es sustent\u00e1veis para combater efeitos das mudan\u00e7as clim\u00e1ticas - Canal Dana","robots":{"index":"index","follow":"follow","max-snippet":"max-snippet:-1","max-image-preview":"max-image-preview:large","max-video-preview":"max-video-preview:-1"},"canonical":"https:\/\/dana.com.br\/canaldana\/2023\/10\/30\/sao-paulo-investe-em-acoes-sustentaveis-para-combater-efeitos-das-mudancas-climaticas\/","og_locale":"pt_BR","og_type":"article","og_title":"S\u00e3o Paulo investe em a\u00e7\u00f5es sustent\u00e1veis para combater efeitos das mudan\u00e7as clim\u00e1ticas - Canal Dana","og_description":"O Estado de S. Paulo &nbsp; Investimentos em projetos sustent\u00e1veis est\u00e3o entre as prioridades da Prefeitura de S\u00e3o Paulo. As iniciativas adotadas abrangem transporte, economia, emprego, saneamento b\u00e1sico e meio ambiente, entre outras \u00e1reas. &nbsp; Na \u00e1rea de transporte, a Prefeitura avan\u00e7a para substituir \u00f4nibus a diesel por ve\u00edculos el\u00e9tricos e chegar a 20% da\u2026 Leia mais \u00bb","og_url":"https:\/\/dana.com.br\/canaldana\/2023\/10\/30\/sao-paulo-investe-em-acoes-sustentaveis-para-combater-efeitos-das-mudancas-climaticas\/","og_site_name":"Canal Dana","article_published_time":"2023-10-30T11:26:47+00:00","author":"Canal Dana","twitter_card":"summary_large_image","twitter_misc":{"Escrito por":"Canal Dana","Est. tempo de leitura":"2 minutos"},"schema":{"@context":"https:\/\/schema.org","@graph":[{"@type":"Article","@id":"https:\/\/dana.com.br\/canaldana\/2023\/10\/30\/sao-paulo-investe-em-acoes-sustentaveis-para-combater-efeitos-das-mudancas-climaticas\/#article","isPartOf":{"@id":"https:\/\/dana.com.br\/canaldana\/2023\/10\/30\/sao-paulo-investe-em-acoes-sustentaveis-para-combater-efeitos-das-mudancas-climaticas\/"},"author":{"name":"Canal Dana","@id":"https:\/\/dana.com.br\/canaldana\/#\/schema\/person\/3c21f22f56fcf3bc46b94bc60ea4fef6"},"headline":"S\u00e3o Paulo investe em a\u00e7\u00f5es sustent\u00e1veis para combater efeitos das mudan\u00e7as clim\u00e1ticas","datePublished":"2023-10-30T11:26:47+00:00","mainEntityOfPage":{"@id":"https:\/\/dana.com.br\/canaldana\/2023\/10\/30\/sao-paulo-investe-em-acoes-sustentaveis-para-combater-efeitos-das-mudancas-climaticas\/"},"wordCount":392,"articleSection":["Meio Ambiente"],"inLanguage":"pt-BR"},{"@type":"WebPage","@id":"https:\/\/dana.com.br\/canaldana\/2023\/10\/30\/sao-paulo-investe-em-acoes-sustentaveis-para-combater-efeitos-das-mudancas-climaticas\/","url":"https:\/\/dana.com.br\/canaldana\/2023\/10\/30\/sao-paulo-investe-em-acoes-sustentaveis-para-combater-efeitos-das-mudancas-climaticas\/","name":"S\u00e3o Paulo investe em a\u00e7\u00f5es sustent\u00e1veis para combater efeitos das mudan\u00e7as clim\u00e1ticas - Canal Dana","isPartOf":{"@id":"https:\/\/dana.com.br\/canaldana\/#website"},"datePublished":"2023-10-30T11:26:47+00:00","author":{"@id":"https:\/\/dana.com.br\/canaldana\/#\/schema\/person\/3c21f22f56fcf3bc46b94bc60ea4fef6"},"breadcrumb":{"@id":"https:\/\/dana.com.br\/canaldana\/2023\/10\/30\/sao-paulo-investe-em-acoes-sustentaveis-para-combater-efeitos-das-mudancas-climaticas\/#breadcrumb"},"inLanguage":"pt-BR","potentialAction":[{"@type":"ReadAction","target":["https:\/\/dana.com.br\/canaldana\/2023\/10\/30\/sao-paulo-investe-em-acoes-sustentaveis-para-combater-efeitos-das-mudancas-climaticas\/"]}]},{"@type":"BreadcrumbList","@id":"https:\/\/dana.com.br\/canaldana\/2023\/10\/30\/sao-paulo-investe-em-acoes-sustentaveis-para-combater-efeitos-das-mudancas-climaticas\/#breadcrumb","itemListElement":[{"@type":"ListItem","position":1,"name":"Home","item":"https:\/\/dana.com.br\/canaldana\/"},{"@type":"ListItem","position":2,"name":"Meio Ambiente","item":"https:\/\/dana.com.br\/canaldana\/meio-ambiente\/"},{"@type":"ListItem","position":3,"name":"S\u00e3o Paulo investe em a\u00e7\u00f5es sustent\u00e1veis para combater efeitos das mudan\u00e7as clim\u00e1ticas"}]},{"@type":"WebSite","@id":"https:\/\/dana.com.br\/canaldana\/#website","url":"https:\/\/dana.com.br\/canaldana\/","name":"Canal Dana","description":"Informativo com as principais not\u00edcias da ind\u00fastria automotiva","potentialAction":[{"@type":"SearchAction","target":{"@type":"EntryPoint","urlTemplate":"https:\/\/dana.com.br\/canaldana\/?s={search_term_string}"},"query-input":{"@type":"PropertyValueSpecification","valueRequired":true,"valueName":"search_term_string"}}],"inLanguage":"pt-BR"},{"@type":"Person","@id":"https:\/\/dana.com.br\/canaldana\/#\/schema\/person\/3c21f22f56fcf3bc46b94bc60ea4fef6","name":"Canal Dana","image":{"@type":"ImageObject","inLanguage":"pt-BR","@id":"https:\/\/secure.gravatar.com\/avatar\/420aaf9278582877d9018637c6817617705899d2858d7572ef0fe59a6b6454b4?s=96&d=mm&r=g","url":"https:\/\/secure.gravatar.com\/avatar\/420aaf9278582877d9018637c6817617705899d2858d7572ef0fe59a6b6454b4?s=96&d=mm&r=g","contentUrl":"https:\/\/secure.gravatar.com\/avatar\/420aaf9278582877d9018637c6817617705899d2858d7572ef0fe59a6b6454b4?s=96&d=mm&r=g","caption":"Canal Dana"},"url":"https:\/\/dana.com.br\/canaldana\/author\/cdeditor\/"}]}},"_links":{"self":[{"href":"https:\/\/dana.com.br\/canaldana\/wp-json\/wp\/v2\/posts\/69373","targetHints":{"allow":["GET"]}}],"collection":[{"href":"https:\/\/dana.com.br\/canaldana\/wp-json\/wp\/v2\/posts"}],"about":[{"href":"https:\/\/dana.com.br\/canaldana\/wp-json\/wp\/v2\/types\/post"}],"author":[{"embeddable":true,"href":"https:\/\/dana.com.br\/canaldana\/wp-json\/wp\/v2\/users\/3"}],"replies":[{"embeddable":true,"href":"https:\/\/dana.com.br\/canaldana\/wp-json\/wp\/v2\/comments?post=69373"}],"version-history":[{"count":0,"href":"https:\/\/dana.com.br\/canaldana\/wp-json\/wp\/v2\/posts\/69373\/revisions"}],"wp:attachment":[{"href":"https:\/\/dana.com.br\/canaldana\/wp-json\/wp\/v2\/media?parent=69373"}],"wp:term":[{"taxonomy":"category","embeddable":true,"href":"https:\/\/dana.com.br\/canaldana\/wp-json\/wp\/v2\/categories?post=69373"},{"taxonomy":"post_tag","embeddable":true,"href":"https:\/\/dana.com.br\/canaldana\/wp-json\/wp\/v2\/tags?post=69373"}],"curies":[{"name":"wp","href":"https:\/\/api.w.org\/{rel}","templated":true}]}}