{"id":69369,"date":"2023-10-30T08:25:37","date_gmt":"2023-10-30T11:25:37","guid":{"rendered":"https:\/\/dana.com.br\/canaldana\/?p=69369"},"modified":"2023-10-30T08:25:37","modified_gmt":"2023-10-30T11:25:37","slug":"ford-abre-programa-de-estagio-para-interessados-em-criar-a-mobilidade-do-futuro","status":"publish","type":"post","link":"https:\/\/dana.com.br\/canaldana\/2023\/10\/30\/ford-abre-programa-de-estagio-para-interessados-em-criar-a-mobilidade-do-futuro\/","title":{"rendered":"Ford abre programa de est\u00e1gio para interessados em criar a mobilidade do futuro"},"content":{"rendered":"<p>Coisas de Agora<\/p>\n<p>&nbsp;<\/p>\n<p>As solu\u00e7\u00f5es de mobilidade do futuro est\u00e3o sendo criadas hoje e a Ford convida universit\u00e1rios que desejam participar desse desafio para se juntar ao seu time, desenvolvendo as novas tecnologias que v\u00e3o transformar a ind\u00fastria automotiva. O Programa de Est\u00e1gio 2024 da empresa oferece mais de 70 vagas para estudantes de diversas \u00e1reas, residentes em S\u00e3o Paulo (SP), Salvador (BA) e respectivas regi\u00f5es metropolitanas, e Tatu\u00ed (SP).<\/p>\n<p>&nbsp;<\/p>\n<p>As inscri\u00e7\u00f5es v\u00e3o at\u00e9 a pr\u00f3xima ter\u00e7a-feira, 31 de outubro, e devem ser feitas pelo LinkedIn (<a href=\"https:\/\/www.linkedin.com\/jobs\/view\/3747644615\" target=\"_blank\" rel=\"noopener\">https:\/\/www.linkedin.com\/jobs\/view\/3747644615<\/a>). Os novos estagi\u00e1rios poder\u00e3o atuar em diferentes \u00e1reas da empresa, incluindo neg\u00f3cios (Finan\u00e7as, Comunica\u00e7\u00e3o, Recursos Humanos, Jur\u00eddico e Compras), produto (Desenvolvimento de Produto e Regulamenta\u00e7\u00f5es), tecnologia e experi\u00eancia do consumidor (TI, Servi\u00e7o ao Cliente, Marketing &amp; Vendas).<\/p>\n<p>&nbsp;<\/p>\n<p>Como pr\u00e9-requisitos, os candidatos devem ter disponibilidade para estagiar seis horas por dia e previs\u00e3o de formatura a partir de 2025, nos seguintes cursos: Engenharia (Mec\u00e2nica, Mecatr\u00f4nica, Civil, El\u00e9trica, Produ\u00e7\u00e3o e outras), Tecnologia (Design, Tecnologia da Informa\u00e7\u00e3o, An\u00e1lise de Dados, Ci\u00eancia da Computa\u00e7\u00e3o, Engenharia da Computa\u00e7\u00e3o, entre outros) e \u00e1reas de Humanas (preferencialmente Administra\u00e7\u00e3o, Direito, Economia, Publicidade, Marketing, Comunica\u00e7\u00e3o e Psicologia).<\/p>\n<p>&nbsp;<\/p>\n<p>A empresa oferece um ambiente que valoriza a diversidade e a colabora\u00e7\u00e3o, e proporciona a flexibilidade do modelo de trabalho h\u00edbrido. Al\u00e9m da bolsa aux\u00edlio, os benef\u00edcios incluem conv\u00eanio com academias (TotalPass), aux\u00edlios alimenta\u00e7\u00e3o e mobilidade, seguro de vida e folga de anivers\u00e1rio.<\/p>\n<p>&nbsp;<\/p>\n<p>A Ford Brasil tem hoje como um dos pilares do seu modelo de neg\u00f3cio o desenvolvimento de tecnologia e intelig\u00eancia automotiva, com a exporta\u00e7\u00e3o de servi\u00e7os de engenharia para os principais mercados do mundo. Os novos estagi\u00e1rios v\u00e3o iniciar as atividades em janeiro de 2024 e ter\u00e3o a oportunidade de colaborar em diversos projetos.<\/p>\n<p>&nbsp;<\/p>\n<p>O Centro de Desenvolvimento e Tecnologia da Ford no Brasil tem uma das maiores e mais completas estruturas do setor no Hemisf\u00e9rio Sul, com sede em Cama\u00e7ari (BA) e unidades em Salvador (BA) e Tatu\u00ed (SP). O seu time \u00e9 formado por mais de 1.500 profissionais altamente qualificados, que atuam em projetos globais incluindo ve\u00edculos el\u00e9tricos e conectados, al\u00e9m de tecnologias aut\u00f4nomas. (Coisas de Agora)<\/p>\n<p>&nbsp;<\/p>\n<p><a href=\"https:\/\/www.linkedin.com\/jobs\/view\/3747644615\" target=\"_blank\" rel=\"noopener\">Clique aqui e inscreva-se<\/a>. (Coisas de Agora)<\/p>\n","protected":false},"excerpt":{"rendered":"<p>Coisas de Agora &nbsp; As solu\u00e7\u00f5es de mobilidade do futuro est\u00e3o sendo criadas hoje e a Ford convida universit\u00e1rios que desejam participar desse desafio para se juntar ao seu time, desenvolvendo as novas tecnologias que v\u00e3o transformar a ind\u00fastria automotiva. O Programa de Est\u00e1gio 2024 da empresa oferece mais de 70 vagas para estudantes de\u2026 <a class=\"readmore\" href=\"https:\/\/dana.com.br\/canaldana\/2023\/10\/30\/ford-abre-programa-de-estagio-para-interessados-em-criar-a-mobilidade-do-futuro\/\">Leia mais \u00bb<\/a><\/p>\n","protected":false},"author":3,"featured_media":0,"comment_status":"closed","ping_status":"closed","sticky":false,"template":"","format":"standard","meta":{"_acf_changed":false,"footnotes":""},"categories":[47],"tags":[],"class_list":["post-69369","post","type-post","status-publish","format-standard","hentry","category-programas"],"acf":[],"yoast_head":"<!-- This site is optimized with the Yoast SEO plugin v27.3 - https:\/\/yoast.com\/product\/yoast-seo-wordpress\/ -->\n<title>Ford abre programa de est\u00e1gio para interessados em criar a mobilidade do futuro - Canal Dana<\/title>\n<meta name=\"robots\" content=\"index, follow, max-snippet:-1, max-image-preview:large, max-video-preview:-1\" \/>\n<link rel=\"canonical\" href=\"https:\/\/dana.com.br\/canaldana\/2023\/10\/30\/ford-abre-programa-de-estagio-para-interessados-em-criar-a-mobilidade-do-futuro\/\" \/>\n<meta property=\"og:locale\" content=\"pt_BR\" \/>\n<meta property=\"og:type\" content=\"article\" \/>\n<meta property=\"og:title\" content=\"Ford abre programa de est\u00e1gio para interessados em criar a mobilidade do futuro - Canal Dana\" \/>\n<meta property=\"og:description\" content=\"Coisas de Agora &nbsp; As solu\u00e7\u00f5es de mobilidade do futuro est\u00e3o sendo criadas hoje e a Ford convida universit\u00e1rios que desejam participar desse desafio para se juntar ao seu time, desenvolvendo as novas tecnologias que v\u00e3o transformar a ind\u00fastria automotiva. O Programa de Est\u00e1gio 2024 da empresa oferece mais de 70 vagas para estudantes de\u2026 Leia mais \u00bb\" \/>\n<meta property=\"og:url\" content=\"https:\/\/dana.com.br\/canaldana\/2023\/10\/30\/ford-abre-programa-de-estagio-para-interessados-em-criar-a-mobilidade-do-futuro\/\" \/>\n<meta property=\"og:site_name\" content=\"Canal Dana\" \/>\n<meta property=\"article:published_time\" content=\"2023-10-30T11:25:37+00:00\" \/>\n<meta name=\"author\" content=\"Canal Dana\" \/>\n<meta name=\"twitter:card\" content=\"summary_large_image\" \/>\n<meta name=\"twitter:label1\" content=\"Escrito por\" \/>\n\t<meta name=\"twitter:data1\" content=\"Canal Dana\" \/>\n\t<meta name=\"twitter:label2\" content=\"Est. tempo de leitura\" \/>\n\t<meta name=\"twitter:data2\" content=\"2 minutos\" \/>\n<script type=\"application\/ld+json\" class=\"yoast-schema-graph\">{\"@context\":\"https:\\\/\\\/schema.org\",\"@graph\":[{\"@type\":\"Article\",\"@id\":\"https:\\\/\\\/dana.com.br\\\/canaldana\\\/2023\\\/10\\\/30\\\/ford-abre-programa-de-estagio-para-interessados-em-criar-a-mobilidade-do-futuro\\\/#article\",\"isPartOf\":{\"@id\":\"https:\\\/\\\/dana.com.br\\\/canaldana\\\/2023\\\/10\\\/30\\\/ford-abre-programa-de-estagio-para-interessados-em-criar-a-mobilidade-do-futuro\\\/\"},\"author\":{\"name\":\"Canal Dana\",\"@id\":\"https:\\\/\\\/dana.com.br\\\/canaldana\\\/#\\\/schema\\\/person\\\/3c21f22f56fcf3bc46b94bc60ea4fef6\"},\"headline\":\"Ford abre programa de est\u00e1gio para interessados em criar a mobilidade do futuro\",\"datePublished\":\"2023-10-30T11:25:37+00:00\",\"mainEntityOfPage\":{\"@id\":\"https:\\\/\\\/dana.com.br\\\/canaldana\\\/2023\\\/10\\\/30\\\/ford-abre-programa-de-estagio-para-interessados-em-criar-a-mobilidade-do-futuro\\\/\"},\"wordCount\":429,\"articleSection\":[\"Programas\"],\"inLanguage\":\"pt-BR\"},{\"@type\":\"WebPage\",\"@id\":\"https:\\\/\\\/dana.com.br\\\/canaldana\\\/2023\\\/10\\\/30\\\/ford-abre-programa-de-estagio-para-interessados-em-criar-a-mobilidade-do-futuro\\\/\",\"url\":\"https:\\\/\\\/dana.com.br\\\/canaldana\\\/2023\\\/10\\\/30\\\/ford-abre-programa-de-estagio-para-interessados-em-criar-a-mobilidade-do-futuro\\\/\",\"name\":\"Ford abre programa de est\u00e1gio para interessados em criar a mobilidade do futuro - Canal Dana\",\"isPartOf\":{\"@id\":\"https:\\\/\\\/dana.com.br\\\/canaldana\\\/#website\"},\"datePublished\":\"2023-10-30T11:25:37+00:00\",\"author\":{\"@id\":\"https:\\\/\\\/dana.com.br\\\/canaldana\\\/#\\\/schema\\\/person\\\/3c21f22f56fcf3bc46b94bc60ea4fef6\"},\"breadcrumb\":{\"@id\":\"https:\\\/\\\/dana.com.br\\\/canaldana\\\/2023\\\/10\\\/30\\\/ford-abre-programa-de-estagio-para-interessados-em-criar-a-mobilidade-do-futuro\\\/#breadcrumb\"},\"inLanguage\":\"pt-BR\",\"potentialAction\":[{\"@type\":\"ReadAction\",\"target\":[\"https:\\\/\\\/dana.com.br\\\/canaldana\\\/2023\\\/10\\\/30\\\/ford-abre-programa-de-estagio-para-interessados-em-criar-a-mobilidade-do-futuro\\\/\"]}]},{\"@type\":\"BreadcrumbList\",\"@id\":\"https:\\\/\\\/dana.com.br\\\/canaldana\\\/2023\\\/10\\\/30\\\/ford-abre-programa-de-estagio-para-interessados-em-criar-a-mobilidade-do-futuro\\\/#breadcrumb\",\"itemListElement\":[{\"@type\":\"ListItem\",\"position\":1,\"name\":\"Home\",\"item\":\"https:\\\/\\\/dana.com.br\\\/canaldana\\\/\"},{\"@type\":\"ListItem\",\"position\":2,\"name\":\"Programas\",\"item\":\"https:\\\/\\\/dana.com.br\\\/canaldana\\\/programas\\\/\"},{\"@type\":\"ListItem\",\"position\":3,\"name\":\"Ford abre programa de est\u00e1gio para interessados em criar a mobilidade do futuro\"}]},{\"@type\":\"WebSite\",\"@id\":\"https:\\\/\\\/dana.com.br\\\/canaldana\\\/#website\",\"url\":\"https:\\\/\\\/dana.com.br\\\/canaldana\\\/\",\"name\":\"Canal Dana\",\"description\":\"Informativo com as principais not\u00edcias da ind\u00fastria automotiva\",\"potentialAction\":[{\"@type\":\"SearchAction\",\"target\":{\"@type\":\"EntryPoint\",\"urlTemplate\":\"https:\\\/\\\/dana.com.br\\\/canaldana\\\/?s={search_term_string}\"},\"query-input\":{\"@type\":\"PropertyValueSpecification\",\"valueRequired\":true,\"valueName\":\"search_term_string\"}}],\"inLanguage\":\"pt-BR\"},{\"@type\":\"Person\",\"@id\":\"https:\\\/\\\/dana.com.br\\\/canaldana\\\/#\\\/schema\\\/person\\\/3c21f22f56fcf3bc46b94bc60ea4fef6\",\"name\":\"Canal Dana\",\"image\":{\"@type\":\"ImageObject\",\"inLanguage\":\"pt-BR\",\"@id\":\"https:\\\/\\\/secure.gravatar.com\\\/avatar\\\/420aaf9278582877d9018637c6817617705899d2858d7572ef0fe59a6b6454b4?s=96&d=mm&r=g\",\"url\":\"https:\\\/\\\/secure.gravatar.com\\\/avatar\\\/420aaf9278582877d9018637c6817617705899d2858d7572ef0fe59a6b6454b4?s=96&d=mm&r=g\",\"contentUrl\":\"https:\\\/\\\/secure.gravatar.com\\\/avatar\\\/420aaf9278582877d9018637c6817617705899d2858d7572ef0fe59a6b6454b4?s=96&d=mm&r=g\",\"caption\":\"Canal Dana\"},\"url\":\"https:\\\/\\\/dana.com.br\\\/canaldana\\\/author\\\/cdeditor\\\/\"}]}<\/script>\n<!-- \/ Yoast SEO plugin. -->","yoast_head_json":{"title":"Ford abre programa de est\u00e1gio para interessados em criar a mobilidade do futuro - Canal Dana","robots":{"index":"index","follow":"follow","max-snippet":"max-snippet:-1","max-image-preview":"max-image-preview:large","max-video-preview":"max-video-preview:-1"},"canonical":"https:\/\/dana.com.br\/canaldana\/2023\/10\/30\/ford-abre-programa-de-estagio-para-interessados-em-criar-a-mobilidade-do-futuro\/","og_locale":"pt_BR","og_type":"article","og_title":"Ford abre programa de est\u00e1gio para interessados em criar a mobilidade do futuro - Canal Dana","og_description":"Coisas de Agora &nbsp; As solu\u00e7\u00f5es de mobilidade do futuro est\u00e3o sendo criadas hoje e a Ford convida universit\u00e1rios que desejam participar desse desafio para se juntar ao seu time, desenvolvendo as novas tecnologias que v\u00e3o transformar a ind\u00fastria automotiva. O Programa de Est\u00e1gio 2024 da empresa oferece mais de 70 vagas para estudantes de\u2026 Leia mais \u00bb","og_url":"https:\/\/dana.com.br\/canaldana\/2023\/10\/30\/ford-abre-programa-de-estagio-para-interessados-em-criar-a-mobilidade-do-futuro\/","og_site_name":"Canal Dana","article_published_time":"2023-10-30T11:25:37+00:00","author":"Canal Dana","twitter_card":"summary_large_image","twitter_misc":{"Escrito por":"Canal Dana","Est. tempo de leitura":"2 minutos"},"schema":{"@context":"https:\/\/schema.org","@graph":[{"@type":"Article","@id":"https:\/\/dana.com.br\/canaldana\/2023\/10\/30\/ford-abre-programa-de-estagio-para-interessados-em-criar-a-mobilidade-do-futuro\/#article","isPartOf":{"@id":"https:\/\/dana.com.br\/canaldana\/2023\/10\/30\/ford-abre-programa-de-estagio-para-interessados-em-criar-a-mobilidade-do-futuro\/"},"author":{"name":"Canal Dana","@id":"https:\/\/dana.com.br\/canaldana\/#\/schema\/person\/3c21f22f56fcf3bc46b94bc60ea4fef6"},"headline":"Ford abre programa de est\u00e1gio para interessados em criar a mobilidade do futuro","datePublished":"2023-10-30T11:25:37+00:00","mainEntityOfPage":{"@id":"https:\/\/dana.com.br\/canaldana\/2023\/10\/30\/ford-abre-programa-de-estagio-para-interessados-em-criar-a-mobilidade-do-futuro\/"},"wordCount":429,"articleSection":["Programas"],"inLanguage":"pt-BR"},{"@type":"WebPage","@id":"https:\/\/dana.com.br\/canaldana\/2023\/10\/30\/ford-abre-programa-de-estagio-para-interessados-em-criar-a-mobilidade-do-futuro\/","url":"https:\/\/dana.com.br\/canaldana\/2023\/10\/30\/ford-abre-programa-de-estagio-para-interessados-em-criar-a-mobilidade-do-futuro\/","name":"Ford abre programa de est\u00e1gio para interessados em criar a mobilidade do futuro - Canal Dana","isPartOf":{"@id":"https:\/\/dana.com.br\/canaldana\/#website"},"datePublished":"2023-10-30T11:25:37+00:00","author":{"@id":"https:\/\/dana.com.br\/canaldana\/#\/schema\/person\/3c21f22f56fcf3bc46b94bc60ea4fef6"},"breadcrumb":{"@id":"https:\/\/dana.com.br\/canaldana\/2023\/10\/30\/ford-abre-programa-de-estagio-para-interessados-em-criar-a-mobilidade-do-futuro\/#breadcrumb"},"inLanguage":"pt-BR","potentialAction":[{"@type":"ReadAction","target":["https:\/\/dana.com.br\/canaldana\/2023\/10\/30\/ford-abre-programa-de-estagio-para-interessados-em-criar-a-mobilidade-do-futuro\/"]}]},{"@type":"BreadcrumbList","@id":"https:\/\/dana.com.br\/canaldana\/2023\/10\/30\/ford-abre-programa-de-estagio-para-interessados-em-criar-a-mobilidade-do-futuro\/#breadcrumb","itemListElement":[{"@type":"ListItem","position":1,"name":"Home","item":"https:\/\/dana.com.br\/canaldana\/"},{"@type":"ListItem","position":2,"name":"Programas","item":"https:\/\/dana.com.br\/canaldana\/programas\/"},{"@type":"ListItem","position":3,"name":"Ford abre programa de est\u00e1gio para interessados em criar a mobilidade do futuro"}]},{"@type":"WebSite","@id":"https:\/\/dana.com.br\/canaldana\/#website","url":"https:\/\/dana.com.br\/canaldana\/","name":"Canal Dana","description":"Informativo com as principais not\u00edcias da ind\u00fastria automotiva","potentialAction":[{"@type":"SearchAction","target":{"@type":"EntryPoint","urlTemplate":"https:\/\/dana.com.br\/canaldana\/?s={search_term_string}"},"query-input":{"@type":"PropertyValueSpecification","valueRequired":true,"valueName":"search_term_string"}}],"inLanguage":"pt-BR"},{"@type":"Person","@id":"https:\/\/dana.com.br\/canaldana\/#\/schema\/person\/3c21f22f56fcf3bc46b94bc60ea4fef6","name":"Canal Dana","image":{"@type":"ImageObject","inLanguage":"pt-BR","@id":"https:\/\/secure.gravatar.com\/avatar\/420aaf9278582877d9018637c6817617705899d2858d7572ef0fe59a6b6454b4?s=96&d=mm&r=g","url":"https:\/\/secure.gravatar.com\/avatar\/420aaf9278582877d9018637c6817617705899d2858d7572ef0fe59a6b6454b4?s=96&d=mm&r=g","contentUrl":"https:\/\/secure.gravatar.com\/avatar\/420aaf9278582877d9018637c6817617705899d2858d7572ef0fe59a6b6454b4?s=96&d=mm&r=g","caption":"Canal Dana"},"url":"https:\/\/dana.com.br\/canaldana\/author\/cdeditor\/"}]}},"_links":{"self":[{"href":"https:\/\/dana.com.br\/canaldana\/wp-json\/wp\/v2\/posts\/69369","targetHints":{"allow":["GET"]}}],"collection":[{"href":"https:\/\/dana.com.br\/canaldana\/wp-json\/wp\/v2\/posts"}],"about":[{"href":"https:\/\/dana.com.br\/canaldana\/wp-json\/wp\/v2\/types\/post"}],"author":[{"embeddable":true,"href":"https:\/\/dana.com.br\/canaldana\/wp-json\/wp\/v2\/users\/3"}],"replies":[{"embeddable":true,"href":"https:\/\/dana.com.br\/canaldana\/wp-json\/wp\/v2\/comments?post=69369"}],"version-history":[{"count":0,"href":"https:\/\/dana.com.br\/canaldana\/wp-json\/wp\/v2\/posts\/69369\/revisions"}],"wp:attachment":[{"href":"https:\/\/dana.com.br\/canaldana\/wp-json\/wp\/v2\/media?parent=69369"}],"wp:term":[{"taxonomy":"category","embeddable":true,"href":"https:\/\/dana.com.br\/canaldana\/wp-json\/wp\/v2\/categories?post=69369"},{"taxonomy":"post_tag","embeddable":true,"href":"https:\/\/dana.com.br\/canaldana\/wp-json\/wp\/v2\/tags?post=69369"}],"curies":[{"name":"wp","href":"https:\/\/api.w.org\/{rel}","templated":true}]}}