{"id":69362,"date":"2023-10-27T09:00:49","date_gmt":"2023-10-27T12:00:49","guid":{"rendered":"https:\/\/dana.com.br\/canaldana\/?p=69362"},"modified":"2023-10-27T09:00:49","modified_gmt":"2023-10-27T12:00:49","slug":"bndes-e-ministerio-das-cidades-selam-acordo-para-melhorar-mobilidade-em-centros-urbanos","status":"publish","type":"post","link":"https:\/\/dana.com.br\/canaldana\/2023\/10\/27\/bndes-e-ministerio-das-cidades-selam-acordo-para-melhorar-mobilidade-em-centros-urbanos\/","title":{"rendered":"BNDES e minist\u00e9rio das Cidades selam acordo para melhorar mobilidade em centros urbanos"},"content":{"rendered":"<p><em>Technibus<\/em><\/p>\n<p>&nbsp;<\/p>\n<p>O Banco Nacional de Desenvolvimento Econ\u00f4mico e Social (BNDES) e o minist\u00e9rio das Cidades firmaram acordo de coopera\u00e7\u00e3o t\u00e9cnica (ACT) para melhorar a mobilidade urbana de 21 grandes cidades do pa\u00eds. O principal objetivo da parceria, assinada pelo presidente Aloizio Mercadante e pelo ministro das Cidades, Jader Filho, nesta quarta-feira, 25, em Bras\u00edlia, \u00e9 a elabora\u00e7\u00e3o de um Estudo Nacional de Mobilidade Urbana.<\/p>\n<p>&nbsp;<\/p>\n<p>Atualmente, o d\u00e9ficit de investimentos em transporte p\u00fablico de m\u00e9dia e alta capacidade \u00e9 estimado em mais de R$ 360 bilh\u00f5es. Para reduzir este n\u00famero, o BNDES e o minist\u00e9rio das Cidades querem fomentar grandes projetos de transporte p\u00fablico coletivo, com \u00eanfase na melhoria da qualidade dos servi\u00e7os e na redu\u00e7\u00e3o das emiss\u00f5es de poluentes, criando verdadeiros \u201ccorredores verdes\u201d em todo o pa\u00eds.<\/p>\n<p>&nbsp;<\/p>\n<p>\u201cA mobilidade urbana \u00e9 um dos principais desafios dos brasileiros: o tempo que as pessoas pegam para ir ao trabalho, voltar do trabalho, longe dos filhos, cansados. Tamb\u00e9m \u00e9 um desafio reduzir as emiss\u00f5es de gases do efeito estufa: o estudo \u00e9, ao mesmo tempo, uma preocupa\u00e7\u00e3o ecol\u00f3gica e agilizar, melhorar a qualidade do transporte p\u00fablico\u201d, destacou Mercadante. Segundo ele, a parceria com o Minist\u00e9rio das Cidades impactar\u00e1 regi\u00f5es com mais de um milh\u00e3o de habitantes, com potencial de melhorar o cotidiano de 80 milh\u00f5es de brasileiros.<\/p>\n<p>&nbsp;<\/p>\n<p>O acordo prev\u00ea a elabora\u00e7\u00e3o de uma vis\u00e3o consolidada de longo prazo, com horizonte de 30 anos, para as necessidades de investimentos em sistemas de transporte p\u00fablico de passageiros, abrangendo trens, metr\u00f4s, VLT e BRT nas seguintes regi\u00f5es metropolitanas: Distrito Federal e Goi\u00e2nia, no Centro-oeste; Bel\u00e9m e Manaus, no Norte; Fortaleza, Jo\u00e3o Pessoa, Macei\u00f3, Natal, Recife, Salvador, S\u00e3o Lu\u00eds e Teresina, no Nordeste; Baixada Santista, Belo Horizonte, Campinas, Rio de Janeiro, S\u00e3o Paulo e Vit\u00f3ria, no Sudeste e Curitiba, Florian\u00f3polis e Porto Alegre, no Sul.<\/p>\n<p>&nbsp;<\/p>\n<p>A parceria visa ainda a integra\u00e7\u00e3o de tais projetos \u00e0 carteira de concess\u00f5es e de Parcerias P\u00fablico-Privadas (PPPs) do Novo PAC do Governo Federal, estabelecendo um fluxo cont\u00ednuo de projetos a serem estruturados e lan\u00e7ados nos pr\u00f3ximos anos.<\/p>\n<p>&nbsp;<\/p>\n<p>Outro destaque \u00e9 a contribui\u00e7\u00e3o das duas institui\u00e7\u00f5es para o fornecimento de insumos e propostas para a elabora\u00e7\u00e3o de uma Estrat\u00e9gia Nacional de Mobilidade Urbana pelo Governo Federal, abordando aspectos como governan\u00e7a metropolitana, financiamento, garantias e metodologia de prioriza\u00e7\u00e3o de investimentos, com o prop\u00f3sito de apoiar a coordena\u00e7\u00e3o entre a Uni\u00e3o e as regi\u00f5es metropolitanas na concretiza\u00e7\u00e3o dos projetos.<\/p>\n<p>&nbsp;<\/p>\n<p>O ministro das Cidades, Jader Filho, aponta a mobilidade urbana como um dos principais problemas no pa\u00eds. Para ele, o estudo \u00e9 fundamental para diagnosticar com precis\u00e3o onde h\u00e1 d\u00e9ficit para investir com maior qualidade. \u201cO Minist\u00e9rio das Cidades quer estar cada vez mais pr\u00f3ximo do BNDES para atrair mais investimento, gerar mais emprego e levar qualidade de vida \u00e0s nossas cidades. Juntos podemos melhorar e desenvolver o nosso pa\u00eds\u201d, afirmou.<\/p>\n<p>&nbsp;<\/p>\n<p>O BNDES e o minist\u00e9rio das Cidades contar\u00e3o com parcerias de institui\u00e7\u00f5es especializadas no setor, como o Ipea, ANTP, ANP Trilhos, Instituto de Pol\u00edticas de Transporte &amp; Desenvolvimento (ITDP) e WRI Brasil, e com o envolvimento dos governos estaduais e das prefeituras das regi\u00f5es metropolitanas, ao longo de todo o processo.<\/p>\n<p>&nbsp;<\/p>\n<p>Os resultados esperados incluem a forma\u00e7\u00e3o de uma carteira com dezenas de novos projetos, acordos interfederativos entre Uni\u00e3o, estados e munic\u00edpios, estrutura\u00e7\u00e3o de lotes e rodadas de projetos de PPP, a partir de 2025, e o aumento nos investimentos em mobilidade urbana, com a meta de atingir entre 0,15% e 0,2% do PIB\/ano (a m\u00e9dia dos \u00faltimos cinco anos foi de 0,06% do PIB\/ano). (Technibus)<\/p>\n","protected":false},"excerpt":{"rendered":"<p>Technibus &nbsp; O Banco Nacional de Desenvolvimento Econ\u00f4mico e Social (BNDES) e o minist\u00e9rio das Cidades firmaram acordo de coopera\u00e7\u00e3o t\u00e9cnica (ACT) para melhorar a mobilidade urbana de 21 grandes cidades do pa\u00eds. O principal objetivo da parceria, assinada pelo presidente Aloizio Mercadante e pelo ministro das Cidades, Jader Filho, nesta quarta-feira, 25, em Bras\u00edlia,\u2026 <a class=\"readmore\" href=\"https:\/\/dana.com.br\/canaldana\/2023\/10\/27\/bndes-e-ministerio-das-cidades-selam-acordo-para-melhorar-mobilidade-em-centros-urbanos\/\">Leia mais \u00bb<\/a><\/p>\n","protected":false},"author":3,"featured_media":0,"comment_status":"closed","ping_status":"closed","sticky":false,"template":"","format":"standard","meta":{"_acf_changed":false,"footnotes":""},"categories":[61],"tags":[],"class_list":["post-69362","post","type-post","status-publish","format-standard","hentry","category-destaques"],"acf":[],"yoast_head":"<!-- This site is optimized with the Yoast SEO plugin v27.3 - https:\/\/yoast.com\/product\/yoast-seo-wordpress\/ -->\n<title>BNDES e minist\u00e9rio das Cidades selam acordo para melhorar mobilidade em centros urbanos - Canal Dana<\/title>\n<meta name=\"robots\" content=\"index, follow, max-snippet:-1, max-image-preview:large, max-video-preview:-1\" \/>\n<link rel=\"canonical\" href=\"https:\/\/dana.com.br\/canaldana\/2023\/10\/27\/bndes-e-ministerio-das-cidades-selam-acordo-para-melhorar-mobilidade-em-centros-urbanos\/\" \/>\n<meta property=\"og:locale\" content=\"pt_BR\" \/>\n<meta property=\"og:type\" content=\"article\" \/>\n<meta property=\"og:title\" content=\"BNDES e minist\u00e9rio das Cidades selam acordo para melhorar mobilidade em centros urbanos - Canal Dana\" \/>\n<meta property=\"og:description\" content=\"Technibus &nbsp; O Banco Nacional de Desenvolvimento Econ\u00f4mico e Social (BNDES) e o minist\u00e9rio das Cidades firmaram acordo de coopera\u00e7\u00e3o t\u00e9cnica (ACT) para melhorar a mobilidade urbana de 21 grandes cidades do pa\u00eds. O principal objetivo da parceria, assinada pelo presidente Aloizio Mercadante e pelo ministro das Cidades, Jader Filho, nesta quarta-feira, 25, em Bras\u00edlia,\u2026 Leia mais \u00bb\" \/>\n<meta property=\"og:url\" content=\"https:\/\/dana.com.br\/canaldana\/2023\/10\/27\/bndes-e-ministerio-das-cidades-selam-acordo-para-melhorar-mobilidade-em-centros-urbanos\/\" \/>\n<meta property=\"og:site_name\" content=\"Canal Dana\" \/>\n<meta property=\"article:published_time\" content=\"2023-10-27T12:00:49+00:00\" \/>\n<meta name=\"author\" content=\"Canal Dana\" \/>\n<meta name=\"twitter:card\" content=\"summary_large_image\" \/>\n<meta name=\"twitter:label1\" content=\"Escrito por\" \/>\n\t<meta name=\"twitter:data1\" content=\"Canal Dana\" \/>\n\t<meta name=\"twitter:label2\" content=\"Est. tempo de leitura\" \/>\n\t<meta name=\"twitter:data2\" content=\"4 minutos\" \/>\n<script type=\"application\/ld+json\" class=\"yoast-schema-graph\">{\"@context\":\"https:\\\/\\\/schema.org\",\"@graph\":[{\"@type\":\"Article\",\"@id\":\"https:\\\/\\\/dana.com.br\\\/canaldana\\\/2023\\\/10\\\/27\\\/bndes-e-ministerio-das-cidades-selam-acordo-para-melhorar-mobilidade-em-centros-urbanos\\\/#article\",\"isPartOf\":{\"@id\":\"https:\\\/\\\/dana.com.br\\\/canaldana\\\/2023\\\/10\\\/27\\\/bndes-e-ministerio-das-cidades-selam-acordo-para-melhorar-mobilidade-em-centros-urbanos\\\/\"},\"author\":{\"name\":\"Canal Dana\",\"@id\":\"https:\\\/\\\/dana.com.br\\\/canaldana\\\/#\\\/schema\\\/person\\\/3c21f22f56fcf3bc46b94bc60ea4fef6\"},\"headline\":\"BNDES e minist\u00e9rio das Cidades selam acordo para melhorar mobilidade em centros urbanos\",\"datePublished\":\"2023-10-27T12:00:49+00:00\",\"mainEntityOfPage\":{\"@id\":\"https:\\\/\\\/dana.com.br\\\/canaldana\\\/2023\\\/10\\\/27\\\/bndes-e-ministerio-das-cidades-selam-acordo-para-melhorar-mobilidade-em-centros-urbanos\\\/\"},\"wordCount\":664,\"articleSection\":[\"Destaques\"],\"inLanguage\":\"pt-BR\"},{\"@type\":\"WebPage\",\"@id\":\"https:\\\/\\\/dana.com.br\\\/canaldana\\\/2023\\\/10\\\/27\\\/bndes-e-ministerio-das-cidades-selam-acordo-para-melhorar-mobilidade-em-centros-urbanos\\\/\",\"url\":\"https:\\\/\\\/dana.com.br\\\/canaldana\\\/2023\\\/10\\\/27\\\/bndes-e-ministerio-das-cidades-selam-acordo-para-melhorar-mobilidade-em-centros-urbanos\\\/\",\"name\":\"BNDES e minist\u00e9rio das Cidades selam acordo para melhorar mobilidade em centros urbanos - Canal Dana\",\"isPartOf\":{\"@id\":\"https:\\\/\\\/dana.com.br\\\/canaldana\\\/#website\"},\"datePublished\":\"2023-10-27T12:00:49+00:00\",\"author\":{\"@id\":\"https:\\\/\\\/dana.com.br\\\/canaldana\\\/#\\\/schema\\\/person\\\/3c21f22f56fcf3bc46b94bc60ea4fef6\"},\"breadcrumb\":{\"@id\":\"https:\\\/\\\/dana.com.br\\\/canaldana\\\/2023\\\/10\\\/27\\\/bndes-e-ministerio-das-cidades-selam-acordo-para-melhorar-mobilidade-em-centros-urbanos\\\/#breadcrumb\"},\"inLanguage\":\"pt-BR\",\"potentialAction\":[{\"@type\":\"ReadAction\",\"target\":[\"https:\\\/\\\/dana.com.br\\\/canaldana\\\/2023\\\/10\\\/27\\\/bndes-e-ministerio-das-cidades-selam-acordo-para-melhorar-mobilidade-em-centros-urbanos\\\/\"]}]},{\"@type\":\"BreadcrumbList\",\"@id\":\"https:\\\/\\\/dana.com.br\\\/canaldana\\\/2023\\\/10\\\/27\\\/bndes-e-ministerio-das-cidades-selam-acordo-para-melhorar-mobilidade-em-centros-urbanos\\\/#breadcrumb\",\"itemListElement\":[{\"@type\":\"ListItem\",\"position\":1,\"name\":\"Home\",\"item\":\"https:\\\/\\\/dana.com.br\\\/canaldana\\\/\"},{\"@type\":\"ListItem\",\"position\":2,\"name\":\"Destaques\",\"item\":\"https:\\\/\\\/dana.com.br\\\/canaldana\\\/destaques\\\/\"},{\"@type\":\"ListItem\",\"position\":3,\"name\":\"BNDES e minist\u00e9rio das Cidades selam acordo para melhorar mobilidade em centros urbanos\"}]},{\"@type\":\"WebSite\",\"@id\":\"https:\\\/\\\/dana.com.br\\\/canaldana\\\/#website\",\"url\":\"https:\\\/\\\/dana.com.br\\\/canaldana\\\/\",\"name\":\"Canal Dana\",\"description\":\"Informativo com as principais not\u00edcias da ind\u00fastria automotiva\",\"potentialAction\":[{\"@type\":\"SearchAction\",\"target\":{\"@type\":\"EntryPoint\",\"urlTemplate\":\"https:\\\/\\\/dana.com.br\\\/canaldana\\\/?s={search_term_string}\"},\"query-input\":{\"@type\":\"PropertyValueSpecification\",\"valueRequired\":true,\"valueName\":\"search_term_string\"}}],\"inLanguage\":\"pt-BR\"},{\"@type\":\"Person\",\"@id\":\"https:\\\/\\\/dana.com.br\\\/canaldana\\\/#\\\/schema\\\/person\\\/3c21f22f56fcf3bc46b94bc60ea4fef6\",\"name\":\"Canal Dana\",\"image\":{\"@type\":\"ImageObject\",\"inLanguage\":\"pt-BR\",\"@id\":\"https:\\\/\\\/secure.gravatar.com\\\/avatar\\\/420aaf9278582877d9018637c6817617705899d2858d7572ef0fe59a6b6454b4?s=96&d=mm&r=g\",\"url\":\"https:\\\/\\\/secure.gravatar.com\\\/avatar\\\/420aaf9278582877d9018637c6817617705899d2858d7572ef0fe59a6b6454b4?s=96&d=mm&r=g\",\"contentUrl\":\"https:\\\/\\\/secure.gravatar.com\\\/avatar\\\/420aaf9278582877d9018637c6817617705899d2858d7572ef0fe59a6b6454b4?s=96&d=mm&r=g\",\"caption\":\"Canal Dana\"},\"url\":\"https:\\\/\\\/dana.com.br\\\/canaldana\\\/author\\\/cdeditor\\\/\"}]}<\/script>\n<!-- \/ Yoast SEO plugin. -->","yoast_head_json":{"title":"BNDES e minist\u00e9rio das Cidades selam acordo para melhorar mobilidade em centros urbanos - Canal Dana","robots":{"index":"index","follow":"follow","max-snippet":"max-snippet:-1","max-image-preview":"max-image-preview:large","max-video-preview":"max-video-preview:-1"},"canonical":"https:\/\/dana.com.br\/canaldana\/2023\/10\/27\/bndes-e-ministerio-das-cidades-selam-acordo-para-melhorar-mobilidade-em-centros-urbanos\/","og_locale":"pt_BR","og_type":"article","og_title":"BNDES e minist\u00e9rio das Cidades selam acordo para melhorar mobilidade em centros urbanos - Canal Dana","og_description":"Technibus &nbsp; O Banco Nacional de Desenvolvimento Econ\u00f4mico e Social (BNDES) e o minist\u00e9rio das Cidades firmaram acordo de coopera\u00e7\u00e3o t\u00e9cnica (ACT) para melhorar a mobilidade urbana de 21 grandes cidades do pa\u00eds. O principal objetivo da parceria, assinada pelo presidente Aloizio Mercadante e pelo ministro das Cidades, Jader Filho, nesta quarta-feira, 25, em Bras\u00edlia,\u2026 Leia mais \u00bb","og_url":"https:\/\/dana.com.br\/canaldana\/2023\/10\/27\/bndes-e-ministerio-das-cidades-selam-acordo-para-melhorar-mobilidade-em-centros-urbanos\/","og_site_name":"Canal Dana","article_published_time":"2023-10-27T12:00:49+00:00","author":"Canal Dana","twitter_card":"summary_large_image","twitter_misc":{"Escrito por":"Canal Dana","Est. tempo de leitura":"4 minutos"},"schema":{"@context":"https:\/\/schema.org","@graph":[{"@type":"Article","@id":"https:\/\/dana.com.br\/canaldana\/2023\/10\/27\/bndes-e-ministerio-das-cidades-selam-acordo-para-melhorar-mobilidade-em-centros-urbanos\/#article","isPartOf":{"@id":"https:\/\/dana.com.br\/canaldana\/2023\/10\/27\/bndes-e-ministerio-das-cidades-selam-acordo-para-melhorar-mobilidade-em-centros-urbanos\/"},"author":{"name":"Canal Dana","@id":"https:\/\/dana.com.br\/canaldana\/#\/schema\/person\/3c21f22f56fcf3bc46b94bc60ea4fef6"},"headline":"BNDES e minist\u00e9rio das Cidades selam acordo para melhorar mobilidade em centros urbanos","datePublished":"2023-10-27T12:00:49+00:00","mainEntityOfPage":{"@id":"https:\/\/dana.com.br\/canaldana\/2023\/10\/27\/bndes-e-ministerio-das-cidades-selam-acordo-para-melhorar-mobilidade-em-centros-urbanos\/"},"wordCount":664,"articleSection":["Destaques"],"inLanguage":"pt-BR"},{"@type":"WebPage","@id":"https:\/\/dana.com.br\/canaldana\/2023\/10\/27\/bndes-e-ministerio-das-cidades-selam-acordo-para-melhorar-mobilidade-em-centros-urbanos\/","url":"https:\/\/dana.com.br\/canaldana\/2023\/10\/27\/bndes-e-ministerio-das-cidades-selam-acordo-para-melhorar-mobilidade-em-centros-urbanos\/","name":"BNDES e minist\u00e9rio das Cidades selam acordo para melhorar mobilidade em centros urbanos - Canal Dana","isPartOf":{"@id":"https:\/\/dana.com.br\/canaldana\/#website"},"datePublished":"2023-10-27T12:00:49+00:00","author":{"@id":"https:\/\/dana.com.br\/canaldana\/#\/schema\/person\/3c21f22f56fcf3bc46b94bc60ea4fef6"},"breadcrumb":{"@id":"https:\/\/dana.com.br\/canaldana\/2023\/10\/27\/bndes-e-ministerio-das-cidades-selam-acordo-para-melhorar-mobilidade-em-centros-urbanos\/#breadcrumb"},"inLanguage":"pt-BR","potentialAction":[{"@type":"ReadAction","target":["https:\/\/dana.com.br\/canaldana\/2023\/10\/27\/bndes-e-ministerio-das-cidades-selam-acordo-para-melhorar-mobilidade-em-centros-urbanos\/"]}]},{"@type":"BreadcrumbList","@id":"https:\/\/dana.com.br\/canaldana\/2023\/10\/27\/bndes-e-ministerio-das-cidades-selam-acordo-para-melhorar-mobilidade-em-centros-urbanos\/#breadcrumb","itemListElement":[{"@type":"ListItem","position":1,"name":"Home","item":"https:\/\/dana.com.br\/canaldana\/"},{"@type":"ListItem","position":2,"name":"Destaques","item":"https:\/\/dana.com.br\/canaldana\/destaques\/"},{"@type":"ListItem","position":3,"name":"BNDES e minist\u00e9rio das Cidades selam acordo para melhorar mobilidade em centros urbanos"}]},{"@type":"WebSite","@id":"https:\/\/dana.com.br\/canaldana\/#website","url":"https:\/\/dana.com.br\/canaldana\/","name":"Canal Dana","description":"Informativo com as principais not\u00edcias da ind\u00fastria automotiva","potentialAction":[{"@type":"SearchAction","target":{"@type":"EntryPoint","urlTemplate":"https:\/\/dana.com.br\/canaldana\/?s={search_term_string}"},"query-input":{"@type":"PropertyValueSpecification","valueRequired":true,"valueName":"search_term_string"}}],"inLanguage":"pt-BR"},{"@type":"Person","@id":"https:\/\/dana.com.br\/canaldana\/#\/schema\/person\/3c21f22f56fcf3bc46b94bc60ea4fef6","name":"Canal Dana","image":{"@type":"ImageObject","inLanguage":"pt-BR","@id":"https:\/\/secure.gravatar.com\/avatar\/420aaf9278582877d9018637c6817617705899d2858d7572ef0fe59a6b6454b4?s=96&d=mm&r=g","url":"https:\/\/secure.gravatar.com\/avatar\/420aaf9278582877d9018637c6817617705899d2858d7572ef0fe59a6b6454b4?s=96&d=mm&r=g","contentUrl":"https:\/\/secure.gravatar.com\/avatar\/420aaf9278582877d9018637c6817617705899d2858d7572ef0fe59a6b6454b4?s=96&d=mm&r=g","caption":"Canal Dana"},"url":"https:\/\/dana.com.br\/canaldana\/author\/cdeditor\/"}]}},"_links":{"self":[{"href":"https:\/\/dana.com.br\/canaldana\/wp-json\/wp\/v2\/posts\/69362","targetHints":{"allow":["GET"]}}],"collection":[{"href":"https:\/\/dana.com.br\/canaldana\/wp-json\/wp\/v2\/posts"}],"about":[{"href":"https:\/\/dana.com.br\/canaldana\/wp-json\/wp\/v2\/types\/post"}],"author":[{"embeddable":true,"href":"https:\/\/dana.com.br\/canaldana\/wp-json\/wp\/v2\/users\/3"}],"replies":[{"embeddable":true,"href":"https:\/\/dana.com.br\/canaldana\/wp-json\/wp\/v2\/comments?post=69362"}],"version-history":[{"count":0,"href":"https:\/\/dana.com.br\/canaldana\/wp-json\/wp\/v2\/posts\/69362\/revisions"}],"wp:attachment":[{"href":"https:\/\/dana.com.br\/canaldana\/wp-json\/wp\/v2\/media?parent=69362"}],"wp:term":[{"taxonomy":"category","embeddable":true,"href":"https:\/\/dana.com.br\/canaldana\/wp-json\/wp\/v2\/categories?post=69362"},{"taxonomy":"post_tag","embeddable":true,"href":"https:\/\/dana.com.br\/canaldana\/wp-json\/wp\/v2\/tags?post=69362"}],"curies":[{"name":"wp","href":"https:\/\/api.w.org\/{rel}","templated":true}]}}